{"id":180554,"date":"2016-12-15T12:48:20","date_gmt":"2016-12-15T11:48:20","guid":{"rendered":"http:\/\/hudo.com\/si\/?p=180554"},"modified":"2016-12-15T12:48:20","modified_gmt":"2016-12-15T11:48:20","slug":"nemski-veleposlanik-se-je-poklonil-ljubljani-z-elektricnim-avtomobilom","status":"publish","type":"post","link":"https:\/\/hudo.com\/si\/aktualno\/nemski-veleposlanik-se-je-poklonil-ljubljani-z-elektricnim-avtomobilom\/","title":{"rendered":"Nem\u0161ki veleposlanik se je poklonil Ljubljani z elektri\u010dnim avtomobilom"},"content":{"rendered":"<p>Ljubljanski pod\u017eupan in Riedel sta modro-\u010drno elektri\u010dno vozilo BMW i3 predstavila pred mestno hi\u0161o, pri \u010demer je Crnek izpostavil, da je nem\u0161ki veleposlanik takoj izrazil pripravljenost na vklju\u010ditev v del zelene Ljubljane.<\/p>\n<p>Elektrika je po besedah pod\u017eupana samo en korak do kon\u010dnega trajnostnega razvoja vozil, kjer bo \u010dista energije prevladala. Dodal je, da so se elektri\u010dna vozila v Ljubljani dobro prijela, zato bodo tudi v prihodnjem letu nadaljevali s postavitvijo elektri\u010dnih polnilnic. \u017de v leto\u0161njem letu so jih postavili 50, prihodnje leto pa jih bodo \u0161e enkrat toliko, je pojasnil.<\/p>\n<p>Riedel je pojasnil, da jih je na veleposlani\u0161tvu k nakupu elektri\u010dnega vozila spodbudilo tudi dejstvo, da \u017eivijo v zeleni Ljubljani. Ko se v zvezi z nakupom elektri\u010dnega vozila obrnili na nem\u0161ko ministrstvo, pa so po besedah Riedla naleteli na zelo pozitiven odziv.<\/p>\n<p>Nem\u0161ki veleposlanik je sicer prvi z diplomatskim elektri\u010dnim vozilom v Ljubljani, lahko pa jih bo kmalu ve\u010d, saj so, kot je dejal, zanimanje pokazali tudi kolegi, ki jim je vozilo pokazal.<\/p>\n","protected":false},"excerpt":{"rendered":"<p>Nem\u0161ki veleposlanik Klaus Riedel se bo kot prvi med veleposlaniki v Ljubljani po cesti vozil z elektri\u010dnim vozilom. Kot je pojasnil za STA, jih je k nakupu spodbudilo tudi dejstvo, da \u017eivijo v Zeleni prestolnici Evrope. Ljubljanski pod\u017eupan Dejan Crnek je dodal, da je v Ljubljani vse ve\u010d elektri\u010dnih vozil, ki so del trajnostne filozofije Ljubljane.<\/p>\n","protected":false},"author":7,"featured_media":180555,"comment_status":"closed","ping_status":"closed","sticky":false,"template":"","format":"standard","meta":{"footnotes":""},"categories":[1179],"tags":[2237,5129,2265,1633,1595],"source":[4511],"supertag":[],"acf":[],"yoast_head":"<!-- This site is optimized with the Yoast SEO plugin v21.3 - https:\/\/yoast.com\/wordpress\/plugins\/seo\/ -->\n<title>Nem\u0161ki veleposlanik se je poklonil Ljubljani z elektri\u010dnim avtomobilom - Hudo Slovenija<\/title>\n<meta name=\"robots\" content=\"index, follow, max-snippet:-1, max-image-preview:large, max-video-preview:-1\" \/>\n<link rel=\"canonical\" href=\"https:\/\/hudo.com\/si\/aktualno\/nemski-veleposlanik-se-je-poklonil-ljubljani-z-elektricnim-avtomobilom\/\" \/>\n<meta property=\"og:locale\" content=\"sl_SI\" \/>\n<meta property=\"og:type\" content=\"article\" \/>\n<meta property=\"og:title\" content=\"Nem\u0161ki veleposlanik se je poklonil Ljubljani z elektri\u010dnim avtomobilom - Hudo Slovenija\" \/>\n<meta property=\"og:description\" content=\"Nem\u0161ki veleposlanik Klaus Riedel se bo kot prvi med veleposlaniki v Ljubljani po cesti vozil z elektri\u010dnim vozilom. Kot je pojasnil za STA, jih je k nakupu spodbudilo tudi dejstvo, da \u017eivijo v Zeleni prestolnici Evrope. Ljubljanski pod\u017eupan Dejan Crnek je dodal, da je v Ljubljani vse ve\u010d elektri\u010dnih vozil, ki so del trajnostne filozofije Ljubljane.\" \/>\n<meta property=\"og:url\" content=\"https:\/\/hudo.com\/si\/aktualno\/nemski-veleposlanik-se-je-poklonil-ljubljani-z-elektricnim-avtomobilom\/\" \/>\n<meta property=\"og:site_name\" content=\"Hudo Slovenija\" \/>\n<meta property=\"article:publisher\" content=\"https:\/\/www.facebook.com\/hudo.si\" \/>\n<meta property=\"article:published_time\" content=\"2016-12-15T11:48:20+00:00\" \/>\n<meta property=\"og:image\" content=\"https:\/\/hudo.com\/si\/wp-content\/uploads\/sites\/2\/2016\/12\/profimedia-0308150332.jpg\" \/>\n\t<meta property=\"og:image:width\" content=\"1250\" \/>\n\t<meta property=\"og:image:height\" content=\"831\" \/>\n\t<meta property=\"og:image:type\" content=\"image\/jpeg\" \/>\n<meta name=\"author\" content=\"A. P., STA\" \/>\n<meta name=\"twitter:card\" content=\"summary_large_image\" \/>\n<meta name=\"twitter:creator\" content=\"@hudo_si\" \/>\n<meta name=\"twitter:site\" content=\"@hudo_si\" \/>\n<meta name=\"twitter:label1\" content=\"Written by\" \/>\n\t<meta name=\"twitter:data1\" content=\"A. P., STA\" \/>\n\t<meta name=\"twitter:label2\" content=\"Est. reading time\" \/>\n\t<meta name=\"twitter:data2\" content=\"1 minuta\" \/>\n<script type=\"application\/ld+json\" class=\"yoast-schema-graph\">{\"@context\":\"https:\/\/schema.org\",\"@graph\":[{\"@type\":\"Article\",\"@id\":\"https:\/\/hudo.com\/si\/aktualno\/nemski-veleposlanik-se-je-poklonil-ljubljani-z-elektricnim-avtomobilom\/#article\",\"isPartOf\":{\"@id\":\"https:\/\/hudo.com\/si\/aktualno\/nemski-veleposlanik-se-je-poklonil-ljubljani-z-elektricnim-avtomobilom\/\"},\"author\":{\"name\":\"A. P., STA\",\"@id\":\"https:\/\/hudo.com\/si\/#\/schema\/person\/18f09c02475ba9e606e941a565b80cff\"},\"headline\":\"Nem\u0161ki veleposlanik se je poklonil Ljubljani z elektri\u010dnim avtomobilom\",\"datePublished\":\"2016-12-15T11:48:20+00:00\",\"dateModified\":\"2016-12-15T11:48:20+00:00\",\"mainEntityOfPage\":{\"@id\":\"https:\/\/hudo.com\/si\/aktualno\/nemski-veleposlanik-se-je-poklonil-ljubljani-z-elektricnim-avtomobilom\/\"},\"wordCount\":190,\"publisher\":{\"@id\":\"https:\/\/hudo.com\/si\/#organization\"},\"keywords\":[\"BMW\",\"diplomacija\",\"elektri\u010dni avtomobili\",\"Ljubljana\",\"Slovenija\"],\"articleSection\":[\"Aktualno\"],\"inLanguage\":\"sl-SI\"},{\"@type\":\"WebPage\",\"@id\":\"https:\/\/hudo.com\/si\/aktualno\/nemski-veleposlanik-se-je-poklonil-ljubljani-z-elektricnim-avtomobilom\/\",\"url\":\"https:\/\/hudo.com\/si\/aktualno\/nemski-veleposlanik-se-je-poklonil-ljubljani-z-elektricnim-avtomobilom\/\",\"name\":\"Nem\u0161ki veleposlanik se je poklonil Ljubljani z elektri\u010dnim avtomobilom - Hudo Slovenija\",\"isPartOf\":{\"@id\":\"https:\/\/hudo.com\/si\/#website\"},\"datePublished\":\"2016-12-15T11:48:20+00:00\",\"dateModified\":\"2016-12-15T11:48:20+00:00\",\"breadcrumb\":{\"@id\":\"https:\/\/hudo.com\/si\/aktualno\/nemski-veleposlanik-se-je-poklonil-ljubljani-z-elektricnim-avtomobilom\/#breadcrumb\"},\"inLanguage\":\"sl-SI\",\"potentialAction\":[{\"@type\":\"ReadAction\",\"target\":[\"https:\/\/hudo.com\/si\/aktualno\/nemski-veleposlanik-se-je-poklonil-ljubljani-z-elektricnim-avtomobilom\/\"]}]},{\"@type\":\"BreadcrumbList\",\"@id\":\"https:\/\/hudo.com\/si\/aktualno\/nemski-veleposlanik-se-je-poklonil-ljubljani-z-elektricnim-avtomobilom\/#breadcrumb\",\"itemListElement\":[{\"@type\":\"ListItem\",\"position\":1,\"name\":\"Home\",\"item\":\"https:\/\/hudo.com\/si\/\"},{\"@type\":\"ListItem\",\"position\":2,\"name\":\"Nem\u0161ki veleposlanik se je poklonil Ljubljani z elektri\u010dnim avtomobilom\"}]},{\"@type\":\"WebSite\",\"@id\":\"https:\/\/hudo.com\/si\/#website\",\"url\":\"https:\/\/hudo.com\/si\/\",\"name\":\"Hudo Slovenija\",\"description\":\"Vse novice iz Slovenije in sveta\",\"publisher\":{\"@id\":\"https:\/\/hudo.com\/si\/#organization\"},\"potentialAction\":[{\"@type\":\"SearchAction\",\"target\":{\"@type\":\"EntryPoint\",\"urlTemplate\":\"https:\/\/hudo.com\/si\/?s={search_term_string}\"},\"query-input\":\"required name=search_term_string\"}],\"inLanguage\":\"sl-SI\"},{\"@type\":\"Organization\",\"@id\":\"https:\/\/hudo.com\/si\/#organization\",\"name\":\"VSN Media\",\"url\":\"https:\/\/hudo.com\/si\/\",\"logo\":{\"@type\":\"ImageObject\",\"inLanguage\":\"sl-SI\",\"@id\":\"https:\/\/hudo.com\/si\/#\/schema\/logo\/image\/\",\"url\":\"https:\/\/hudo.com\/si\/wp-content\/uploads\/sites\/2\/2021\/03\/hudo-app-2.png\",\"contentUrl\":\"https:\/\/hudo.com\/si\/wp-content\/uploads\/sites\/2\/2021\/03\/hudo-app-2.png\",\"width\":2185,\"height\":2167,\"caption\":\"VSN Media\"},\"image\":{\"@id\":\"https:\/\/hudo.com\/si\/#\/schema\/logo\/image\/\"},\"sameAs\":[\"https:\/\/www.facebook.com\/hudo.si\",\"https:\/\/twitter.com\/hudo_si\"]},{\"@type\":\"Person\",\"@id\":\"https:\/\/hudo.com\/si\/#\/schema\/person\/18f09c02475ba9e606e941a565b80cff\",\"name\":\"A. P., STA\",\"image\":{\"@type\":\"ImageObject\",\"inLanguage\":\"sl-SI\",\"@id\":\"https:\/\/hudo.com\/si\/#\/schema\/person\/image\/\",\"url\":\"https:\/\/secure.gravatar.com\/avatar\/03eac8e609f5f04383125d80eaeaaf3e?s=96&d=mm&r=g\",\"contentUrl\":\"https:\/\/secure.gravatar.com\/avatar\/03eac8e609f5f04383125d80eaeaaf3e?s=96&d=mm&r=g\",\"caption\":\"A. P., STA\"},\"url\":\"https:\/\/hudo.com\/si\/author\/lubu\/\"}]}<\/script>\n<!-- \/ Yoast SEO plugin. -->","yoast_head_json":{"title":"Nem\u0161ki veleposlanik se je poklonil Ljubljani z elektri\u010dnim avtomobilom - Hudo Slovenija","robots":{"index":"index","follow":"follow","max-snippet":"max-snippet:-1","max-image-preview":"max-image-preview:large","max-video-preview":"max-video-preview:-1"},"canonical":"https:\/\/hudo.com\/si\/aktualno\/nemski-veleposlanik-se-je-poklonil-ljubljani-z-elektricnim-avtomobilom\/","og_locale":"sl_SI","og_type":"article","og_title":"Nem\u0161ki veleposlanik se je poklonil Ljubljani z elektri\u010dnim avtomobilom - Hudo Slovenija","og_description":"Nem\u0161ki veleposlanik Klaus Riedel se bo kot prvi med veleposlaniki v Ljubljani po cesti vozil z elektri\u010dnim vozilom. Kot je pojasnil za STA, jih je k nakupu spodbudilo tudi dejstvo, da \u017eivijo v Zeleni prestolnici Evrope. Ljubljanski pod\u017eupan Dejan Crnek je dodal, da je v Ljubljani vse ve\u010d elektri\u010dnih vozil, ki so del trajnostne filozofije Ljubljane.","og_url":"https:\/\/hudo.com\/si\/aktualno\/nemski-veleposlanik-se-je-poklonil-ljubljani-z-elektricnim-avtomobilom\/","og_site_name":"Hudo Slovenija","article_publisher":"https:\/\/www.facebook.com\/hudo.si","article_published_time":"2016-12-15T11:48:20+00:00","og_image":[{"width":1250,"height":831,"url":"https:\/\/hudo.com\/si\/wp-content\/uploads\/sites\/2\/2016\/12\/profimedia-0308150332.jpg","type":"image\/jpeg"}],"author":"A. P., STA","twitter_card":"summary_large_image","twitter_creator":"@hudo_si","twitter_site":"@hudo_si","twitter_misc":{"Written by":"A. P., STA","Est. reading time":"1 minuta"},"schema":{"@context":"https:\/\/schema.org","@graph":[{"@type":"Article","@id":"https:\/\/hudo.com\/si\/aktualno\/nemski-veleposlanik-se-je-poklonil-ljubljani-z-elektricnim-avtomobilom\/#article","isPartOf":{"@id":"https:\/\/hudo.com\/si\/aktualno\/nemski-veleposlanik-se-je-poklonil-ljubljani-z-elektricnim-avtomobilom\/"},"author":{"name":"A. P., STA","@id":"https:\/\/hudo.com\/si\/#\/schema\/person\/18f09c02475ba9e606e941a565b80cff"},"headline":"Nem\u0161ki veleposlanik se je poklonil Ljubljani z elektri\u010dnim avtomobilom","datePublished":"2016-12-15T11:48:20+00:00","dateModified":"2016-12-15T11:48:20+00:00","mainEntityOfPage":{"@id":"https:\/\/hudo.com\/si\/aktualno\/nemski-veleposlanik-se-je-poklonil-ljubljani-z-elektricnim-avtomobilom\/"},"wordCount":190,"publisher":{"@id":"https:\/\/hudo.com\/si\/#organization"},"keywords":["BMW","diplomacija","elektri\u010dni avtomobili","Ljubljana","Slovenija"],"articleSection":["Aktualno"],"inLanguage":"sl-SI"},{"@type":"WebPage","@id":"https:\/\/hudo.com\/si\/aktualno\/nemski-veleposlanik-se-je-poklonil-ljubljani-z-elektricnim-avtomobilom\/","url":"https:\/\/hudo.com\/si\/aktualno\/nemski-veleposlanik-se-je-poklonil-ljubljani-z-elektricnim-avtomobilom\/","name":"Nem\u0161ki veleposlanik se je poklonil Ljubljani z elektri\u010dnim avtomobilom - Hudo Slovenija","isPartOf":{"@id":"https:\/\/hudo.com\/si\/#website"},"datePublished":"2016-12-15T11:48:20+00:00","dateModified":"2016-12-15T11:48:20+00:00","breadcrumb":{"@id":"https:\/\/hudo.com\/si\/aktualno\/nemski-veleposlanik-se-je-poklonil-ljubljani-z-elektricnim-avtomobilom\/#breadcrumb"},"inLanguage":"sl-SI","potentialAction":[{"@type":"ReadAction","target":["https:\/\/hudo.com\/si\/aktualno\/nemski-veleposlanik-se-je-poklonil-ljubljani-z-elektricnim-avtomobilom\/"]}]},{"@type":"BreadcrumbList","@id":"https:\/\/hudo.com\/si\/aktualno\/nemski-veleposlanik-se-je-poklonil-ljubljani-z-elektricnim-avtomobilom\/#breadcrumb","itemListElement":[{"@type":"ListItem","position":1,"name":"Home","item":"https:\/\/hudo.com\/si\/"},{"@type":"ListItem","position":2,"name":"Nem\u0161ki veleposlanik se je poklonil Ljubljani z elektri\u010dnim avtomobilom"}]},{"@type":"WebSite","@id":"https:\/\/hudo.com\/si\/#website","url":"https:\/\/hudo.com\/si\/","name":"Hudo Slovenija","description":"Vse novice iz Slovenije in sveta","publisher":{"@id":"https:\/\/hudo.com\/si\/#organization"},"potentialAction":[{"@type":"SearchAction","target":{"@type":"EntryPoint","urlTemplate":"https:\/\/hudo.com\/si\/?s={search_term_string}"},"query-input":"required name=search_term_string"}],"inLanguage":"sl-SI"},{"@type":"Organization","@id":"https:\/\/hudo.com\/si\/#organization","name":"VSN Media","url":"https:\/\/hudo.com\/si\/","logo":{"@type":"ImageObject","inLanguage":"sl-SI","@id":"https:\/\/hudo.com\/si\/#\/schema\/logo\/image\/","url":"https:\/\/hudo.com\/si\/wp-content\/uploads\/sites\/2\/2021\/03\/hudo-app-2.png","contentUrl":"https:\/\/hudo.com\/si\/wp-content\/uploads\/sites\/2\/2021\/03\/hudo-app-2.png","width":2185,"height":2167,"caption":"VSN Media"},"image":{"@id":"https:\/\/hudo.com\/si\/#\/schema\/logo\/image\/"},"sameAs":["https:\/\/www.facebook.com\/hudo.si","https:\/\/twitter.com\/hudo_si"]},{"@type":"Person","@id":"https:\/\/hudo.com\/si\/#\/schema\/person\/18f09c02475ba9e606e941a565b80cff","name":"A. P., STA","image":{"@type":"ImageObject","inLanguage":"sl-SI","@id":"https:\/\/hudo.com\/si\/#\/schema\/person\/image\/","url":"https:\/\/secure.gravatar.com\/avatar\/03eac8e609f5f04383125d80eaeaaf3e?s=96&d=mm&r=g","contentUrl":"https:\/\/secure.gravatar.com\/avatar\/03eac8e609f5f04383125d80eaeaaf3e?s=96&d=mm&r=g","caption":"A. P., STA"},"url":"https:\/\/hudo.com\/si\/author\/lubu\/"}]}},"amp_enabled":true,"_links":{"self":[{"href":"https:\/\/hudo.com\/si\/wp-json\/wp\/v2\/posts\/180554"}],"collection":[{"href":"https:\/\/hudo.com\/si\/wp-json\/wp\/v2\/posts"}],"about":[{"href":"https:\/\/hudo.com\/si\/wp-json\/wp\/v2\/types\/post"}],"author":[{"embeddable":true,"href":"https:\/\/hudo.com\/si\/wp-json\/wp\/v2\/users\/7"}],"replies":[{"embeddable":true,"href":"https:\/\/hudo.com\/si\/wp-json\/wp\/v2\/comments?post=180554"}],"version-history":[{"count":1,"href":"https:\/\/hudo.com\/si\/wp-json\/wp\/v2\/posts\/180554\/revisions"}],"predecessor-version":[{"id":180556,"href":"https:\/\/hudo.com\/si\/wp-json\/wp\/v2\/posts\/180554\/revisions\/180556"}],"wp:featuredmedia":[{"embeddable":true,"href":"https:\/\/hudo.com\/si\/wp-json\/wp\/v2\/media\/180555"}],"wp:attachment":[{"href":"https:\/\/hudo.com\/si\/wp-json\/wp\/v2\/media?parent=180554"}],"wp:term":[{"taxonomy":"category","embeddable":true,"href":"https:\/\/hudo.com\/si\/wp-json\/wp\/v2\/categories?post=180554"},{"taxonomy":"post_tag","embeddable":true,"href":"https:\/\/hudo.com\/si\/wp-json\/wp\/v2\/tags?post=180554"},{"taxonomy":"source","embeddable":true,"href":"https:\/\/hudo.com\/si\/wp-json\/wp\/v2\/source?post=180554"},{"taxonomy":"supertag","embeddable":true,"href":"https:\/\/hudo.com\/si\/wp-json\/wp\/v2\/supertag?post=180554"}],"curies":[{"name":"wp","href":"https:\/\/api.w.org\/{rel}","templated":true}]}}