{"id":181001,"date":"2016-12-20T10:29:38","date_gmt":"2016-12-20T09:29:38","guid":{"rendered":"http:\/\/hudo.com\/si\/?p=181001"},"modified":"2016-12-20T10:29:38","modified_gmt":"2016-12-20T09:29:38","slug":"referenduma-o-azilnem-domu-ne-bo","status":"publish","type":"post","link":"https:\/\/hudo.com\/si\/aktualno\/referenduma-o-azilnem-domu-ne-bo\/","title":{"rendered":"Referenduma o azilnem domu ne bo"},"content":{"rendered":"<p>Pobudo za vlo\u017eitev zahteve za razpis naknadnega referenduma na sprejete Sklepe oz. zahteve o vzpostavitvi izpostave azilnega doma na obmo\u010dju Velenja, ki jih je mestni svet velenjske ob\u010dine sprejel na seji 29. novembra letos, je v roku na Mestno ob\u010dino Velenje podala Civilna iniciativa proti sklepom o vzpostavitvi izpostave azilnega doma v Velenju. Prvopodpisani pod pobudo je velenjski mestni svetnik iz vrst opozicije Mihael Letonje (SLS).<\/p>\n<p>Pravna slu\u017eba Mestne ob\u010dine Velenje je po prejemu pobudo preu\u010dila in za mnenje zaprosila tudi ministrstvo za javno upravo, ki je pravno mnenje ob\u010dine potrdilo, je na dana\u0161nji novinarski konferenci povedal direktor ob\u010dinske uprave Mestne ob\u010dine Velenje Iztok Mori.<\/p>\n<p>Kot je razvidno iz odgovora ministrstva za javno upravo, za izvedbo predlaganega referenduma v Velenju ni pravne podlage, ker ne gre za splo\u0161ni akt ob\u010dine, kot je to dolo\u010deno v zakonu o lokalni samoupravi. Ne gre torej za statut, odlok, odredbo, pravilnik ali navodila, ampak za ugotovitveni sklep ob\u010dinskega sveta, s katerim se je slednji seznanil z namero dr\u017eave o vzpostavitvi izpostave azilnega doma na obmo\u010dju Velenja. Prav tako vsebinsko zadeva ne sodi v pristojnost ob\u010dine, saj azilni domovi sodijo v dr\u017eavno pristojnost notranjih zadev, je v odgovoru ob\u010dini navedlo ministrstvo za javno upravo.<\/p>\n<p>Velenjska ob\u010dina bo pobudnike referenduma o ugotovitvah obvestila danes. V odgovoru civilni iniciativi, ki ga je ob\u010dina predlo\u017eila medijem, pa ob\u010dina navaja \u0161e, da lahko pobudniki zbrane podpise in zahtevo oz. pobudo posredujejo dr\u017eavnim organom, ki so pristojni za re\u0161evanje predmetne zadeve.<\/p>\n<p>\u017dupan je sicer na dana\u0161nji novinarski konferenci spomnil, da je ministrstvo za notranje zadeve ob\u010dino obvestilo o tem, da se z zasebnikom, lastnikom nekdanjega Vegradovega samskega doma pogovarja o mo\u017enosti vzpostavitve izpostave azilnega doma, o \u010demer je nato na seji 29. novembra svetnike seznanil tudi dr\u017eavni sekretar na notranjem ministrstvu Bo\u0161tjan \u0160efic.<\/p>\n<p>Svetniki so takrat sprejeli ve\u010d sklepov oz. zahtev, s katerimi po \u017eupanovih besedah ob dobronamernem stali\u0161\u010du do ureditve problematike prosilcev za azil vladi postavljajo ve\u010d omejitev in zahtev, in sicer, da se pred morebitno namestitvijo prosilcev v Velenju opravi \u0161e marsikaj, predvsem pa da se vodijo razgovori s krajani Stare vasi, kjer je omenjeni objekt.<\/p>\n<p>Krajani Stare vasi nameri, da se na obmo\u010dju njihove krajevne skupnosti uredi izpostava azilnega doma, kot je znano, nasprotujejo.<\/p>\n","protected":false},"excerpt":{"rendered":"<p>Pogoji za razpis referenduma o sprejetih ob\u010dinskih sklepih v zvezi z izpostavo azilnega doma na obmo\u010dju Velenja niso izpolnjeni, je na dana\u0161nji novinarski konferenci sporo\u010dil \u017eupan Mestne ob\u010dine Velenje Bojan Konti\u010d. Referendum ni mo\u017een, ker ne gre za splo\u0161ni akt ob\u010dine, prav tako vsebinsko zadeva ne sodi v pristojnost ob\u010dine.<\/p>\n","protected":false},"author":7,"featured_media":181002,"comment_status":"closed","ping_status":"closed","sticky":false,"template":"","format":"standard","meta":{"footnotes":""},"categories":[1179],"tags":[6166,1595,4947],"source":[4511],"supertag":[],"acf":[],"yoast_head":"<!-- This site is optimized with the Yoast SEO plugin v21.3 - https:\/\/yoast.com\/wordpress\/plugins\/seo\/ -->\n<title>Referenduma o azilnem domu ne bo - Hudo Slovenija<\/title>\n<meta name=\"robots\" content=\"index, follow, max-snippet:-1, max-image-preview:large, max-video-preview:-1\" \/>\n<link rel=\"canonical\" href=\"https:\/\/hudo.com\/si\/aktualno\/referenduma-o-azilnem-domu-ne-bo\/\" \/>\n<meta property=\"og:locale\" content=\"sl_SI\" \/>\n<meta property=\"og:type\" content=\"article\" \/>\n<meta property=\"og:title\" content=\"Referenduma o azilnem domu ne bo - Hudo Slovenija\" \/>\n<meta property=\"og:description\" content=\"Pogoji za razpis referenduma o sprejetih ob\u010dinskih sklepih v zvezi z izpostavo azilnega doma na obmo\u010dju Velenja niso izpolnjeni, je na dana\u0161nji novinarski konferenci sporo\u010dil \u017eupan Mestne ob\u010dine Velenje Bojan Konti\u010d. Referendum ni mo\u017een, ker ne gre za splo\u0161ni akt ob\u010dine, prav tako vsebinsko zadeva ne sodi v pristojnost ob\u010dine.\" \/>\n<meta property=\"og:url\" content=\"https:\/\/hudo.com\/si\/aktualno\/referenduma-o-azilnem-domu-ne-bo\/\" \/>\n<meta property=\"og:site_name\" content=\"Hudo Slovenija\" \/>\n<meta property=\"article:publisher\" content=\"https:\/\/www.facebook.com\/hudo.si\" \/>\n<meta property=\"article:published_time\" content=\"2016-12-20T09:29:38+00:00\" \/>\n<meta property=\"og:image\" content=\"https:\/\/hudo.com\/si\/wp-content\/uploads\/sites\/2\/2016\/12\/profimedia-0208504461.jpg\" \/>\n\t<meta property=\"og:image:width\" content=\"1250\" \/>\n\t<meta property=\"og:image:height\" content=\"832\" \/>\n\t<meta property=\"og:image:type\" content=\"image\/jpeg\" \/>\n<meta name=\"author\" content=\"A. P., STA\" \/>\n<meta name=\"twitter:card\" content=\"summary_large_image\" \/>\n<meta name=\"twitter:creator\" content=\"@hudo_si\" \/>\n<meta name=\"twitter:site\" content=\"@hudo_si\" \/>\n<meta name=\"twitter:label1\" content=\"Written by\" \/>\n\t<meta name=\"twitter:data1\" content=\"A. P., STA\" \/>\n\t<meta name=\"twitter:label2\" content=\"Est. reading time\" \/>\n\t<meta name=\"twitter:data2\" content=\"2 minuti\" \/>\n<script type=\"application\/ld+json\" class=\"yoast-schema-graph\">{\"@context\":\"https:\/\/schema.org\",\"@graph\":[{\"@type\":\"Article\",\"@id\":\"https:\/\/hudo.com\/si\/aktualno\/referenduma-o-azilnem-domu-ne-bo\/#article\",\"isPartOf\":{\"@id\":\"https:\/\/hudo.com\/si\/aktualno\/referenduma-o-azilnem-domu-ne-bo\/\"},\"author\":{\"name\":\"A. P., STA\",\"@id\":\"https:\/\/hudo.com\/si\/#\/schema\/person\/18f09c02475ba9e606e941a565b80cff\"},\"headline\":\"Referenduma o azilnem domu ne bo\",\"datePublished\":\"2016-12-20T09:29:38+00:00\",\"dateModified\":\"2016-12-20T09:29:38+00:00\",\"mainEntityOfPage\":{\"@id\":\"https:\/\/hudo.com\/si\/aktualno\/referenduma-o-azilnem-domu-ne-bo\/\"},\"wordCount\":404,\"publisher\":{\"@id\":\"https:\/\/hudo.com\/si\/#organization\"},\"keywords\":[\"prosilci za azil\",\"Slovenija\",\"Velenje\"],\"articleSection\":[\"Aktualno\"],\"inLanguage\":\"sl-SI\"},{\"@type\":\"WebPage\",\"@id\":\"https:\/\/hudo.com\/si\/aktualno\/referenduma-o-azilnem-domu-ne-bo\/\",\"url\":\"https:\/\/hudo.com\/si\/aktualno\/referenduma-o-azilnem-domu-ne-bo\/\",\"name\":\"Referenduma o azilnem domu ne bo - Hudo Slovenija\",\"isPartOf\":{\"@id\":\"https:\/\/hudo.com\/si\/#website\"},\"datePublished\":\"2016-12-20T09:29:38+00:00\",\"dateModified\":\"2016-12-20T09:29:38+00:00\",\"breadcrumb\":{\"@id\":\"https:\/\/hudo.com\/si\/aktualno\/referenduma-o-azilnem-domu-ne-bo\/#breadcrumb\"},\"inLanguage\":\"sl-SI\",\"potentialAction\":[{\"@type\":\"ReadAction\",\"target\":[\"https:\/\/hudo.com\/si\/aktualno\/referenduma-o-azilnem-domu-ne-bo\/\"]}]},{\"@type\":\"BreadcrumbList\",\"@id\":\"https:\/\/hudo.com\/si\/aktualno\/referenduma-o-azilnem-domu-ne-bo\/#breadcrumb\",\"itemListElement\":[{\"@type\":\"ListItem\",\"position\":1,\"name\":\"Home\",\"item\":\"https:\/\/hudo.com\/si\/\"},{\"@type\":\"ListItem\",\"position\":2,\"name\":\"Referenduma o azilnem domu ne bo\"}]},{\"@type\":\"WebSite\",\"@id\":\"https:\/\/hudo.com\/si\/#website\",\"url\":\"https:\/\/hudo.com\/si\/\",\"name\":\"Hudo Slovenija\",\"description\":\"Vse novice iz Slovenije in sveta\",\"publisher\":{\"@id\":\"https:\/\/hudo.com\/si\/#organization\"},\"potentialAction\":[{\"@type\":\"SearchAction\",\"target\":{\"@type\":\"EntryPoint\",\"urlTemplate\":\"https:\/\/hudo.com\/si\/?s={search_term_string}\"},\"query-input\":\"required name=search_term_string\"}],\"inLanguage\":\"sl-SI\"},{\"@type\":\"Organization\",\"@id\":\"https:\/\/hudo.com\/si\/#organization\",\"name\":\"VSN Media\",\"url\":\"https:\/\/hudo.com\/si\/\",\"logo\":{\"@type\":\"ImageObject\",\"inLanguage\":\"sl-SI\",\"@id\":\"https:\/\/hudo.com\/si\/#\/schema\/logo\/image\/\",\"url\":\"https:\/\/hudo.com\/si\/wp-content\/uploads\/sites\/2\/2021\/03\/hudo-app-2.png\",\"contentUrl\":\"https:\/\/hudo.com\/si\/wp-content\/uploads\/sites\/2\/2021\/03\/hudo-app-2.png\",\"width\":2185,\"height\":2167,\"caption\":\"VSN Media\"},\"image\":{\"@id\":\"https:\/\/hudo.com\/si\/#\/schema\/logo\/image\/\"},\"sameAs\":[\"https:\/\/www.facebook.com\/hudo.si\",\"https:\/\/twitter.com\/hudo_si\"]},{\"@type\":\"Person\",\"@id\":\"https:\/\/hudo.com\/si\/#\/schema\/person\/18f09c02475ba9e606e941a565b80cff\",\"name\":\"A. P., STA\",\"image\":{\"@type\":\"ImageObject\",\"inLanguage\":\"sl-SI\",\"@id\":\"https:\/\/hudo.com\/si\/#\/schema\/person\/image\/\",\"url\":\"https:\/\/secure.gravatar.com\/avatar\/03eac8e609f5f04383125d80eaeaaf3e?s=96&d=mm&r=g\",\"contentUrl\":\"https:\/\/secure.gravatar.com\/avatar\/03eac8e609f5f04383125d80eaeaaf3e?s=96&d=mm&r=g\",\"caption\":\"A. P., STA\"},\"url\":\"https:\/\/hudo.com\/si\/author\/lubu\/\"}]}<\/script>\n<!-- \/ Yoast SEO plugin. -->","yoast_head_json":{"title":"Referenduma o azilnem domu ne bo - Hudo Slovenija","robots":{"index":"index","follow":"follow","max-snippet":"max-snippet:-1","max-image-preview":"max-image-preview:large","max-video-preview":"max-video-preview:-1"},"canonical":"https:\/\/hudo.com\/si\/aktualno\/referenduma-o-azilnem-domu-ne-bo\/","og_locale":"sl_SI","og_type":"article","og_title":"Referenduma o azilnem domu ne bo - Hudo Slovenija","og_description":"Pogoji za razpis referenduma o sprejetih ob\u010dinskih sklepih v zvezi z izpostavo azilnega doma na obmo\u010dju Velenja niso izpolnjeni, je na dana\u0161nji novinarski konferenci sporo\u010dil \u017eupan Mestne ob\u010dine Velenje Bojan Konti\u010d. Referendum ni mo\u017een, ker ne gre za splo\u0161ni akt ob\u010dine, prav tako vsebinsko zadeva ne sodi v pristojnost ob\u010dine.","og_url":"https:\/\/hudo.com\/si\/aktualno\/referenduma-o-azilnem-domu-ne-bo\/","og_site_name":"Hudo Slovenija","article_publisher":"https:\/\/www.facebook.com\/hudo.si","article_published_time":"2016-12-20T09:29:38+00:00","og_image":[{"width":1250,"height":832,"url":"https:\/\/hudo.com\/si\/wp-content\/uploads\/sites\/2\/2016\/12\/profimedia-0208504461.jpg","type":"image\/jpeg"}],"author":"A. P., STA","twitter_card":"summary_large_image","twitter_creator":"@hudo_si","twitter_site":"@hudo_si","twitter_misc":{"Written by":"A. P., STA","Est. reading time":"2 minuti"},"schema":{"@context":"https:\/\/schema.org","@graph":[{"@type":"Article","@id":"https:\/\/hudo.com\/si\/aktualno\/referenduma-o-azilnem-domu-ne-bo\/#article","isPartOf":{"@id":"https:\/\/hudo.com\/si\/aktualno\/referenduma-o-azilnem-domu-ne-bo\/"},"author":{"name":"A. P., STA","@id":"https:\/\/hudo.com\/si\/#\/schema\/person\/18f09c02475ba9e606e941a565b80cff"},"headline":"Referenduma o azilnem domu ne bo","datePublished":"2016-12-20T09:29:38+00:00","dateModified":"2016-12-20T09:29:38+00:00","mainEntityOfPage":{"@id":"https:\/\/hudo.com\/si\/aktualno\/referenduma-o-azilnem-domu-ne-bo\/"},"wordCount":404,"publisher":{"@id":"https:\/\/hudo.com\/si\/#organization"},"keywords":["prosilci za azil","Slovenija","Velenje"],"articleSection":["Aktualno"],"inLanguage":"sl-SI"},{"@type":"WebPage","@id":"https:\/\/hudo.com\/si\/aktualno\/referenduma-o-azilnem-domu-ne-bo\/","url":"https:\/\/hudo.com\/si\/aktualno\/referenduma-o-azilnem-domu-ne-bo\/","name":"Referenduma o azilnem domu ne bo - Hudo Slovenija","isPartOf":{"@id":"https:\/\/hudo.com\/si\/#website"},"datePublished":"2016-12-20T09:29:38+00:00","dateModified":"2016-12-20T09:29:38+00:00","breadcrumb":{"@id":"https:\/\/hudo.com\/si\/aktualno\/referenduma-o-azilnem-domu-ne-bo\/#breadcrumb"},"inLanguage":"sl-SI","potentialAction":[{"@type":"ReadAction","target":["https:\/\/hudo.com\/si\/aktualno\/referenduma-o-azilnem-domu-ne-bo\/"]}]},{"@type":"BreadcrumbList","@id":"https:\/\/hudo.com\/si\/aktualno\/referenduma-o-azilnem-domu-ne-bo\/#breadcrumb","itemListElement":[{"@type":"ListItem","position":1,"name":"Home","item":"https:\/\/hudo.com\/si\/"},{"@type":"ListItem","position":2,"name":"Referenduma o azilnem domu ne bo"}]},{"@type":"WebSite","@id":"https:\/\/hudo.com\/si\/#website","url":"https:\/\/hudo.com\/si\/","name":"Hudo Slovenija","description":"Vse novice iz Slovenije in sveta","publisher":{"@id":"https:\/\/hudo.com\/si\/#organization"},"potentialAction":[{"@type":"SearchAction","target":{"@type":"EntryPoint","urlTemplate":"https:\/\/hudo.com\/si\/?s={search_term_string}"},"query-input":"required name=search_term_string"}],"inLanguage":"sl-SI"},{"@type":"Organization","@id":"https:\/\/hudo.com\/si\/#organization","name":"VSN Media","url":"https:\/\/hudo.com\/si\/","logo":{"@type":"ImageObject","inLanguage":"sl-SI","@id":"https:\/\/hudo.com\/si\/#\/schema\/logo\/image\/","url":"https:\/\/hudo.com\/si\/wp-content\/uploads\/sites\/2\/2021\/03\/hudo-app-2.png","contentUrl":"https:\/\/hudo.com\/si\/wp-content\/uploads\/sites\/2\/2021\/03\/hudo-app-2.png","width":2185,"height":2167,"caption":"VSN Media"},"image":{"@id":"https:\/\/hudo.com\/si\/#\/schema\/logo\/image\/"},"sameAs":["https:\/\/www.facebook.com\/hudo.si","https:\/\/twitter.com\/hudo_si"]},{"@type":"Person","@id":"https:\/\/hudo.com\/si\/#\/schema\/person\/18f09c02475ba9e606e941a565b80cff","name":"A. P., STA","image":{"@type":"ImageObject","inLanguage":"sl-SI","@id":"https:\/\/hudo.com\/si\/#\/schema\/person\/image\/","url":"https:\/\/secure.gravatar.com\/avatar\/03eac8e609f5f04383125d80eaeaaf3e?s=96&d=mm&r=g","contentUrl":"https:\/\/secure.gravatar.com\/avatar\/03eac8e609f5f04383125d80eaeaaf3e?s=96&d=mm&r=g","caption":"A. P., STA"},"url":"https:\/\/hudo.com\/si\/author\/lubu\/"}]}},"amp_enabled":true,"_links":{"self":[{"href":"https:\/\/hudo.com\/si\/wp-json\/wp\/v2\/posts\/181001"}],"collection":[{"href":"https:\/\/hudo.com\/si\/wp-json\/wp\/v2\/posts"}],"about":[{"href":"https:\/\/hudo.com\/si\/wp-json\/wp\/v2\/types\/post"}],"author":[{"embeddable":true,"href":"https:\/\/hudo.com\/si\/wp-json\/wp\/v2\/users\/7"}],"replies":[{"embeddable":true,"href":"https:\/\/hudo.com\/si\/wp-json\/wp\/v2\/comments?post=181001"}],"version-history":[{"count":1,"href":"https:\/\/hudo.com\/si\/wp-json\/wp\/v2\/posts\/181001\/revisions"}],"predecessor-version":[{"id":181004,"href":"https:\/\/hudo.com\/si\/wp-json\/wp\/v2\/posts\/181001\/revisions\/181004"}],"wp:featuredmedia":[{"embeddable":true,"href":"https:\/\/hudo.com\/si\/wp-json\/wp\/v2\/media\/181002"}],"wp:attachment":[{"href":"https:\/\/hudo.com\/si\/wp-json\/wp\/v2\/media?parent=181001"}],"wp:term":[{"taxonomy":"category","embeddable":true,"href":"https:\/\/hudo.com\/si\/wp-json\/wp\/v2\/categories?post=181001"},{"taxonomy":"post_tag","embeddable":true,"href":"https:\/\/hudo.com\/si\/wp-json\/wp\/v2\/tags?post=181001"},{"taxonomy":"source","embeddable":true,"href":"https:\/\/hudo.com\/si\/wp-json\/wp\/v2\/source?post=181001"},{"taxonomy":"supertag","embeddable":true,"href":"https:\/\/hudo.com\/si\/wp-json\/wp\/v2\/supertag?post=181001"}],"curies":[{"name":"wp","href":"https:\/\/api.w.org\/{rel}","templated":true}]}}