{"id":18142,"date":"2015-03-17T12:15:41","date_gmt":"2015-03-17T11:15:41","guid":{"rendered":"http:\/\/master.hudo.com\/si\/2015\/03\/17\/s-to-fotografijo-je-slovenec-navdusil-na-prestiznem-natecaju-foto\/"},"modified":"2015-03-17T12:15:41","modified_gmt":"2015-03-17T11:15:41","slug":"s-to-fotografijo-je-slovenec-navdusil-na-prestiznem-natecaju-foto","status":"publish","type":"post","link":"https:\/\/hudo.com\/si\/lifestyle\/s-to-fotografijo-je-slovenec-navdusil-na-prestiznem-natecaju-foto\/","title":{"rendered":"S to fotografijo je Slovenec navdu\u0161il na presti\u017enem nate\u010daju (foto)"},"content":{"rendered":"<p><strong>Ljubljana, 17. marec 2015: <\/strong>Slovenski fotograf <strong>Uro\u0161 Florjan\u010di\u010d<\/strong> je postal zmagovalec prvega slovenskega nacionalnega nate\u010daja v okviru Sony World Photography Awards, ki slovi kot eno izmed najpresti\u017enej\u0161ih fotografskih tekmovanj na svetu. Z zmagovalno fotografijo <em>&#8220;Blue Heaven&#8221;<\/em> je Uro\u0161 navdu\u0161il strokovno \u017eirijo, ki so jo sestavljali profesionalni fotograf <strong>Jo\u017ee Suhadolnik, <\/strong>Sony ambasador in fotograf <strong>Klemen Udov\u010d<\/strong> ter fotografski entuziast <strong>Ale\u0161 \u017diberna<\/strong>.<\/p>\n<figure>\n\t\t\t\t\t<img loading=\"lazy\" decoding=\"async\" width=\"660\" height=\"320\" src=\"data:image\/gif;base64,R0lGODlhAQABAAAAACH5BAEKAAEALAAAAAABAAEAAAICTAEAOw==\" class=\"lazyload\" data-src=\"http:\/\/moski.hudo.com\/wp-content\/uploads\/2015\/03\/ac-uros-florjanc-1st-place-slovenia-national-award-2015-sony-world-photography-awards-320x155.jpg\" data-srcset=\"http:\/\/moski.hudo.com\/wp-content\/uploads\/2015\/03\/ac-uros-florjanc-1st-place-slovenia-national-award-2015-sony-world-photography-awards-660x320.jpg 660w,http:\/\/moski.hudo.com\/wp-content\/uploads\/2015\/03\/ac-uros-florjanc-1st-place-slovenia-national-award-2015-sony-world-photography-awards-320x155.jpg 330w\" sizes=\"(max-width: 660px) 100vw, 660px\"\/><figcaption>Zmagovalna fotografija Uro\u0161a Florjan\u010di\u010da je nastala aprila 2013 na Planinskem polju<\/figcaption><\/figure>\n<p>Na najve\u010dje mednarodno fotografsko tekmovanje na svetu Sony World Photography Awards je svoja dela prijavilo kar 555 fotografskih navdu\u0161encev iz Slovenije. Izmed vseh prijavljenih pa se je za naziv najbolj\u0161ega slovenskega fotografa v sklopu Nacionalne nagrade potegovalo kar 158 nadarjenih fotografov. Poleg glavnega zmagovalca Uro\u0161a Florjan\u010di\u010da sta se med prejemnike nagrad uvrstila tudi <strong>Igor Debevec<\/strong> (2. mesto) in <strong>Nejc Zidari\u010d<\/strong> (3. mesto).<\/p>\n<figure>\n\t\t\t\t\t<img loading=\"lazy\" decoding=\"async\" width=\"660\" height=\"320\" src=\"data:image\/gif;base64,R0lGODlhAQABAAAAACH5BAEKAAEALAAAAAABAAEAAAICTAEAOw==\" class=\"lazyload\" data-src=\"http:\/\/moski.hudo.com\/wp-content\/uploads\/2015\/03\/slovenia_2nd-320x155.jpg\" data-srcset=\"http:\/\/moski.hudo.com\/wp-content\/uploads\/2015\/03\/slovenia_2nd-660x320.jpg 660w,http:\/\/moski.hudo.com\/wp-content\/uploads\/2015\/03\/slovenia_2nd-320x155.jpg 330w\" sizes=\"(max-width: 660px) 100vw, 660px\"\/><figcaption>Drugo mesto je osvojil Igor Debevec<\/figcaption><\/figure>\n<p>Nacionalni nate\u010daj svetovno priznanega fotografskega tekmovanja se je letos v Sloveniji odvil prvi\u010d in trem nadobudnim fotografom omogo\u010dil, da bodo njihova dela izpostavljena in prepoznana na svetovni ravni. Zmagovalne fotografije bodo postavili ob bok izjemnim fotografijam profesionalnih fotografov iz vsega sveta kot del razstave Sony World Photography Awards, ki bo na ogled v Londonu (Somerset House) od 24. aprila do 10. maja 2015.<\/p>\n<figure>\n\t\t\t\t\t<img loading=\"lazy\" decoding=\"async\" width=\"660\" height=\"320\" src=\"data:image\/gif;base64,R0lGODlhAQABAAAAACH5BAEKAAEALAAAAAABAAEAAAICTAEAOw==\" class=\"lazyload\" data-src=\"http:\/\/moski.hudo.com\/wp-content\/uploads\/2015\/03\/slovenia_3rd-320x155.jpg\" data-srcset=\"http:\/\/moski.hudo.com\/wp-content\/uploads\/2015\/03\/slovenia_3rd-660x320.jpg 660w,http:\/\/moski.hudo.com\/wp-content\/uploads\/2015\/03\/slovenia_3rd-320x155.jpg 330w\" sizes=\"(max-width: 660px) 100vw, 660px\"\/><figcaption>3.mesto: Nejc Zidari\u010d<\/figcaption><\/figure>\n<p>Florjan\u010di\u010d je o svoji zmagi povedal: <em>&#8220;Nagrade se zelo vesel, ker je, iskreno povedano, nisem pri\u010dakoval, vseeno pa sem svetu \u017eelel pokazati ko\u0161\u010dek na\u0161e \u010dudovite de\u017eele. Tak\u0161nih tekmovanj se redko udele\u017eujem, vendar pa mi je v\u0161e\u010d, da sem se odlo\u010dil za pravega&#8221;<\/em>. O nastali fotografiji pa je \u0161e dodal: <em>&#8220;Fotografijo sem naredil v mesecu aprilu 2013 v Sloveniji na Planinskem polju. Fotografirano je iz gore Planina nad poljem, kateri je letno tudi ve\u010dkrat poplavljen. Te poplave lahko v\u010dasih trajajo tudi do dva meseca. Tisti dan smo se s prijatelji odpravili na goro, da bi fotografirali to poplavljeno polje, vendar nam je \u017ee na sredini vzpona avtomobil obti\u010dal v ostankih aprilskega snega, zato smo izgubili veliko \u010dasa in prispeli na mesto fotografiranja zelo pozno, imeli smo samo \u0161e slabih deset minut do son\u010dnega zahoda. Trud je bil zame popla\u010dan, saj mi je uspelo narediti kar nekaj lepih posnetkov.&#8221;<\/em><\/p>\n<p>Vse zmagovalne fotografije tekmovanja Sony World Photography Awards si lahko ogledate na<a href=\"http:\/\/www.worldphoto.org\/\">www.worldphoto.org<\/a>.<\/p>\n","protected":false},"excerpt":{"rendered":"<p>Poglejte osupljive fotografije, ki so osvojile slovenske nagrade nate\u010daja Sony World Photography Awards.<\/p>\n","protected":false},"author":1,"featured_media":0,"comment_status":"closed","ping_status":"closed","sticky":false,"template":"","format":"standard","meta":{"footnotes":""},"categories":[1091],"tags":[1604,2320],"source":[2088,1522,1518],"supertag":[],"acf":[],"yoast_head":"<!-- This site is optimized with the Yoast SEO plugin v21.3 - https:\/\/yoast.com\/wordpress\/plugins\/seo\/ -->\n<title>S to fotografijo je Slovenec navdu\u0161il na presti\u017enem nate\u010daju (foto) - Hudo Slovenija<\/title>\n<meta name=\"robots\" content=\"index, follow, max-snippet:-1, max-image-preview:large, max-video-preview:-1\" \/>\n<link rel=\"canonical\" href=\"https:\/\/hudo.com\/si\/lifestyle\/s-to-fotografijo-je-slovenec-navdusil-na-prestiznem-natecaju-foto\/\" \/>\n<meta property=\"og:locale\" content=\"sl_SI\" \/>\n<meta property=\"og:type\" content=\"article\" \/>\n<meta property=\"og:title\" content=\"S to fotografijo je Slovenec navdu\u0161il na presti\u017enem nate\u010daju (foto) - Hudo Slovenija\" \/>\n<meta property=\"og:description\" content=\"Poglejte osupljive fotografije, ki so osvojile slovenske nagrade nate\u010daja Sony World Photography Awards.\" \/>\n<meta property=\"og:url\" content=\"https:\/\/hudo.com\/si\/lifestyle\/s-to-fotografijo-je-slovenec-navdusil-na-prestiznem-natecaju-foto\/\" \/>\n<meta property=\"og:site_name\" content=\"Hudo Slovenija\" \/>\n<meta property=\"article:publisher\" content=\"https:\/\/www.facebook.com\/hudo.si\" \/>\n<meta property=\"article:published_time\" content=\"2015-03-17T11:15:41+00:00\" \/>\n<meta property=\"og:image\" content=\"https:\/\/hudo.com\/si\/wp-content\/uploads\/sites\/2\/2016\/04\/ac-uros-florjanc-1st-place-slovenia-national-award-2015-sony-world-photography-awards.jpg\" \/>\n\t<meta property=\"og:image:width\" content=\"640\" \/>\n\t<meta property=\"og:image:height\" content=\"423\" \/>\n\t<meta property=\"og:image:type\" content=\"image\/jpeg\" \/>\n<meta name=\"author\" content=\"hudo\" \/>\n<meta name=\"twitter:card\" content=\"summary_large_image\" \/>\n<meta name=\"twitter:creator\" content=\"@hudo_si\" \/>\n<meta name=\"twitter:site\" content=\"@hudo_si\" \/>\n<meta name=\"twitter:label1\" content=\"Written by\" \/>\n\t<meta name=\"twitter:data1\" content=\"hudo\" \/>\n\t<meta name=\"twitter:label2\" content=\"Est. reading time\" \/>\n\t<meta name=\"twitter:data2\" content=\"2 minuti\" \/>\n<script type=\"application\/ld+json\" class=\"yoast-schema-graph\">{\"@context\":\"https:\/\/schema.org\",\"@graph\":[{\"@type\":\"Article\",\"@id\":\"https:\/\/hudo.com\/si\/lifestyle\/s-to-fotografijo-je-slovenec-navdusil-na-prestiznem-natecaju-foto\/#article\",\"isPartOf\":{\"@id\":\"https:\/\/hudo.com\/si\/lifestyle\/s-to-fotografijo-je-slovenec-navdusil-na-prestiznem-natecaju-foto\/\"},\"author\":{\"name\":\"hudo\",\"@id\":\"https:\/\/hudo.com\/si\/#\/schema\/person\/601cf3379633985b20f7e50f2bb47707\"},\"headline\":\"S to fotografijo je Slovenec navdu\u0161il na presti\u017enem nate\u010daju (foto)\",\"datePublished\":\"2015-03-17T11:15:41+00:00\",\"dateModified\":\"2015-03-17T11:15:41+00:00\",\"mainEntityOfPage\":{\"@id\":\"https:\/\/hudo.com\/si\/lifestyle\/s-to-fotografijo-je-slovenec-navdusil-na-prestiznem-natecaju-foto\/\"},\"wordCount\":399,\"publisher\":{\"@id\":\"https:\/\/hudo.com\/si\/#organization\"},\"keywords\":[\"neverjetne fotografije\",\"sony\"],\"articleSection\":[\"Lifestyle\"],\"inLanguage\":\"sl-SI\"},{\"@type\":\"WebPage\",\"@id\":\"https:\/\/hudo.com\/si\/lifestyle\/s-to-fotografijo-je-slovenec-navdusil-na-prestiznem-natecaju-foto\/\",\"url\":\"https:\/\/hudo.com\/si\/lifestyle\/s-to-fotografijo-je-slovenec-navdusil-na-prestiznem-natecaju-foto\/\",\"name\":\"S to fotografijo je Slovenec navdu\u0161il na presti\u017enem nate\u010daju (foto) - Hudo Slovenija\",\"isPartOf\":{\"@id\":\"https:\/\/hudo.com\/si\/#website\"},\"datePublished\":\"2015-03-17T11:15:41+00:00\",\"dateModified\":\"2015-03-17T11:15:41+00:00\",\"breadcrumb\":{\"@id\":\"https:\/\/hudo.com\/si\/lifestyle\/s-to-fotografijo-je-slovenec-navdusil-na-prestiznem-natecaju-foto\/#breadcrumb\"},\"inLanguage\":\"sl-SI\",\"potentialAction\":[{\"@type\":\"ReadAction\",\"target\":[\"https:\/\/hudo.com\/si\/lifestyle\/s-to-fotografijo-je-slovenec-navdusil-na-prestiznem-natecaju-foto\/\"]}]},{\"@type\":\"BreadcrumbList\",\"@id\":\"https:\/\/hudo.com\/si\/lifestyle\/s-to-fotografijo-je-slovenec-navdusil-na-prestiznem-natecaju-foto\/#breadcrumb\",\"itemListElement\":[{\"@type\":\"ListItem\",\"position\":1,\"name\":\"Home\",\"item\":\"https:\/\/hudo.com\/si\/\"},{\"@type\":\"ListItem\",\"position\":2,\"name\":\"S to fotografijo je Slovenec navdu\u0161il na presti\u017enem nate\u010daju (foto)\"}]},{\"@type\":\"WebSite\",\"@id\":\"https:\/\/hudo.com\/si\/#website\",\"url\":\"https:\/\/hudo.com\/si\/\",\"name\":\"Hudo Slovenija\",\"description\":\"Vse novice iz Slovenije in sveta\",\"publisher\":{\"@id\":\"https:\/\/hudo.com\/si\/#organization\"},\"potentialAction\":[{\"@type\":\"SearchAction\",\"target\":{\"@type\":\"EntryPoint\",\"urlTemplate\":\"https:\/\/hudo.com\/si\/?s={search_term_string}\"},\"query-input\":\"required name=search_term_string\"}],\"inLanguage\":\"sl-SI\"},{\"@type\":\"Organization\",\"@id\":\"https:\/\/hudo.com\/si\/#organization\",\"name\":\"VSN Media\",\"url\":\"https:\/\/hudo.com\/si\/\",\"logo\":{\"@type\":\"ImageObject\",\"inLanguage\":\"sl-SI\",\"@id\":\"https:\/\/hudo.com\/si\/#\/schema\/logo\/image\/\",\"url\":\"https:\/\/hudo.com\/si\/wp-content\/uploads\/sites\/2\/2021\/03\/hudo-app-2.png\",\"contentUrl\":\"https:\/\/hudo.com\/si\/wp-content\/uploads\/sites\/2\/2021\/03\/hudo-app-2.png\",\"width\":2185,\"height\":2167,\"caption\":\"VSN Media\"},\"image\":{\"@id\":\"https:\/\/hudo.com\/si\/#\/schema\/logo\/image\/\"},\"sameAs\":[\"https:\/\/www.facebook.com\/hudo.si\",\"https:\/\/twitter.com\/hudo_si\"]},{\"@type\":\"Person\",\"@id\":\"https:\/\/hudo.com\/si\/#\/schema\/person\/601cf3379633985b20f7e50f2bb47707\",\"name\":\"hudo\",\"image\":{\"@type\":\"ImageObject\",\"inLanguage\":\"sl-SI\",\"@id\":\"https:\/\/hudo.com\/si\/#\/schema\/person\/image\/\",\"url\":\"https:\/\/secure.gravatar.com\/avatar\/c4ca25fa72cace7a696b52ff5db9e095?s=96&d=mm&r=g\",\"contentUrl\":\"https:\/\/secure.gravatar.com\/avatar\/c4ca25fa72cace7a696b52ff5db9e095?s=96&d=mm&r=g\",\"caption\":\"hudo\"},\"url\":\"https:\/\/hudo.com\/si\/author\/hudo\/\"}]}<\/script>\n<!-- \/ Yoast SEO plugin. -->","yoast_head_json":{"title":"S to fotografijo je Slovenec navdu\u0161il na presti\u017enem nate\u010daju (foto) - Hudo Slovenija","robots":{"index":"index","follow":"follow","max-snippet":"max-snippet:-1","max-image-preview":"max-image-preview:large","max-video-preview":"max-video-preview:-1"},"canonical":"https:\/\/hudo.com\/si\/lifestyle\/s-to-fotografijo-je-slovenec-navdusil-na-prestiznem-natecaju-foto\/","og_locale":"sl_SI","og_type":"article","og_title":"S to fotografijo je Slovenec navdu\u0161il na presti\u017enem nate\u010daju (foto) - Hudo Slovenija","og_description":"Poglejte osupljive fotografije, ki so osvojile slovenske nagrade nate\u010daja Sony World Photography Awards.","og_url":"https:\/\/hudo.com\/si\/lifestyle\/s-to-fotografijo-je-slovenec-navdusil-na-prestiznem-natecaju-foto\/","og_site_name":"Hudo Slovenija","article_publisher":"https:\/\/www.facebook.com\/hudo.si","article_published_time":"2015-03-17T11:15:41+00:00","og_image":[{"width":640,"height":423,"url":"https:\/\/hudo.com\/si\/wp-content\/uploads\/sites\/2\/2016\/04\/ac-uros-florjanc-1st-place-slovenia-national-award-2015-sony-world-photography-awards.jpg","type":"image\/jpeg"}],"author":"hudo","twitter_card":"summary_large_image","twitter_creator":"@hudo_si","twitter_site":"@hudo_si","twitter_misc":{"Written by":"hudo","Est. reading time":"2 minuti"},"schema":{"@context":"https:\/\/schema.org","@graph":[{"@type":"Article","@id":"https:\/\/hudo.com\/si\/lifestyle\/s-to-fotografijo-je-slovenec-navdusil-na-prestiznem-natecaju-foto\/#article","isPartOf":{"@id":"https:\/\/hudo.com\/si\/lifestyle\/s-to-fotografijo-je-slovenec-navdusil-na-prestiznem-natecaju-foto\/"},"author":{"name":"hudo","@id":"https:\/\/hudo.com\/si\/#\/schema\/person\/601cf3379633985b20f7e50f2bb47707"},"headline":"S to fotografijo je Slovenec navdu\u0161il na presti\u017enem nate\u010daju (foto)","datePublished":"2015-03-17T11:15:41+00:00","dateModified":"2015-03-17T11:15:41+00:00","mainEntityOfPage":{"@id":"https:\/\/hudo.com\/si\/lifestyle\/s-to-fotografijo-je-slovenec-navdusil-na-prestiznem-natecaju-foto\/"},"wordCount":399,"publisher":{"@id":"https:\/\/hudo.com\/si\/#organization"},"keywords":["neverjetne fotografije","sony"],"articleSection":["Lifestyle"],"inLanguage":"sl-SI"},{"@type":"WebPage","@id":"https:\/\/hudo.com\/si\/lifestyle\/s-to-fotografijo-je-slovenec-navdusil-na-prestiznem-natecaju-foto\/","url":"https:\/\/hudo.com\/si\/lifestyle\/s-to-fotografijo-je-slovenec-navdusil-na-prestiznem-natecaju-foto\/","name":"S to fotografijo je Slovenec navdu\u0161il na presti\u017enem nate\u010daju (foto) - Hudo Slovenija","isPartOf":{"@id":"https:\/\/hudo.com\/si\/#website"},"datePublished":"2015-03-17T11:15:41+00:00","dateModified":"2015-03-17T11:15:41+00:00","breadcrumb":{"@id":"https:\/\/hudo.com\/si\/lifestyle\/s-to-fotografijo-je-slovenec-navdusil-na-prestiznem-natecaju-foto\/#breadcrumb"},"inLanguage":"sl-SI","potentialAction":[{"@type":"ReadAction","target":["https:\/\/hudo.com\/si\/lifestyle\/s-to-fotografijo-je-slovenec-navdusil-na-prestiznem-natecaju-foto\/"]}]},{"@type":"BreadcrumbList","@id":"https:\/\/hudo.com\/si\/lifestyle\/s-to-fotografijo-je-slovenec-navdusil-na-prestiznem-natecaju-foto\/#breadcrumb","itemListElement":[{"@type":"ListItem","position":1,"name":"Home","item":"https:\/\/hudo.com\/si\/"},{"@type":"ListItem","position":2,"name":"S to fotografijo je Slovenec navdu\u0161il na presti\u017enem nate\u010daju (foto)"}]},{"@type":"WebSite","@id":"https:\/\/hudo.com\/si\/#website","url":"https:\/\/hudo.com\/si\/","name":"Hudo Slovenija","description":"Vse novice iz Slovenije in sveta","publisher":{"@id":"https:\/\/hudo.com\/si\/#organization"},"potentialAction":[{"@type":"SearchAction","target":{"@type":"EntryPoint","urlTemplate":"https:\/\/hudo.com\/si\/?s={search_term_string}"},"query-input":"required name=search_term_string"}],"inLanguage":"sl-SI"},{"@type":"Organization","@id":"https:\/\/hudo.com\/si\/#organization","name":"VSN Media","url":"https:\/\/hudo.com\/si\/","logo":{"@type":"ImageObject","inLanguage":"sl-SI","@id":"https:\/\/hudo.com\/si\/#\/schema\/logo\/image\/","url":"https:\/\/hudo.com\/si\/wp-content\/uploads\/sites\/2\/2021\/03\/hudo-app-2.png","contentUrl":"https:\/\/hudo.com\/si\/wp-content\/uploads\/sites\/2\/2021\/03\/hudo-app-2.png","width":2185,"height":2167,"caption":"VSN Media"},"image":{"@id":"https:\/\/hudo.com\/si\/#\/schema\/logo\/image\/"},"sameAs":["https:\/\/www.facebook.com\/hudo.si","https:\/\/twitter.com\/hudo_si"]},{"@type":"Person","@id":"https:\/\/hudo.com\/si\/#\/schema\/person\/601cf3379633985b20f7e50f2bb47707","name":"hudo","image":{"@type":"ImageObject","inLanguage":"sl-SI","@id":"https:\/\/hudo.com\/si\/#\/schema\/person\/image\/","url":"https:\/\/secure.gravatar.com\/avatar\/c4ca25fa72cace7a696b52ff5db9e095?s=96&d=mm&r=g","contentUrl":"https:\/\/secure.gravatar.com\/avatar\/c4ca25fa72cace7a696b52ff5db9e095?s=96&d=mm&r=g","caption":"hudo"},"url":"https:\/\/hudo.com\/si\/author\/hudo\/"}]}},"amp_enabled":true,"_links":{"self":[{"href":"https:\/\/hudo.com\/si\/wp-json\/wp\/v2\/posts\/18142"}],"collection":[{"href":"https:\/\/hudo.com\/si\/wp-json\/wp\/v2\/posts"}],"about":[{"href":"https:\/\/hudo.com\/si\/wp-json\/wp\/v2\/types\/post"}],"author":[{"embeddable":true,"href":"https:\/\/hudo.com\/si\/wp-json\/wp\/v2\/users\/1"}],"replies":[{"embeddable":true,"href":"https:\/\/hudo.com\/si\/wp-json\/wp\/v2\/comments?post=18142"}],"version-history":[{"count":0,"href":"https:\/\/hudo.com\/si\/wp-json\/wp\/v2\/posts\/18142\/revisions"}],"wp:attachment":[{"href":"https:\/\/hudo.com\/si\/wp-json\/wp\/v2\/media?parent=18142"}],"wp:term":[{"taxonomy":"category","embeddable":true,"href":"https:\/\/hudo.com\/si\/wp-json\/wp\/v2\/categories?post=18142"},{"taxonomy":"post_tag","embeddable":true,"href":"https:\/\/hudo.com\/si\/wp-json\/wp\/v2\/tags?post=18142"},{"taxonomy":"source","embeddable":true,"href":"https:\/\/hudo.com\/si\/wp-json\/wp\/v2\/source?post=18142"},{"taxonomy":"supertag","embeddable":true,"href":"https:\/\/hudo.com\/si\/wp-json\/wp\/v2\/supertag?post=18142"}],"curies":[{"name":"wp","href":"https:\/\/api.w.org\/{rel}","templated":true}]}}