{"id":181763,"date":"2016-12-28T14:43:48","date_gmt":"2016-12-28T13:43:48","guid":{"rendered":"http:\/\/hudo.com\/si\/?p=181763"},"modified":"2016-12-28T14:43:48","modified_gmt":"2016-12-28T13:43:48","slug":"berlinski-napadalec-naj-bi-takoj-po-napadu-odpotoval-na-nizozemsko","status":"publish","type":"post","link":"https:\/\/hudo.com\/si\/aktualno\/berlinski-napadalec-naj-bi-takoj-po-napadu-odpotoval-na-nizozemsko\/","title":{"rendered":"Berlinski napadalec naj bi takoj po napadu odpotoval na Nizozemsko"},"content":{"rendered":"<p>Kartica za mobilni telefon prihaja iz serije kartic SIM, ki so jih prodajali v trgovinah v nizozemskih mestih Zwolle, Breda in Nijmegen med 20. in 22. decembrom, poro\u010da nem\u0161ka tiskovna agencija dpa.<\/p>\n<p>Nizozemska policija je za\u010dela preiskovati, \u010de je Amri po napadu v Berlinu takoj odpotoval na Nizozemsko. Po poro\u010danju britanskega BBC je policija potrdila, da obstajajo &#8220;znaki&#8221; Amrijevega obiska na Nizozemskem, da pa ga ne morejo potrditi.<\/p>\n<p>24-letni Tunizijec Amri je domnevni napadalec oziroma voznik tovornjaka, ki je 19. decembra v Berlinu zapeljal v mno\u017eico na bo\u017ei\u010dnem sejmu. V napadu je umrlo 12 ljudi, okoli 50 jih je bilo po\u0161kodovanih. Amrija je ubila italijanska policija 23. decembra v Milanu med patruljo, ko je izvlekel oro\u017eje in za\u010del streljati. V Italijo je z vlakom pripotoval iz Lyona, v Torinu pa se je presedel na nov vlak do Milana. \u0160e vedno ostaja nejasno, kako je Amri pri\u0161el iz Berlina v Lyon. Preiskovalci \u0161e vedno ugotavljajo, ali je imel Amri sostorilce.<\/p>\n","protected":false},"excerpt":{"rendered":"<p>V nahrbtniku domnevnega berlinskega napadalca Anisa Amrija so preiskovalci na\u0161li nizozemsko kartico SIM, poro\u010da italijanski dnevnik La Repubblica. Ni \u0161e jasno, ali je Amri potoval na Nizozemsko, ko je zbe\u017eal iz Berlina, ali je kartico dobil kako druga\u010de. Napad se je zgodil 19. decembra, kartice SIM pa so prodajali med 20. in 22. decembrom.<\/p>\n","protected":false},"author":8,"featured_media":181764,"comment_status":"closed","ping_status":"closed","sticky":false,"template":"","format":"standard","meta":{"footnotes":""},"categories":[1179],"tags":[7424,7403,2346],"source":[4511],"supertag":[7150,6103],"acf":[],"yoast_head":"<!-- This site is optimized with the Yoast SEO plugin v21.3 - https:\/\/yoast.com\/wordpress\/plugins\/seo\/ -->\n<title>Berlinski napadalec naj bi takoj po napadu odpotoval na Nizozemsko - Hudo Slovenija<\/title>\n<meta name=\"robots\" content=\"index, follow, max-snippet:-1, max-image-preview:large, max-video-preview:-1\" \/>\n<link rel=\"canonical\" href=\"https:\/\/hudo.com\/si\/aktualno\/berlinski-napadalec-naj-bi-takoj-po-napadu-odpotoval-na-nizozemsko\/\" \/>\n<meta property=\"og:locale\" content=\"sl_SI\" \/>\n<meta property=\"og:type\" content=\"article\" \/>\n<meta property=\"og:title\" content=\"Berlinski napadalec naj bi takoj po napadu odpotoval na Nizozemsko - Hudo Slovenija\" \/>\n<meta property=\"og:description\" content=\"V nahrbtniku domnevnega berlinskega napadalca Anisa Amrija so preiskovalci na\u0161li nizozemsko kartico SIM, poro\u010da italijanski dnevnik La Repubblica. Ni \u0161e jasno, ali je Amri potoval na Nizozemsko, ko je zbe\u017eal iz Berlina, ali je kartico dobil kako druga\u010de. Napad se je zgodil 19. decembra, kartice SIM pa so prodajali med 20. in 22. decembrom.\" \/>\n<meta property=\"og:url\" content=\"https:\/\/hudo.com\/si\/aktualno\/berlinski-napadalec-naj-bi-takoj-po-napadu-odpotoval-na-nizozemsko\/\" \/>\n<meta property=\"og:site_name\" content=\"Hudo Slovenija\" \/>\n<meta property=\"article:publisher\" content=\"https:\/\/www.facebook.com\/hudo.si\" \/>\n<meta property=\"article:published_time\" content=\"2016-12-28T13:43:48+00:00\" \/>\n<meta property=\"og:image\" content=\"https:\/\/hudo.com\/si\/wp-content\/uploads\/sites\/2\/2016\/12\/profimedia-0309299749-1.jpg\" \/>\n\t<meta property=\"og:image:width\" content=\"602\" \/>\n\t<meta property=\"og:image:height\" content=\"799\" \/>\n\t<meta property=\"og:image:type\" content=\"image\/jpeg\" \/>\n<meta name=\"author\" content=\"M. N., STA\" \/>\n<meta name=\"twitter:card\" content=\"summary_large_image\" \/>\n<meta name=\"twitter:creator\" content=\"@hudo_si\" \/>\n<meta name=\"twitter:site\" content=\"@hudo_si\" \/>\n<meta name=\"twitter:label1\" content=\"Written by\" \/>\n\t<meta name=\"twitter:data1\" content=\"M. N., STA\" \/>\n\t<meta name=\"twitter:label2\" content=\"Est. reading time\" \/>\n\t<meta name=\"twitter:data2\" content=\"1 minuta\" \/>\n<script type=\"application\/ld+json\" class=\"yoast-schema-graph\">{\"@context\":\"https:\/\/schema.org\",\"@graph\":[{\"@type\":\"Article\",\"@id\":\"https:\/\/hudo.com\/si\/aktualno\/berlinski-napadalec-naj-bi-takoj-po-napadu-odpotoval-na-nizozemsko\/#article\",\"isPartOf\":{\"@id\":\"https:\/\/hudo.com\/si\/aktualno\/berlinski-napadalec-naj-bi-takoj-po-napadu-odpotoval-na-nizozemsko\/\"},\"author\":{\"name\":\"M. N., STA\",\"@id\":\"https:\/\/hudo.com\/si\/#\/schema\/person\/c2f10ce65d2e6ede2aeda5be2a0611fa\"},\"headline\":\"Berlinski napadalec naj bi takoj po napadu odpotoval na Nizozemsko\",\"datePublished\":\"2016-12-28T13:43:48+00:00\",\"dateModified\":\"2016-12-28T13:43:48+00:00\",\"mainEntityOfPage\":{\"@id\":\"https:\/\/hudo.com\/si\/aktualno\/berlinski-napadalec-naj-bi-takoj-po-napadu-odpotoval-na-nizozemsko\/\"},\"wordCount\":174,\"publisher\":{\"@id\":\"https:\/\/hudo.com\/si\/#organization\"},\"keywords\":[\"Anis Amri\",\"teroristi\u010dni napad v Berlinu\",\"terorizem\"],\"articleSection\":[\"Aktualno\"],\"inLanguage\":\"sl-SI\"},{\"@type\":\"WebPage\",\"@id\":\"https:\/\/hudo.com\/si\/aktualno\/berlinski-napadalec-naj-bi-takoj-po-napadu-odpotoval-na-nizozemsko\/\",\"url\":\"https:\/\/hudo.com\/si\/aktualno\/berlinski-napadalec-naj-bi-takoj-po-napadu-odpotoval-na-nizozemsko\/\",\"name\":\"Berlinski napadalec naj bi takoj po napadu odpotoval na Nizozemsko - Hudo Slovenija\",\"isPartOf\":{\"@id\":\"https:\/\/hudo.com\/si\/#website\"},\"datePublished\":\"2016-12-28T13:43:48+00:00\",\"dateModified\":\"2016-12-28T13:43:48+00:00\",\"breadcrumb\":{\"@id\":\"https:\/\/hudo.com\/si\/aktualno\/berlinski-napadalec-naj-bi-takoj-po-napadu-odpotoval-na-nizozemsko\/#breadcrumb\"},\"inLanguage\":\"sl-SI\",\"potentialAction\":[{\"@type\":\"ReadAction\",\"target\":[\"https:\/\/hudo.com\/si\/aktualno\/berlinski-napadalec-naj-bi-takoj-po-napadu-odpotoval-na-nizozemsko\/\"]}]},{\"@type\":\"BreadcrumbList\",\"@id\":\"https:\/\/hudo.com\/si\/aktualno\/berlinski-napadalec-naj-bi-takoj-po-napadu-odpotoval-na-nizozemsko\/#breadcrumb\",\"itemListElement\":[{\"@type\":\"ListItem\",\"position\":1,\"name\":\"Home\",\"item\":\"https:\/\/hudo.com\/si\/\"},{\"@type\":\"ListItem\",\"position\":2,\"name\":\"Berlinski napadalec naj bi takoj po napadu odpotoval na Nizozemsko\"}]},{\"@type\":\"WebSite\",\"@id\":\"https:\/\/hudo.com\/si\/#website\",\"url\":\"https:\/\/hudo.com\/si\/\",\"name\":\"Hudo Slovenija\",\"description\":\"Vse novice iz Slovenije in sveta\",\"publisher\":{\"@id\":\"https:\/\/hudo.com\/si\/#organization\"},\"potentialAction\":[{\"@type\":\"SearchAction\",\"target\":{\"@type\":\"EntryPoint\",\"urlTemplate\":\"https:\/\/hudo.com\/si\/?s={search_term_string}\"},\"query-input\":\"required name=search_term_string\"}],\"inLanguage\":\"sl-SI\"},{\"@type\":\"Organization\",\"@id\":\"https:\/\/hudo.com\/si\/#organization\",\"name\":\"VSN Media\",\"url\":\"https:\/\/hudo.com\/si\/\",\"logo\":{\"@type\":\"ImageObject\",\"inLanguage\":\"sl-SI\",\"@id\":\"https:\/\/hudo.com\/si\/#\/schema\/logo\/image\/\",\"url\":\"https:\/\/hudo.com\/si\/wp-content\/uploads\/sites\/2\/2021\/03\/hudo-app-2.png\",\"contentUrl\":\"https:\/\/hudo.com\/si\/wp-content\/uploads\/sites\/2\/2021\/03\/hudo-app-2.png\",\"width\":2185,\"height\":2167,\"caption\":\"VSN Media\"},\"image\":{\"@id\":\"https:\/\/hudo.com\/si\/#\/schema\/logo\/image\/\"},\"sameAs\":[\"https:\/\/www.facebook.com\/hudo.si\",\"https:\/\/twitter.com\/hudo_si\"]},{\"@type\":\"Person\",\"@id\":\"https:\/\/hudo.com\/si\/#\/schema\/person\/c2f10ce65d2e6ede2aeda5be2a0611fa\",\"name\":\"M. N., STA\",\"image\":{\"@type\":\"ImageObject\",\"inLanguage\":\"sl-SI\",\"@id\":\"https:\/\/hudo.com\/si\/#\/schema\/person\/image\/\",\"url\":\"https:\/\/secure.gravatar.com\/avatar\/f370d38daa10467f755c5c766a4cac20?s=96&d=mm&r=g\",\"contentUrl\":\"https:\/\/secure.gravatar.com\/avatar\/f370d38daa10467f755c5c766a4cac20?s=96&d=mm&r=g\",\"caption\":\"M. N., STA\"},\"url\":\"https:\/\/hudo.com\/si\/author\/mana\/\"}]}<\/script>\n<!-- \/ Yoast SEO plugin. -->","yoast_head_json":{"title":"Berlinski napadalec naj bi takoj po napadu odpotoval na Nizozemsko - Hudo Slovenija","robots":{"index":"index","follow":"follow","max-snippet":"max-snippet:-1","max-image-preview":"max-image-preview:large","max-video-preview":"max-video-preview:-1"},"canonical":"https:\/\/hudo.com\/si\/aktualno\/berlinski-napadalec-naj-bi-takoj-po-napadu-odpotoval-na-nizozemsko\/","og_locale":"sl_SI","og_type":"article","og_title":"Berlinski napadalec naj bi takoj po napadu odpotoval na Nizozemsko - Hudo Slovenija","og_description":"V nahrbtniku domnevnega berlinskega napadalca Anisa Amrija so preiskovalci na\u0161li nizozemsko kartico SIM, poro\u010da italijanski dnevnik La Repubblica. Ni \u0161e jasno, ali je Amri potoval na Nizozemsko, ko je zbe\u017eal iz Berlina, ali je kartico dobil kako druga\u010de. Napad se je zgodil 19. decembra, kartice SIM pa so prodajali med 20. in 22. decembrom.","og_url":"https:\/\/hudo.com\/si\/aktualno\/berlinski-napadalec-naj-bi-takoj-po-napadu-odpotoval-na-nizozemsko\/","og_site_name":"Hudo Slovenija","article_publisher":"https:\/\/www.facebook.com\/hudo.si","article_published_time":"2016-12-28T13:43:48+00:00","og_image":[{"width":602,"height":799,"url":"https:\/\/hudo.com\/si\/wp-content\/uploads\/sites\/2\/2016\/12\/profimedia-0309299749-1.jpg","type":"image\/jpeg"}],"author":"M. N., STA","twitter_card":"summary_large_image","twitter_creator":"@hudo_si","twitter_site":"@hudo_si","twitter_misc":{"Written by":"M. N., STA","Est. reading time":"1 minuta"},"schema":{"@context":"https:\/\/schema.org","@graph":[{"@type":"Article","@id":"https:\/\/hudo.com\/si\/aktualno\/berlinski-napadalec-naj-bi-takoj-po-napadu-odpotoval-na-nizozemsko\/#article","isPartOf":{"@id":"https:\/\/hudo.com\/si\/aktualno\/berlinski-napadalec-naj-bi-takoj-po-napadu-odpotoval-na-nizozemsko\/"},"author":{"name":"M. N., STA","@id":"https:\/\/hudo.com\/si\/#\/schema\/person\/c2f10ce65d2e6ede2aeda5be2a0611fa"},"headline":"Berlinski napadalec naj bi takoj po napadu odpotoval na Nizozemsko","datePublished":"2016-12-28T13:43:48+00:00","dateModified":"2016-12-28T13:43:48+00:00","mainEntityOfPage":{"@id":"https:\/\/hudo.com\/si\/aktualno\/berlinski-napadalec-naj-bi-takoj-po-napadu-odpotoval-na-nizozemsko\/"},"wordCount":174,"publisher":{"@id":"https:\/\/hudo.com\/si\/#organization"},"keywords":["Anis Amri","teroristi\u010dni napad v Berlinu","terorizem"],"articleSection":["Aktualno"],"inLanguage":"sl-SI"},{"@type":"WebPage","@id":"https:\/\/hudo.com\/si\/aktualno\/berlinski-napadalec-naj-bi-takoj-po-napadu-odpotoval-na-nizozemsko\/","url":"https:\/\/hudo.com\/si\/aktualno\/berlinski-napadalec-naj-bi-takoj-po-napadu-odpotoval-na-nizozemsko\/","name":"Berlinski napadalec naj bi takoj po napadu odpotoval na Nizozemsko - Hudo Slovenija","isPartOf":{"@id":"https:\/\/hudo.com\/si\/#website"},"datePublished":"2016-12-28T13:43:48+00:00","dateModified":"2016-12-28T13:43:48+00:00","breadcrumb":{"@id":"https:\/\/hudo.com\/si\/aktualno\/berlinski-napadalec-naj-bi-takoj-po-napadu-odpotoval-na-nizozemsko\/#breadcrumb"},"inLanguage":"sl-SI","potentialAction":[{"@type":"ReadAction","target":["https:\/\/hudo.com\/si\/aktualno\/berlinski-napadalec-naj-bi-takoj-po-napadu-odpotoval-na-nizozemsko\/"]}]},{"@type":"BreadcrumbList","@id":"https:\/\/hudo.com\/si\/aktualno\/berlinski-napadalec-naj-bi-takoj-po-napadu-odpotoval-na-nizozemsko\/#breadcrumb","itemListElement":[{"@type":"ListItem","position":1,"name":"Home","item":"https:\/\/hudo.com\/si\/"},{"@type":"ListItem","position":2,"name":"Berlinski napadalec naj bi takoj po napadu odpotoval na Nizozemsko"}]},{"@type":"WebSite","@id":"https:\/\/hudo.com\/si\/#website","url":"https:\/\/hudo.com\/si\/","name":"Hudo Slovenija","description":"Vse novice iz Slovenije in sveta","publisher":{"@id":"https:\/\/hudo.com\/si\/#organization"},"potentialAction":[{"@type":"SearchAction","target":{"@type":"EntryPoint","urlTemplate":"https:\/\/hudo.com\/si\/?s={search_term_string}"},"query-input":"required name=search_term_string"}],"inLanguage":"sl-SI"},{"@type":"Organization","@id":"https:\/\/hudo.com\/si\/#organization","name":"VSN Media","url":"https:\/\/hudo.com\/si\/","logo":{"@type":"ImageObject","inLanguage":"sl-SI","@id":"https:\/\/hudo.com\/si\/#\/schema\/logo\/image\/","url":"https:\/\/hudo.com\/si\/wp-content\/uploads\/sites\/2\/2021\/03\/hudo-app-2.png","contentUrl":"https:\/\/hudo.com\/si\/wp-content\/uploads\/sites\/2\/2021\/03\/hudo-app-2.png","width":2185,"height":2167,"caption":"VSN Media"},"image":{"@id":"https:\/\/hudo.com\/si\/#\/schema\/logo\/image\/"},"sameAs":["https:\/\/www.facebook.com\/hudo.si","https:\/\/twitter.com\/hudo_si"]},{"@type":"Person","@id":"https:\/\/hudo.com\/si\/#\/schema\/person\/c2f10ce65d2e6ede2aeda5be2a0611fa","name":"M. N., STA","image":{"@type":"ImageObject","inLanguage":"sl-SI","@id":"https:\/\/hudo.com\/si\/#\/schema\/person\/image\/","url":"https:\/\/secure.gravatar.com\/avatar\/f370d38daa10467f755c5c766a4cac20?s=96&d=mm&r=g","contentUrl":"https:\/\/secure.gravatar.com\/avatar\/f370d38daa10467f755c5c766a4cac20?s=96&d=mm&r=g","caption":"M. N., STA"},"url":"https:\/\/hudo.com\/si\/author\/mana\/"}]}},"amp_enabled":true,"_links":{"self":[{"href":"https:\/\/hudo.com\/si\/wp-json\/wp\/v2\/posts\/181763"}],"collection":[{"href":"https:\/\/hudo.com\/si\/wp-json\/wp\/v2\/posts"}],"about":[{"href":"https:\/\/hudo.com\/si\/wp-json\/wp\/v2\/types\/post"}],"author":[{"embeddable":true,"href":"https:\/\/hudo.com\/si\/wp-json\/wp\/v2\/users\/8"}],"replies":[{"embeddable":true,"href":"https:\/\/hudo.com\/si\/wp-json\/wp\/v2\/comments?post=181763"}],"version-history":[{"count":1,"href":"https:\/\/hudo.com\/si\/wp-json\/wp\/v2\/posts\/181763\/revisions"}],"predecessor-version":[{"id":181766,"href":"https:\/\/hudo.com\/si\/wp-json\/wp\/v2\/posts\/181763\/revisions\/181766"}],"wp:featuredmedia":[{"embeddable":true,"href":"https:\/\/hudo.com\/si\/wp-json\/wp\/v2\/media\/181764"}],"wp:attachment":[{"href":"https:\/\/hudo.com\/si\/wp-json\/wp\/v2\/media?parent=181763"}],"wp:term":[{"taxonomy":"category","embeddable":true,"href":"https:\/\/hudo.com\/si\/wp-json\/wp\/v2\/categories?post=181763"},{"taxonomy":"post_tag","embeddable":true,"href":"https:\/\/hudo.com\/si\/wp-json\/wp\/v2\/tags?post=181763"},{"taxonomy":"source","embeddable":true,"href":"https:\/\/hudo.com\/si\/wp-json\/wp\/v2\/source?post=181763"},{"taxonomy":"supertag","embeddable":true,"href":"https:\/\/hudo.com\/si\/wp-json\/wp\/v2\/supertag?post=181763"}],"curies":[{"name":"wp","href":"https:\/\/api.w.org\/{rel}","templated":true}]}}