{"id":18194,"date":"2015-03-05T07:21:04","date_gmt":"2015-03-05T06:21:04","guid":{"rendered":"http:\/\/master.hudo.com\/si\/2015\/03\/05\/vec-kot-200-trupel-prosto-lezi-na-mount-everestu-foto\/"},"modified":"2015-03-05T07:21:04","modified_gmt":"2015-03-05T06:21:04","slug":"vec-kot-200-trupel-prosto-lezi-na-mount-everestu-foto","status":"publish","type":"post","link":"https:\/\/hudo.com\/si\/lifestyle\/vec-kot-200-trupel-prosto-lezi-na-mount-everestu-foto\/","title":{"rendered":"Ve\u010d kot 200 trupel prosto le\u017ei na Mount Everestu (foto)"},"content":{"rendered":"<figure>\n\t\t\t\t\t<img loading=\"lazy\" decoding=\"async\" width=\"660\" height=\"320\" src=\"data:image\/gif;base64,R0lGODlhAQABAAAAACH5BAEKAAEALAAAAAABAAEAAAICTAEAOw==\" class=\"lazyload\" data-src=\"http:\/\/moski.hudo.com\/wp-content\/uploads\/2013\/04\/mont-everest-3-320x155.jpg\" data-srcset=\"http:\/\/moski.hudo.com\/wp-content\/uploads\/2013\/04\/mont-everest-3-660x320.jpg 660w,http:\/\/moski.hudo.com\/wp-content\/uploads\/2013\/04\/mont-everest-3-320x155.jpg 330w\" sizes=\"(max-width: 660px) 100vw, 660px\"\/><figcaption>Ve\u010d kot 200 trupel le\u017ei na vi\u0161ini nad 8000 metrov<\/figcaption><\/figure>\n<h2>216 trupel, ki so hkrati opomin, navdih in markacija<\/h2>\n<p>Vi\u0161ina 8000 metrov na<strong> Mount Everestu<\/strong> velja za mejo, na kateri se za\u010denja &#8220;obmo\u010dje mrtvecev&#8221;. Kar 216 jih je, umrlih du\u0161, za katere je bila najvi\u0161ja gora na svetu usodna, in za katere ni bilo mo\u017enosti, da bi njihove posmrtne ostanke spravili nazaj v dolino. Alpinisti, ki so na Mount Everestu izgubili \u017eivljenje, so tako ostali v to\u010dno tak\u0161nih polo\u017eajih, v kakr\u0161nih so umrli. \u0160e ve\u010d, trupla &#8220;padlih&#8221; aplinistov celo slu\u017eijo kot markacija za tiste, ki se na vrh gore ali dol z nje prebijajo danes. Roke iz snega, smu\u010dke na nogah &#8211; ve\u010dno ledi\u0161\u010de in na tretjino zmanj\u0161ana koli\u010dina kisika sta ohranila trupla, obleke alpinistov, njihovo opremo. Za nekatere se zdi, da bodo zdaj zdaj vstali.<\/p>\n<p><strong><span style=\"color: #0000ff;\">Ve\u010d fotografij trupel najdete v galeriji na dnu \u010dlanka<\/span><\/strong><\/p>\n<h2>&#8220;Prosim, nikar me ne pustite tu,&#8221;<\/h2>\n<p>je v joku kri\u010dala umirajo\u010da ameri\u0161ka alpinistka <strong>Francys Arsentiev<\/strong>, ena izmed tistih, ki so ujeti v ve\u010dnem ledu in snegu. Alpinistka, ki je med plezanjem padla s stene. Bili so v &#8220;obmo\u010dju smrti&#8221;, kisika niso imeli dovolj, Francys pa je le\u017eala globoko pod strmo steno.<\/p>\n<figure>\n\t\t\t\t\t<img loading=\"lazy\" decoding=\"async\" width=\"660\" height=\"320\" src=\"data:image\/gif;base64,R0lGODlhAQABAAAAACH5BAEKAAEALAAAAAABAAEAAAICTAEAOw==\" class=\"lazyload\" data-src=\"http:\/\/moski.hudo.com\/wp-content\/uploads\/2013\/04\/mont-everest-2-320x155.jpg\" data-srcset=\"http:\/\/moski.hudo.com\/wp-content\/uploads\/2013\/04\/mont-everest-2-660x320.jpg 660w,http:\/\/moski.hudo.com\/wp-content\/uploads\/2013\/04\/mont-everest-2-320x155.jpg 330w\" sizes=\"(max-width: 660px) 100vw, 660px\"\/><figcaption>To\u010dka, kjer je kar 8 let le\u017eala Francys Arsentiey <\/figcaption><\/figure>\n<h2>Da bi jo nosili, ni bilo mo\u017enosti<\/h2>\n<p>\u017de to, da bi splezali dol do nje, bi jih najverjetneje pognalo v smrt. A kljub vsemu temu sta se Ian Woodall in Cathy O\u2019Dowd, ki sta se na Mount Everest podajala skupaj z njo, spustila do nje in ji nudila prvo pomo\u010d. A za Francys je prepozno. Vse, kar sta lahko naredila, je bilo to, da sta se vrnila v tabor in poro\u010dala o tem, kar se je zgodilo &#8230; Njen mo\u017e Sergei je ni \u017eelel pustiti same, sku\u0161al se je prebiti do nje. A \u0161e danes nih\u010de ne ve, kaj se zgodilo z njim. Nikoli ve\u010d se ni vrnil.<\/p>\n<figure>\n\t\t\t\t\t<img loading=\"lazy\" decoding=\"async\" width=\"660\" height=\"320\" src=\"data:image\/gif;base64,R0lGODlhAQABAAAAACH5BAEKAAEALAAAAAABAAEAAAICTAEAOw==\" class=\"lazyload\" data-src=\"http:\/\/moski.hudo.com\/wp-content\/uploads\/2013\/04\/sergei-in-francys-320x155.jpg\" data-srcset=\"http:\/\/moski.hudo.com\/wp-content\/uploads\/2013\/04\/sergei-in-francys-660x320.jpg 660w,http:\/\/moski.hudo.com\/wp-content\/uploads\/2013\/04\/sergei-in-francys-320x155.jpg 330w\" sizes=\"(max-width: 660px) 100vw, 660px\"\/><figcaption>Sergei in Francys<\/figcaption><\/figure>\n<h2><strong>To\u010dka Francys Arsentiev<\/strong><\/h2>\n<p>Osem let kasneje sta se Ian Woodall in Cathy O\u2019Dowd vrnila do Francys in jo na istem mestu pokopala ter tja postavila ameri\u0161ko zastavo. \u0160e danes se ta to\u010dka imenuje<strong> to\u010dka Francys Arsentiev<\/strong>. In tak\u0161nih zgodb je \u0161e vsaj 216. \u0160tevilnih izmed njih ni uspel nih\u010de pokopati. Ostajajo tam v opomin in hkrati navdih vsem tistim, ki se podajajo na to nevarno pot.\u00a0Na osvojitev 8848 metrov visoke, najvi\u0161je gore na Zemlji, ki stoji na meji med Nepalom in Tibetom.<\/p>\n<section class=\"slideshow\">\n<figure>\n\t\t\t\t\t<img loading=\"lazy\" decoding=\"async\" width=\"660\" height=\"320\" src=\"data:image\/gif;base64,R0lGODlhAQABAAAAACH5BAEKAAEALAAAAAABAAEAAAICTAEAOw==\" class=\"lazyload\" data-src=\"http:\/\/moski.hudo.com\/wp-content\/uploads\/2015\/03\/vec-kot-200-trupel-prosto-lezi-n-320x155.jpg\" data-srcset=\"http:\/\/moski.hudo.com\/wp-content\/uploads\/2015\/03\/vec-kot-200-trupel-prosto-lezi-n-660x320.jpg 660w,http:\/\/moski.hudo.com\/wp-content\/uploads\/2015\/03\/vec-kot-200-trupel-prosto-lezi-n-320x155.jpg 330w\" sizes=\"(max-width: 660px) 100vw, 660px\"\/><\/p>\n<\/figure>\n<figure>\n\t\t\t\t\t<img loading=\"lazy\" decoding=\"async\" width=\"660\" height=\"320\" src=\"data:image\/gif;base64,R0lGODlhAQABAAAAACH5BAEKAAEALAAAAAABAAEAAAICTAEAOw==\" class=\"lazyload\" data-src=\"http:\/\/moski.hudo.com\/wp-content\/uploads\/2013\/04\/david-sharp-4-320x155.jpg\" data-srcset=\"http:\/\/moski.hudo.com\/wp-content\/uploads\/2013\/04\/david-sharp-4-660x320.jpg 660w,http:\/\/moski.hudo.com\/wp-content\/uploads\/2013\/04\/david-sharp-4-320x155.jpg 330w\" sizes=\"(max-width: 660px) 100vw, 660px\"\/><\/p>\n<\/figure>\n<figure>\n\t\t\t\t\t<img loading=\"lazy\" decoding=\"async\" width=\"660\" height=\"320\" src=\"data:image\/gif;base64,R0lGODlhAQABAAAAACH5BAEKAAEALAAAAAABAAEAAAICTAEAOw==\" class=\"lazyload\" data-src=\"http:\/\/moski.hudo.com\/wp-content\/uploads\/2013\/04\/david-sharp-2-320x155.jpg\" data-srcset=\"http:\/\/moski.hudo.com\/wp-content\/uploads\/2013\/04\/david-sharp-2-660x320.jpg 660w,http:\/\/moski.hudo.com\/wp-content\/uploads\/2013\/04\/david-sharp-2-320x155.jpg 330w\" sizes=\"(max-width: 660px) 100vw, 660px\"\/><\/p>\n<\/figure>\n<figure>\n\t\t\t\t\t<img loading=\"lazy\" decoding=\"async\" width=\"660\" height=\"320\" src=\"data:image\/gif;base64,R0lGODlhAQABAAAAACH5BAEKAAEALAAAAAABAAEAAAICTAEAOw==\" class=\"lazyload\" data-src=\"http:\/\/moski.hudo.com\/wp-content\/uploads\/2013\/04\/david-sharp-1-320x155.jpg\" data-srcset=\"http:\/\/moski.hudo.com\/wp-content\/uploads\/2013\/04\/david-sharp-1-660x320.jpg 660w,http:\/\/moski.hudo.com\/wp-content\/uploads\/2013\/04\/david-sharp-1-320x155.jpg 330w\" sizes=\"(max-width: 660px) 100vw, 660px\"\/><\/p>\n<\/figure>\n<figure>\n\t\t\t\t\t<img loading=\"lazy\" decoding=\"async\" width=\"660\" height=\"320\" src=\"data:image\/gif;base64,R0lGODlhAQABAAAAACH5BAEKAAEALAAAAAABAAEAAAICTAEAOw==\" class=\"lazyload\" data-src=\"http:\/\/moski.hudo.com\/wp-content\/uploads\/2013\/04\/david-sharp-3-320x155.jpg\" data-srcset=\"http:\/\/moski.hudo.com\/wp-content\/uploads\/2013\/04\/david-sharp-3-660x320.jpg 660w,http:\/\/moski.hudo.com\/wp-content\/uploads\/2013\/04\/david-sharp-3-320x155.jpg 330w\" sizes=\"(max-width: 660px) 100vw, 660px\"\/><\/p>\n<\/figure>\n<figure>\n\t\t\t\t\t<img loading=\"lazy\" decoding=\"async\" width=\"660\" height=\"320\" src=\"data:image\/gif;base64,R0lGODlhAQABAAAAACH5BAEKAAEALAAAAAABAAEAAAICTAEAOw==\" class=\"lazyload\" data-src=\"http:\/\/moski.hudo.com\/wp-content\/uploads\/2013\/04\/david-sharp-6-320x155.jpg\" data-srcset=\"http:\/\/moski.hudo.com\/wp-content\/uploads\/2013\/04\/david-sharp-6-660x320.jpg 660w,http:\/\/moski.hudo.com\/wp-content\/uploads\/2013\/04\/david-sharp-6-320x155.jpg 330w\" sizes=\"(max-width: 660px) 100vw, 660px\"\/><figcaption>David Sharp <\/figcaption><\/figure>\n<figure>\n\t\t\t\t\t<img loading=\"lazy\" decoding=\"async\" width=\"660\" height=\"320\" src=\"data:image\/gif;base64,R0lGODlhAQABAAAAACH5BAEKAAEALAAAAAABAAEAAAICTAEAOw==\" class=\"lazyload\" data-src=\"http:\/\/moski.hudo.com\/wp-content\/uploads\/2013\/04\/david-sharp-8-320x155.jpg\" data-srcset=\"http:\/\/moski.hudo.com\/wp-content\/uploads\/2013\/04\/david-sharp-8-660x320.jpg 660w,http:\/\/moski.hudo.com\/wp-content\/uploads\/2013\/04\/david-sharp-8-320x155.jpg 330w\" sizes=\"(max-width: 660px) 100vw, 660px\"\/><figcaption>David Sharp <\/figcaption><\/figure>\n<\/section>\n<h2>O truplih na Mount Everestu je bilo posnetih tudi ve\u010d dokumentarnih filmov<\/h2>\n<p>Oglejte si del dokumentarnega filma, ki prikazje, kako so na\u0161li truplo alpinista Georga Malloryja:<\/p>\n<figure class=\"wp-caption video\" style=\"padding-top:75%\">\n  \t<div class=\"embed\"><div class=\"embed-notice\">Za ogled vstavljene vsebine morate omogo\u010diti <a href=\"#\" onclick=\"Optanon.ToggleInfoDisplay()\">shranjevanje pi\u0161kotkov v napravi<\/a><\/div><iframe loading=\"lazy\" width=\"660\" height=\"495\"  class=\"optanon-category-C0002-C0003-C0004\" optanon-src=\"http:\/\/www.youtube.com\/embed\/UFr1KdY6aiw?autohide=1&#038;fs=1&#038;autoplay=0&#038;iv_load_policy=3&#038;rel=0&#038;modestbranding=1&#038;showinfo=0&#038;hd=1\" frameborder=\"0\" allowfullscreen><\/iframe><\/div><br \/>\n  <\/figure>\n<p>&nbsp;<\/p>\n","protected":false},"excerpt":{"rendered":"<p>Na Mount Everestu so do leta 2011 na\u0161teli 216 trupel alpinistov, ki jih niso nikoli uspeli spraviti v dolino ali pokopati, kjer so umrli. Oglejte si \u0161okantne fotografije.<\/p>\n","protected":false},"author":1,"featured_media":0,"comment_status":"closed","ping_status":"closed","sticky":false,"template":"","format":"standard","meta":{"footnotes":""},"categories":[1091],"tags":[4177,4178],"source":[1522,1518,1552],"supertag":[],"acf":[],"yoast_head":"<!-- This site is optimized with the Yoast SEO plugin v21.3 - https:\/\/yoast.com\/wordpress\/plugins\/seo\/ -->\n<title>Ve\u010d kot 200 trupel prosto le\u017ei na Mount Everestu (foto) - Hudo Slovenija<\/title>\n<meta name=\"robots\" content=\"index, follow, max-snippet:-1, max-image-preview:large, max-video-preview:-1\" \/>\n<link rel=\"canonical\" href=\"https:\/\/hudo.com\/si\/lifestyle\/vec-kot-200-trupel-prosto-lezi-na-mount-everestu-foto\/\" \/>\n<meta property=\"og:locale\" content=\"sl_SI\" \/>\n<meta property=\"og:type\" content=\"article\" \/>\n<meta property=\"og:title\" content=\"Ve\u010d kot 200 trupel prosto le\u017ei na Mount Everestu (foto) - Hudo Slovenija\" \/>\n<meta property=\"og:description\" content=\"Na Mount Everestu so do leta 2011 na\u0161teli 216 trupel alpinistov, ki jih niso nikoli uspeli spraviti v dolino ali pokopati, kjer so umrli. Oglejte si \u0161okantne fotografije.\" \/>\n<meta property=\"og:url\" content=\"https:\/\/hudo.com\/si\/lifestyle\/vec-kot-200-trupel-prosto-lezi-na-mount-everestu-foto\/\" \/>\n<meta property=\"og:site_name\" content=\"Hudo Slovenija\" \/>\n<meta property=\"article:publisher\" content=\"https:\/\/www.facebook.com\/hudo.si\" \/>\n<meta property=\"article:published_time\" content=\"2015-03-05T06:21:04+00:00\" \/>\n<meta property=\"og:image\" content=\"https:\/\/hudo.com\/si\/wp-content\/uploads\/sites\/2\/2016\/04\/mont-everest-3.jpg\" \/>\n\t<meta property=\"og:image:width\" content=\"590\" \/>\n\t<meta property=\"og:image:height\" content=\"342\" \/>\n\t<meta property=\"og:image:type\" content=\"image\/jpeg\" \/>\n<meta name=\"author\" content=\"hudo\" \/>\n<meta name=\"twitter:card\" content=\"summary_large_image\" \/>\n<meta name=\"twitter:creator\" content=\"@hudo_si\" \/>\n<meta name=\"twitter:site\" content=\"@hudo_si\" \/>\n<meta name=\"twitter:label1\" content=\"Written by\" \/>\n\t<meta name=\"twitter:data1\" content=\"hudo\" \/>\n\t<meta name=\"twitter:label2\" content=\"Est. reading time\" \/>\n\t<meta name=\"twitter:data2\" content=\"2 minuti\" \/>\n<script type=\"application\/ld+json\" class=\"yoast-schema-graph\">{\"@context\":\"https:\/\/schema.org\",\"@graph\":[{\"@type\":\"Article\",\"@id\":\"https:\/\/hudo.com\/si\/lifestyle\/vec-kot-200-trupel-prosto-lezi-na-mount-everestu-foto\/#article\",\"isPartOf\":{\"@id\":\"https:\/\/hudo.com\/si\/lifestyle\/vec-kot-200-trupel-prosto-lezi-na-mount-everestu-foto\/\"},\"author\":{\"name\":\"hudo\",\"@id\":\"https:\/\/hudo.com\/si\/#\/schema\/person\/601cf3379633985b20f7e50f2bb47707\"},\"headline\":\"Ve\u010d kot 200 trupel prosto le\u017ei na Mount Everestu (foto)\",\"datePublished\":\"2015-03-05T06:21:04+00:00\",\"dateModified\":\"2015-03-05T06:21:04+00:00\",\"mainEntityOfPage\":{\"@id\":\"https:\/\/hudo.com\/si\/lifestyle\/vec-kot-200-trupel-prosto-lezi-na-mount-everestu-foto\/\"},\"wordCount\":469,\"publisher\":{\"@id\":\"https:\/\/hudo.com\/si\/#organization\"},\"keywords\":[\"alpinizem\",\"Mount Everest\"],\"articleSection\":[\"Lifestyle\"],\"inLanguage\":\"sl-SI\"},{\"@type\":\"WebPage\",\"@id\":\"https:\/\/hudo.com\/si\/lifestyle\/vec-kot-200-trupel-prosto-lezi-na-mount-everestu-foto\/\",\"url\":\"https:\/\/hudo.com\/si\/lifestyle\/vec-kot-200-trupel-prosto-lezi-na-mount-everestu-foto\/\",\"name\":\"Ve\u010d kot 200 trupel prosto le\u017ei na Mount Everestu (foto) - Hudo Slovenija\",\"isPartOf\":{\"@id\":\"https:\/\/hudo.com\/si\/#website\"},\"datePublished\":\"2015-03-05T06:21:04+00:00\",\"dateModified\":\"2015-03-05T06:21:04+00:00\",\"breadcrumb\":{\"@id\":\"https:\/\/hudo.com\/si\/lifestyle\/vec-kot-200-trupel-prosto-lezi-na-mount-everestu-foto\/#breadcrumb\"},\"inLanguage\":\"sl-SI\",\"potentialAction\":[{\"@type\":\"ReadAction\",\"target\":[\"https:\/\/hudo.com\/si\/lifestyle\/vec-kot-200-trupel-prosto-lezi-na-mount-everestu-foto\/\"]}]},{\"@type\":\"BreadcrumbList\",\"@id\":\"https:\/\/hudo.com\/si\/lifestyle\/vec-kot-200-trupel-prosto-lezi-na-mount-everestu-foto\/#breadcrumb\",\"itemListElement\":[{\"@type\":\"ListItem\",\"position\":1,\"name\":\"Home\",\"item\":\"https:\/\/hudo.com\/si\/\"},{\"@type\":\"ListItem\",\"position\":2,\"name\":\"Ve\u010d kot 200 trupel prosto le\u017ei na Mount Everestu (foto)\"}]},{\"@type\":\"WebSite\",\"@id\":\"https:\/\/hudo.com\/si\/#website\",\"url\":\"https:\/\/hudo.com\/si\/\",\"name\":\"Hudo Slovenija\",\"description\":\"Vse novice iz Slovenije in sveta\",\"publisher\":{\"@id\":\"https:\/\/hudo.com\/si\/#organization\"},\"potentialAction\":[{\"@type\":\"SearchAction\",\"target\":{\"@type\":\"EntryPoint\",\"urlTemplate\":\"https:\/\/hudo.com\/si\/?s={search_term_string}\"},\"query-input\":\"required name=search_term_string\"}],\"inLanguage\":\"sl-SI\"},{\"@type\":\"Organization\",\"@id\":\"https:\/\/hudo.com\/si\/#organization\",\"name\":\"VSN Media\",\"url\":\"https:\/\/hudo.com\/si\/\",\"logo\":{\"@type\":\"ImageObject\",\"inLanguage\":\"sl-SI\",\"@id\":\"https:\/\/hudo.com\/si\/#\/schema\/logo\/image\/\",\"url\":\"https:\/\/hudo.com\/si\/wp-content\/uploads\/sites\/2\/2021\/03\/hudo-app-2.png\",\"contentUrl\":\"https:\/\/hudo.com\/si\/wp-content\/uploads\/sites\/2\/2021\/03\/hudo-app-2.png\",\"width\":2185,\"height\":2167,\"caption\":\"VSN Media\"},\"image\":{\"@id\":\"https:\/\/hudo.com\/si\/#\/schema\/logo\/image\/\"},\"sameAs\":[\"https:\/\/www.facebook.com\/hudo.si\",\"https:\/\/twitter.com\/hudo_si\"]},{\"@type\":\"Person\",\"@id\":\"https:\/\/hudo.com\/si\/#\/schema\/person\/601cf3379633985b20f7e50f2bb47707\",\"name\":\"hudo\",\"image\":{\"@type\":\"ImageObject\",\"inLanguage\":\"sl-SI\",\"@id\":\"https:\/\/hudo.com\/si\/#\/schema\/person\/image\/\",\"url\":\"https:\/\/secure.gravatar.com\/avatar\/c4ca25fa72cace7a696b52ff5db9e095?s=96&d=mm&r=g\",\"contentUrl\":\"https:\/\/secure.gravatar.com\/avatar\/c4ca25fa72cace7a696b52ff5db9e095?s=96&d=mm&r=g\",\"caption\":\"hudo\"},\"url\":\"https:\/\/hudo.com\/si\/author\/hudo\/\"}]}<\/script>\n<!-- \/ Yoast SEO plugin. -->","yoast_head_json":{"title":"Ve\u010d kot 200 trupel prosto le\u017ei na Mount Everestu (foto) - Hudo Slovenija","robots":{"index":"index","follow":"follow","max-snippet":"max-snippet:-1","max-image-preview":"max-image-preview:large","max-video-preview":"max-video-preview:-1"},"canonical":"https:\/\/hudo.com\/si\/lifestyle\/vec-kot-200-trupel-prosto-lezi-na-mount-everestu-foto\/","og_locale":"sl_SI","og_type":"article","og_title":"Ve\u010d kot 200 trupel prosto le\u017ei na Mount Everestu (foto) - Hudo Slovenija","og_description":"Na Mount Everestu so do leta 2011 na\u0161teli 216 trupel alpinistov, ki jih niso nikoli uspeli spraviti v dolino ali pokopati, kjer so umrli. Oglejte si \u0161okantne fotografije.","og_url":"https:\/\/hudo.com\/si\/lifestyle\/vec-kot-200-trupel-prosto-lezi-na-mount-everestu-foto\/","og_site_name":"Hudo Slovenija","article_publisher":"https:\/\/www.facebook.com\/hudo.si","article_published_time":"2015-03-05T06:21:04+00:00","og_image":[{"width":590,"height":342,"url":"https:\/\/hudo.com\/si\/wp-content\/uploads\/sites\/2\/2016\/04\/mont-everest-3.jpg","type":"image\/jpeg"}],"author":"hudo","twitter_card":"summary_large_image","twitter_creator":"@hudo_si","twitter_site":"@hudo_si","twitter_misc":{"Written by":"hudo","Est. reading time":"2 minuti"},"schema":{"@context":"https:\/\/schema.org","@graph":[{"@type":"Article","@id":"https:\/\/hudo.com\/si\/lifestyle\/vec-kot-200-trupel-prosto-lezi-na-mount-everestu-foto\/#article","isPartOf":{"@id":"https:\/\/hudo.com\/si\/lifestyle\/vec-kot-200-trupel-prosto-lezi-na-mount-everestu-foto\/"},"author":{"name":"hudo","@id":"https:\/\/hudo.com\/si\/#\/schema\/person\/601cf3379633985b20f7e50f2bb47707"},"headline":"Ve\u010d kot 200 trupel prosto le\u017ei na Mount Everestu (foto)","datePublished":"2015-03-05T06:21:04+00:00","dateModified":"2015-03-05T06:21:04+00:00","mainEntityOfPage":{"@id":"https:\/\/hudo.com\/si\/lifestyle\/vec-kot-200-trupel-prosto-lezi-na-mount-everestu-foto\/"},"wordCount":469,"publisher":{"@id":"https:\/\/hudo.com\/si\/#organization"},"keywords":["alpinizem","Mount Everest"],"articleSection":["Lifestyle"],"inLanguage":"sl-SI"},{"@type":"WebPage","@id":"https:\/\/hudo.com\/si\/lifestyle\/vec-kot-200-trupel-prosto-lezi-na-mount-everestu-foto\/","url":"https:\/\/hudo.com\/si\/lifestyle\/vec-kot-200-trupel-prosto-lezi-na-mount-everestu-foto\/","name":"Ve\u010d kot 200 trupel prosto le\u017ei na Mount Everestu (foto) - Hudo Slovenija","isPartOf":{"@id":"https:\/\/hudo.com\/si\/#website"},"datePublished":"2015-03-05T06:21:04+00:00","dateModified":"2015-03-05T06:21:04+00:00","breadcrumb":{"@id":"https:\/\/hudo.com\/si\/lifestyle\/vec-kot-200-trupel-prosto-lezi-na-mount-everestu-foto\/#breadcrumb"},"inLanguage":"sl-SI","potentialAction":[{"@type":"ReadAction","target":["https:\/\/hudo.com\/si\/lifestyle\/vec-kot-200-trupel-prosto-lezi-na-mount-everestu-foto\/"]}]},{"@type":"BreadcrumbList","@id":"https:\/\/hudo.com\/si\/lifestyle\/vec-kot-200-trupel-prosto-lezi-na-mount-everestu-foto\/#breadcrumb","itemListElement":[{"@type":"ListItem","position":1,"name":"Home","item":"https:\/\/hudo.com\/si\/"},{"@type":"ListItem","position":2,"name":"Ve\u010d kot 200 trupel prosto le\u017ei na Mount Everestu (foto)"}]},{"@type":"WebSite","@id":"https:\/\/hudo.com\/si\/#website","url":"https:\/\/hudo.com\/si\/","name":"Hudo Slovenija","description":"Vse novice iz Slovenije in sveta","publisher":{"@id":"https:\/\/hudo.com\/si\/#organization"},"potentialAction":[{"@type":"SearchAction","target":{"@type":"EntryPoint","urlTemplate":"https:\/\/hudo.com\/si\/?s={search_term_string}"},"query-input":"required name=search_term_string"}],"inLanguage":"sl-SI"},{"@type":"Organization","@id":"https:\/\/hudo.com\/si\/#organization","name":"VSN Media","url":"https:\/\/hudo.com\/si\/","logo":{"@type":"ImageObject","inLanguage":"sl-SI","@id":"https:\/\/hudo.com\/si\/#\/schema\/logo\/image\/","url":"https:\/\/hudo.com\/si\/wp-content\/uploads\/sites\/2\/2021\/03\/hudo-app-2.png","contentUrl":"https:\/\/hudo.com\/si\/wp-content\/uploads\/sites\/2\/2021\/03\/hudo-app-2.png","width":2185,"height":2167,"caption":"VSN Media"},"image":{"@id":"https:\/\/hudo.com\/si\/#\/schema\/logo\/image\/"},"sameAs":["https:\/\/www.facebook.com\/hudo.si","https:\/\/twitter.com\/hudo_si"]},{"@type":"Person","@id":"https:\/\/hudo.com\/si\/#\/schema\/person\/601cf3379633985b20f7e50f2bb47707","name":"hudo","image":{"@type":"ImageObject","inLanguage":"sl-SI","@id":"https:\/\/hudo.com\/si\/#\/schema\/person\/image\/","url":"https:\/\/secure.gravatar.com\/avatar\/c4ca25fa72cace7a696b52ff5db9e095?s=96&d=mm&r=g","contentUrl":"https:\/\/secure.gravatar.com\/avatar\/c4ca25fa72cace7a696b52ff5db9e095?s=96&d=mm&r=g","caption":"hudo"},"url":"https:\/\/hudo.com\/si\/author\/hudo\/"}]}},"amp_enabled":true,"_links":{"self":[{"href":"https:\/\/hudo.com\/si\/wp-json\/wp\/v2\/posts\/18194"}],"collection":[{"href":"https:\/\/hudo.com\/si\/wp-json\/wp\/v2\/posts"}],"about":[{"href":"https:\/\/hudo.com\/si\/wp-json\/wp\/v2\/types\/post"}],"author":[{"embeddable":true,"href":"https:\/\/hudo.com\/si\/wp-json\/wp\/v2\/users\/1"}],"replies":[{"embeddable":true,"href":"https:\/\/hudo.com\/si\/wp-json\/wp\/v2\/comments?post=18194"}],"version-history":[{"count":0,"href":"https:\/\/hudo.com\/si\/wp-json\/wp\/v2\/posts\/18194\/revisions"}],"wp:attachment":[{"href":"https:\/\/hudo.com\/si\/wp-json\/wp\/v2\/media?parent=18194"}],"wp:term":[{"taxonomy":"category","embeddable":true,"href":"https:\/\/hudo.com\/si\/wp-json\/wp\/v2\/categories?post=18194"},{"taxonomy":"post_tag","embeddable":true,"href":"https:\/\/hudo.com\/si\/wp-json\/wp\/v2\/tags?post=18194"},{"taxonomy":"source","embeddable":true,"href":"https:\/\/hudo.com\/si\/wp-json\/wp\/v2\/source?post=18194"},{"taxonomy":"supertag","embeddable":true,"href":"https:\/\/hudo.com\/si\/wp-json\/wp\/v2\/supertag?post=18194"}],"curies":[{"name":"wp","href":"https:\/\/api.w.org\/{rel}","templated":true}]}}