{"id":182009,"date":"2017-01-01T12:00:00","date_gmt":"2017-01-01T11:00:00","guid":{"rendered":"http:\/\/hudo.com\/si\/2017\/01\/01\/v-mariboru-prva-na-svet-privekala-luna\/"},"modified":"2017-01-02T06:41:12","modified_gmt":"2017-01-02T05:41:12","slug":"v-mariboru-prva-na-svet-privekala-luna","status":"publish","type":"post","link":"https:\/\/hudo.com\/si\/aktualno\/v-mariboru-prva-na-svet-privekala-luna\/","title":{"rendered":"V Mariboru prva na svet privekala Luna"},"content":{"rendered":"<p>V mariborski porodni\u0161nici je letos kot prva na svet privekala pun\u010dka Luna Sia Pinto Kozmus (3440g, 50 cm). Lu\u010d sveta je ugledala ob 04.41 uri, natanko opoldne pa je mamici, Portugalki Carini Estevez Pinto Kozmus, s \u0161opkom ro\u017e \u010destital tudi mariborski \u017eupan Andrej Fi\u0161travec: &#8220;Vam in va\u0161i dru\u017eini \u017eelim vse najbolj\u0161e.&#8221; Kot je povedala mamica Carina, v Mariboru z mo\u017eem, ki je slovenski dr\u017eavljan, \u017eivi \u0161e sedem let. Ob pol enajstih se je v Mariboru rodila \u0161e ena pun\u010dka, do konca dneva pa pri\u010dakujejo \u0161e tri porode. Zadnji porod v mariborski porodni\u0161nici v lanskem letu je bil v\u010deraj ob 20.11 uri, vsega skupaj pa se je lani v Mariboru rodilo 2180 otrok oziroma 40 ve\u010d, kot leta 2015.Maribor<\/p>\n","protected":false},"excerpt":{"rendered":"<p>V mariborski porodni\u0161nici je letos kot prva na svet privekala pun\u010dka Luna Sia Pinto Kozmus (3440g, 50 cm). Lu\u010d sveta je ugledala ob 04.41 uri, natanko opoldne pa je mamici, Portugalki Carini Estevez Pinto Kozmus, s \u0161opkom ro\u017e \u010destital tudi mariborski \u017eupan Andrej Fi\u0161travec: &#8220;Vam in va\u0161i dru\u017eini \u017eelim vse najbolj\u0161e.&#8221; Kot je povedala mamica Carina, v Mariboru z mo\u017eem, ki je slovenski dr\u017eavljan, \u017eivi \u0161e sedem let. Ob pol enajstih se je v Mariboru rodila \u0161e ena pun\u010dka, do konca dneva pa pri\u010dakujejo \u0161e tri porode. Zadnji porod v mariborski porodni\u0161nici v lanskem letu je bil v\u010deraj ob 20.11 uri, vsega skupaj pa se je lani v Mariboru rodilo 2180 otrok oziroma 40 ve\u010d, kot leta 2015.Maribor<\/p>\n","protected":false},"author":1,"featured_media":0,"comment_status":"closed","ping_status":"closed","sticky":false,"template":"","format":"standard","meta":{"footnotes":""},"categories":[1179],"tags":[],"source":[1711],"supertag":[],"acf":[],"yoast_head":"<!-- This site is optimized with the Yoast SEO plugin v21.3 - https:\/\/yoast.com\/wordpress\/plugins\/seo\/ -->\n<title>V Mariboru prva na svet privekala Luna - Hudo Slovenija<\/title>\n<meta name=\"robots\" content=\"index, follow, max-snippet:-1, max-image-preview:large, max-video-preview:-1\" \/>\n<link rel=\"canonical\" href=\"https:\/\/hudo.com\/si\/aktualno\/v-mariboru-prva-na-svet-privekala-luna\/\" \/>\n<meta property=\"og:locale\" content=\"sl_SI\" \/>\n<meta property=\"og:type\" content=\"article\" \/>\n<meta property=\"og:title\" content=\"V Mariboru prva na svet privekala Luna - Hudo Slovenija\" \/>\n<meta property=\"og:description\" content=\"V mariborski porodni\u0161nici je letos kot prva na svet privekala pun\u010dka Luna Sia Pinto Kozmus (3440g, 50 cm). Lu\u010d sveta je ugledala ob 04.41 uri, natanko opoldne pa je mamici, Portugalki Carini Estevez Pinto Kozmus, s \u0161opkom ro\u017e \u010destital tudi mariborski \u017eupan Andrej Fi\u0161travec: &quot;Vam in va\u0161i dru\u017eini \u017eelim vse najbolj\u0161e.&quot; Kot je povedala mamica Carina, v Mariboru z mo\u017eem, ki je slovenski dr\u017eavljan, \u017eivi \u0161e sedem let. Ob pol enajstih se je v Mariboru rodila \u0161e ena pun\u010dka, do konca dneva pa pri\u010dakujejo \u0161e tri porode. Zadnji porod v mariborski porodni\u0161nici v lanskem letu je bil v\u010deraj ob 20.11 uri, vsega skupaj pa se je lani v Mariboru rodilo 2180 otrok oziroma 40 ve\u010d, kot leta 2015.Maribor\" \/>\n<meta property=\"og:url\" content=\"https:\/\/hudo.com\/si\/aktualno\/v-mariboru-prva-na-svet-privekala-luna\/\" \/>\n<meta property=\"og:site_name\" content=\"Hudo Slovenija\" \/>\n<meta property=\"article:publisher\" content=\"https:\/\/www.facebook.com\/hudo.si\" \/>\n<meta property=\"article:published_time\" content=\"2017-01-01T11:00:00+00:00\" \/>\n<meta property=\"article:modified_time\" content=\"2017-01-02T05:41:12+00:00\" \/>\n<meta property=\"og:image\" content=\"https:\/\/hudo.com\/si\/wp-content\/uploads\/sites\/2\/2017\/01\/FOTO1169-300.jpg\" \/>\n\t<meta property=\"og:image:width\" content=\"450\" \/>\n\t<meta property=\"og:image:height\" content=\"332\" \/>\n\t<meta property=\"og:image:type\" content=\"image\/jpeg\" \/>\n<meta name=\"author\" content=\"hudo\" \/>\n<meta name=\"twitter:card\" content=\"summary_large_image\" \/>\n<meta name=\"twitter:creator\" content=\"@hudo_si\" \/>\n<meta name=\"twitter:site\" content=\"@hudo_si\" \/>\n<meta name=\"twitter:label1\" content=\"Written by\" \/>\n\t<meta name=\"twitter:data1\" content=\"hudo\" \/>\n\t<meta name=\"twitter:label2\" content=\"Est. reading time\" \/>\n\t<meta name=\"twitter:data2\" content=\"1 minuta\" \/>\n<script type=\"application\/ld+json\" class=\"yoast-schema-graph\">{\"@context\":\"https:\/\/schema.org\",\"@graph\":[{\"@type\":\"Article\",\"@id\":\"https:\/\/hudo.com\/si\/aktualno\/v-mariboru-prva-na-svet-privekala-luna\/#article\",\"isPartOf\":{\"@id\":\"https:\/\/hudo.com\/si\/aktualno\/v-mariboru-prva-na-svet-privekala-luna\/\"},\"author\":{\"name\":\"hudo\",\"@id\":\"https:\/\/hudo.com\/si\/#\/schema\/person\/601cf3379633985b20f7e50f2bb47707\"},\"headline\":\"V Mariboru prva na svet privekala Luna\",\"datePublished\":\"2017-01-01T11:00:00+00:00\",\"dateModified\":\"2017-01-02T05:41:12+00:00\",\"mainEntityOfPage\":{\"@id\":\"https:\/\/hudo.com\/si\/aktualno\/v-mariboru-prva-na-svet-privekala-luna\/\"},\"wordCount\":132,\"publisher\":{\"@id\":\"https:\/\/hudo.com\/si\/#organization\"},\"articleSection\":[\"Aktualno\"],\"inLanguage\":\"sl-SI\"},{\"@type\":\"WebPage\",\"@id\":\"https:\/\/hudo.com\/si\/aktualno\/v-mariboru-prva-na-svet-privekala-luna\/\",\"url\":\"https:\/\/hudo.com\/si\/aktualno\/v-mariboru-prva-na-svet-privekala-luna\/\",\"name\":\"V Mariboru prva na svet privekala Luna - Hudo Slovenija\",\"isPartOf\":{\"@id\":\"https:\/\/hudo.com\/si\/#website\"},\"datePublished\":\"2017-01-01T11:00:00+00:00\",\"dateModified\":\"2017-01-02T05:41:12+00:00\",\"breadcrumb\":{\"@id\":\"https:\/\/hudo.com\/si\/aktualno\/v-mariboru-prva-na-svet-privekala-luna\/#breadcrumb\"},\"inLanguage\":\"sl-SI\",\"potentialAction\":[{\"@type\":\"ReadAction\",\"target\":[\"https:\/\/hudo.com\/si\/aktualno\/v-mariboru-prva-na-svet-privekala-luna\/\"]}]},{\"@type\":\"BreadcrumbList\",\"@id\":\"https:\/\/hudo.com\/si\/aktualno\/v-mariboru-prva-na-svet-privekala-luna\/#breadcrumb\",\"itemListElement\":[{\"@type\":\"ListItem\",\"position\":1,\"name\":\"Home\",\"item\":\"https:\/\/hudo.com\/si\/\"},{\"@type\":\"ListItem\",\"position\":2,\"name\":\"V Mariboru prva na svet privekala Luna\"}]},{\"@type\":\"WebSite\",\"@id\":\"https:\/\/hudo.com\/si\/#website\",\"url\":\"https:\/\/hudo.com\/si\/\",\"name\":\"Hudo Slovenija\",\"description\":\"Vse novice iz Slovenije in sveta\",\"publisher\":{\"@id\":\"https:\/\/hudo.com\/si\/#organization\"},\"potentialAction\":[{\"@type\":\"SearchAction\",\"target\":{\"@type\":\"EntryPoint\",\"urlTemplate\":\"https:\/\/hudo.com\/si\/?s={search_term_string}\"},\"query-input\":\"required name=search_term_string\"}],\"inLanguage\":\"sl-SI\"},{\"@type\":\"Organization\",\"@id\":\"https:\/\/hudo.com\/si\/#organization\",\"name\":\"VSN Media\",\"url\":\"https:\/\/hudo.com\/si\/\",\"logo\":{\"@type\":\"ImageObject\",\"inLanguage\":\"sl-SI\",\"@id\":\"https:\/\/hudo.com\/si\/#\/schema\/logo\/image\/\",\"url\":\"https:\/\/hudo.com\/si\/wp-content\/uploads\/sites\/2\/2021\/03\/hudo-app-2.png\",\"contentUrl\":\"https:\/\/hudo.com\/si\/wp-content\/uploads\/sites\/2\/2021\/03\/hudo-app-2.png\",\"width\":2185,\"height\":2167,\"caption\":\"VSN Media\"},\"image\":{\"@id\":\"https:\/\/hudo.com\/si\/#\/schema\/logo\/image\/\"},\"sameAs\":[\"https:\/\/www.facebook.com\/hudo.si\",\"https:\/\/twitter.com\/hudo_si\"]},{\"@type\":\"Person\",\"@id\":\"https:\/\/hudo.com\/si\/#\/schema\/person\/601cf3379633985b20f7e50f2bb47707\",\"name\":\"hudo\",\"image\":{\"@type\":\"ImageObject\",\"inLanguage\":\"sl-SI\",\"@id\":\"https:\/\/hudo.com\/si\/#\/schema\/person\/image\/\",\"url\":\"https:\/\/secure.gravatar.com\/avatar\/c4ca25fa72cace7a696b52ff5db9e095?s=96&d=mm&r=g\",\"contentUrl\":\"https:\/\/secure.gravatar.com\/avatar\/c4ca25fa72cace7a696b52ff5db9e095?s=96&d=mm&r=g\",\"caption\":\"hudo\"},\"url\":\"https:\/\/hudo.com\/si\/author\/hudo\/\"}]}<\/script>\n<!-- \/ Yoast SEO plugin. -->","yoast_head_json":{"title":"V Mariboru prva na svet privekala Luna - Hudo Slovenija","robots":{"index":"index","follow":"follow","max-snippet":"max-snippet:-1","max-image-preview":"max-image-preview:large","max-video-preview":"max-video-preview:-1"},"canonical":"https:\/\/hudo.com\/si\/aktualno\/v-mariboru-prva-na-svet-privekala-luna\/","og_locale":"sl_SI","og_type":"article","og_title":"V Mariboru prva na svet privekala Luna - Hudo Slovenija","og_description":"V mariborski porodni\u0161nici je letos kot prva na svet privekala pun\u010dka Luna Sia Pinto Kozmus (3440g, 50 cm). Lu\u010d sveta je ugledala ob 04.41 uri, natanko opoldne pa je mamici, Portugalki Carini Estevez Pinto Kozmus, s \u0161opkom ro\u017e \u010destital tudi mariborski \u017eupan Andrej Fi\u0161travec: \"Vam in va\u0161i dru\u017eini \u017eelim vse najbolj\u0161e.\" Kot je povedala mamica Carina, v Mariboru z mo\u017eem, ki je slovenski dr\u017eavljan, \u017eivi \u0161e sedem let. Ob pol enajstih se je v Mariboru rodila \u0161e ena pun\u010dka, do konca dneva pa pri\u010dakujejo \u0161e tri porode. Zadnji porod v mariborski porodni\u0161nici v lanskem letu je bil v\u010deraj ob 20.11 uri, vsega skupaj pa se je lani v Mariboru rodilo 2180 otrok oziroma 40 ve\u010d, kot leta 2015.Maribor","og_url":"https:\/\/hudo.com\/si\/aktualno\/v-mariboru-prva-na-svet-privekala-luna\/","og_site_name":"Hudo Slovenija","article_publisher":"https:\/\/www.facebook.com\/hudo.si","article_published_time":"2017-01-01T11:00:00+00:00","article_modified_time":"2017-01-02T05:41:12+00:00","og_image":[{"width":450,"height":332,"url":"https:\/\/hudo.com\/si\/wp-content\/uploads\/sites\/2\/2017\/01\/FOTO1169-300.jpg","type":"image\/jpeg"}],"author":"hudo","twitter_card":"summary_large_image","twitter_creator":"@hudo_si","twitter_site":"@hudo_si","twitter_misc":{"Written by":"hudo","Est. reading time":"1 minuta"},"schema":{"@context":"https:\/\/schema.org","@graph":[{"@type":"Article","@id":"https:\/\/hudo.com\/si\/aktualno\/v-mariboru-prva-na-svet-privekala-luna\/#article","isPartOf":{"@id":"https:\/\/hudo.com\/si\/aktualno\/v-mariboru-prva-na-svet-privekala-luna\/"},"author":{"name":"hudo","@id":"https:\/\/hudo.com\/si\/#\/schema\/person\/601cf3379633985b20f7e50f2bb47707"},"headline":"V Mariboru prva na svet privekala Luna","datePublished":"2017-01-01T11:00:00+00:00","dateModified":"2017-01-02T05:41:12+00:00","mainEntityOfPage":{"@id":"https:\/\/hudo.com\/si\/aktualno\/v-mariboru-prva-na-svet-privekala-luna\/"},"wordCount":132,"publisher":{"@id":"https:\/\/hudo.com\/si\/#organization"},"articleSection":["Aktualno"],"inLanguage":"sl-SI"},{"@type":"WebPage","@id":"https:\/\/hudo.com\/si\/aktualno\/v-mariboru-prva-na-svet-privekala-luna\/","url":"https:\/\/hudo.com\/si\/aktualno\/v-mariboru-prva-na-svet-privekala-luna\/","name":"V Mariboru prva na svet privekala Luna - Hudo Slovenija","isPartOf":{"@id":"https:\/\/hudo.com\/si\/#website"},"datePublished":"2017-01-01T11:00:00+00:00","dateModified":"2017-01-02T05:41:12+00:00","breadcrumb":{"@id":"https:\/\/hudo.com\/si\/aktualno\/v-mariboru-prva-na-svet-privekala-luna\/#breadcrumb"},"inLanguage":"sl-SI","potentialAction":[{"@type":"ReadAction","target":["https:\/\/hudo.com\/si\/aktualno\/v-mariboru-prva-na-svet-privekala-luna\/"]}]},{"@type":"BreadcrumbList","@id":"https:\/\/hudo.com\/si\/aktualno\/v-mariboru-prva-na-svet-privekala-luna\/#breadcrumb","itemListElement":[{"@type":"ListItem","position":1,"name":"Home","item":"https:\/\/hudo.com\/si\/"},{"@type":"ListItem","position":2,"name":"V Mariboru prva na svet privekala Luna"}]},{"@type":"WebSite","@id":"https:\/\/hudo.com\/si\/#website","url":"https:\/\/hudo.com\/si\/","name":"Hudo Slovenija","description":"Vse novice iz Slovenije in sveta","publisher":{"@id":"https:\/\/hudo.com\/si\/#organization"},"potentialAction":[{"@type":"SearchAction","target":{"@type":"EntryPoint","urlTemplate":"https:\/\/hudo.com\/si\/?s={search_term_string}"},"query-input":"required name=search_term_string"}],"inLanguage":"sl-SI"},{"@type":"Organization","@id":"https:\/\/hudo.com\/si\/#organization","name":"VSN Media","url":"https:\/\/hudo.com\/si\/","logo":{"@type":"ImageObject","inLanguage":"sl-SI","@id":"https:\/\/hudo.com\/si\/#\/schema\/logo\/image\/","url":"https:\/\/hudo.com\/si\/wp-content\/uploads\/sites\/2\/2021\/03\/hudo-app-2.png","contentUrl":"https:\/\/hudo.com\/si\/wp-content\/uploads\/sites\/2\/2021\/03\/hudo-app-2.png","width":2185,"height":2167,"caption":"VSN Media"},"image":{"@id":"https:\/\/hudo.com\/si\/#\/schema\/logo\/image\/"},"sameAs":["https:\/\/www.facebook.com\/hudo.si","https:\/\/twitter.com\/hudo_si"]},{"@type":"Person","@id":"https:\/\/hudo.com\/si\/#\/schema\/person\/601cf3379633985b20f7e50f2bb47707","name":"hudo","image":{"@type":"ImageObject","inLanguage":"sl-SI","@id":"https:\/\/hudo.com\/si\/#\/schema\/person\/image\/","url":"https:\/\/secure.gravatar.com\/avatar\/c4ca25fa72cace7a696b52ff5db9e095?s=96&d=mm&r=g","contentUrl":"https:\/\/secure.gravatar.com\/avatar\/c4ca25fa72cace7a696b52ff5db9e095?s=96&d=mm&r=g","caption":"hudo"},"url":"https:\/\/hudo.com\/si\/author\/hudo\/"}]}},"amp_enabled":true,"_links":{"self":[{"href":"https:\/\/hudo.com\/si\/wp-json\/wp\/v2\/posts\/182009"}],"collection":[{"href":"https:\/\/hudo.com\/si\/wp-json\/wp\/v2\/posts"}],"about":[{"href":"https:\/\/hudo.com\/si\/wp-json\/wp\/v2\/types\/post"}],"author":[{"embeddable":true,"href":"https:\/\/hudo.com\/si\/wp-json\/wp\/v2\/users\/1"}],"replies":[{"embeddable":true,"href":"https:\/\/hudo.com\/si\/wp-json\/wp\/v2\/comments?post=182009"}],"version-history":[{"count":1,"href":"https:\/\/hudo.com\/si\/wp-json\/wp\/v2\/posts\/182009\/revisions"}],"predecessor-version":[{"id":182151,"href":"https:\/\/hudo.com\/si\/wp-json\/wp\/v2\/posts\/182009\/revisions\/182151"}],"wp:attachment":[{"href":"https:\/\/hudo.com\/si\/wp-json\/wp\/v2\/media?parent=182009"}],"wp:term":[{"taxonomy":"category","embeddable":true,"href":"https:\/\/hudo.com\/si\/wp-json\/wp\/v2\/categories?post=182009"},{"taxonomy":"post_tag","embeddable":true,"href":"https:\/\/hudo.com\/si\/wp-json\/wp\/v2\/tags?post=182009"},{"taxonomy":"source","embeddable":true,"href":"https:\/\/hudo.com\/si\/wp-json\/wp\/v2\/source?post=182009"},{"taxonomy":"supertag","embeddable":true,"href":"https:\/\/hudo.com\/si\/wp-json\/wp\/v2\/supertag?post=182009"}],"curies":[{"name":"wp","href":"https:\/\/api.w.org\/{rel}","templated":true}]}}