{"id":182389,"date":"2017-01-02T15:00:00","date_gmt":"2017-01-02T14:00:00","guid":{"rendered":"http:\/\/hudo.com\/si\/2017\/01\/02\/v-nemciji-rekordna-zaposlenost\/"},"modified":"2017-01-03T08:23:19","modified_gmt":"2017-01-03T07:23:19","slug":"v-nemciji-rekordna-zaposlenost","status":"publish","type":"post","link":"https:\/\/hudo.com\/si\/aktualno\/v-nemciji-rekordna-zaposlenost\/","title":{"rendered":"V Nem\u010diji rekordna zaposlenost"},"content":{"rendered":"<p>Rekordno \u0161tevilo prostih delovnih mest je konec leta 2016 potisnilo zaposlenost v Nem\u010diji najvi\u0161je doslej, ka\u017eejo danes objavljeni podatki. Vrednost kazalnika, ki meri razpolo\u017eljiva delovna mesta, je decembra na letni ravni narasla za 21 to\u010dk, na 227 to\u010dk, \u0161tevilo zaposlenih pa se je tudi na ra\u010dun migrantov pove\u010dalo za odstotek, na 43,4 milijona.  Zaposlenost se je v najve\u010djem evropskem gospodarstvu pove\u010dala \u017ee deseto leto zapored. &#8220;Ve\u010dja zaposlenost doma\u010de populacije in migrantov je izni\u010dila negativne u\u010dinke demografskih u\u010dinkov,&#8221; so pojasnili v nem\u0161kem statisti\u010dnem uradu. Nem\u010dija je namre\u010d med dr\u017eavami z najhitreje starajo\u010dim se prebivalstvom.  Dobre razmere na trgu dela poganjajo nem\u0161ko potro\u0161njo, ki je postala klju\u010dni element gospodarske rasti v Nem\u010diji. Analitiki pa napovedujejo, da bodo v torek predstavljeni podatki pokazali padec stopnje brezposelnosti na rekordnih \u0161est odstotkov.Svet<\/p>\n","protected":false},"excerpt":{"rendered":"<p>Rekordno \u0161tevilo prostih delovnih mest je konec leta 2016 potisnilo zaposlenost v Nem\u010diji najvi\u0161je doslej, ka\u017eejo danes objavljeni podatki. Vrednost kazalnika, ki meri razpolo\u017eljiva delovna mesta, je decembra na letni ravni narasla za 21 to\u010dk, na 227 to\u010dk, \u0161tevilo zaposlenih pa se je tudi na ra\u010dun migrantov pove\u010dalo za odstotek, na 43,4 milijona.  Zaposlenost se je v najve\u010djem evropskem gospodarstvu pove\u010dala \u017ee deseto leto zapored. &#8220;Ve\u010dja zaposlenost doma\u010de populacije in migrantov je izni\u010dila negativne u\u010dinke demografskih u\u010dinkov,&#8221; so pojasnili v nem\u0161kem statisti\u010dnem uradu. Nem\u010dija je namre\u010d med dr\u017eavami z najhitreje starajo\u010dim se prebivalstvom.  Dobre razmere na trgu dela poganjajo nem\u0161ko potro\u0161njo, ki je postala klju\u010dni element gospodarske rasti v Nem\u010diji. Analitiki pa napovedujejo, da bodo v torek predstavljeni podatki pokazali padec stopnje brezposelnosti na rekordnih \u0161est odstotkov.Svet<\/p>\n","protected":false},"author":1,"featured_media":0,"comment_status":"closed","ping_status":"closed","sticky":false,"template":"","format":"standard","meta":{"footnotes":""},"categories":[1179],"tags":[],"source":[1711],"supertag":[],"acf":[],"yoast_head":"<!-- This site is optimized with the Yoast SEO plugin v21.3 - https:\/\/yoast.com\/wordpress\/plugins\/seo\/ -->\n<title>V Nem\u010diji rekordna zaposlenost - Hudo Slovenija<\/title>\n<meta name=\"robots\" content=\"index, follow, max-snippet:-1, max-image-preview:large, max-video-preview:-1\" \/>\n<link rel=\"canonical\" href=\"https:\/\/hudo.com\/si\/aktualno\/v-nemciji-rekordna-zaposlenost\/\" \/>\n<meta property=\"og:locale\" content=\"sl_SI\" \/>\n<meta property=\"og:type\" content=\"article\" \/>\n<meta property=\"og:title\" content=\"V Nem\u010diji rekordna zaposlenost - Hudo Slovenija\" \/>\n<meta property=\"og:description\" content=\"Rekordno \u0161tevilo prostih delovnih mest je konec leta 2016 potisnilo zaposlenost v Nem\u010diji najvi\u0161je doslej, ka\u017eejo danes objavljeni podatki. Vrednost kazalnika, ki meri razpolo\u017eljiva delovna mesta, je decembra na letni ravni narasla za 21 to\u010dk, na 227 to\u010dk, \u0161tevilo zaposlenih pa se je tudi na ra\u010dun migrantov pove\u010dalo za odstotek, na 43,4 milijona. Zaposlenost se je v najve\u010djem evropskem gospodarstvu pove\u010dala \u017ee deseto leto zapored. &quot;Ve\u010dja zaposlenost doma\u010de populacije in migrantov je izni\u010dila negativne u\u010dinke demografskih u\u010dinkov,&quot; so pojasnili v nem\u0161kem statisti\u010dnem uradu. Nem\u010dija je namre\u010d med dr\u017eavami z najhitreje starajo\u010dim se prebivalstvom. Dobre razmere na trgu dela poganjajo nem\u0161ko potro\u0161njo, ki je postala klju\u010dni element gospodarske rasti v Nem\u010diji. Analitiki pa napovedujejo, da bodo v torek predstavljeni podatki pokazali padec stopnje brezposelnosti na rekordnih \u0161est odstotkov.Svet\" \/>\n<meta property=\"og:url\" content=\"https:\/\/hudo.com\/si\/aktualno\/v-nemciji-rekordna-zaposlenost\/\" \/>\n<meta property=\"og:site_name\" content=\"Hudo Slovenija\" \/>\n<meta property=\"article:publisher\" content=\"https:\/\/www.facebook.com\/hudo.si\" \/>\n<meta property=\"article:published_time\" content=\"2017-01-02T14:00:00+00:00\" \/>\n<meta property=\"article:modified_time\" content=\"2017-01-03T07:23:19+00:00\" \/>\n<meta property=\"og:image\" content=\"https:\/\/hudo.com\/si\/wp-content\/uploads\/sites\/2\/2017\/01\/05693196-300.jpg\" \/>\n\t<meta property=\"og:image:width\" content=\"450\" \/>\n\t<meta property=\"og:image:height\" content=\"301\" \/>\n\t<meta property=\"og:image:type\" content=\"image\/jpeg\" \/>\n<meta name=\"author\" content=\"hudo\" \/>\n<meta name=\"twitter:card\" content=\"summary_large_image\" \/>\n<meta name=\"twitter:creator\" content=\"@hudo_si\" \/>\n<meta name=\"twitter:site\" content=\"@hudo_si\" \/>\n<meta name=\"twitter:label1\" content=\"Written by\" \/>\n\t<meta name=\"twitter:data1\" content=\"hudo\" \/>\n\t<meta name=\"twitter:label2\" content=\"Est. reading time\" \/>\n\t<meta name=\"twitter:data2\" content=\"1 minuta\" \/>\n<script type=\"application\/ld+json\" class=\"yoast-schema-graph\">{\"@context\":\"https:\/\/schema.org\",\"@graph\":[{\"@type\":\"Article\",\"@id\":\"https:\/\/hudo.com\/si\/aktualno\/v-nemciji-rekordna-zaposlenost\/#article\",\"isPartOf\":{\"@id\":\"https:\/\/hudo.com\/si\/aktualno\/v-nemciji-rekordna-zaposlenost\/\"},\"author\":{\"name\":\"hudo\",\"@id\":\"https:\/\/hudo.com\/si\/#\/schema\/person\/601cf3379633985b20f7e50f2bb47707\"},\"headline\":\"V Nem\u010diji rekordna zaposlenost\",\"datePublished\":\"2017-01-02T14:00:00+00:00\",\"dateModified\":\"2017-01-03T07:23:19+00:00\",\"mainEntityOfPage\":{\"@id\":\"https:\/\/hudo.com\/si\/aktualno\/v-nemciji-rekordna-zaposlenost\/\"},\"wordCount\":153,\"publisher\":{\"@id\":\"https:\/\/hudo.com\/si\/#organization\"},\"articleSection\":[\"Aktualno\"],\"inLanguage\":\"sl-SI\"},{\"@type\":\"WebPage\",\"@id\":\"https:\/\/hudo.com\/si\/aktualno\/v-nemciji-rekordna-zaposlenost\/\",\"url\":\"https:\/\/hudo.com\/si\/aktualno\/v-nemciji-rekordna-zaposlenost\/\",\"name\":\"V Nem\u010diji rekordna zaposlenost - Hudo Slovenija\",\"isPartOf\":{\"@id\":\"https:\/\/hudo.com\/si\/#website\"},\"datePublished\":\"2017-01-02T14:00:00+00:00\",\"dateModified\":\"2017-01-03T07:23:19+00:00\",\"breadcrumb\":{\"@id\":\"https:\/\/hudo.com\/si\/aktualno\/v-nemciji-rekordna-zaposlenost\/#breadcrumb\"},\"inLanguage\":\"sl-SI\",\"potentialAction\":[{\"@type\":\"ReadAction\",\"target\":[\"https:\/\/hudo.com\/si\/aktualno\/v-nemciji-rekordna-zaposlenost\/\"]}]},{\"@type\":\"BreadcrumbList\",\"@id\":\"https:\/\/hudo.com\/si\/aktualno\/v-nemciji-rekordna-zaposlenost\/#breadcrumb\",\"itemListElement\":[{\"@type\":\"ListItem\",\"position\":1,\"name\":\"Home\",\"item\":\"https:\/\/hudo.com\/si\/\"},{\"@type\":\"ListItem\",\"position\":2,\"name\":\"V Nem\u010diji rekordna zaposlenost\"}]},{\"@type\":\"WebSite\",\"@id\":\"https:\/\/hudo.com\/si\/#website\",\"url\":\"https:\/\/hudo.com\/si\/\",\"name\":\"Hudo Slovenija\",\"description\":\"Vse novice iz Slovenije in sveta\",\"publisher\":{\"@id\":\"https:\/\/hudo.com\/si\/#organization\"},\"potentialAction\":[{\"@type\":\"SearchAction\",\"target\":{\"@type\":\"EntryPoint\",\"urlTemplate\":\"https:\/\/hudo.com\/si\/?s={search_term_string}\"},\"query-input\":\"required name=search_term_string\"}],\"inLanguage\":\"sl-SI\"},{\"@type\":\"Organization\",\"@id\":\"https:\/\/hudo.com\/si\/#organization\",\"name\":\"VSN Media\",\"url\":\"https:\/\/hudo.com\/si\/\",\"logo\":{\"@type\":\"ImageObject\",\"inLanguage\":\"sl-SI\",\"@id\":\"https:\/\/hudo.com\/si\/#\/schema\/logo\/image\/\",\"url\":\"https:\/\/hudo.com\/si\/wp-content\/uploads\/sites\/2\/2021\/03\/hudo-app-2.png\",\"contentUrl\":\"https:\/\/hudo.com\/si\/wp-content\/uploads\/sites\/2\/2021\/03\/hudo-app-2.png\",\"width\":2185,\"height\":2167,\"caption\":\"VSN Media\"},\"image\":{\"@id\":\"https:\/\/hudo.com\/si\/#\/schema\/logo\/image\/\"},\"sameAs\":[\"https:\/\/www.facebook.com\/hudo.si\",\"https:\/\/twitter.com\/hudo_si\"]},{\"@type\":\"Person\",\"@id\":\"https:\/\/hudo.com\/si\/#\/schema\/person\/601cf3379633985b20f7e50f2bb47707\",\"name\":\"hudo\",\"image\":{\"@type\":\"ImageObject\",\"inLanguage\":\"sl-SI\",\"@id\":\"https:\/\/hudo.com\/si\/#\/schema\/person\/image\/\",\"url\":\"https:\/\/secure.gravatar.com\/avatar\/c4ca25fa72cace7a696b52ff5db9e095?s=96&d=mm&r=g\",\"contentUrl\":\"https:\/\/secure.gravatar.com\/avatar\/c4ca25fa72cace7a696b52ff5db9e095?s=96&d=mm&r=g\",\"caption\":\"hudo\"},\"url\":\"https:\/\/hudo.com\/si\/author\/hudo\/\"}]}<\/script>\n<!-- \/ Yoast SEO plugin. -->","yoast_head_json":{"title":"V Nem\u010diji rekordna zaposlenost - Hudo Slovenija","robots":{"index":"index","follow":"follow","max-snippet":"max-snippet:-1","max-image-preview":"max-image-preview:large","max-video-preview":"max-video-preview:-1"},"canonical":"https:\/\/hudo.com\/si\/aktualno\/v-nemciji-rekordna-zaposlenost\/","og_locale":"sl_SI","og_type":"article","og_title":"V Nem\u010diji rekordna zaposlenost - Hudo Slovenija","og_description":"Rekordno \u0161tevilo prostih delovnih mest je konec leta 2016 potisnilo zaposlenost v Nem\u010diji najvi\u0161je doslej, ka\u017eejo danes objavljeni podatki. Vrednost kazalnika, ki meri razpolo\u017eljiva delovna mesta, je decembra na letni ravni narasla za 21 to\u010dk, na 227 to\u010dk, \u0161tevilo zaposlenih pa se je tudi na ra\u010dun migrantov pove\u010dalo za odstotek, na 43,4 milijona. Zaposlenost se je v najve\u010djem evropskem gospodarstvu pove\u010dala \u017ee deseto leto zapored. \"Ve\u010dja zaposlenost doma\u010de populacije in migrantov je izni\u010dila negativne u\u010dinke demografskih u\u010dinkov,\" so pojasnili v nem\u0161kem statisti\u010dnem uradu. Nem\u010dija je namre\u010d med dr\u017eavami z najhitreje starajo\u010dim se prebivalstvom. Dobre razmere na trgu dela poganjajo nem\u0161ko potro\u0161njo, ki je postala klju\u010dni element gospodarske rasti v Nem\u010diji. Analitiki pa napovedujejo, da bodo v torek predstavljeni podatki pokazali padec stopnje brezposelnosti na rekordnih \u0161est odstotkov.Svet","og_url":"https:\/\/hudo.com\/si\/aktualno\/v-nemciji-rekordna-zaposlenost\/","og_site_name":"Hudo Slovenija","article_publisher":"https:\/\/www.facebook.com\/hudo.si","article_published_time":"2017-01-02T14:00:00+00:00","article_modified_time":"2017-01-03T07:23:19+00:00","og_image":[{"width":450,"height":301,"url":"https:\/\/hudo.com\/si\/wp-content\/uploads\/sites\/2\/2017\/01\/05693196-300.jpg","type":"image\/jpeg"}],"author":"hudo","twitter_card":"summary_large_image","twitter_creator":"@hudo_si","twitter_site":"@hudo_si","twitter_misc":{"Written by":"hudo","Est. reading time":"1 minuta"},"schema":{"@context":"https:\/\/schema.org","@graph":[{"@type":"Article","@id":"https:\/\/hudo.com\/si\/aktualno\/v-nemciji-rekordna-zaposlenost\/#article","isPartOf":{"@id":"https:\/\/hudo.com\/si\/aktualno\/v-nemciji-rekordna-zaposlenost\/"},"author":{"name":"hudo","@id":"https:\/\/hudo.com\/si\/#\/schema\/person\/601cf3379633985b20f7e50f2bb47707"},"headline":"V Nem\u010diji rekordna zaposlenost","datePublished":"2017-01-02T14:00:00+00:00","dateModified":"2017-01-03T07:23:19+00:00","mainEntityOfPage":{"@id":"https:\/\/hudo.com\/si\/aktualno\/v-nemciji-rekordna-zaposlenost\/"},"wordCount":153,"publisher":{"@id":"https:\/\/hudo.com\/si\/#organization"},"articleSection":["Aktualno"],"inLanguage":"sl-SI"},{"@type":"WebPage","@id":"https:\/\/hudo.com\/si\/aktualno\/v-nemciji-rekordna-zaposlenost\/","url":"https:\/\/hudo.com\/si\/aktualno\/v-nemciji-rekordna-zaposlenost\/","name":"V Nem\u010diji rekordna zaposlenost - Hudo Slovenija","isPartOf":{"@id":"https:\/\/hudo.com\/si\/#website"},"datePublished":"2017-01-02T14:00:00+00:00","dateModified":"2017-01-03T07:23:19+00:00","breadcrumb":{"@id":"https:\/\/hudo.com\/si\/aktualno\/v-nemciji-rekordna-zaposlenost\/#breadcrumb"},"inLanguage":"sl-SI","potentialAction":[{"@type":"ReadAction","target":["https:\/\/hudo.com\/si\/aktualno\/v-nemciji-rekordna-zaposlenost\/"]}]},{"@type":"BreadcrumbList","@id":"https:\/\/hudo.com\/si\/aktualno\/v-nemciji-rekordna-zaposlenost\/#breadcrumb","itemListElement":[{"@type":"ListItem","position":1,"name":"Home","item":"https:\/\/hudo.com\/si\/"},{"@type":"ListItem","position":2,"name":"V Nem\u010diji rekordna zaposlenost"}]},{"@type":"WebSite","@id":"https:\/\/hudo.com\/si\/#website","url":"https:\/\/hudo.com\/si\/","name":"Hudo Slovenija","description":"Vse novice iz Slovenije in sveta","publisher":{"@id":"https:\/\/hudo.com\/si\/#organization"},"potentialAction":[{"@type":"SearchAction","target":{"@type":"EntryPoint","urlTemplate":"https:\/\/hudo.com\/si\/?s={search_term_string}"},"query-input":"required name=search_term_string"}],"inLanguage":"sl-SI"},{"@type":"Organization","@id":"https:\/\/hudo.com\/si\/#organization","name":"VSN Media","url":"https:\/\/hudo.com\/si\/","logo":{"@type":"ImageObject","inLanguage":"sl-SI","@id":"https:\/\/hudo.com\/si\/#\/schema\/logo\/image\/","url":"https:\/\/hudo.com\/si\/wp-content\/uploads\/sites\/2\/2021\/03\/hudo-app-2.png","contentUrl":"https:\/\/hudo.com\/si\/wp-content\/uploads\/sites\/2\/2021\/03\/hudo-app-2.png","width":2185,"height":2167,"caption":"VSN Media"},"image":{"@id":"https:\/\/hudo.com\/si\/#\/schema\/logo\/image\/"},"sameAs":["https:\/\/www.facebook.com\/hudo.si","https:\/\/twitter.com\/hudo_si"]},{"@type":"Person","@id":"https:\/\/hudo.com\/si\/#\/schema\/person\/601cf3379633985b20f7e50f2bb47707","name":"hudo","image":{"@type":"ImageObject","inLanguage":"sl-SI","@id":"https:\/\/hudo.com\/si\/#\/schema\/person\/image\/","url":"https:\/\/secure.gravatar.com\/avatar\/c4ca25fa72cace7a696b52ff5db9e095?s=96&d=mm&r=g","contentUrl":"https:\/\/secure.gravatar.com\/avatar\/c4ca25fa72cace7a696b52ff5db9e095?s=96&d=mm&r=g","caption":"hudo"},"url":"https:\/\/hudo.com\/si\/author\/hudo\/"}]}},"amp_enabled":true,"_links":{"self":[{"href":"https:\/\/hudo.com\/si\/wp-json\/wp\/v2\/posts\/182389"}],"collection":[{"href":"https:\/\/hudo.com\/si\/wp-json\/wp\/v2\/posts"}],"about":[{"href":"https:\/\/hudo.com\/si\/wp-json\/wp\/v2\/types\/post"}],"author":[{"embeddable":true,"href":"https:\/\/hudo.com\/si\/wp-json\/wp\/v2\/users\/1"}],"replies":[{"embeddable":true,"href":"https:\/\/hudo.com\/si\/wp-json\/wp\/v2\/comments?post=182389"}],"version-history":[{"count":1,"href":"https:\/\/hudo.com\/si\/wp-json\/wp\/v2\/posts\/182389\/revisions"}],"predecessor-version":[{"id":182397,"href":"https:\/\/hudo.com\/si\/wp-json\/wp\/v2\/posts\/182389\/revisions\/182397"}],"wp:attachment":[{"href":"https:\/\/hudo.com\/si\/wp-json\/wp\/v2\/media?parent=182389"}],"wp:term":[{"taxonomy":"category","embeddable":true,"href":"https:\/\/hudo.com\/si\/wp-json\/wp\/v2\/categories?post=182389"},{"taxonomy":"post_tag","embeddable":true,"href":"https:\/\/hudo.com\/si\/wp-json\/wp\/v2\/tags?post=182389"},{"taxonomy":"source","embeddable":true,"href":"https:\/\/hudo.com\/si\/wp-json\/wp\/v2\/source?post=182389"},{"taxonomy":"supertag","embeddable":true,"href":"https:\/\/hudo.com\/si\/wp-json\/wp\/v2\/supertag?post=182389"}],"curies":[{"name":"wp","href":"https:\/\/api.w.org\/{rel}","templated":true}]}}