{"id":182936,"date":"2017-01-03T15:30:00","date_gmt":"2017-01-03T14:30:00","guid":{"rendered":"http:\/\/hudo.com\/si\/2017\/01\/03\/neznanci-oskrunili-kapelico-na-smarni-gori\/"},"modified":"2017-01-03T22:02:01","modified_gmt":"2017-01-03T21:02:01","slug":"neznanci-oskrunili-kapelico-na-smarni-gori","status":"publish","type":"post","link":"https:\/\/hudo.com\/si\/aktualno\/neznanci-oskrunili-kapelico-na-smarni-gori\/","title":{"rendered":"Neznanci oskrunili kapelico na \u0160marni gori"},"content":{"rendered":"<p>Na Policijski upravi Ljubljana so dobili prijavo, da so neznanci z napisi Allahu Akhbar in Sharia oskrunili kapelico na \u0160marni gori. Kot so povedali, zadevo \u0161e preiskujejo. V Islamski skupnosti v Sloveniji so v odzivu na dejanje zapisali, da ostro obsojajo vandalizem, ki se je zgodil na pro\u010delju kapelice. Tak\u0161na dejanja so za njihovo skupnost nesprejemljiva, zato pri\u010dakujejo, da bo policija izsledila storilce in ustrezno ukrepala. Slovenska \u0161kofovska konferenca z zaskrbljenostjo spremlja pojave verske nestrpnosti in oskrunitve verskih objektov v Sloveniji, so zapisali. Grafit na kapelici na \u0160marni gori razumejo kot dejanje, ki je usmerjeno proti mirnemu so\u017eitju med verskimi skupnostmi v Sloveniji. Zato se pridru\u017eujejo pozivu Islamske skupnosti v Sloveniji, naj pristojni dr\u017eavni organi odkrijejo storilce in ustrezno ukrepajo. Obenem pozivajo dr\u017eavne oblasti, civilnodru\u017ebene organizacije in medije, da se v slovenski javnosti zavzemajo za spo\u0161tljiv odnos do verskih skupnosti, vernikov in prostorov, v katerih izvajajo versko dejavnost. Vandalizem nad kapelico na \u0160marni gori je ostro obsodil tudi predsednik dr\u017eavnega zbora Milan Brglez. &#8220;Gre za nezasli\u0161ano dejanje, ki ka\u017ee na nestrpnost do verujo\u010dih. V Sloveniji ni in ne sme biti prostora za nobeno obliko nestrpnosti,&#8221; je navedel. Vse dr\u017eavljane in dr\u017eavljanke je pozval, da prihodnost na\u0161e dr\u017eave gradimo ne glede na svetovnonazorske razlike, na tistem, kar nas zdru\u017euje, saj bo na\u0161a domovina le tako imela prihodnost. V minulem letu je bilo v Sloveniji ve\u010d skrunitev verskih objektov in stvari. V za\u010detku leta so neznanci na gradbi\u0161\u010du Islamskega kulturnega centra v Ljubljani dvakrat odvrgli svinjske glave. Junija je vandal z \u017ealjivimi vsebinami popisal fasado celjske stolnice, vhodna vrata in vgrajene nagrobne spomenike. V novembru se je neznani storilec spravil na koprsko stolnico, ko je s kladivom razbil stekleno pregrado na oltarju in nato po\u0161kodoval dragocen kip \u017dalostne Matere Bo\u017eje. (sta)Slovenija<\/p>\n","protected":false},"excerpt":{"rendered":"<p>Na Policijski upravi Ljubljana so dobili prijavo, da so neznanci z napisi Allahu Akhbar in Sharia oskrunili kapelico na \u0160marni gori. Kot so povedali, zadevo \u0161e preiskujejo. V Islamski skupnosti v Sloveniji so v odzivu na dejanje zapisali, da ostro obsojajo vandalizem, ki se je zgodil na pro\u010delju kapelice. Tak\u0161na dejanja so za njihovo skupnost nesprejemljiva, zato pri\u010dakujejo, da bo policija izsledila storilce in ustrezno ukrepala. Slovenska \u0161kofovska konferenca z zaskrbljenostjo spremlja pojave verske nestrpnosti in oskrunitve verskih objektov v Sloveniji, so zapisali. Grafit na kapelici na \u0160marni gori razumejo kot dejanje, ki je usmerjeno proti mirnemu so\u017eitju med verskimi skupnostmi v Sloveniji. Zato se pridru\u017eujejo pozivu Islamske skupnosti v Sloveniji, naj pristojni dr\u017eavni organi odkrijejo storilce in ustrezno ukrepajo. Obenem pozivajo dr\u017eavne oblasti, civilnodru\u017ebene organizacije in medije, da se v slovenski javnosti zavzemajo za spo\u0161tljiv odnos do verskih skupnosti, vernikov in prostorov, v katerih izvajajo versko dejavnost. Vandalizem nad kapelico na \u0160marni gori je ostro obsodil tudi predsednik dr\u017eavnega zbora Milan Brglez. &#8220;Gre za nezasli\u0161ano dejanje, ki ka\u017ee na nestrpnost do verujo\u010dih. V Sloveniji ni in ne sme biti prostora za nobeno obliko nestrpnosti,&#8221; je navedel. Vse dr\u017eavljane in dr\u017eavljanke je pozval, da prihodnost na\u0161e dr\u017eave gradimo ne glede na svetovnonazorske razlike, na tistem, kar nas zdru\u017euje, saj bo na\u0161a domovina le tako imela prihodnost. V minulem letu je bilo v Sloveniji ve\u010d skrunitev verskih objektov in stvari. V za\u010detku leta so neznanci na gradbi\u0161\u010du Islamskega kulturnega centra v Ljubljani dvakrat odvrgli svinjske glave. Junija je vandal z \u017ealjivimi vsebinami popisal fasado celjske stolnice, vhodna vrata in vgrajene nagrobne spomenike. V novembru se je neznani storilec spravil na koprsko stolnico, ko je s kladivom razbil stekleno pregrado na oltarju in nato po\u0161kodoval dragocen kip \u017dalostne Matere Bo\u017eje. (sta)Slovenija<\/p>\n","protected":false},"author":1,"featured_media":0,"comment_status":"closed","ping_status":"closed","sticky":false,"template":"","format":"standard","meta":{"footnotes":""},"categories":[1179],"tags":[],"source":[1711],"supertag":[],"acf":[],"yoast_head":"<!-- This site is optimized with the Yoast SEO plugin v21.3 - https:\/\/yoast.com\/wordpress\/plugins\/seo\/ -->\n<title>Neznanci oskrunili kapelico na \u0160marni gori - Hudo Slovenija<\/title>\n<meta name=\"robots\" content=\"index, follow, max-snippet:-1, max-image-preview:large, max-video-preview:-1\" \/>\n<link rel=\"canonical\" href=\"https:\/\/hudo.com\/si\/aktualno\/neznanci-oskrunili-kapelico-na-smarni-gori\/\" \/>\n<meta property=\"og:locale\" content=\"sl_SI\" \/>\n<meta property=\"og:type\" content=\"article\" \/>\n<meta property=\"og:title\" content=\"Neznanci oskrunili kapelico na \u0160marni gori - Hudo Slovenija\" \/>\n<meta property=\"og:description\" content=\"Na Policijski upravi Ljubljana so dobili prijavo, da so neznanci z napisi Allahu Akhbar in Sharia oskrunili kapelico na \u0160marni gori. Kot so povedali, zadevo \u0161e preiskujejo. V Islamski skupnosti v Sloveniji so v odzivu na dejanje zapisali, da ostro obsojajo vandalizem, ki se je zgodil na pro\u010delju kapelice. Tak\u0161na dejanja so za njihovo skupnost nesprejemljiva, zato pri\u010dakujejo, da bo policija izsledila storilce in ustrezno ukrepala. Slovenska \u0161kofovska konferenca z zaskrbljenostjo spremlja pojave verske nestrpnosti in oskrunitve verskih objektov v Sloveniji, so zapisali. Grafit na kapelici na \u0160marni gori razumejo kot dejanje, ki je usmerjeno proti mirnemu so\u017eitju med verskimi skupnostmi v Sloveniji. Zato se pridru\u017eujejo pozivu Islamske skupnosti v Sloveniji, naj pristojni dr\u017eavni organi odkrijejo storilce in ustrezno ukrepajo. Obenem pozivajo dr\u017eavne oblasti, civilnodru\u017ebene organizacije in medije, da se v slovenski javnosti zavzemajo za spo\u0161tljiv odnos do verskih skupnosti, vernikov in prostorov, v katerih izvajajo versko dejavnost. Vandalizem nad kapelico na \u0160marni gori je ostro obsodil tudi predsednik dr\u017eavnega zbora Milan Brglez. &quot;Gre za nezasli\u0161ano dejanje, ki ka\u017ee na nestrpnost do verujo\u010dih. V Sloveniji ni in ne sme biti prostora za nobeno obliko nestrpnosti,&quot; je navedel. Vse dr\u017eavljane in dr\u017eavljanke je pozval, da prihodnost na\u0161e dr\u017eave gradimo ne glede na svetovnonazorske razlike, na tistem, kar nas zdru\u017euje, saj bo na\u0161a domovina le tako imela prihodnost. V minulem letu je bilo v Sloveniji ve\u010d skrunitev verskih objektov in stvari. V za\u010detku leta so neznanci na gradbi\u0161\u010du Islamskega kulturnega centra v Ljubljani dvakrat odvrgli svinjske glave. Junija je vandal z \u017ealjivimi vsebinami popisal fasado celjske stolnice, vhodna vrata in vgrajene nagrobne spomenike. V novembru se je neznani storilec spravil na koprsko stolnico, ko je s kladivom razbil stekleno pregrado na oltarju in nato po\u0161kodoval dragocen kip \u017dalostne Matere Bo\u017eje. (sta)Slovenija\" \/>\n<meta property=\"og:url\" content=\"https:\/\/hudo.com\/si\/aktualno\/neznanci-oskrunili-kapelico-na-smarni-gori\/\" \/>\n<meta property=\"og:site_name\" content=\"Hudo Slovenija\" \/>\n<meta property=\"article:publisher\" content=\"https:\/\/www.facebook.com\/hudo.si\" \/>\n<meta property=\"article:published_time\" content=\"2017-01-03T14:30:00+00:00\" \/>\n<meta property=\"article:modified_time\" content=\"2017-01-03T21:02:01+00:00\" \/>\n<meta property=\"og:image\" content=\"https:\/\/hudo.com\/si\/wp-content\/uploads\/sites\/2\/2017\/01\/82d81c26bb03ed80a69fafbfa1f4fd0b-300.jpg\" \/>\n\t<meta property=\"og:image:width\" content=\"450\" \/>\n\t<meta property=\"og:image:height\" content=\"337\" \/>\n\t<meta property=\"og:image:type\" content=\"image\/jpeg\" \/>\n<meta name=\"author\" content=\"hudo\" \/>\n<meta name=\"twitter:card\" content=\"summary_large_image\" \/>\n<meta name=\"twitter:creator\" content=\"@hudo_si\" \/>\n<meta name=\"twitter:site\" content=\"@hudo_si\" \/>\n<meta name=\"twitter:label1\" content=\"Written by\" \/>\n\t<meta name=\"twitter:data1\" content=\"hudo\" \/>\n\t<meta name=\"twitter:label2\" content=\"Est. reading time\" \/>\n\t<meta name=\"twitter:data2\" content=\"2 minuti\" \/>\n<script type=\"application\/ld+json\" class=\"yoast-schema-graph\">{\"@context\":\"https:\/\/schema.org\",\"@graph\":[{\"@type\":\"Article\",\"@id\":\"https:\/\/hudo.com\/si\/aktualno\/neznanci-oskrunili-kapelico-na-smarni-gori\/#article\",\"isPartOf\":{\"@id\":\"https:\/\/hudo.com\/si\/aktualno\/neznanci-oskrunili-kapelico-na-smarni-gori\/\"},\"author\":{\"name\":\"hudo\",\"@id\":\"https:\/\/hudo.com\/si\/#\/schema\/person\/601cf3379633985b20f7e50f2bb47707\"},\"headline\":\"Neznanci oskrunili kapelico na \u0160marni gori\",\"datePublished\":\"2017-01-03T14:30:00+00:00\",\"dateModified\":\"2017-01-03T21:02:01+00:00\",\"mainEntityOfPage\":{\"@id\":\"https:\/\/hudo.com\/si\/aktualno\/neznanci-oskrunili-kapelico-na-smarni-gori\/\"},\"wordCount\":319,\"publisher\":{\"@id\":\"https:\/\/hudo.com\/si\/#organization\"},\"articleSection\":[\"Aktualno\"],\"inLanguage\":\"sl-SI\"},{\"@type\":\"WebPage\",\"@id\":\"https:\/\/hudo.com\/si\/aktualno\/neznanci-oskrunili-kapelico-na-smarni-gori\/\",\"url\":\"https:\/\/hudo.com\/si\/aktualno\/neznanci-oskrunili-kapelico-na-smarni-gori\/\",\"name\":\"Neznanci oskrunili kapelico na \u0160marni gori - Hudo Slovenija\",\"isPartOf\":{\"@id\":\"https:\/\/hudo.com\/si\/#website\"},\"datePublished\":\"2017-01-03T14:30:00+00:00\",\"dateModified\":\"2017-01-03T21:02:01+00:00\",\"breadcrumb\":{\"@id\":\"https:\/\/hudo.com\/si\/aktualno\/neznanci-oskrunili-kapelico-na-smarni-gori\/#breadcrumb\"},\"inLanguage\":\"sl-SI\",\"potentialAction\":[{\"@type\":\"ReadAction\",\"target\":[\"https:\/\/hudo.com\/si\/aktualno\/neznanci-oskrunili-kapelico-na-smarni-gori\/\"]}]},{\"@type\":\"BreadcrumbList\",\"@id\":\"https:\/\/hudo.com\/si\/aktualno\/neznanci-oskrunili-kapelico-na-smarni-gori\/#breadcrumb\",\"itemListElement\":[{\"@type\":\"ListItem\",\"position\":1,\"name\":\"Home\",\"item\":\"https:\/\/hudo.com\/si\/\"},{\"@type\":\"ListItem\",\"position\":2,\"name\":\"Neznanci oskrunili kapelico na \u0160marni gori\"}]},{\"@type\":\"WebSite\",\"@id\":\"https:\/\/hudo.com\/si\/#website\",\"url\":\"https:\/\/hudo.com\/si\/\",\"name\":\"Hudo Slovenija\",\"description\":\"Vse novice iz Slovenije in sveta\",\"publisher\":{\"@id\":\"https:\/\/hudo.com\/si\/#organization\"},\"potentialAction\":[{\"@type\":\"SearchAction\",\"target\":{\"@type\":\"EntryPoint\",\"urlTemplate\":\"https:\/\/hudo.com\/si\/?s={search_term_string}\"},\"query-input\":\"required name=search_term_string\"}],\"inLanguage\":\"sl-SI\"},{\"@type\":\"Organization\",\"@id\":\"https:\/\/hudo.com\/si\/#organization\",\"name\":\"VSN Media\",\"url\":\"https:\/\/hudo.com\/si\/\",\"logo\":{\"@type\":\"ImageObject\",\"inLanguage\":\"sl-SI\",\"@id\":\"https:\/\/hudo.com\/si\/#\/schema\/logo\/image\/\",\"url\":\"https:\/\/hudo.com\/si\/wp-content\/uploads\/sites\/2\/2021\/03\/hudo-app-2.png\",\"contentUrl\":\"https:\/\/hudo.com\/si\/wp-content\/uploads\/sites\/2\/2021\/03\/hudo-app-2.png\",\"width\":2185,\"height\":2167,\"caption\":\"VSN Media\"},\"image\":{\"@id\":\"https:\/\/hudo.com\/si\/#\/schema\/logo\/image\/\"},\"sameAs\":[\"https:\/\/www.facebook.com\/hudo.si\",\"https:\/\/twitter.com\/hudo_si\"]},{\"@type\":\"Person\",\"@id\":\"https:\/\/hudo.com\/si\/#\/schema\/person\/601cf3379633985b20f7e50f2bb47707\",\"name\":\"hudo\",\"image\":{\"@type\":\"ImageObject\",\"inLanguage\":\"sl-SI\",\"@id\":\"https:\/\/hudo.com\/si\/#\/schema\/person\/image\/\",\"url\":\"https:\/\/secure.gravatar.com\/avatar\/c4ca25fa72cace7a696b52ff5db9e095?s=96&d=mm&r=g\",\"contentUrl\":\"https:\/\/secure.gravatar.com\/avatar\/c4ca25fa72cace7a696b52ff5db9e095?s=96&d=mm&r=g\",\"caption\":\"hudo\"},\"url\":\"https:\/\/hudo.com\/si\/author\/hudo\/\"}]}<\/script>\n<!-- \/ Yoast SEO plugin. -->","yoast_head_json":{"title":"Neznanci oskrunili kapelico na \u0160marni gori - Hudo Slovenija","robots":{"index":"index","follow":"follow","max-snippet":"max-snippet:-1","max-image-preview":"max-image-preview:large","max-video-preview":"max-video-preview:-1"},"canonical":"https:\/\/hudo.com\/si\/aktualno\/neznanci-oskrunili-kapelico-na-smarni-gori\/","og_locale":"sl_SI","og_type":"article","og_title":"Neznanci oskrunili kapelico na \u0160marni gori - Hudo Slovenija","og_description":"Na Policijski upravi Ljubljana so dobili prijavo, da so neznanci z napisi Allahu Akhbar in Sharia oskrunili kapelico na \u0160marni gori. Kot so povedali, zadevo \u0161e preiskujejo. V Islamski skupnosti v Sloveniji so v odzivu na dejanje zapisali, da ostro obsojajo vandalizem, ki se je zgodil na pro\u010delju kapelice. Tak\u0161na dejanja so za njihovo skupnost nesprejemljiva, zato pri\u010dakujejo, da bo policija izsledila storilce in ustrezno ukrepala. Slovenska \u0161kofovska konferenca z zaskrbljenostjo spremlja pojave verske nestrpnosti in oskrunitve verskih objektov v Sloveniji, so zapisali. Grafit na kapelici na \u0160marni gori razumejo kot dejanje, ki je usmerjeno proti mirnemu so\u017eitju med verskimi skupnostmi v Sloveniji. Zato se pridru\u017eujejo pozivu Islamske skupnosti v Sloveniji, naj pristojni dr\u017eavni organi odkrijejo storilce in ustrezno ukrepajo. Obenem pozivajo dr\u017eavne oblasti, civilnodru\u017ebene organizacije in medije, da se v slovenski javnosti zavzemajo za spo\u0161tljiv odnos do verskih skupnosti, vernikov in prostorov, v katerih izvajajo versko dejavnost. Vandalizem nad kapelico na \u0160marni gori je ostro obsodil tudi predsednik dr\u017eavnega zbora Milan Brglez. \"Gre za nezasli\u0161ano dejanje, ki ka\u017ee na nestrpnost do verujo\u010dih. V Sloveniji ni in ne sme biti prostora za nobeno obliko nestrpnosti,\" je navedel. Vse dr\u017eavljane in dr\u017eavljanke je pozval, da prihodnost na\u0161e dr\u017eave gradimo ne glede na svetovnonazorske razlike, na tistem, kar nas zdru\u017euje, saj bo na\u0161a domovina le tako imela prihodnost. V minulem letu je bilo v Sloveniji ve\u010d skrunitev verskih objektov in stvari. V za\u010detku leta so neznanci na gradbi\u0161\u010du Islamskega kulturnega centra v Ljubljani dvakrat odvrgli svinjske glave. Junija je vandal z \u017ealjivimi vsebinami popisal fasado celjske stolnice, vhodna vrata in vgrajene nagrobne spomenike. V novembru se je neznani storilec spravil na koprsko stolnico, ko je s kladivom razbil stekleno pregrado na oltarju in nato po\u0161kodoval dragocen kip \u017dalostne Matere Bo\u017eje. (sta)Slovenija","og_url":"https:\/\/hudo.com\/si\/aktualno\/neznanci-oskrunili-kapelico-na-smarni-gori\/","og_site_name":"Hudo Slovenija","article_publisher":"https:\/\/www.facebook.com\/hudo.si","article_published_time":"2017-01-03T14:30:00+00:00","article_modified_time":"2017-01-03T21:02:01+00:00","og_image":[{"width":450,"height":337,"url":"https:\/\/hudo.com\/si\/wp-content\/uploads\/sites\/2\/2017\/01\/82d81c26bb03ed80a69fafbfa1f4fd0b-300.jpg","type":"image\/jpeg"}],"author":"hudo","twitter_card":"summary_large_image","twitter_creator":"@hudo_si","twitter_site":"@hudo_si","twitter_misc":{"Written by":"hudo","Est. reading time":"2 minuti"},"schema":{"@context":"https:\/\/schema.org","@graph":[{"@type":"Article","@id":"https:\/\/hudo.com\/si\/aktualno\/neznanci-oskrunili-kapelico-na-smarni-gori\/#article","isPartOf":{"@id":"https:\/\/hudo.com\/si\/aktualno\/neznanci-oskrunili-kapelico-na-smarni-gori\/"},"author":{"name":"hudo","@id":"https:\/\/hudo.com\/si\/#\/schema\/person\/601cf3379633985b20f7e50f2bb47707"},"headline":"Neznanci oskrunili kapelico na \u0160marni gori","datePublished":"2017-01-03T14:30:00+00:00","dateModified":"2017-01-03T21:02:01+00:00","mainEntityOfPage":{"@id":"https:\/\/hudo.com\/si\/aktualno\/neznanci-oskrunili-kapelico-na-smarni-gori\/"},"wordCount":319,"publisher":{"@id":"https:\/\/hudo.com\/si\/#organization"},"articleSection":["Aktualno"],"inLanguage":"sl-SI"},{"@type":"WebPage","@id":"https:\/\/hudo.com\/si\/aktualno\/neznanci-oskrunili-kapelico-na-smarni-gori\/","url":"https:\/\/hudo.com\/si\/aktualno\/neznanci-oskrunili-kapelico-na-smarni-gori\/","name":"Neznanci oskrunili kapelico na \u0160marni gori - Hudo Slovenija","isPartOf":{"@id":"https:\/\/hudo.com\/si\/#website"},"datePublished":"2017-01-03T14:30:00+00:00","dateModified":"2017-01-03T21:02:01+00:00","breadcrumb":{"@id":"https:\/\/hudo.com\/si\/aktualno\/neznanci-oskrunili-kapelico-na-smarni-gori\/#breadcrumb"},"inLanguage":"sl-SI","potentialAction":[{"@type":"ReadAction","target":["https:\/\/hudo.com\/si\/aktualno\/neznanci-oskrunili-kapelico-na-smarni-gori\/"]}]},{"@type":"BreadcrumbList","@id":"https:\/\/hudo.com\/si\/aktualno\/neznanci-oskrunili-kapelico-na-smarni-gori\/#breadcrumb","itemListElement":[{"@type":"ListItem","position":1,"name":"Home","item":"https:\/\/hudo.com\/si\/"},{"@type":"ListItem","position":2,"name":"Neznanci oskrunili kapelico na \u0160marni gori"}]},{"@type":"WebSite","@id":"https:\/\/hudo.com\/si\/#website","url":"https:\/\/hudo.com\/si\/","name":"Hudo Slovenija","description":"Vse novice iz Slovenije in sveta","publisher":{"@id":"https:\/\/hudo.com\/si\/#organization"},"potentialAction":[{"@type":"SearchAction","target":{"@type":"EntryPoint","urlTemplate":"https:\/\/hudo.com\/si\/?s={search_term_string}"},"query-input":"required name=search_term_string"}],"inLanguage":"sl-SI"},{"@type":"Organization","@id":"https:\/\/hudo.com\/si\/#organization","name":"VSN Media","url":"https:\/\/hudo.com\/si\/","logo":{"@type":"ImageObject","inLanguage":"sl-SI","@id":"https:\/\/hudo.com\/si\/#\/schema\/logo\/image\/","url":"https:\/\/hudo.com\/si\/wp-content\/uploads\/sites\/2\/2021\/03\/hudo-app-2.png","contentUrl":"https:\/\/hudo.com\/si\/wp-content\/uploads\/sites\/2\/2021\/03\/hudo-app-2.png","width":2185,"height":2167,"caption":"VSN Media"},"image":{"@id":"https:\/\/hudo.com\/si\/#\/schema\/logo\/image\/"},"sameAs":["https:\/\/www.facebook.com\/hudo.si","https:\/\/twitter.com\/hudo_si"]},{"@type":"Person","@id":"https:\/\/hudo.com\/si\/#\/schema\/person\/601cf3379633985b20f7e50f2bb47707","name":"hudo","image":{"@type":"ImageObject","inLanguage":"sl-SI","@id":"https:\/\/hudo.com\/si\/#\/schema\/person\/image\/","url":"https:\/\/secure.gravatar.com\/avatar\/c4ca25fa72cace7a696b52ff5db9e095?s=96&d=mm&r=g","contentUrl":"https:\/\/secure.gravatar.com\/avatar\/c4ca25fa72cace7a696b52ff5db9e095?s=96&d=mm&r=g","caption":"hudo"},"url":"https:\/\/hudo.com\/si\/author\/hudo\/"}]}},"amp_enabled":true,"_links":{"self":[{"href":"https:\/\/hudo.com\/si\/wp-json\/wp\/v2\/posts\/182936"}],"collection":[{"href":"https:\/\/hudo.com\/si\/wp-json\/wp\/v2\/posts"}],"about":[{"href":"https:\/\/hudo.com\/si\/wp-json\/wp\/v2\/types\/post"}],"author":[{"embeddable":true,"href":"https:\/\/hudo.com\/si\/wp-json\/wp\/v2\/users\/1"}],"replies":[{"embeddable":true,"href":"https:\/\/hudo.com\/si\/wp-json\/wp\/v2\/comments?post=182936"}],"version-history":[{"count":1,"href":"https:\/\/hudo.com\/si\/wp-json\/wp\/v2\/posts\/182936\/revisions"}],"predecessor-version":[{"id":183009,"href":"https:\/\/hudo.com\/si\/wp-json\/wp\/v2\/posts\/182936\/revisions\/183009"}],"wp:attachment":[{"href":"https:\/\/hudo.com\/si\/wp-json\/wp\/v2\/media?parent=182936"}],"wp:term":[{"taxonomy":"category","embeddable":true,"href":"https:\/\/hudo.com\/si\/wp-json\/wp\/v2\/categories?post=182936"},{"taxonomy":"post_tag","embeddable":true,"href":"https:\/\/hudo.com\/si\/wp-json\/wp\/v2\/tags?post=182936"},{"taxonomy":"source","embeddable":true,"href":"https:\/\/hudo.com\/si\/wp-json\/wp\/v2\/source?post=182936"},{"taxonomy":"supertag","embeddable":true,"href":"https:\/\/hudo.com\/si\/wp-json\/wp\/v2\/supertag?post=182936"}],"curies":[{"name":"wp","href":"https:\/\/api.w.org\/{rel}","templated":true}]}}