{"id":182938,"date":"2017-01-03T15:21:00","date_gmt":"2017-01-03T14:21:00","guid":{"rendered":"http:\/\/hudo.com\/si\/2017\/01\/03\/tudi-v-innsbrucku-sesterica-slovencev-kvalifikacije-kraftu\/"},"modified":"2017-01-03T15:21:00","modified_gmt":"2017-01-03T14:21:00","slug":"tudi-v-innsbrucku-sesterica-slovencev-kvalifikacije-kraftu","status":"publish","type":"post","link":"https:\/\/hudo.com\/si\/aktualno\/tudi-v-innsbrucku-sesterica-slovencev-kvalifikacije-kraftu\/","title":{"rendered":"Tudi v Innsbrucku \u0161esterica Slovencev, kvalifikacije Kraftu"},"content":{"rendered":"<p>Kategorija: Zimski Tue, 03 Jan 2017 16:21:00 +0100  Innsbruck &#8211; Novoletna skakalna turneja \u0161tirih skakalnic se je iz Nem\u010dije preselila v Avstrijo, kjer se bo s tretjo preizku\u0161njo nadaljevala jutri (z za\u010detkom ob 14. uri) v Innsbrucku. Trenutni polo\u017eaj pri vrhu skupne razvrstitve turneje obeta razburljiv in do konca negotov boj za skupno zmago, v katerega so vpleteni Poljak Kamil Stoch, ki je dana\u0161nje kvalifikacije izpustil, Norve\u017ean Daniel Andre Tande in Avstrijec Stefan Kraft, ki si je danes z najdalj\u0161im skokom (134.5 metra) po\u0161teno pokoril konkurenco, prvega izzivalca, Poljaka Macieja Kota, pa pustil za seboj za 3,6 to\u010dke. Slovenska sedmerica ni krojila vrha, vnovi\u010d so bili najprepri\u010dljivej\u0161i bratje Prevc, med njimi najbolj Cene z desetim dose\u017ekom in poskusom, dolgim 126.5 metra. Pol metra kraj\u0161i je bil njegov starej\u0161i brat Peter (14. mesto), pol metra dalj\u0161i pa najmlaj\u0161i Domen (18.\u00a0&#8230;<\/p>\n","protected":false},"excerpt":{"rendered":"<p>Kategorija: Zimski Tue, 03 Jan 2017 16:21:00 +0100  Innsbruck &#8211; Novoletna skakalna turneja \u0161tirih skakalnic se je iz Nem\u010dije preselila v Avstrijo, kjer se bo s tretjo preizku\u0161njo nadaljevala jutri (z za\u010detkom ob 14. uri) v Innsbrucku. Trenutni polo\u017eaj pri vrhu skupne razvrstitve turneje obeta razburljiv in do konca negotov boj za skupno zmago, v katerega so vpleteni Poljak Kamil Stoch, ki je dana\u0161nje kvalifikacije izpustil, Norve\u017ean Daniel Andre Tande in Avstrijec Stefan Kraft, ki si je danes z najdalj\u0161im skokom (134.5 metra) po\u0161teno pokoril konkurenco, prvega izzivalca, Poljaka Macieja Kota, pa pustil za seboj za 3,6 to\u010dke. Slovenska sedmerica ni krojila vrha, vnovi\u010d so bili najprepri\u010dljivej\u0161i bratje Prevc, med njimi najbolj Cene z desetim dose\u017ekom in poskusom, dolgim 126.5 metra. Pol metra kraj\u0161i je bil njegov starej\u0161i brat Peter (14. mesto), pol metra dalj\u0161i pa najmlaj\u0161i Domen (18.\u00a0&#8230;<\/p>\n","protected":false},"author":1,"featured_media":0,"comment_status":"closed","ping_status":"closed","sticky":false,"template":"","format":"standard","meta":{"footnotes":""},"categories":[1179],"tags":[],"source":[1703],"supertag":[],"acf":[],"yoast_head":"<!-- This site is optimized with the Yoast SEO plugin v21.3 - https:\/\/yoast.com\/wordpress\/plugins\/seo\/ -->\n<title>Tudi v Innsbrucku \u0161esterica Slovencev, kvalifikacije Kraftu - Hudo Slovenija<\/title>\n<meta name=\"robots\" content=\"index, follow, max-snippet:-1, max-image-preview:large, max-video-preview:-1\" \/>\n<link rel=\"canonical\" href=\"https:\/\/hudo.com\/si\/aktualno\/tudi-v-innsbrucku-sesterica-slovencev-kvalifikacije-kraftu\/\" \/>\n<meta property=\"og:locale\" content=\"sl_SI\" \/>\n<meta property=\"og:type\" content=\"article\" \/>\n<meta property=\"og:title\" content=\"Tudi v Innsbrucku \u0161esterica Slovencev, kvalifikacije Kraftu - Hudo Slovenija\" \/>\n<meta property=\"og:description\" content=\"Kategorija: Zimski Tue, 03 Jan 2017 16:21:00 +0100 Innsbruck - Novoletna skakalna turneja \u0161tirih skakalnic se je iz Nem\u010dije preselila v Avstrijo, kjer se bo s tretjo preizku\u0161njo nadaljevala jutri (z za\u010detkom ob 14. uri) v Innsbrucku. Trenutni polo\u017eaj pri vrhu skupne razvrstitve turneje obeta razburljiv in do konca negotov boj za skupno zmago, v katerega so vpleteni Poljak Kamil Stoch, ki je dana\u0161nje kvalifikacije izpustil, Norve\u017ean Daniel Andre Tande in Avstrijec Stefan Kraft, ki si je danes z najdalj\u0161im skokom (134.5 metra) po\u0161teno pokoril konkurenco, prvega izzivalca, Poljaka Macieja Kota, pa pustil za seboj za 3,6 to\u010dke. Slovenska sedmerica ni krojila vrha, vnovi\u010d so bili najprepri\u010dljivej\u0161i bratje Prevc, med njimi najbolj Cene z desetim dose\u017ekom in poskusom, dolgim 126.5 metra. Pol metra kraj\u0161i je bil njegov starej\u0161i brat Peter (14. mesto), pol metra dalj\u0161i pa najmlaj\u0161i Domen (18.\u00a0...\" \/>\n<meta property=\"og:url\" content=\"https:\/\/hudo.com\/si\/aktualno\/tudi-v-innsbrucku-sesterica-slovencev-kvalifikacije-kraftu\/\" \/>\n<meta property=\"og:site_name\" content=\"Hudo Slovenija\" \/>\n<meta property=\"article:publisher\" content=\"https:\/\/www.facebook.com\/hudo.si\" \/>\n<meta property=\"article:published_time\" content=\"2017-01-03T14:21:00+00:00\" \/>\n<meta property=\"og:image\" content=\"https:\/\/hudo.com\/si\/wp-content\/uploads\/sites\/2\/2017\/01\/480x290_AFP_Photo-20170103135408-32406000.jpeg\" \/>\n\t<meta property=\"og:image:width\" content=\"480\" \/>\n\t<meta property=\"og:image:height\" content=\"290\" \/>\n\t<meta property=\"og:image:type\" content=\"image\/jpeg\" \/>\n<meta name=\"author\" content=\"hudo\" \/>\n<meta name=\"twitter:card\" content=\"summary_large_image\" \/>\n<meta name=\"twitter:creator\" content=\"@hudo_si\" \/>\n<meta name=\"twitter:site\" content=\"@hudo_si\" \/>\n<meta name=\"twitter:label1\" content=\"Written by\" \/>\n\t<meta name=\"twitter:data1\" content=\"hudo\" \/>\n\t<meta name=\"twitter:label2\" content=\"Est. reading time\" \/>\n\t<meta name=\"twitter:data2\" content=\"1 minuta\" \/>\n<script type=\"application\/ld+json\" class=\"yoast-schema-graph\">{\"@context\":\"https:\/\/schema.org\",\"@graph\":[{\"@type\":\"Article\",\"@id\":\"https:\/\/hudo.com\/si\/aktualno\/tudi-v-innsbrucku-sesterica-slovencev-kvalifikacije-kraftu\/#article\",\"isPartOf\":{\"@id\":\"https:\/\/hudo.com\/si\/aktualno\/tudi-v-innsbrucku-sesterica-slovencev-kvalifikacije-kraftu\/\"},\"author\":{\"name\":\"hudo\",\"@id\":\"https:\/\/hudo.com\/si\/#\/schema\/person\/601cf3379633985b20f7e50f2bb47707\"},\"headline\":\"Tudi v Innsbrucku \u0161esterica Slovencev, kvalifikacije Kraftu\",\"datePublished\":\"2017-01-03T14:21:00+00:00\",\"dateModified\":\"2017-01-03T14:21:00+00:00\",\"mainEntityOfPage\":{\"@id\":\"https:\/\/hudo.com\/si\/aktualno\/tudi-v-innsbrucku-sesterica-slovencev-kvalifikacije-kraftu\/\"},\"wordCount\":152,\"publisher\":{\"@id\":\"https:\/\/hudo.com\/si\/#organization\"},\"articleSection\":[\"Aktualno\"],\"inLanguage\":\"sl-SI\"},{\"@type\":\"WebPage\",\"@id\":\"https:\/\/hudo.com\/si\/aktualno\/tudi-v-innsbrucku-sesterica-slovencev-kvalifikacije-kraftu\/\",\"url\":\"https:\/\/hudo.com\/si\/aktualno\/tudi-v-innsbrucku-sesterica-slovencev-kvalifikacije-kraftu\/\",\"name\":\"Tudi v Innsbrucku \u0161esterica Slovencev, kvalifikacije Kraftu - Hudo Slovenija\",\"isPartOf\":{\"@id\":\"https:\/\/hudo.com\/si\/#website\"},\"datePublished\":\"2017-01-03T14:21:00+00:00\",\"dateModified\":\"2017-01-03T14:21:00+00:00\",\"breadcrumb\":{\"@id\":\"https:\/\/hudo.com\/si\/aktualno\/tudi-v-innsbrucku-sesterica-slovencev-kvalifikacije-kraftu\/#breadcrumb\"},\"inLanguage\":\"sl-SI\",\"potentialAction\":[{\"@type\":\"ReadAction\",\"target\":[\"https:\/\/hudo.com\/si\/aktualno\/tudi-v-innsbrucku-sesterica-slovencev-kvalifikacije-kraftu\/\"]}]},{\"@type\":\"BreadcrumbList\",\"@id\":\"https:\/\/hudo.com\/si\/aktualno\/tudi-v-innsbrucku-sesterica-slovencev-kvalifikacije-kraftu\/#breadcrumb\",\"itemListElement\":[{\"@type\":\"ListItem\",\"position\":1,\"name\":\"Home\",\"item\":\"https:\/\/hudo.com\/si\/\"},{\"@type\":\"ListItem\",\"position\":2,\"name\":\"Tudi v Innsbrucku \u0161esterica Slovencev, kvalifikacije Kraftu\"}]},{\"@type\":\"WebSite\",\"@id\":\"https:\/\/hudo.com\/si\/#website\",\"url\":\"https:\/\/hudo.com\/si\/\",\"name\":\"Hudo Slovenija\",\"description\":\"Vse novice iz Slovenije in sveta\",\"publisher\":{\"@id\":\"https:\/\/hudo.com\/si\/#organization\"},\"potentialAction\":[{\"@type\":\"SearchAction\",\"target\":{\"@type\":\"EntryPoint\",\"urlTemplate\":\"https:\/\/hudo.com\/si\/?s={search_term_string}\"},\"query-input\":\"required name=search_term_string\"}],\"inLanguage\":\"sl-SI\"},{\"@type\":\"Organization\",\"@id\":\"https:\/\/hudo.com\/si\/#organization\",\"name\":\"VSN Media\",\"url\":\"https:\/\/hudo.com\/si\/\",\"logo\":{\"@type\":\"ImageObject\",\"inLanguage\":\"sl-SI\",\"@id\":\"https:\/\/hudo.com\/si\/#\/schema\/logo\/image\/\",\"url\":\"https:\/\/hudo.com\/si\/wp-content\/uploads\/sites\/2\/2021\/03\/hudo-app-2.png\",\"contentUrl\":\"https:\/\/hudo.com\/si\/wp-content\/uploads\/sites\/2\/2021\/03\/hudo-app-2.png\",\"width\":2185,\"height\":2167,\"caption\":\"VSN Media\"},\"image\":{\"@id\":\"https:\/\/hudo.com\/si\/#\/schema\/logo\/image\/\"},\"sameAs\":[\"https:\/\/www.facebook.com\/hudo.si\",\"https:\/\/twitter.com\/hudo_si\"]},{\"@type\":\"Person\",\"@id\":\"https:\/\/hudo.com\/si\/#\/schema\/person\/601cf3379633985b20f7e50f2bb47707\",\"name\":\"hudo\",\"image\":{\"@type\":\"ImageObject\",\"inLanguage\":\"sl-SI\",\"@id\":\"https:\/\/hudo.com\/si\/#\/schema\/person\/image\/\",\"url\":\"https:\/\/secure.gravatar.com\/avatar\/c4ca25fa72cace7a696b52ff5db9e095?s=96&d=mm&r=g\",\"contentUrl\":\"https:\/\/secure.gravatar.com\/avatar\/c4ca25fa72cace7a696b52ff5db9e095?s=96&d=mm&r=g\",\"caption\":\"hudo\"},\"url\":\"https:\/\/hudo.com\/si\/author\/hudo\/\"}]}<\/script>\n<!-- \/ Yoast SEO plugin. -->","yoast_head_json":{"title":"Tudi v Innsbrucku \u0161esterica Slovencev, kvalifikacije Kraftu - Hudo Slovenija","robots":{"index":"index","follow":"follow","max-snippet":"max-snippet:-1","max-image-preview":"max-image-preview:large","max-video-preview":"max-video-preview:-1"},"canonical":"https:\/\/hudo.com\/si\/aktualno\/tudi-v-innsbrucku-sesterica-slovencev-kvalifikacije-kraftu\/","og_locale":"sl_SI","og_type":"article","og_title":"Tudi v Innsbrucku \u0161esterica Slovencev, kvalifikacije Kraftu - Hudo Slovenija","og_description":"Kategorija: Zimski Tue, 03 Jan 2017 16:21:00 +0100 Innsbruck - Novoletna skakalna turneja \u0161tirih skakalnic se je iz Nem\u010dije preselila v Avstrijo, kjer se bo s tretjo preizku\u0161njo nadaljevala jutri (z za\u010detkom ob 14. uri) v Innsbrucku. Trenutni polo\u017eaj pri vrhu skupne razvrstitve turneje obeta razburljiv in do konca negotov boj za skupno zmago, v katerega so vpleteni Poljak Kamil Stoch, ki je dana\u0161nje kvalifikacije izpustil, Norve\u017ean Daniel Andre Tande in Avstrijec Stefan Kraft, ki si je danes z najdalj\u0161im skokom (134.5 metra) po\u0161teno pokoril konkurenco, prvega izzivalca, Poljaka Macieja Kota, pa pustil za seboj za 3,6 to\u010dke. Slovenska sedmerica ni krojila vrha, vnovi\u010d so bili najprepri\u010dljivej\u0161i bratje Prevc, med njimi najbolj Cene z desetim dose\u017ekom in poskusom, dolgim 126.5 metra. Pol metra kraj\u0161i je bil njegov starej\u0161i brat Peter (14. mesto), pol metra dalj\u0161i pa najmlaj\u0161i Domen (18.\u00a0...","og_url":"https:\/\/hudo.com\/si\/aktualno\/tudi-v-innsbrucku-sesterica-slovencev-kvalifikacije-kraftu\/","og_site_name":"Hudo Slovenija","article_publisher":"https:\/\/www.facebook.com\/hudo.si","article_published_time":"2017-01-03T14:21:00+00:00","og_image":[{"width":480,"height":290,"url":"https:\/\/hudo.com\/si\/wp-content\/uploads\/sites\/2\/2017\/01\/480x290_AFP_Photo-20170103135408-32406000.jpeg","type":"image\/jpeg"}],"author":"hudo","twitter_card":"summary_large_image","twitter_creator":"@hudo_si","twitter_site":"@hudo_si","twitter_misc":{"Written by":"hudo","Est. reading time":"1 minuta"},"schema":{"@context":"https:\/\/schema.org","@graph":[{"@type":"Article","@id":"https:\/\/hudo.com\/si\/aktualno\/tudi-v-innsbrucku-sesterica-slovencev-kvalifikacije-kraftu\/#article","isPartOf":{"@id":"https:\/\/hudo.com\/si\/aktualno\/tudi-v-innsbrucku-sesterica-slovencev-kvalifikacije-kraftu\/"},"author":{"name":"hudo","@id":"https:\/\/hudo.com\/si\/#\/schema\/person\/601cf3379633985b20f7e50f2bb47707"},"headline":"Tudi v Innsbrucku \u0161esterica Slovencev, kvalifikacije Kraftu","datePublished":"2017-01-03T14:21:00+00:00","dateModified":"2017-01-03T14:21:00+00:00","mainEntityOfPage":{"@id":"https:\/\/hudo.com\/si\/aktualno\/tudi-v-innsbrucku-sesterica-slovencev-kvalifikacije-kraftu\/"},"wordCount":152,"publisher":{"@id":"https:\/\/hudo.com\/si\/#organization"},"articleSection":["Aktualno"],"inLanguage":"sl-SI"},{"@type":"WebPage","@id":"https:\/\/hudo.com\/si\/aktualno\/tudi-v-innsbrucku-sesterica-slovencev-kvalifikacije-kraftu\/","url":"https:\/\/hudo.com\/si\/aktualno\/tudi-v-innsbrucku-sesterica-slovencev-kvalifikacije-kraftu\/","name":"Tudi v Innsbrucku \u0161esterica Slovencev, kvalifikacije Kraftu - Hudo Slovenija","isPartOf":{"@id":"https:\/\/hudo.com\/si\/#website"},"datePublished":"2017-01-03T14:21:00+00:00","dateModified":"2017-01-03T14:21:00+00:00","breadcrumb":{"@id":"https:\/\/hudo.com\/si\/aktualno\/tudi-v-innsbrucku-sesterica-slovencev-kvalifikacije-kraftu\/#breadcrumb"},"inLanguage":"sl-SI","potentialAction":[{"@type":"ReadAction","target":["https:\/\/hudo.com\/si\/aktualno\/tudi-v-innsbrucku-sesterica-slovencev-kvalifikacije-kraftu\/"]}]},{"@type":"BreadcrumbList","@id":"https:\/\/hudo.com\/si\/aktualno\/tudi-v-innsbrucku-sesterica-slovencev-kvalifikacije-kraftu\/#breadcrumb","itemListElement":[{"@type":"ListItem","position":1,"name":"Home","item":"https:\/\/hudo.com\/si\/"},{"@type":"ListItem","position":2,"name":"Tudi v Innsbrucku \u0161esterica Slovencev, kvalifikacije Kraftu"}]},{"@type":"WebSite","@id":"https:\/\/hudo.com\/si\/#website","url":"https:\/\/hudo.com\/si\/","name":"Hudo Slovenija","description":"Vse novice iz Slovenije in sveta","publisher":{"@id":"https:\/\/hudo.com\/si\/#organization"},"potentialAction":[{"@type":"SearchAction","target":{"@type":"EntryPoint","urlTemplate":"https:\/\/hudo.com\/si\/?s={search_term_string}"},"query-input":"required name=search_term_string"}],"inLanguage":"sl-SI"},{"@type":"Organization","@id":"https:\/\/hudo.com\/si\/#organization","name":"VSN Media","url":"https:\/\/hudo.com\/si\/","logo":{"@type":"ImageObject","inLanguage":"sl-SI","@id":"https:\/\/hudo.com\/si\/#\/schema\/logo\/image\/","url":"https:\/\/hudo.com\/si\/wp-content\/uploads\/sites\/2\/2021\/03\/hudo-app-2.png","contentUrl":"https:\/\/hudo.com\/si\/wp-content\/uploads\/sites\/2\/2021\/03\/hudo-app-2.png","width":2185,"height":2167,"caption":"VSN Media"},"image":{"@id":"https:\/\/hudo.com\/si\/#\/schema\/logo\/image\/"},"sameAs":["https:\/\/www.facebook.com\/hudo.si","https:\/\/twitter.com\/hudo_si"]},{"@type":"Person","@id":"https:\/\/hudo.com\/si\/#\/schema\/person\/601cf3379633985b20f7e50f2bb47707","name":"hudo","image":{"@type":"ImageObject","inLanguage":"sl-SI","@id":"https:\/\/hudo.com\/si\/#\/schema\/person\/image\/","url":"https:\/\/secure.gravatar.com\/avatar\/c4ca25fa72cace7a696b52ff5db9e095?s=96&d=mm&r=g","contentUrl":"https:\/\/secure.gravatar.com\/avatar\/c4ca25fa72cace7a696b52ff5db9e095?s=96&d=mm&r=g","caption":"hudo"},"url":"https:\/\/hudo.com\/si\/author\/hudo\/"}]}},"amp_enabled":true,"_links":{"self":[{"href":"https:\/\/hudo.com\/si\/wp-json\/wp\/v2\/posts\/182938"}],"collection":[{"href":"https:\/\/hudo.com\/si\/wp-json\/wp\/v2\/posts"}],"about":[{"href":"https:\/\/hudo.com\/si\/wp-json\/wp\/v2\/types\/post"}],"author":[{"embeddable":true,"href":"https:\/\/hudo.com\/si\/wp-json\/wp\/v2\/users\/1"}],"replies":[{"embeddable":true,"href":"https:\/\/hudo.com\/si\/wp-json\/wp\/v2\/comments?post=182938"}],"version-history":[{"count":0,"href":"https:\/\/hudo.com\/si\/wp-json\/wp\/v2\/posts\/182938\/revisions"}],"wp:attachment":[{"href":"https:\/\/hudo.com\/si\/wp-json\/wp\/v2\/media?parent=182938"}],"wp:term":[{"taxonomy":"category","embeddable":true,"href":"https:\/\/hudo.com\/si\/wp-json\/wp\/v2\/categories?post=182938"},{"taxonomy":"post_tag","embeddable":true,"href":"https:\/\/hudo.com\/si\/wp-json\/wp\/v2\/tags?post=182938"},{"taxonomy":"source","embeddable":true,"href":"https:\/\/hudo.com\/si\/wp-json\/wp\/v2\/source?post=182938"},{"taxonomy":"supertag","embeddable":true,"href":"https:\/\/hudo.com\/si\/wp-json\/wp\/v2\/supertag?post=182938"}],"curies":[{"name":"wp","href":"https:\/\/api.w.org\/{rel}","templated":true}]}}