{"id":183003,"date":"2017-01-03T16:00:00","date_gmt":"2017-01-03T15:00:00","guid":{"rendered":"http:\/\/hudo.com\/si\/2017\/01\/03\/zakaj-je-nekaj-stopinj-minusa-ze-polarni-mraz\/"},"modified":"2017-01-03T22:01:57","modified_gmt":"2017-01-03T21:01:57","slug":"zakaj-je-nekaj-stopinj-minusa-ze-polarni-mraz","status":"publish","type":"post","link":"https:\/\/hudo.com\/si\/aktualno\/zakaj-je-nekaj-stopinj-minusa-ze-polarni-mraz\/","title":{"rendered":"Zakaj je nekaj stopinj minusa \u017ee polarni mraz?"},"content":{"rendered":"<p>Tako mrzlo kot na severnem polu \u010detrtek in petek, ko bo veter nad na\u0161e kraje prinesel polarni zrak, ne bo. Vseeno pa bo polarna zra\u010dna masa s severa Evrope, \u010disto s severa Skandinavije, poskrbela, da nas bo nekoliko bolj zeblo. Jutranje temperature se bodo po ve\u010dini dr\u017eave spustile na okoli minus deset stopinj Celzija ali \u0161e ni\u017eje, na planotah notranjske je lahko \u0161e za deset stopinj hladneje. Ob koncu tedna se bo \u010dez dan \u017eivo srebro dvignilo do ni\u010dle, praviloma pa bo prej kak\u0161na stopinja pod njo, je pojasnjuje de\u017eurni meteorolog z agencije za okolje Jure Cedilnik. Zelo mrzlemu in suhemu zraku pridru\u017een veter bo ob\u010dutek mraza \u0161e pove\u010dal. Mrzli polarni zrak nad na\u0161imi kraji ne more ostati tako hladen kot na severu, saj je sonce tukaj bolj mo\u010dno, prav tako pa pa so tla pri nas bolj segreta, zato pravega polarnega mraza vendarle ne moremo pri\u010dakovati. \u201eBomo pa vseeno \u010dutili, da je hladno in suho, vlaga bo nizka, pa vetrovno bo tudi. Predvsem bo ob\u010dutek mraza \u0161e dodatno marsikje slab\u0161al veter, ki bo v \u010detrtek in v petek precej mo\u010dan,\u201c napoveduje meteorolog Cedilnik. Pa bo tokratna napoved dr\u017eala ali lahko podor mrzlega zraka nad na\u0161e kraje \u0161e kaj prepre\u010di? Da nas \u010dakajo bolj mrzli dnevi, je ve\u010d kot devetdesetotstotno verjetno, je poudaril Cedilnik. Gibanje obse\u017ene ciurkulacije zraka nad ve\u010djim delom Evrope je namre\u010d enostavneje napovedati kot sne\u017ene padavine, pri katerih se vremenoslovci tudi kdaj zmotijo. Sne\u017eenje je namre\u010d povezano z bistveno manj\u0161imi in bolj ob\u010dutljivimi vremenskimi procesi, pojasnjuje Cedilnik. Vremenoslovci lahko tokrat z gotovostjo trdijo, da pri nas \u0161e ne bo pretirano zadi\u0161alo po snegu. Bo pa veliko snega zapadlo na severni strani Alp. \u201eV Avstriji, Nem\u010diji in v severnem delu \u0160vice lahko pade tudi do meter snega. Pri nas bo mogo\u010de le kak\u0161na sne\u017einka zaplesala po zraku, sploh na \u0160tajerskem oziroma v vzhodnem koncu. Ne pri\u010dakujemo pa kak\u0161ne ve\u010dje po\u0161iljke snega,\u201c razlaga sogovornik, da bo le posami\u010dnim sne\u017einkam uspelo prebegniti \u010dez ni\u017eje hribe v vz<\/p>\n","protected":false},"excerpt":{"rendered":"<p>Tako mrzlo kot na severnem polu \u010detrtek in petek, ko bo veter nad na\u0161e kraje prinesel polarni zrak, ne bo. Vseeno pa bo polarna zra\u010dna masa s severa Evrope, \u010disto s severa Skandinavije, poskrbela, da nas bo nekoliko bolj zeblo. Jutranje temperature se bodo po ve\u010dini dr\u017eave spustile na okoli minus deset stopinj Celzija ali \u0161e ni\u017eje, na planotah notranjske je lahko \u0161e za deset stopinj hladneje. Ob koncu tedna se bo \u010dez dan \u017eivo srebro dvignilo do ni\u010dle, praviloma pa bo prej kak\u0161na stopinja pod njo, je pojasnjuje de\u017eurni meteorolog z agencije za okolje Jure Cedilnik. Zelo mrzlemu in suhemu zraku pridru\u017een veter bo ob\u010dutek mraza \u0161e pove\u010dal. Mrzli polarni zrak nad na\u0161imi kraji ne more ostati tako hladen kot na severu, saj je sonce tukaj bolj mo\u010dno, prav tako pa pa so tla pri nas bolj segreta, zato pravega polarnega mraza vendarle ne moremo pri\u010dakovati. \u201eBomo pa vseeno \u010dutili, da je hladno in suho, vlaga bo nizka, pa vetrovno bo tudi. Predvsem bo ob\u010dutek mraza \u0161e dodatno marsikje slab\u0161al veter, ki bo v \u010detrtek in v petek precej mo\u010dan,\u201c napoveduje meteorolog Cedilnik. Pa bo tokratna napoved dr\u017eala ali lahko podor mrzlega zraka nad na\u0161e kraje \u0161e kaj prepre\u010di? Da nas \u010dakajo bolj mrzli dnevi, je ve\u010d kot devetdesetotstotno verjetno, je poudaril Cedilnik. Gibanje obse\u017ene ciurkulacije zraka nad ve\u010djim delom Evrope je namre\u010d enostavneje napovedati kot sne\u017ene padavine, pri katerih se vremenoslovci tudi kdaj zmotijo. Sne\u017eenje je namre\u010d povezano z bistveno manj\u0161imi in bolj ob\u010dutljivimi vremenskimi procesi, pojasnjuje Cedilnik. Vremenoslovci lahko tokrat z gotovostjo trdijo, da pri nas \u0161e ne bo pretirano zadi\u0161alo po snegu. Bo pa veliko snega zapadlo na severni strani Alp. \u201eV Avstriji, Nem\u010diji in v severnem delu \u0160vice lahko pade tudi do meter snega. Pri nas bo mogo\u010de le kak\u0161na sne\u017einka zaplesala po zraku, sploh na \u0160tajerskem oziroma v vzhodnem koncu. Ne pri\u010dakujemo pa kak\u0161ne ve\u010dje po\u0161iljke snega,\u201c razlaga sogovornik, da bo le posami\u010dnim sne\u017einkam uspelo prebegniti \u010dez ni\u017eje hribe v vz<\/p>\n","protected":false},"author":1,"featured_media":0,"comment_status":"closed","ping_status":"closed","sticky":false,"template":"","format":"standard","meta":{"footnotes":""},"categories":[1179],"tags":[],"source":[1711],"supertag":[],"acf":[],"yoast_head":"<!-- This site is optimized with the Yoast SEO plugin v21.3 - https:\/\/yoast.com\/wordpress\/plugins\/seo\/ -->\n<title>Zakaj je nekaj stopinj minusa \u017ee polarni mraz? - Hudo Slovenija<\/title>\n<meta name=\"robots\" content=\"index, follow, max-snippet:-1, max-image-preview:large, max-video-preview:-1\" \/>\n<link rel=\"canonical\" href=\"https:\/\/hudo.com\/si\/aktualno\/zakaj-je-nekaj-stopinj-minusa-ze-polarni-mraz\/\" \/>\n<meta property=\"og:locale\" content=\"sl_SI\" \/>\n<meta property=\"og:type\" content=\"article\" \/>\n<meta property=\"og:title\" content=\"Zakaj je nekaj stopinj minusa \u017ee polarni mraz? - Hudo Slovenija\" \/>\n<meta property=\"og:description\" content=\"Tako mrzlo kot na severnem polu \u010detrtek in petek, ko bo veter nad na\u0161e kraje prinesel polarni zrak, ne bo. Vseeno pa bo polarna zra\u010dna masa s severa Evrope, \u010disto s severa Skandinavije, poskrbela, da nas bo nekoliko bolj zeblo. Jutranje temperature se bodo po ve\u010dini dr\u017eave spustile na okoli minus deset stopinj Celzija ali \u0161e ni\u017eje, na planotah notranjske je lahko \u0161e za deset stopinj hladneje. Ob koncu tedna se bo \u010dez dan \u017eivo srebro dvignilo do ni\u010dle, praviloma pa bo prej kak\u0161na stopinja pod njo, je pojasnjuje de\u017eurni meteorolog z agencije za okolje Jure Cedilnik. Zelo mrzlemu in suhemu zraku pridru\u017een veter bo ob\u010dutek mraza \u0161e pove\u010dal. Mrzli polarni zrak nad na\u0161imi kraji ne more ostati tako hladen kot na severu, saj je sonce tukaj bolj mo\u010dno, prav tako pa pa so tla pri nas bolj segreta, zato pravega polarnega mraza vendarle ne moremo pri\u010dakovati. \u201eBomo pa vseeno \u010dutili, da je hladno in suho, vlaga bo nizka, pa vetrovno bo tudi. Predvsem bo ob\u010dutek mraza \u0161e dodatno marsikje slab\u0161al veter, ki bo v \u010detrtek in v petek precej mo\u010dan,\u201c napoveduje meteorolog Cedilnik. Pa bo tokratna napoved dr\u017eala ali lahko podor mrzlega zraka nad na\u0161e kraje \u0161e kaj prepre\u010di? Da nas \u010dakajo bolj mrzli dnevi, je ve\u010d kot devetdesetotstotno verjetno, je poudaril Cedilnik. Gibanje obse\u017ene ciurkulacije zraka nad ve\u010djim delom Evrope je namre\u010d enostavneje napovedati kot sne\u017ene padavine, pri katerih se vremenoslovci tudi kdaj zmotijo. Sne\u017eenje je namre\u010d povezano z bistveno manj\u0161imi in bolj ob\u010dutljivimi vremenskimi procesi, pojasnjuje Cedilnik. Vremenoslovci lahko tokrat z gotovostjo trdijo, da pri nas \u0161e ne bo pretirano zadi\u0161alo po snegu. Bo pa veliko snega zapadlo na severni strani Alp. \u201eV Avstriji, Nem\u010diji in v severnem delu \u0160vice lahko pade tudi do meter snega. Pri nas bo mogo\u010de le kak\u0161na sne\u017einka zaplesala po zraku, sploh na \u0160tajerskem oziroma v vzhodnem koncu. Ne pri\u010dakujemo pa kak\u0161ne ve\u010dje po\u0161iljke snega,\u201c razlaga sogovornik, da bo le posami\u010dnim sne\u017einkam uspelo prebegniti \u010dez ni\u017eje hribe v vz\" \/>\n<meta property=\"og:url\" content=\"https:\/\/hudo.com\/si\/aktualno\/zakaj-je-nekaj-stopinj-minusa-ze-polarni-mraz\/\" \/>\n<meta property=\"og:site_name\" content=\"Hudo Slovenija\" \/>\n<meta property=\"article:publisher\" content=\"https:\/\/www.facebook.com\/hudo.si\" \/>\n<meta property=\"article:published_time\" content=\"2017-01-03T15:00:00+00:00\" \/>\n<meta property=\"article:modified_time\" content=\"2017-01-03T21:01:57+00:00\" \/>\n<meta property=\"og:image\" content=\"https:\/\/hudo.com\/si\/wp-content\/uploads\/sites\/2\/2017\/01\/00580154F-300.jpg\" \/>\n\t<meta property=\"og:image:width\" content=\"450\" \/>\n\t<meta property=\"og:image:height\" content=\"358\" \/>\n\t<meta property=\"og:image:type\" content=\"image\/jpeg\" \/>\n<meta name=\"author\" content=\"hudo\" \/>\n<meta name=\"twitter:card\" content=\"summary_large_image\" \/>\n<meta name=\"twitter:creator\" content=\"@hudo_si\" \/>\n<meta name=\"twitter:site\" content=\"@hudo_si\" \/>\n<meta name=\"twitter:label1\" content=\"Written by\" \/>\n\t<meta name=\"twitter:data1\" content=\"hudo\" \/>\n\t<meta name=\"twitter:label2\" content=\"Est. reading time\" \/>\n\t<meta name=\"twitter:data2\" content=\"2 minuti\" \/>\n<script type=\"application\/ld+json\" class=\"yoast-schema-graph\">{\"@context\":\"https:\/\/schema.org\",\"@graph\":[{\"@type\":\"Article\",\"@id\":\"https:\/\/hudo.com\/si\/aktualno\/zakaj-je-nekaj-stopinj-minusa-ze-polarni-mraz\/#article\",\"isPartOf\":{\"@id\":\"https:\/\/hudo.com\/si\/aktualno\/zakaj-je-nekaj-stopinj-minusa-ze-polarni-mraz\/\"},\"author\":{\"name\":\"hudo\",\"@id\":\"https:\/\/hudo.com\/si\/#\/schema\/person\/601cf3379633985b20f7e50f2bb47707\"},\"headline\":\"Zakaj je nekaj stopinj minusa \u017ee polarni mraz?\",\"datePublished\":\"2017-01-03T15:00:00+00:00\",\"dateModified\":\"2017-01-03T21:01:57+00:00\",\"mainEntityOfPage\":{\"@id\":\"https:\/\/hudo.com\/si\/aktualno\/zakaj-je-nekaj-stopinj-minusa-ze-polarni-mraz\/\"},\"wordCount\":373,\"publisher\":{\"@id\":\"https:\/\/hudo.com\/si\/#organization\"},\"articleSection\":[\"Aktualno\"],\"inLanguage\":\"sl-SI\"},{\"@type\":\"WebPage\",\"@id\":\"https:\/\/hudo.com\/si\/aktualno\/zakaj-je-nekaj-stopinj-minusa-ze-polarni-mraz\/\",\"url\":\"https:\/\/hudo.com\/si\/aktualno\/zakaj-je-nekaj-stopinj-minusa-ze-polarni-mraz\/\",\"name\":\"Zakaj je nekaj stopinj minusa \u017ee polarni mraz? - Hudo Slovenija\",\"isPartOf\":{\"@id\":\"https:\/\/hudo.com\/si\/#website\"},\"datePublished\":\"2017-01-03T15:00:00+00:00\",\"dateModified\":\"2017-01-03T21:01:57+00:00\",\"breadcrumb\":{\"@id\":\"https:\/\/hudo.com\/si\/aktualno\/zakaj-je-nekaj-stopinj-minusa-ze-polarni-mraz\/#breadcrumb\"},\"inLanguage\":\"sl-SI\",\"potentialAction\":[{\"@type\":\"ReadAction\",\"target\":[\"https:\/\/hudo.com\/si\/aktualno\/zakaj-je-nekaj-stopinj-minusa-ze-polarni-mraz\/\"]}]},{\"@type\":\"BreadcrumbList\",\"@id\":\"https:\/\/hudo.com\/si\/aktualno\/zakaj-je-nekaj-stopinj-minusa-ze-polarni-mraz\/#breadcrumb\",\"itemListElement\":[{\"@type\":\"ListItem\",\"position\":1,\"name\":\"Home\",\"item\":\"https:\/\/hudo.com\/si\/\"},{\"@type\":\"ListItem\",\"position\":2,\"name\":\"Zakaj je nekaj stopinj minusa \u017ee polarni mraz?\"}]},{\"@type\":\"WebSite\",\"@id\":\"https:\/\/hudo.com\/si\/#website\",\"url\":\"https:\/\/hudo.com\/si\/\",\"name\":\"Hudo Slovenija\",\"description\":\"Vse novice iz Slovenije in sveta\",\"publisher\":{\"@id\":\"https:\/\/hudo.com\/si\/#organization\"},\"potentialAction\":[{\"@type\":\"SearchAction\",\"target\":{\"@type\":\"EntryPoint\",\"urlTemplate\":\"https:\/\/hudo.com\/si\/?s={search_term_string}\"},\"query-input\":\"required name=search_term_string\"}],\"inLanguage\":\"sl-SI\"},{\"@type\":\"Organization\",\"@id\":\"https:\/\/hudo.com\/si\/#organization\",\"name\":\"VSN Media\",\"url\":\"https:\/\/hudo.com\/si\/\",\"logo\":{\"@type\":\"ImageObject\",\"inLanguage\":\"sl-SI\",\"@id\":\"https:\/\/hudo.com\/si\/#\/schema\/logo\/image\/\",\"url\":\"https:\/\/hudo.com\/si\/wp-content\/uploads\/sites\/2\/2021\/03\/hudo-app-2.png\",\"contentUrl\":\"https:\/\/hudo.com\/si\/wp-content\/uploads\/sites\/2\/2021\/03\/hudo-app-2.png\",\"width\":2185,\"height\":2167,\"caption\":\"VSN Media\"},\"image\":{\"@id\":\"https:\/\/hudo.com\/si\/#\/schema\/logo\/image\/\"},\"sameAs\":[\"https:\/\/www.facebook.com\/hudo.si\",\"https:\/\/twitter.com\/hudo_si\"]},{\"@type\":\"Person\",\"@id\":\"https:\/\/hudo.com\/si\/#\/schema\/person\/601cf3379633985b20f7e50f2bb47707\",\"name\":\"hudo\",\"image\":{\"@type\":\"ImageObject\",\"inLanguage\":\"sl-SI\",\"@id\":\"https:\/\/hudo.com\/si\/#\/schema\/person\/image\/\",\"url\":\"https:\/\/secure.gravatar.com\/avatar\/c4ca25fa72cace7a696b52ff5db9e095?s=96&d=mm&r=g\",\"contentUrl\":\"https:\/\/secure.gravatar.com\/avatar\/c4ca25fa72cace7a696b52ff5db9e095?s=96&d=mm&r=g\",\"caption\":\"hudo\"},\"url\":\"https:\/\/hudo.com\/si\/author\/hudo\/\"}]}<\/script>\n<!-- \/ Yoast SEO plugin. -->","yoast_head_json":{"title":"Zakaj je nekaj stopinj minusa \u017ee polarni mraz? - Hudo Slovenija","robots":{"index":"index","follow":"follow","max-snippet":"max-snippet:-1","max-image-preview":"max-image-preview:large","max-video-preview":"max-video-preview:-1"},"canonical":"https:\/\/hudo.com\/si\/aktualno\/zakaj-je-nekaj-stopinj-minusa-ze-polarni-mraz\/","og_locale":"sl_SI","og_type":"article","og_title":"Zakaj je nekaj stopinj minusa \u017ee polarni mraz? - Hudo Slovenija","og_description":"Tako mrzlo kot na severnem polu \u010detrtek in petek, ko bo veter nad na\u0161e kraje prinesel polarni zrak, ne bo. Vseeno pa bo polarna zra\u010dna masa s severa Evrope, \u010disto s severa Skandinavije, poskrbela, da nas bo nekoliko bolj zeblo. Jutranje temperature se bodo po ve\u010dini dr\u017eave spustile na okoli minus deset stopinj Celzija ali \u0161e ni\u017eje, na planotah notranjske je lahko \u0161e za deset stopinj hladneje. Ob koncu tedna se bo \u010dez dan \u017eivo srebro dvignilo do ni\u010dle, praviloma pa bo prej kak\u0161na stopinja pod njo, je pojasnjuje de\u017eurni meteorolog z agencije za okolje Jure Cedilnik. Zelo mrzlemu in suhemu zraku pridru\u017een veter bo ob\u010dutek mraza \u0161e pove\u010dal. Mrzli polarni zrak nad na\u0161imi kraji ne more ostati tako hladen kot na severu, saj je sonce tukaj bolj mo\u010dno, prav tako pa pa so tla pri nas bolj segreta, zato pravega polarnega mraza vendarle ne moremo pri\u010dakovati. \u201eBomo pa vseeno \u010dutili, da je hladno in suho, vlaga bo nizka, pa vetrovno bo tudi. Predvsem bo ob\u010dutek mraza \u0161e dodatno marsikje slab\u0161al veter, ki bo v \u010detrtek in v petek precej mo\u010dan,\u201c napoveduje meteorolog Cedilnik. Pa bo tokratna napoved dr\u017eala ali lahko podor mrzlega zraka nad na\u0161e kraje \u0161e kaj prepre\u010di? Da nas \u010dakajo bolj mrzli dnevi, je ve\u010d kot devetdesetotstotno verjetno, je poudaril Cedilnik. Gibanje obse\u017ene ciurkulacije zraka nad ve\u010djim delom Evrope je namre\u010d enostavneje napovedati kot sne\u017ene padavine, pri katerih se vremenoslovci tudi kdaj zmotijo. Sne\u017eenje je namre\u010d povezano z bistveno manj\u0161imi in bolj ob\u010dutljivimi vremenskimi procesi, pojasnjuje Cedilnik. Vremenoslovci lahko tokrat z gotovostjo trdijo, da pri nas \u0161e ne bo pretirano zadi\u0161alo po snegu. Bo pa veliko snega zapadlo na severni strani Alp. \u201eV Avstriji, Nem\u010diji in v severnem delu \u0160vice lahko pade tudi do meter snega. Pri nas bo mogo\u010de le kak\u0161na sne\u017einka zaplesala po zraku, sploh na \u0160tajerskem oziroma v vzhodnem koncu. Ne pri\u010dakujemo pa kak\u0161ne ve\u010dje po\u0161iljke snega,\u201c razlaga sogovornik, da bo le posami\u010dnim sne\u017einkam uspelo prebegniti \u010dez ni\u017eje hribe v vz","og_url":"https:\/\/hudo.com\/si\/aktualno\/zakaj-je-nekaj-stopinj-minusa-ze-polarni-mraz\/","og_site_name":"Hudo Slovenija","article_publisher":"https:\/\/www.facebook.com\/hudo.si","article_published_time":"2017-01-03T15:00:00+00:00","article_modified_time":"2017-01-03T21:01:57+00:00","og_image":[{"width":450,"height":358,"url":"https:\/\/hudo.com\/si\/wp-content\/uploads\/sites\/2\/2017\/01\/00580154F-300.jpg","type":"image\/jpeg"}],"author":"hudo","twitter_card":"summary_large_image","twitter_creator":"@hudo_si","twitter_site":"@hudo_si","twitter_misc":{"Written by":"hudo","Est. reading time":"2 minuti"},"schema":{"@context":"https:\/\/schema.org","@graph":[{"@type":"Article","@id":"https:\/\/hudo.com\/si\/aktualno\/zakaj-je-nekaj-stopinj-minusa-ze-polarni-mraz\/#article","isPartOf":{"@id":"https:\/\/hudo.com\/si\/aktualno\/zakaj-je-nekaj-stopinj-minusa-ze-polarni-mraz\/"},"author":{"name":"hudo","@id":"https:\/\/hudo.com\/si\/#\/schema\/person\/601cf3379633985b20f7e50f2bb47707"},"headline":"Zakaj je nekaj stopinj minusa \u017ee polarni mraz?","datePublished":"2017-01-03T15:00:00+00:00","dateModified":"2017-01-03T21:01:57+00:00","mainEntityOfPage":{"@id":"https:\/\/hudo.com\/si\/aktualno\/zakaj-je-nekaj-stopinj-minusa-ze-polarni-mraz\/"},"wordCount":373,"publisher":{"@id":"https:\/\/hudo.com\/si\/#organization"},"articleSection":["Aktualno"],"inLanguage":"sl-SI"},{"@type":"WebPage","@id":"https:\/\/hudo.com\/si\/aktualno\/zakaj-je-nekaj-stopinj-minusa-ze-polarni-mraz\/","url":"https:\/\/hudo.com\/si\/aktualno\/zakaj-je-nekaj-stopinj-minusa-ze-polarni-mraz\/","name":"Zakaj je nekaj stopinj minusa \u017ee polarni mraz? - Hudo Slovenija","isPartOf":{"@id":"https:\/\/hudo.com\/si\/#website"},"datePublished":"2017-01-03T15:00:00+00:00","dateModified":"2017-01-03T21:01:57+00:00","breadcrumb":{"@id":"https:\/\/hudo.com\/si\/aktualno\/zakaj-je-nekaj-stopinj-minusa-ze-polarni-mraz\/#breadcrumb"},"inLanguage":"sl-SI","potentialAction":[{"@type":"ReadAction","target":["https:\/\/hudo.com\/si\/aktualno\/zakaj-je-nekaj-stopinj-minusa-ze-polarni-mraz\/"]}]},{"@type":"BreadcrumbList","@id":"https:\/\/hudo.com\/si\/aktualno\/zakaj-je-nekaj-stopinj-minusa-ze-polarni-mraz\/#breadcrumb","itemListElement":[{"@type":"ListItem","position":1,"name":"Home","item":"https:\/\/hudo.com\/si\/"},{"@type":"ListItem","position":2,"name":"Zakaj je nekaj stopinj minusa \u017ee polarni mraz?"}]},{"@type":"WebSite","@id":"https:\/\/hudo.com\/si\/#website","url":"https:\/\/hudo.com\/si\/","name":"Hudo Slovenija","description":"Vse novice iz Slovenije in sveta","publisher":{"@id":"https:\/\/hudo.com\/si\/#organization"},"potentialAction":[{"@type":"SearchAction","target":{"@type":"EntryPoint","urlTemplate":"https:\/\/hudo.com\/si\/?s={search_term_string}"},"query-input":"required name=search_term_string"}],"inLanguage":"sl-SI"},{"@type":"Organization","@id":"https:\/\/hudo.com\/si\/#organization","name":"VSN Media","url":"https:\/\/hudo.com\/si\/","logo":{"@type":"ImageObject","inLanguage":"sl-SI","@id":"https:\/\/hudo.com\/si\/#\/schema\/logo\/image\/","url":"https:\/\/hudo.com\/si\/wp-content\/uploads\/sites\/2\/2021\/03\/hudo-app-2.png","contentUrl":"https:\/\/hudo.com\/si\/wp-content\/uploads\/sites\/2\/2021\/03\/hudo-app-2.png","width":2185,"height":2167,"caption":"VSN Media"},"image":{"@id":"https:\/\/hudo.com\/si\/#\/schema\/logo\/image\/"},"sameAs":["https:\/\/www.facebook.com\/hudo.si","https:\/\/twitter.com\/hudo_si"]},{"@type":"Person","@id":"https:\/\/hudo.com\/si\/#\/schema\/person\/601cf3379633985b20f7e50f2bb47707","name":"hudo","image":{"@type":"ImageObject","inLanguage":"sl-SI","@id":"https:\/\/hudo.com\/si\/#\/schema\/person\/image\/","url":"https:\/\/secure.gravatar.com\/avatar\/c4ca25fa72cace7a696b52ff5db9e095?s=96&d=mm&r=g","contentUrl":"https:\/\/secure.gravatar.com\/avatar\/c4ca25fa72cace7a696b52ff5db9e095?s=96&d=mm&r=g","caption":"hudo"},"url":"https:\/\/hudo.com\/si\/author\/hudo\/"}]}},"amp_enabled":true,"_links":{"self":[{"href":"https:\/\/hudo.com\/si\/wp-json\/wp\/v2\/posts\/183003"}],"collection":[{"href":"https:\/\/hudo.com\/si\/wp-json\/wp\/v2\/posts"}],"about":[{"href":"https:\/\/hudo.com\/si\/wp-json\/wp\/v2\/types\/post"}],"author":[{"embeddable":true,"href":"https:\/\/hudo.com\/si\/wp-json\/wp\/v2\/users\/1"}],"replies":[{"embeddable":true,"href":"https:\/\/hudo.com\/si\/wp-json\/wp\/v2\/comments?post=183003"}],"version-history":[{"count":1,"href":"https:\/\/hudo.com\/si\/wp-json\/wp\/v2\/posts\/183003\/revisions"}],"predecessor-version":[{"id":183046,"href":"https:\/\/hudo.com\/si\/wp-json\/wp\/v2\/posts\/183003\/revisions\/183046"}],"wp:attachment":[{"href":"https:\/\/hudo.com\/si\/wp-json\/wp\/v2\/media?parent=183003"}],"wp:term":[{"taxonomy":"category","embeddable":true,"href":"https:\/\/hudo.com\/si\/wp-json\/wp\/v2\/categories?post=183003"},{"taxonomy":"post_tag","embeddable":true,"href":"https:\/\/hudo.com\/si\/wp-json\/wp\/v2\/tags?post=183003"},{"taxonomy":"source","embeddable":true,"href":"https:\/\/hudo.com\/si\/wp-json\/wp\/v2\/source?post=183003"},{"taxonomy":"supertag","embeddable":true,"href":"https:\/\/hudo.com\/si\/wp-json\/wp\/v2\/supertag?post=183003"}],"curies":[{"name":"wp","href":"https:\/\/api.w.org\/{rel}","templated":true}]}}