{"id":184116,"date":"2017-01-05T12:00:00","date_gmt":"2017-01-05T11:00:00","guid":{"rendered":"http:\/\/hudo.com\/si\/2017\/01\/05\/revoltirana-anketa-uber-v-sloveniji-ni-zazelen\/"},"modified":"2017-01-05T12:00:00","modified_gmt":"2017-01-05T11:00:00","slug":"revoltirana-anketa-uber-v-sloveniji-ni-zazelen","status":"publish","type":"post","link":"https:\/\/hudo.com\/si\/aktualno\/revoltirana-anketa-uber-v-sloveniji-ni-zazelen\/","title":{"rendered":"Revoltirana anketa: Uber v Sloveniji ni za\u017eelen"},"content":{"rendered":"<p>Kategorija: Revolt in alternative Thu, 05 Jan 2017 13:00:00 +0100  V tokratni Revoltirani anketi smo vas spra\u0161evali, ali podpirate prihod Uberja v Slovenijo. Velika ve\u010dina sodelujo\u010dih (nekaj ve\u010d kot 67 odstotkov) pravi, da ne, saj da bo slu\u017eil na ra\u010dun prekarnih delavcev, denar pa ne bo ostal v Sloveniji. Kan\u010dek manj kot 33 odstotkov pa je prepri\u010danih, da bi se z njegovim prihodom izbolj\u0161ale prevozni\u0161ke storitve, zni\u017eale cene prevozov, z njimi pa bi v svet taksijev pri\u0161la sodobna tehnologija. Da je Uber korak v pravo smer, je prepri\u010dan tudi Jo\u017ee Kastelic, ki je svoj glas tudi utemeljil. \u00bbKonkurenca je zdrava! Za varnost potnikov in avtomobilov so predpisi! Ve\u010dina denarja (75 odstotkov) ostane \u0161oferjem, od preostalih 25 odstotkov se krijejo stro\u0161ki Uberja v Sloveniji, od profita se pla\u010da davek v Sloveniji &#8211; ve\u010dina denarja torej ostane v Sloveniji\u00ab. Bolj zadr\u017ean je Franc Pre\u0161eren,\u00a0&#8230;<\/p>\n","protected":false},"excerpt":{"rendered":"<p>Kategorija: Revolt in alternative Thu, 05 Jan 2017 13:00:00 +0100  V tokratni Revoltirani anketi smo vas spra\u0161evali, ali podpirate prihod Uberja v Slovenijo. Velika ve\u010dina sodelujo\u010dih (nekaj ve\u010d kot 67 odstotkov) pravi, da ne, saj da bo slu\u017eil na ra\u010dun prekarnih delavcev, denar pa ne bo ostal v Sloveniji. Kan\u010dek manj kot 33 odstotkov pa je prepri\u010danih, da bi se z njegovim prihodom izbolj\u0161ale prevozni\u0161ke storitve, zni\u017eale cene prevozov, z njimi pa bi v svet taksijev pri\u0161la sodobna tehnologija. Da je Uber korak v pravo smer, je prepri\u010dan tudi Jo\u017ee Kastelic, ki je svoj glas tudi utemeljil. \u00bbKonkurenca je zdrava! Za varnost potnikov in avtomobilov so predpisi! Ve\u010dina denarja (75 odstotkov) ostane \u0161oferjem, od preostalih 25 odstotkov se krijejo stro\u0161ki Uberja v Sloveniji, od profita se pla\u010da davek v Sloveniji &#8211; ve\u010dina denarja torej ostane v Sloveniji\u00ab. Bolj zadr\u017ean je Franc Pre\u0161eren,\u00a0&#8230;<\/p>\n","protected":false},"author":1,"featured_media":0,"comment_status":"closed","ping_status":"closed","sticky":false,"template":"","format":"standard","meta":{"footnotes":""},"categories":[1179],"tags":[],"source":[1703],"supertag":[],"acf":[],"yoast_head":"<!-- This site is optimized with the Yoast SEO plugin v21.3 - https:\/\/yoast.com\/wordpress\/plugins\/seo\/ -->\n<title>Revoltirana anketa: Uber v Sloveniji ni za\u017eelen - Hudo Slovenija<\/title>\n<meta name=\"robots\" content=\"index, follow, max-snippet:-1, max-image-preview:large, max-video-preview:-1\" \/>\n<link rel=\"canonical\" href=\"https:\/\/hudo.com\/si\/aktualno\/revoltirana-anketa-uber-v-sloveniji-ni-zazelen\/\" \/>\n<meta property=\"og:locale\" content=\"sl_SI\" \/>\n<meta property=\"og:type\" content=\"article\" \/>\n<meta property=\"og:title\" content=\"Revoltirana anketa: Uber v Sloveniji ni za\u017eelen - Hudo Slovenija\" \/>\n<meta property=\"og:description\" content=\"Kategorija: Revolt in alternative Thu, 05 Jan 2017 13:00:00 +0100 V tokratni Revoltirani anketi smo vas spra\u0161evali, ali podpirate prihod Uberja v Slovenijo. Velika ve\u010dina sodelujo\u010dih (nekaj ve\u010d kot 67 odstotkov) pravi, da ne, saj da bo slu\u017eil na ra\u010dun prekarnih delavcev, denar pa ne bo ostal v Sloveniji. Kan\u010dek manj kot 33 odstotkov pa je prepri\u010danih, da bi se z njegovim prihodom izbolj\u0161ale prevozni\u0161ke storitve, zni\u017eale cene prevozov, z njimi pa bi v svet taksijev pri\u0161la sodobna tehnologija. Da je Uber korak v pravo smer, je prepri\u010dan tudi Jo\u017ee Kastelic, ki je svoj glas tudi utemeljil. \u00bbKonkurenca je zdrava! Za varnost potnikov in avtomobilov so predpisi! Ve\u010dina denarja (75 odstotkov) ostane \u0161oferjem, od preostalih 25 odstotkov se krijejo stro\u0161ki Uberja v Sloveniji, od profita se pla\u010da davek v Sloveniji - ve\u010dina denarja torej ostane v Sloveniji\u00ab. Bolj zadr\u017ean je Franc Pre\u0161eren,\u00a0...\" \/>\n<meta property=\"og:url\" content=\"https:\/\/hudo.com\/si\/aktualno\/revoltirana-anketa-uber-v-sloveniji-ni-zazelen\/\" \/>\n<meta property=\"og:site_name\" content=\"Hudo Slovenija\" \/>\n<meta property=\"article:publisher\" content=\"https:\/\/www.facebook.com\/hudo.si\" \/>\n<meta property=\"article:published_time\" content=\"2017-01-05T11:00:00+00:00\" \/>\n<meta property=\"og:image\" content=\"https:\/\/hudo.com\/si\/wp-content\/uploads\/sites\/2\/2017\/01\/480x290_Delo_Foto-20161019120731-54802500.jpeg\" \/>\n\t<meta property=\"og:image:width\" content=\"480\" \/>\n\t<meta property=\"og:image:height\" content=\"290\" \/>\n\t<meta property=\"og:image:type\" content=\"image\/jpeg\" \/>\n<meta name=\"author\" content=\"hudo\" \/>\n<meta name=\"twitter:card\" content=\"summary_large_image\" \/>\n<meta name=\"twitter:creator\" content=\"@hudo_si\" \/>\n<meta name=\"twitter:site\" content=\"@hudo_si\" \/>\n<meta name=\"twitter:label1\" content=\"Written by\" \/>\n\t<meta name=\"twitter:data1\" content=\"hudo\" \/>\n\t<meta name=\"twitter:label2\" content=\"Est. reading time\" \/>\n\t<meta name=\"twitter:data2\" content=\"1 minuta\" \/>\n<script type=\"application\/ld+json\" class=\"yoast-schema-graph\">{\"@context\":\"https:\/\/schema.org\",\"@graph\":[{\"@type\":\"Article\",\"@id\":\"https:\/\/hudo.com\/si\/aktualno\/revoltirana-anketa-uber-v-sloveniji-ni-zazelen\/#article\",\"isPartOf\":{\"@id\":\"https:\/\/hudo.com\/si\/aktualno\/revoltirana-anketa-uber-v-sloveniji-ni-zazelen\/\"},\"author\":{\"name\":\"hudo\",\"@id\":\"https:\/\/hudo.com\/si\/#\/schema\/person\/601cf3379633985b20f7e50f2bb47707\"},\"headline\":\"Revoltirana anketa: Uber v Sloveniji ni za\u017eelen\",\"datePublished\":\"2017-01-05T11:00:00+00:00\",\"dateModified\":\"2017-01-05T11:00:00+00:00\",\"mainEntityOfPage\":{\"@id\":\"https:\/\/hudo.com\/si\/aktualno\/revoltirana-anketa-uber-v-sloveniji-ni-zazelen\/\"},\"wordCount\":161,\"publisher\":{\"@id\":\"https:\/\/hudo.com\/si\/#organization\"},\"articleSection\":[\"Aktualno\"],\"inLanguage\":\"sl-SI\"},{\"@type\":\"WebPage\",\"@id\":\"https:\/\/hudo.com\/si\/aktualno\/revoltirana-anketa-uber-v-sloveniji-ni-zazelen\/\",\"url\":\"https:\/\/hudo.com\/si\/aktualno\/revoltirana-anketa-uber-v-sloveniji-ni-zazelen\/\",\"name\":\"Revoltirana anketa: Uber v Sloveniji ni za\u017eelen - Hudo Slovenija\",\"isPartOf\":{\"@id\":\"https:\/\/hudo.com\/si\/#website\"},\"datePublished\":\"2017-01-05T11:00:00+00:00\",\"dateModified\":\"2017-01-05T11:00:00+00:00\",\"breadcrumb\":{\"@id\":\"https:\/\/hudo.com\/si\/aktualno\/revoltirana-anketa-uber-v-sloveniji-ni-zazelen\/#breadcrumb\"},\"inLanguage\":\"sl-SI\",\"potentialAction\":[{\"@type\":\"ReadAction\",\"target\":[\"https:\/\/hudo.com\/si\/aktualno\/revoltirana-anketa-uber-v-sloveniji-ni-zazelen\/\"]}]},{\"@type\":\"BreadcrumbList\",\"@id\":\"https:\/\/hudo.com\/si\/aktualno\/revoltirana-anketa-uber-v-sloveniji-ni-zazelen\/#breadcrumb\",\"itemListElement\":[{\"@type\":\"ListItem\",\"position\":1,\"name\":\"Home\",\"item\":\"https:\/\/hudo.com\/si\/\"},{\"@type\":\"ListItem\",\"position\":2,\"name\":\"Revoltirana anketa: Uber v Sloveniji ni za\u017eelen\"}]},{\"@type\":\"WebSite\",\"@id\":\"https:\/\/hudo.com\/si\/#website\",\"url\":\"https:\/\/hudo.com\/si\/\",\"name\":\"Hudo Slovenija\",\"description\":\"Vse novice iz Slovenije in sveta\",\"publisher\":{\"@id\":\"https:\/\/hudo.com\/si\/#organization\"},\"potentialAction\":[{\"@type\":\"SearchAction\",\"target\":{\"@type\":\"EntryPoint\",\"urlTemplate\":\"https:\/\/hudo.com\/si\/?s={search_term_string}\"},\"query-input\":\"required name=search_term_string\"}],\"inLanguage\":\"sl-SI\"},{\"@type\":\"Organization\",\"@id\":\"https:\/\/hudo.com\/si\/#organization\",\"name\":\"VSN Media\",\"url\":\"https:\/\/hudo.com\/si\/\",\"logo\":{\"@type\":\"ImageObject\",\"inLanguage\":\"sl-SI\",\"@id\":\"https:\/\/hudo.com\/si\/#\/schema\/logo\/image\/\",\"url\":\"https:\/\/hudo.com\/si\/wp-content\/uploads\/sites\/2\/2021\/03\/hudo-app-2.png\",\"contentUrl\":\"https:\/\/hudo.com\/si\/wp-content\/uploads\/sites\/2\/2021\/03\/hudo-app-2.png\",\"width\":2185,\"height\":2167,\"caption\":\"VSN Media\"},\"image\":{\"@id\":\"https:\/\/hudo.com\/si\/#\/schema\/logo\/image\/\"},\"sameAs\":[\"https:\/\/www.facebook.com\/hudo.si\",\"https:\/\/twitter.com\/hudo_si\"]},{\"@type\":\"Person\",\"@id\":\"https:\/\/hudo.com\/si\/#\/schema\/person\/601cf3379633985b20f7e50f2bb47707\",\"name\":\"hudo\",\"image\":{\"@type\":\"ImageObject\",\"inLanguage\":\"sl-SI\",\"@id\":\"https:\/\/hudo.com\/si\/#\/schema\/person\/image\/\",\"url\":\"https:\/\/secure.gravatar.com\/avatar\/c4ca25fa72cace7a696b52ff5db9e095?s=96&d=mm&r=g\",\"contentUrl\":\"https:\/\/secure.gravatar.com\/avatar\/c4ca25fa72cace7a696b52ff5db9e095?s=96&d=mm&r=g\",\"caption\":\"hudo\"},\"url\":\"https:\/\/hudo.com\/si\/author\/hudo\/\"}]}<\/script>\n<!-- \/ Yoast SEO plugin. -->","yoast_head_json":{"title":"Revoltirana anketa: Uber v Sloveniji ni za\u017eelen - Hudo Slovenija","robots":{"index":"index","follow":"follow","max-snippet":"max-snippet:-1","max-image-preview":"max-image-preview:large","max-video-preview":"max-video-preview:-1"},"canonical":"https:\/\/hudo.com\/si\/aktualno\/revoltirana-anketa-uber-v-sloveniji-ni-zazelen\/","og_locale":"sl_SI","og_type":"article","og_title":"Revoltirana anketa: Uber v Sloveniji ni za\u017eelen - Hudo Slovenija","og_description":"Kategorija: Revolt in alternative Thu, 05 Jan 2017 13:00:00 +0100 V tokratni Revoltirani anketi smo vas spra\u0161evali, ali podpirate prihod Uberja v Slovenijo. Velika ve\u010dina sodelujo\u010dih (nekaj ve\u010d kot 67 odstotkov) pravi, da ne, saj da bo slu\u017eil na ra\u010dun prekarnih delavcev, denar pa ne bo ostal v Sloveniji. Kan\u010dek manj kot 33 odstotkov pa je prepri\u010danih, da bi se z njegovim prihodom izbolj\u0161ale prevozni\u0161ke storitve, zni\u017eale cene prevozov, z njimi pa bi v svet taksijev pri\u0161la sodobna tehnologija. Da je Uber korak v pravo smer, je prepri\u010dan tudi Jo\u017ee Kastelic, ki je svoj glas tudi utemeljil. \u00bbKonkurenca je zdrava! Za varnost potnikov in avtomobilov so predpisi! Ve\u010dina denarja (75 odstotkov) ostane \u0161oferjem, od preostalih 25 odstotkov se krijejo stro\u0161ki Uberja v Sloveniji, od profita se pla\u010da davek v Sloveniji - ve\u010dina denarja torej ostane v Sloveniji\u00ab. Bolj zadr\u017ean je Franc Pre\u0161eren,\u00a0...","og_url":"https:\/\/hudo.com\/si\/aktualno\/revoltirana-anketa-uber-v-sloveniji-ni-zazelen\/","og_site_name":"Hudo Slovenija","article_publisher":"https:\/\/www.facebook.com\/hudo.si","article_published_time":"2017-01-05T11:00:00+00:00","og_image":[{"width":480,"height":290,"url":"https:\/\/hudo.com\/si\/wp-content\/uploads\/sites\/2\/2017\/01\/480x290_Delo_Foto-20161019120731-54802500.jpeg","type":"image\/jpeg"}],"author":"hudo","twitter_card":"summary_large_image","twitter_creator":"@hudo_si","twitter_site":"@hudo_si","twitter_misc":{"Written by":"hudo","Est. reading time":"1 minuta"},"schema":{"@context":"https:\/\/schema.org","@graph":[{"@type":"Article","@id":"https:\/\/hudo.com\/si\/aktualno\/revoltirana-anketa-uber-v-sloveniji-ni-zazelen\/#article","isPartOf":{"@id":"https:\/\/hudo.com\/si\/aktualno\/revoltirana-anketa-uber-v-sloveniji-ni-zazelen\/"},"author":{"name":"hudo","@id":"https:\/\/hudo.com\/si\/#\/schema\/person\/601cf3379633985b20f7e50f2bb47707"},"headline":"Revoltirana anketa: Uber v Sloveniji ni za\u017eelen","datePublished":"2017-01-05T11:00:00+00:00","dateModified":"2017-01-05T11:00:00+00:00","mainEntityOfPage":{"@id":"https:\/\/hudo.com\/si\/aktualno\/revoltirana-anketa-uber-v-sloveniji-ni-zazelen\/"},"wordCount":161,"publisher":{"@id":"https:\/\/hudo.com\/si\/#organization"},"articleSection":["Aktualno"],"inLanguage":"sl-SI"},{"@type":"WebPage","@id":"https:\/\/hudo.com\/si\/aktualno\/revoltirana-anketa-uber-v-sloveniji-ni-zazelen\/","url":"https:\/\/hudo.com\/si\/aktualno\/revoltirana-anketa-uber-v-sloveniji-ni-zazelen\/","name":"Revoltirana anketa: Uber v Sloveniji ni za\u017eelen - Hudo Slovenija","isPartOf":{"@id":"https:\/\/hudo.com\/si\/#website"},"datePublished":"2017-01-05T11:00:00+00:00","dateModified":"2017-01-05T11:00:00+00:00","breadcrumb":{"@id":"https:\/\/hudo.com\/si\/aktualno\/revoltirana-anketa-uber-v-sloveniji-ni-zazelen\/#breadcrumb"},"inLanguage":"sl-SI","potentialAction":[{"@type":"ReadAction","target":["https:\/\/hudo.com\/si\/aktualno\/revoltirana-anketa-uber-v-sloveniji-ni-zazelen\/"]}]},{"@type":"BreadcrumbList","@id":"https:\/\/hudo.com\/si\/aktualno\/revoltirana-anketa-uber-v-sloveniji-ni-zazelen\/#breadcrumb","itemListElement":[{"@type":"ListItem","position":1,"name":"Home","item":"https:\/\/hudo.com\/si\/"},{"@type":"ListItem","position":2,"name":"Revoltirana anketa: Uber v Sloveniji ni za\u017eelen"}]},{"@type":"WebSite","@id":"https:\/\/hudo.com\/si\/#website","url":"https:\/\/hudo.com\/si\/","name":"Hudo Slovenija","description":"Vse novice iz Slovenije in sveta","publisher":{"@id":"https:\/\/hudo.com\/si\/#organization"},"potentialAction":[{"@type":"SearchAction","target":{"@type":"EntryPoint","urlTemplate":"https:\/\/hudo.com\/si\/?s={search_term_string}"},"query-input":"required name=search_term_string"}],"inLanguage":"sl-SI"},{"@type":"Organization","@id":"https:\/\/hudo.com\/si\/#organization","name":"VSN Media","url":"https:\/\/hudo.com\/si\/","logo":{"@type":"ImageObject","inLanguage":"sl-SI","@id":"https:\/\/hudo.com\/si\/#\/schema\/logo\/image\/","url":"https:\/\/hudo.com\/si\/wp-content\/uploads\/sites\/2\/2021\/03\/hudo-app-2.png","contentUrl":"https:\/\/hudo.com\/si\/wp-content\/uploads\/sites\/2\/2021\/03\/hudo-app-2.png","width":2185,"height":2167,"caption":"VSN Media"},"image":{"@id":"https:\/\/hudo.com\/si\/#\/schema\/logo\/image\/"},"sameAs":["https:\/\/www.facebook.com\/hudo.si","https:\/\/twitter.com\/hudo_si"]},{"@type":"Person","@id":"https:\/\/hudo.com\/si\/#\/schema\/person\/601cf3379633985b20f7e50f2bb47707","name":"hudo","image":{"@type":"ImageObject","inLanguage":"sl-SI","@id":"https:\/\/hudo.com\/si\/#\/schema\/person\/image\/","url":"https:\/\/secure.gravatar.com\/avatar\/c4ca25fa72cace7a696b52ff5db9e095?s=96&d=mm&r=g","contentUrl":"https:\/\/secure.gravatar.com\/avatar\/c4ca25fa72cace7a696b52ff5db9e095?s=96&d=mm&r=g","caption":"hudo"},"url":"https:\/\/hudo.com\/si\/author\/hudo\/"}]}},"amp_enabled":true,"_links":{"self":[{"href":"https:\/\/hudo.com\/si\/wp-json\/wp\/v2\/posts\/184116"}],"collection":[{"href":"https:\/\/hudo.com\/si\/wp-json\/wp\/v2\/posts"}],"about":[{"href":"https:\/\/hudo.com\/si\/wp-json\/wp\/v2\/types\/post"}],"author":[{"embeddable":true,"href":"https:\/\/hudo.com\/si\/wp-json\/wp\/v2\/users\/1"}],"replies":[{"embeddable":true,"href":"https:\/\/hudo.com\/si\/wp-json\/wp\/v2\/comments?post=184116"}],"version-history":[{"count":0,"href":"https:\/\/hudo.com\/si\/wp-json\/wp\/v2\/posts\/184116\/revisions"}],"wp:attachment":[{"href":"https:\/\/hudo.com\/si\/wp-json\/wp\/v2\/media?parent=184116"}],"wp:term":[{"taxonomy":"category","embeddable":true,"href":"https:\/\/hudo.com\/si\/wp-json\/wp\/v2\/categories?post=184116"},{"taxonomy":"post_tag","embeddable":true,"href":"https:\/\/hudo.com\/si\/wp-json\/wp\/v2\/tags?post=184116"},{"taxonomy":"source","embeddable":true,"href":"https:\/\/hudo.com\/si\/wp-json\/wp\/v2\/source?post=184116"},{"taxonomy":"supertag","embeddable":true,"href":"https:\/\/hudo.com\/si\/wp-json\/wp\/v2\/supertag?post=184116"}],"curies":[{"name":"wp","href":"https:\/\/api.w.org\/{rel}","templated":true}]}}