{"id":185577,"date":"2017-01-07T14:56:00","date_gmt":"2017-01-07T13:56:00","guid":{"rendered":"http:\/\/hudo.com\/si\/2017\/01\/07\/ana-drev-majhen-a-tezko-dosegljiv-korak\/"},"modified":"2017-01-07T19:11:51","modified_gmt":"2017-01-07T18:11:51","slug":"ana-drev-majhen-a-tezko-dosegljiv-korak","status":"publish","type":"post","link":"https:\/\/hudo.com\/si\/aktualno\/ana-drev-majhen-a-tezko-dosegljiv-korak\/","title":{"rendered":"Ana Drev: Majhen, a te\u017eko dosegljiv korak"},"content":{"rendered":"<p>Kategorija: Zimski Sat, 07 Jan 2017 15:56:00 +0100  Maribor &#8211; Veleslalom za Zlato lisico na Mariborskem Pohorju je lahko tudi rezultatsko navdu\u0161il slovenske ljubitelje alpskega smu\u010danja, saj se je kar trojica doma\u010dih lisi\u010dk dokopala do to\u010dk. Osmouvr\u0161\u010dena Ana Drev je \u0161e peti\u010d v sezoni kon\u010dala v elitni deseterici (njeni najbolj\u0161i uvrstitvi ostajata \u0161esti mesti iz Killingtona in Semmeringa), Ilka \u0160tuhec je s 14. mestom vpisala svoj dale\u010d najbolj\u0161i veleslalomski dose\u017eek v karieri &#8211; pred tem bolj\u0161a kot 22. \u0161e ni bila -, tudi Tina Robnik je na 19. mestu izena\u010dila svoj najbolj\u0161i rezultat te tekmovalne zime (enako uspe\u0161na je bila na ledeni\u0161ki uverturi v S\u00f6ldnu). \u00bbPo dveh dobrih predstavah sem kar zadovoljna s svojim smu\u010danjem. Nisem sicer \u0161e na ravni nekaterih drugih tekmovalk, nimam pa ob\u010dutka, da bi bila zelo oddaljena od njih, in menim, da se mi lahko\u00a0&#8230;<\/p>\n","protected":false},"excerpt":{"rendered":"<p>Kategorija: Zimski Sat, 07 Jan 2017 15:56:00 +0100  Maribor &#8211; Veleslalom za Zlato lisico na Mariborskem Pohorju je lahko tudi rezultatsko navdu\u0161il slovenske ljubitelje alpskega smu\u010danja, saj se je kar trojica doma\u010dih lisi\u010dk dokopala do to\u010dk. Osmouvr\u0161\u010dena Ana Drev je \u0161e peti\u010d v sezoni kon\u010dala v elitni deseterici (njeni najbolj\u0161i uvrstitvi ostajata \u0161esti mesti iz Killingtona in Semmeringa), Ilka \u0160tuhec je s 14. mestom vpisala svoj dale\u010d najbolj\u0161i veleslalomski dose\u017eek v karieri &#8211; pred tem bolj\u0161a kot 22. \u0161e ni bila -, tudi Tina Robnik je na 19. mestu izena\u010dila svoj najbolj\u0161i rezultat te tekmovalne zime (enako uspe\u0161na je bila na ledeni\u0161ki uverturi v S\u00f6ldnu). \u00bbPo dveh dobrih predstavah sem kar zadovoljna s svojim smu\u010danjem. Nisem sicer \u0161e na ravni nekaterih drugih tekmovalk, nimam pa ob\u010dutka, da bi bila zelo oddaljena od njih, in menim, da se mi lahko\u00a0&#8230;<\/p>\n","protected":false},"author":1,"featured_media":0,"comment_status":"closed","ping_status":"closed","sticky":false,"template":"","format":"standard","meta":{"footnotes":""},"categories":[1179],"tags":[],"source":[1703],"supertag":[],"acf":[],"yoast_head":"<!-- This site is optimized with the Yoast SEO plugin v21.3 - https:\/\/yoast.com\/wordpress\/plugins\/seo\/ -->\n<title>Ana Drev: Majhen, a te\u017eko dosegljiv korak - Hudo Slovenija<\/title>\n<meta name=\"robots\" content=\"index, follow, max-snippet:-1, max-image-preview:large, max-video-preview:-1\" \/>\n<link rel=\"canonical\" href=\"https:\/\/hudo.com\/si\/aktualno\/ana-drev-majhen-a-tezko-dosegljiv-korak\/\" \/>\n<meta property=\"og:locale\" content=\"sl_SI\" \/>\n<meta property=\"og:type\" content=\"article\" \/>\n<meta property=\"og:title\" content=\"Ana Drev: Majhen, a te\u017eko dosegljiv korak - Hudo Slovenija\" \/>\n<meta property=\"og:description\" content=\"Kategorija: Zimski Sat, 07 Jan 2017 15:56:00 +0100 Maribor - Veleslalom za Zlato lisico na Mariborskem Pohorju je lahko tudi rezultatsko navdu\u0161il slovenske ljubitelje alpskega smu\u010danja, saj se je kar trojica doma\u010dih lisi\u010dk dokopala do to\u010dk. Osmouvr\u0161\u010dena Ana Drev je \u0161e peti\u010d v sezoni kon\u010dala v elitni deseterici (njeni najbolj\u0161i uvrstitvi ostajata \u0161esti mesti iz Killingtona in Semmeringa), Ilka \u0160tuhec je s 14. mestom vpisala svoj dale\u010d najbolj\u0161i veleslalomski dose\u017eek v karieri - pred tem bolj\u0161a kot 22. \u0161e ni bila -, tudi Tina Robnik je na 19. mestu izena\u010dila svoj najbolj\u0161i rezultat te tekmovalne zime (enako uspe\u0161na je bila na ledeni\u0161ki uverturi v S\u00f6ldnu). \u00bbPo dveh dobrih predstavah sem kar zadovoljna s svojim smu\u010danjem. Nisem sicer \u0161e na ravni nekaterih drugih tekmovalk, nimam pa ob\u010dutka, da bi bila zelo oddaljena od njih, in menim, da se mi lahko\u00a0...\" \/>\n<meta property=\"og:url\" content=\"https:\/\/hudo.com\/si\/aktualno\/ana-drev-majhen-a-tezko-dosegljiv-korak\/\" \/>\n<meta property=\"og:site_name\" content=\"Hudo Slovenija\" \/>\n<meta property=\"article:publisher\" content=\"https:\/\/www.facebook.com\/hudo.si\" \/>\n<meta property=\"article:published_time\" content=\"2017-01-07T13:56:00+00:00\" \/>\n<meta property=\"article:modified_time\" content=\"2017-01-07T18:11:51+00:00\" \/>\n<meta property=\"og:image\" content=\"https:\/\/hudo.com\/si\/wp-content\/uploads\/sites\/2\/2017\/01\/480x290_Delo_Foto-20170107134517-66169000.jpeg\" \/>\n\t<meta property=\"og:image:width\" content=\"480\" \/>\n\t<meta property=\"og:image:height\" content=\"290\" \/>\n\t<meta property=\"og:image:type\" content=\"image\/jpeg\" \/>\n<meta name=\"author\" content=\"hudo\" \/>\n<meta name=\"twitter:card\" content=\"summary_large_image\" \/>\n<meta name=\"twitter:creator\" content=\"@hudo_si\" \/>\n<meta name=\"twitter:site\" content=\"@hudo_si\" \/>\n<meta name=\"twitter:label1\" content=\"Written by\" \/>\n\t<meta name=\"twitter:data1\" content=\"hudo\" \/>\n\t<meta name=\"twitter:label2\" content=\"Est. reading time\" \/>\n\t<meta name=\"twitter:data2\" content=\"1 minuta\" \/>\n<script type=\"application\/ld+json\" class=\"yoast-schema-graph\">{\"@context\":\"https:\/\/schema.org\",\"@graph\":[{\"@type\":\"Article\",\"@id\":\"https:\/\/hudo.com\/si\/aktualno\/ana-drev-majhen-a-tezko-dosegljiv-korak\/#article\",\"isPartOf\":{\"@id\":\"https:\/\/hudo.com\/si\/aktualno\/ana-drev-majhen-a-tezko-dosegljiv-korak\/\"},\"author\":{\"name\":\"hudo\",\"@id\":\"https:\/\/hudo.com\/si\/#\/schema\/person\/601cf3379633985b20f7e50f2bb47707\"},\"headline\":\"Ana Drev: Majhen, a te\u017eko dosegljiv korak\",\"datePublished\":\"2017-01-07T13:56:00+00:00\",\"dateModified\":\"2017-01-07T18:11:51+00:00\",\"mainEntityOfPage\":{\"@id\":\"https:\/\/hudo.com\/si\/aktualno\/ana-drev-majhen-a-tezko-dosegljiv-korak\/\"},\"wordCount\":158,\"publisher\":{\"@id\":\"https:\/\/hudo.com\/si\/#organization\"},\"articleSection\":[\"Aktualno\"],\"inLanguage\":\"sl-SI\"},{\"@type\":\"WebPage\",\"@id\":\"https:\/\/hudo.com\/si\/aktualno\/ana-drev-majhen-a-tezko-dosegljiv-korak\/\",\"url\":\"https:\/\/hudo.com\/si\/aktualno\/ana-drev-majhen-a-tezko-dosegljiv-korak\/\",\"name\":\"Ana Drev: Majhen, a te\u017eko dosegljiv korak - Hudo Slovenija\",\"isPartOf\":{\"@id\":\"https:\/\/hudo.com\/si\/#website\"},\"datePublished\":\"2017-01-07T13:56:00+00:00\",\"dateModified\":\"2017-01-07T18:11:51+00:00\",\"breadcrumb\":{\"@id\":\"https:\/\/hudo.com\/si\/aktualno\/ana-drev-majhen-a-tezko-dosegljiv-korak\/#breadcrumb\"},\"inLanguage\":\"sl-SI\",\"potentialAction\":[{\"@type\":\"ReadAction\",\"target\":[\"https:\/\/hudo.com\/si\/aktualno\/ana-drev-majhen-a-tezko-dosegljiv-korak\/\"]}]},{\"@type\":\"BreadcrumbList\",\"@id\":\"https:\/\/hudo.com\/si\/aktualno\/ana-drev-majhen-a-tezko-dosegljiv-korak\/#breadcrumb\",\"itemListElement\":[{\"@type\":\"ListItem\",\"position\":1,\"name\":\"Home\",\"item\":\"https:\/\/hudo.com\/si\/\"},{\"@type\":\"ListItem\",\"position\":2,\"name\":\"Ana Drev: Majhen, a te\u017eko dosegljiv korak\"}]},{\"@type\":\"WebSite\",\"@id\":\"https:\/\/hudo.com\/si\/#website\",\"url\":\"https:\/\/hudo.com\/si\/\",\"name\":\"Hudo Slovenija\",\"description\":\"Vse novice iz Slovenije in sveta\",\"publisher\":{\"@id\":\"https:\/\/hudo.com\/si\/#organization\"},\"potentialAction\":[{\"@type\":\"SearchAction\",\"target\":{\"@type\":\"EntryPoint\",\"urlTemplate\":\"https:\/\/hudo.com\/si\/?s={search_term_string}\"},\"query-input\":\"required name=search_term_string\"}],\"inLanguage\":\"sl-SI\"},{\"@type\":\"Organization\",\"@id\":\"https:\/\/hudo.com\/si\/#organization\",\"name\":\"VSN Media\",\"url\":\"https:\/\/hudo.com\/si\/\",\"logo\":{\"@type\":\"ImageObject\",\"inLanguage\":\"sl-SI\",\"@id\":\"https:\/\/hudo.com\/si\/#\/schema\/logo\/image\/\",\"url\":\"https:\/\/hudo.com\/si\/wp-content\/uploads\/sites\/2\/2021\/03\/hudo-app-2.png\",\"contentUrl\":\"https:\/\/hudo.com\/si\/wp-content\/uploads\/sites\/2\/2021\/03\/hudo-app-2.png\",\"width\":2185,\"height\":2167,\"caption\":\"VSN Media\"},\"image\":{\"@id\":\"https:\/\/hudo.com\/si\/#\/schema\/logo\/image\/\"},\"sameAs\":[\"https:\/\/www.facebook.com\/hudo.si\",\"https:\/\/twitter.com\/hudo_si\"]},{\"@type\":\"Person\",\"@id\":\"https:\/\/hudo.com\/si\/#\/schema\/person\/601cf3379633985b20f7e50f2bb47707\",\"name\":\"hudo\",\"image\":{\"@type\":\"ImageObject\",\"inLanguage\":\"sl-SI\",\"@id\":\"https:\/\/hudo.com\/si\/#\/schema\/person\/image\/\",\"url\":\"https:\/\/secure.gravatar.com\/avatar\/c4ca25fa72cace7a696b52ff5db9e095?s=96&d=mm&r=g\",\"contentUrl\":\"https:\/\/secure.gravatar.com\/avatar\/c4ca25fa72cace7a696b52ff5db9e095?s=96&d=mm&r=g\",\"caption\":\"hudo\"},\"url\":\"https:\/\/hudo.com\/si\/author\/hudo\/\"}]}<\/script>\n<!-- \/ Yoast SEO plugin. -->","yoast_head_json":{"title":"Ana Drev: Majhen, a te\u017eko dosegljiv korak - Hudo Slovenija","robots":{"index":"index","follow":"follow","max-snippet":"max-snippet:-1","max-image-preview":"max-image-preview:large","max-video-preview":"max-video-preview:-1"},"canonical":"https:\/\/hudo.com\/si\/aktualno\/ana-drev-majhen-a-tezko-dosegljiv-korak\/","og_locale":"sl_SI","og_type":"article","og_title":"Ana Drev: Majhen, a te\u017eko dosegljiv korak - Hudo Slovenija","og_description":"Kategorija: Zimski Sat, 07 Jan 2017 15:56:00 +0100 Maribor - Veleslalom za Zlato lisico na Mariborskem Pohorju je lahko tudi rezultatsko navdu\u0161il slovenske ljubitelje alpskega smu\u010danja, saj se je kar trojica doma\u010dih lisi\u010dk dokopala do to\u010dk. Osmouvr\u0161\u010dena Ana Drev je \u0161e peti\u010d v sezoni kon\u010dala v elitni deseterici (njeni najbolj\u0161i uvrstitvi ostajata \u0161esti mesti iz Killingtona in Semmeringa), Ilka \u0160tuhec je s 14. mestom vpisala svoj dale\u010d najbolj\u0161i veleslalomski dose\u017eek v karieri - pred tem bolj\u0161a kot 22. \u0161e ni bila -, tudi Tina Robnik je na 19. mestu izena\u010dila svoj najbolj\u0161i rezultat te tekmovalne zime (enako uspe\u0161na je bila na ledeni\u0161ki uverturi v S\u00f6ldnu). \u00bbPo dveh dobrih predstavah sem kar zadovoljna s svojim smu\u010danjem. Nisem sicer \u0161e na ravni nekaterih drugih tekmovalk, nimam pa ob\u010dutka, da bi bila zelo oddaljena od njih, in menim, da se mi lahko\u00a0...","og_url":"https:\/\/hudo.com\/si\/aktualno\/ana-drev-majhen-a-tezko-dosegljiv-korak\/","og_site_name":"Hudo Slovenija","article_publisher":"https:\/\/www.facebook.com\/hudo.si","article_published_time":"2017-01-07T13:56:00+00:00","article_modified_time":"2017-01-07T18:11:51+00:00","og_image":[{"width":480,"height":290,"url":"https:\/\/hudo.com\/si\/wp-content\/uploads\/sites\/2\/2017\/01\/480x290_Delo_Foto-20170107134517-66169000.jpeg","type":"image\/jpeg"}],"author":"hudo","twitter_card":"summary_large_image","twitter_creator":"@hudo_si","twitter_site":"@hudo_si","twitter_misc":{"Written by":"hudo","Est. reading time":"1 minuta"},"schema":{"@context":"https:\/\/schema.org","@graph":[{"@type":"Article","@id":"https:\/\/hudo.com\/si\/aktualno\/ana-drev-majhen-a-tezko-dosegljiv-korak\/#article","isPartOf":{"@id":"https:\/\/hudo.com\/si\/aktualno\/ana-drev-majhen-a-tezko-dosegljiv-korak\/"},"author":{"name":"hudo","@id":"https:\/\/hudo.com\/si\/#\/schema\/person\/601cf3379633985b20f7e50f2bb47707"},"headline":"Ana Drev: Majhen, a te\u017eko dosegljiv korak","datePublished":"2017-01-07T13:56:00+00:00","dateModified":"2017-01-07T18:11:51+00:00","mainEntityOfPage":{"@id":"https:\/\/hudo.com\/si\/aktualno\/ana-drev-majhen-a-tezko-dosegljiv-korak\/"},"wordCount":158,"publisher":{"@id":"https:\/\/hudo.com\/si\/#organization"},"articleSection":["Aktualno"],"inLanguage":"sl-SI"},{"@type":"WebPage","@id":"https:\/\/hudo.com\/si\/aktualno\/ana-drev-majhen-a-tezko-dosegljiv-korak\/","url":"https:\/\/hudo.com\/si\/aktualno\/ana-drev-majhen-a-tezko-dosegljiv-korak\/","name":"Ana Drev: Majhen, a te\u017eko dosegljiv korak - Hudo Slovenija","isPartOf":{"@id":"https:\/\/hudo.com\/si\/#website"},"datePublished":"2017-01-07T13:56:00+00:00","dateModified":"2017-01-07T18:11:51+00:00","breadcrumb":{"@id":"https:\/\/hudo.com\/si\/aktualno\/ana-drev-majhen-a-tezko-dosegljiv-korak\/#breadcrumb"},"inLanguage":"sl-SI","potentialAction":[{"@type":"ReadAction","target":["https:\/\/hudo.com\/si\/aktualno\/ana-drev-majhen-a-tezko-dosegljiv-korak\/"]}]},{"@type":"BreadcrumbList","@id":"https:\/\/hudo.com\/si\/aktualno\/ana-drev-majhen-a-tezko-dosegljiv-korak\/#breadcrumb","itemListElement":[{"@type":"ListItem","position":1,"name":"Home","item":"https:\/\/hudo.com\/si\/"},{"@type":"ListItem","position":2,"name":"Ana Drev: Majhen, a te\u017eko dosegljiv korak"}]},{"@type":"WebSite","@id":"https:\/\/hudo.com\/si\/#website","url":"https:\/\/hudo.com\/si\/","name":"Hudo Slovenija","description":"Vse novice iz Slovenije in sveta","publisher":{"@id":"https:\/\/hudo.com\/si\/#organization"},"potentialAction":[{"@type":"SearchAction","target":{"@type":"EntryPoint","urlTemplate":"https:\/\/hudo.com\/si\/?s={search_term_string}"},"query-input":"required name=search_term_string"}],"inLanguage":"sl-SI"},{"@type":"Organization","@id":"https:\/\/hudo.com\/si\/#organization","name":"VSN Media","url":"https:\/\/hudo.com\/si\/","logo":{"@type":"ImageObject","inLanguage":"sl-SI","@id":"https:\/\/hudo.com\/si\/#\/schema\/logo\/image\/","url":"https:\/\/hudo.com\/si\/wp-content\/uploads\/sites\/2\/2021\/03\/hudo-app-2.png","contentUrl":"https:\/\/hudo.com\/si\/wp-content\/uploads\/sites\/2\/2021\/03\/hudo-app-2.png","width":2185,"height":2167,"caption":"VSN Media"},"image":{"@id":"https:\/\/hudo.com\/si\/#\/schema\/logo\/image\/"},"sameAs":["https:\/\/www.facebook.com\/hudo.si","https:\/\/twitter.com\/hudo_si"]},{"@type":"Person","@id":"https:\/\/hudo.com\/si\/#\/schema\/person\/601cf3379633985b20f7e50f2bb47707","name":"hudo","image":{"@type":"ImageObject","inLanguage":"sl-SI","@id":"https:\/\/hudo.com\/si\/#\/schema\/person\/image\/","url":"https:\/\/secure.gravatar.com\/avatar\/c4ca25fa72cace7a696b52ff5db9e095?s=96&d=mm&r=g","contentUrl":"https:\/\/secure.gravatar.com\/avatar\/c4ca25fa72cace7a696b52ff5db9e095?s=96&d=mm&r=g","caption":"hudo"},"url":"https:\/\/hudo.com\/si\/author\/hudo\/"}]}},"amp_enabled":true,"_links":{"self":[{"href":"https:\/\/hudo.com\/si\/wp-json\/wp\/v2\/posts\/185577"}],"collection":[{"href":"https:\/\/hudo.com\/si\/wp-json\/wp\/v2\/posts"}],"about":[{"href":"https:\/\/hudo.com\/si\/wp-json\/wp\/v2\/types\/post"}],"author":[{"embeddable":true,"href":"https:\/\/hudo.com\/si\/wp-json\/wp\/v2\/users\/1"}],"replies":[{"embeddable":true,"href":"https:\/\/hudo.com\/si\/wp-json\/wp\/v2\/comments?post=185577"}],"version-history":[{"count":1,"href":"https:\/\/hudo.com\/si\/wp-json\/wp\/v2\/posts\/185577\/revisions"}],"predecessor-version":[{"id":185599,"href":"https:\/\/hudo.com\/si\/wp-json\/wp\/v2\/posts\/185577\/revisions\/185599"}],"wp:attachment":[{"href":"https:\/\/hudo.com\/si\/wp-json\/wp\/v2\/media?parent=185577"}],"wp:term":[{"taxonomy":"category","embeddable":true,"href":"https:\/\/hudo.com\/si\/wp-json\/wp\/v2\/categories?post=185577"},{"taxonomy":"post_tag","embeddable":true,"href":"https:\/\/hudo.com\/si\/wp-json\/wp\/v2\/tags?post=185577"},{"taxonomy":"source","embeddable":true,"href":"https:\/\/hudo.com\/si\/wp-json\/wp\/v2\/source?post=185577"},{"taxonomy":"supertag","embeddable":true,"href":"https:\/\/hudo.com\/si\/wp-json\/wp\/v2\/supertag?post=185577"}],"curies":[{"name":"wp","href":"https:\/\/api.w.org\/{rel}","templated":true}]}}