{"id":186018,"date":"2017-01-08T17:34:00","date_gmt":"2017-01-08T16:34:00","guid":{"rendered":"http:\/\/hudo.com\/si\/2017\/01\/08\/video-75-let-po-bitki-v-drazgosah-je-slovenski-narod-se-vedno-sam-sebi-najhujsi-sovraznik\/"},"modified":"2017-01-09T07:42:41","modified_gmt":"2017-01-09T06:42:41","slug":"video-75-let-po-bitki-v-drazgosah-je-slovenski-narod-se-vedno-sam-sebi-najhujsi-sovraznik","status":"publish","type":"post","link":"https:\/\/hudo.com\/si\/aktualno\/video-75-let-po-bitki-v-drazgosah-je-slovenski-narod-se-vedno-sam-sebi-najhujsi-sovraznik\/","title":{"rendered":"[VIDEO] 75 let po bitki v Dra\u017ego\u0161ah, je slovenski narod \u0161e vedno sam sebi najhuj\u0161i sovra\u017enik"},"content":{"rendered":"<p>&#8220;Partizani ne potrebujemo nobene sprave, potrebujejo jo samo tisti, ki so prisegli Hitlerju,&#8221; smo v Dra\u017ego\u0161ah sli\u0161ali od slavnostnega govornika, ki je bil rojen \u010detrt stoletja po drugi svetovni vojni. Sicer pa je slovenska levica v preteklih letih v Dra\u017ego\u0161ah dosti bolj mno\u017ei\u010dno strnila svoje vrste kot letos. Pri\u0161la sta Borut Pahor in Milan Ku\u010dan, ni pa bilo niti Zorana Jankovi\u0107a niti Karla Erjavca. Pa tudi grme\u010dih politi\u010dnih govorov ne. Lahko bi rekli, da so bile Dra\u017ego\u0161e letos bolj v \u0161olski maniri, da se zgodovina ne pozabi.<\/p>\n","protected":false},"excerpt":{"rendered":"<p>&#8220;Partizani ne potrebujemo nobene sprave, potrebujejo jo samo tisti, ki so prisegli Hitlerju,&#8221; smo v Dra\u017ego\u0161ah sli\u0161ali od slavnostnega govornika, ki je bil rojen \u010detrt stoletja po drugi svetovni vojni. Sicer pa je slovenska levica v preteklih letih v Dra\u017ego\u0161ah dosti bolj mno\u017ei\u010dno strnila svoje vrste kot letos. Pri\u0161la sta Borut Pahor in Milan Ku\u010dan, ni pa bilo niti Zorana Jankovi\u0107a niti Karla Erjavca. Pa tudi grme\u010dih politi\u010dnih govorov ne. Lahko bi rekli, da so bile Dra\u017ego\u0161e letos bolj v \u0161olski maniri, da se zgodovina ne pozabi.<\/p>\n","protected":false},"author":1,"featured_media":0,"comment_status":"closed","ping_status":"closed","sticky":false,"template":"","format":"standard","meta":{"footnotes":""},"categories":[1179],"tags":[],"source":[1706],"supertag":[],"acf":[],"yoast_head":"<!-- This site is optimized with the Yoast SEO plugin v21.3 - https:\/\/yoast.com\/wordpress\/plugins\/seo\/ -->\n<title>[VIDEO] 75 let po bitki v Dra\u017ego\u0161ah, je slovenski narod \u0161e vedno sam sebi najhuj\u0161i sovra\u017enik - Hudo Slovenija<\/title>\n<meta name=\"robots\" content=\"index, follow, max-snippet:-1, max-image-preview:large, max-video-preview:-1\" \/>\n<link rel=\"canonical\" href=\"https:\/\/hudo.com\/si\/aktualno\/video-75-let-po-bitki-v-drazgosah-je-slovenski-narod-se-vedno-sam-sebi-najhujsi-sovraznik\/\" \/>\n<meta property=\"og:locale\" content=\"sl_SI\" \/>\n<meta property=\"og:type\" content=\"article\" \/>\n<meta property=\"og:title\" content=\"[VIDEO] 75 let po bitki v Dra\u017ego\u0161ah, je slovenski narod \u0161e vedno sam sebi najhuj\u0161i sovra\u017enik - Hudo Slovenija\" \/>\n<meta property=\"og:description\" content=\"&quot;Partizani ne potrebujemo nobene sprave, potrebujejo jo samo tisti, ki so prisegli Hitlerju,&quot; smo v Dra\u017ego\u0161ah sli\u0161ali od slavnostnega govornika, ki je bil rojen \u010detrt stoletja po drugi svetovni vojni. Sicer pa je slovenska levica v preteklih letih v Dra\u017ego\u0161ah dosti bolj mno\u017ei\u010dno strnila svoje vrste kot letos. Pri\u0161la sta Borut Pahor in Milan Ku\u010dan, ni pa bilo niti Zorana Jankovi\u0107a niti Karla Erjavca. Pa tudi grme\u010dih politi\u010dnih govorov ne. Lahko bi rekli, da so bile Dra\u017ego\u0161e letos bolj v \u0161olski maniri, da se zgodovina ne pozabi.\" \/>\n<meta property=\"og:url\" content=\"https:\/\/hudo.com\/si\/aktualno\/video-75-let-po-bitki-v-drazgosah-je-slovenski-narod-se-vedno-sam-sebi-najhujsi-sovraznik\/\" \/>\n<meta property=\"og:site_name\" content=\"Hudo Slovenija\" \/>\n<meta property=\"article:publisher\" content=\"https:\/\/www.facebook.com\/hudo.si\" \/>\n<meta property=\"article:published_time\" content=\"2017-01-08T16:34:00+00:00\" \/>\n<meta property=\"article:modified_time\" content=\"2017-01-09T06:42:41+00:00\" \/>\n<meta property=\"og:image\" content=\"https:\/\/hudo.com\/si\/wp-content\/uploads\/sites\/2\/2017\/01\/086453dKmLW.jpg\" \/>\n\t<meta property=\"og:image:width\" content=\"504\" \/>\n\t<meta property=\"og:image:height\" content=\"284\" \/>\n\t<meta property=\"og:image:type\" content=\"image\/jpeg\" \/>\n<meta name=\"author\" content=\"hudo\" \/>\n<meta name=\"twitter:card\" content=\"summary_large_image\" \/>\n<meta name=\"twitter:creator\" content=\"@hudo_si\" \/>\n<meta name=\"twitter:site\" content=\"@hudo_si\" \/>\n<meta name=\"twitter:label1\" content=\"Written by\" \/>\n\t<meta name=\"twitter:data1\" content=\"hudo\" \/>\n\t<meta name=\"twitter:label2\" content=\"Est. reading time\" \/>\n\t<meta name=\"twitter:data2\" content=\"1 minuta\" \/>\n<script type=\"application\/ld+json\" class=\"yoast-schema-graph\">{\"@context\":\"https:\/\/schema.org\",\"@graph\":[{\"@type\":\"Article\",\"@id\":\"https:\/\/hudo.com\/si\/aktualno\/video-75-let-po-bitki-v-drazgosah-je-slovenski-narod-se-vedno-sam-sebi-najhujsi-sovraznik\/#article\",\"isPartOf\":{\"@id\":\"https:\/\/hudo.com\/si\/aktualno\/video-75-let-po-bitki-v-drazgosah-je-slovenski-narod-se-vedno-sam-sebi-najhujsi-sovraznik\/\"},\"author\":{\"name\":\"hudo\",\"@id\":\"https:\/\/hudo.com\/si\/#\/schema\/person\/601cf3379633985b20f7e50f2bb47707\"},\"headline\":\"[VIDEO] 75 let po bitki v Dra\u017ego\u0161ah, je slovenski narod \u0161e vedno sam sebi najhuj\u0161i sovra\u017enik\",\"datePublished\":\"2017-01-08T16:34:00+00:00\",\"dateModified\":\"2017-01-09T06:42:41+00:00\",\"mainEntityOfPage\":{\"@id\":\"https:\/\/hudo.com\/si\/aktualno\/video-75-let-po-bitki-v-drazgosah-je-slovenski-narod-se-vedno-sam-sebi-najhujsi-sovraznik\/\"},\"wordCount\":120,\"publisher\":{\"@id\":\"https:\/\/hudo.com\/si\/#organization\"},\"articleSection\":[\"Aktualno\"],\"inLanguage\":\"sl-SI\"},{\"@type\":\"WebPage\",\"@id\":\"https:\/\/hudo.com\/si\/aktualno\/video-75-let-po-bitki-v-drazgosah-je-slovenski-narod-se-vedno-sam-sebi-najhujsi-sovraznik\/\",\"url\":\"https:\/\/hudo.com\/si\/aktualno\/video-75-let-po-bitki-v-drazgosah-je-slovenski-narod-se-vedno-sam-sebi-najhujsi-sovraznik\/\",\"name\":\"[VIDEO] 75 let po bitki v Dra\u017ego\u0161ah, je slovenski narod \u0161e vedno sam sebi najhuj\u0161i sovra\u017enik - Hudo Slovenija\",\"isPartOf\":{\"@id\":\"https:\/\/hudo.com\/si\/#website\"},\"datePublished\":\"2017-01-08T16:34:00+00:00\",\"dateModified\":\"2017-01-09T06:42:41+00:00\",\"breadcrumb\":{\"@id\":\"https:\/\/hudo.com\/si\/aktualno\/video-75-let-po-bitki-v-drazgosah-je-slovenski-narod-se-vedno-sam-sebi-najhujsi-sovraznik\/#breadcrumb\"},\"inLanguage\":\"sl-SI\",\"potentialAction\":[{\"@type\":\"ReadAction\",\"target\":[\"https:\/\/hudo.com\/si\/aktualno\/video-75-let-po-bitki-v-drazgosah-je-slovenski-narod-se-vedno-sam-sebi-najhujsi-sovraznik\/\"]}]},{\"@type\":\"BreadcrumbList\",\"@id\":\"https:\/\/hudo.com\/si\/aktualno\/video-75-let-po-bitki-v-drazgosah-je-slovenski-narod-se-vedno-sam-sebi-najhujsi-sovraznik\/#breadcrumb\",\"itemListElement\":[{\"@type\":\"ListItem\",\"position\":1,\"name\":\"Home\",\"item\":\"https:\/\/hudo.com\/si\/\"},{\"@type\":\"ListItem\",\"position\":2,\"name\":\"[VIDEO] 75 let po bitki v Dra\u017ego\u0161ah, je slovenski narod \u0161e vedno sam sebi najhuj\u0161i sovra\u017enik\"}]},{\"@type\":\"WebSite\",\"@id\":\"https:\/\/hudo.com\/si\/#website\",\"url\":\"https:\/\/hudo.com\/si\/\",\"name\":\"Hudo Slovenija\",\"description\":\"Vse novice iz Slovenije in sveta\",\"publisher\":{\"@id\":\"https:\/\/hudo.com\/si\/#organization\"},\"potentialAction\":[{\"@type\":\"SearchAction\",\"target\":{\"@type\":\"EntryPoint\",\"urlTemplate\":\"https:\/\/hudo.com\/si\/?s={search_term_string}\"},\"query-input\":\"required name=search_term_string\"}],\"inLanguage\":\"sl-SI\"},{\"@type\":\"Organization\",\"@id\":\"https:\/\/hudo.com\/si\/#organization\",\"name\":\"VSN Media\",\"url\":\"https:\/\/hudo.com\/si\/\",\"logo\":{\"@type\":\"ImageObject\",\"inLanguage\":\"sl-SI\",\"@id\":\"https:\/\/hudo.com\/si\/#\/schema\/logo\/image\/\",\"url\":\"https:\/\/hudo.com\/si\/wp-content\/uploads\/sites\/2\/2021\/03\/hudo-app-2.png\",\"contentUrl\":\"https:\/\/hudo.com\/si\/wp-content\/uploads\/sites\/2\/2021\/03\/hudo-app-2.png\",\"width\":2185,\"height\":2167,\"caption\":\"VSN Media\"},\"image\":{\"@id\":\"https:\/\/hudo.com\/si\/#\/schema\/logo\/image\/\"},\"sameAs\":[\"https:\/\/www.facebook.com\/hudo.si\",\"https:\/\/twitter.com\/hudo_si\"]},{\"@type\":\"Person\",\"@id\":\"https:\/\/hudo.com\/si\/#\/schema\/person\/601cf3379633985b20f7e50f2bb47707\",\"name\":\"hudo\",\"image\":{\"@type\":\"ImageObject\",\"inLanguage\":\"sl-SI\",\"@id\":\"https:\/\/hudo.com\/si\/#\/schema\/person\/image\/\",\"url\":\"https:\/\/secure.gravatar.com\/avatar\/c4ca25fa72cace7a696b52ff5db9e095?s=96&d=mm&r=g\",\"contentUrl\":\"https:\/\/secure.gravatar.com\/avatar\/c4ca25fa72cace7a696b52ff5db9e095?s=96&d=mm&r=g\",\"caption\":\"hudo\"},\"url\":\"https:\/\/hudo.com\/si\/author\/hudo\/\"}]}<\/script>\n<!-- \/ Yoast SEO plugin. -->","yoast_head_json":{"title":"[VIDEO] 75 let po bitki v Dra\u017ego\u0161ah, je slovenski narod \u0161e vedno sam sebi najhuj\u0161i sovra\u017enik - Hudo Slovenija","robots":{"index":"index","follow":"follow","max-snippet":"max-snippet:-1","max-image-preview":"max-image-preview:large","max-video-preview":"max-video-preview:-1"},"canonical":"https:\/\/hudo.com\/si\/aktualno\/video-75-let-po-bitki-v-drazgosah-je-slovenski-narod-se-vedno-sam-sebi-najhujsi-sovraznik\/","og_locale":"sl_SI","og_type":"article","og_title":"[VIDEO] 75 let po bitki v Dra\u017ego\u0161ah, je slovenski narod \u0161e vedno sam sebi najhuj\u0161i sovra\u017enik - Hudo Slovenija","og_description":"\"Partizani ne potrebujemo nobene sprave, potrebujejo jo samo tisti, ki so prisegli Hitlerju,\" smo v Dra\u017ego\u0161ah sli\u0161ali od slavnostnega govornika, ki je bil rojen \u010detrt stoletja po drugi svetovni vojni. Sicer pa je slovenska levica v preteklih letih v Dra\u017ego\u0161ah dosti bolj mno\u017ei\u010dno strnila svoje vrste kot letos. Pri\u0161la sta Borut Pahor in Milan Ku\u010dan, ni pa bilo niti Zorana Jankovi\u0107a niti Karla Erjavca. Pa tudi grme\u010dih politi\u010dnih govorov ne. Lahko bi rekli, da so bile Dra\u017ego\u0161e letos bolj v \u0161olski maniri, da se zgodovina ne pozabi.","og_url":"https:\/\/hudo.com\/si\/aktualno\/video-75-let-po-bitki-v-drazgosah-je-slovenski-narod-se-vedno-sam-sebi-najhujsi-sovraznik\/","og_site_name":"Hudo Slovenija","article_publisher":"https:\/\/www.facebook.com\/hudo.si","article_published_time":"2017-01-08T16:34:00+00:00","article_modified_time":"2017-01-09T06:42:41+00:00","og_image":[{"width":504,"height":284,"url":"https:\/\/hudo.com\/si\/wp-content\/uploads\/sites\/2\/2017\/01\/086453dKmLW.jpg","type":"image\/jpeg"}],"author":"hudo","twitter_card":"summary_large_image","twitter_creator":"@hudo_si","twitter_site":"@hudo_si","twitter_misc":{"Written by":"hudo","Est. reading time":"1 minuta"},"schema":{"@context":"https:\/\/schema.org","@graph":[{"@type":"Article","@id":"https:\/\/hudo.com\/si\/aktualno\/video-75-let-po-bitki-v-drazgosah-je-slovenski-narod-se-vedno-sam-sebi-najhujsi-sovraznik\/#article","isPartOf":{"@id":"https:\/\/hudo.com\/si\/aktualno\/video-75-let-po-bitki-v-drazgosah-je-slovenski-narod-se-vedno-sam-sebi-najhujsi-sovraznik\/"},"author":{"name":"hudo","@id":"https:\/\/hudo.com\/si\/#\/schema\/person\/601cf3379633985b20f7e50f2bb47707"},"headline":"[VIDEO] 75 let po bitki v Dra\u017ego\u0161ah, je slovenski narod \u0161e vedno sam sebi najhuj\u0161i sovra\u017enik","datePublished":"2017-01-08T16:34:00+00:00","dateModified":"2017-01-09T06:42:41+00:00","mainEntityOfPage":{"@id":"https:\/\/hudo.com\/si\/aktualno\/video-75-let-po-bitki-v-drazgosah-je-slovenski-narod-se-vedno-sam-sebi-najhujsi-sovraznik\/"},"wordCount":120,"publisher":{"@id":"https:\/\/hudo.com\/si\/#organization"},"articleSection":["Aktualno"],"inLanguage":"sl-SI"},{"@type":"WebPage","@id":"https:\/\/hudo.com\/si\/aktualno\/video-75-let-po-bitki-v-drazgosah-je-slovenski-narod-se-vedno-sam-sebi-najhujsi-sovraznik\/","url":"https:\/\/hudo.com\/si\/aktualno\/video-75-let-po-bitki-v-drazgosah-je-slovenski-narod-se-vedno-sam-sebi-najhujsi-sovraznik\/","name":"[VIDEO] 75 let po bitki v Dra\u017ego\u0161ah, je slovenski narod \u0161e vedno sam sebi najhuj\u0161i sovra\u017enik - Hudo Slovenija","isPartOf":{"@id":"https:\/\/hudo.com\/si\/#website"},"datePublished":"2017-01-08T16:34:00+00:00","dateModified":"2017-01-09T06:42:41+00:00","breadcrumb":{"@id":"https:\/\/hudo.com\/si\/aktualno\/video-75-let-po-bitki-v-drazgosah-je-slovenski-narod-se-vedno-sam-sebi-najhujsi-sovraznik\/#breadcrumb"},"inLanguage":"sl-SI","potentialAction":[{"@type":"ReadAction","target":["https:\/\/hudo.com\/si\/aktualno\/video-75-let-po-bitki-v-drazgosah-je-slovenski-narod-se-vedno-sam-sebi-najhujsi-sovraznik\/"]}]},{"@type":"BreadcrumbList","@id":"https:\/\/hudo.com\/si\/aktualno\/video-75-let-po-bitki-v-drazgosah-je-slovenski-narod-se-vedno-sam-sebi-najhujsi-sovraznik\/#breadcrumb","itemListElement":[{"@type":"ListItem","position":1,"name":"Home","item":"https:\/\/hudo.com\/si\/"},{"@type":"ListItem","position":2,"name":"[VIDEO] 75 let po bitki v Dra\u017ego\u0161ah, je slovenski narod \u0161e vedno sam sebi najhuj\u0161i sovra\u017enik"}]},{"@type":"WebSite","@id":"https:\/\/hudo.com\/si\/#website","url":"https:\/\/hudo.com\/si\/","name":"Hudo Slovenija","description":"Vse novice iz Slovenije in sveta","publisher":{"@id":"https:\/\/hudo.com\/si\/#organization"},"potentialAction":[{"@type":"SearchAction","target":{"@type":"EntryPoint","urlTemplate":"https:\/\/hudo.com\/si\/?s={search_term_string}"},"query-input":"required name=search_term_string"}],"inLanguage":"sl-SI"},{"@type":"Organization","@id":"https:\/\/hudo.com\/si\/#organization","name":"VSN Media","url":"https:\/\/hudo.com\/si\/","logo":{"@type":"ImageObject","inLanguage":"sl-SI","@id":"https:\/\/hudo.com\/si\/#\/schema\/logo\/image\/","url":"https:\/\/hudo.com\/si\/wp-content\/uploads\/sites\/2\/2021\/03\/hudo-app-2.png","contentUrl":"https:\/\/hudo.com\/si\/wp-content\/uploads\/sites\/2\/2021\/03\/hudo-app-2.png","width":2185,"height":2167,"caption":"VSN Media"},"image":{"@id":"https:\/\/hudo.com\/si\/#\/schema\/logo\/image\/"},"sameAs":["https:\/\/www.facebook.com\/hudo.si","https:\/\/twitter.com\/hudo_si"]},{"@type":"Person","@id":"https:\/\/hudo.com\/si\/#\/schema\/person\/601cf3379633985b20f7e50f2bb47707","name":"hudo","image":{"@type":"ImageObject","inLanguage":"sl-SI","@id":"https:\/\/hudo.com\/si\/#\/schema\/person\/image\/","url":"https:\/\/secure.gravatar.com\/avatar\/c4ca25fa72cace7a696b52ff5db9e095?s=96&d=mm&r=g","contentUrl":"https:\/\/secure.gravatar.com\/avatar\/c4ca25fa72cace7a696b52ff5db9e095?s=96&d=mm&r=g","caption":"hudo"},"url":"https:\/\/hudo.com\/si\/author\/hudo\/"}]}},"amp_enabled":true,"_links":{"self":[{"href":"https:\/\/hudo.com\/si\/wp-json\/wp\/v2\/posts\/186018"}],"collection":[{"href":"https:\/\/hudo.com\/si\/wp-json\/wp\/v2\/posts"}],"about":[{"href":"https:\/\/hudo.com\/si\/wp-json\/wp\/v2\/types\/post"}],"author":[{"embeddable":true,"href":"https:\/\/hudo.com\/si\/wp-json\/wp\/v2\/users\/1"}],"replies":[{"embeddable":true,"href":"https:\/\/hudo.com\/si\/wp-json\/wp\/v2\/comments?post=186018"}],"version-history":[{"count":1,"href":"https:\/\/hudo.com\/si\/wp-json\/wp\/v2\/posts\/186018\/revisions"}],"predecessor-version":[{"id":186073,"href":"https:\/\/hudo.com\/si\/wp-json\/wp\/v2\/posts\/186018\/revisions\/186073"}],"wp:attachment":[{"href":"https:\/\/hudo.com\/si\/wp-json\/wp\/v2\/media?parent=186018"}],"wp:term":[{"taxonomy":"category","embeddable":true,"href":"https:\/\/hudo.com\/si\/wp-json\/wp\/v2\/categories?post=186018"},{"taxonomy":"post_tag","embeddable":true,"href":"https:\/\/hudo.com\/si\/wp-json\/wp\/v2\/tags?post=186018"},{"taxonomy":"source","embeddable":true,"href":"https:\/\/hudo.com\/si\/wp-json\/wp\/v2\/source?post=186018"},{"taxonomy":"supertag","embeddable":true,"href":"https:\/\/hudo.com\/si\/wp-json\/wp\/v2\/supertag?post=186018"}],"curies":[{"name":"wp","href":"https:\/\/api.w.org\/{rel}","templated":true}]}}