{"id":186022,"date":"2017-01-08T17:21:02","date_gmt":"2017-01-08T16:21:02","guid":{"rendered":"http:\/\/hudo.com\/si\/2017\/01\/08\/video-se-bodo-trzacani-koncno-poklonili-mariji-tereziji\/"},"modified":"2017-01-09T07:42:50","modified_gmt":"2017-01-09T06:42:50","slug":"video-se-bodo-trzacani-koncno-poklonili-mariji-tereziji","status":"publish","type":"post","link":"https:\/\/hudo.com\/si\/aktualno\/video-se-bodo-trzacani-koncno-poklonili-mariji-tereziji\/","title":{"rendered":"[VIDEO] Se bodo Tr\u017ea\u010dani kon\u010dno poklonili Mariji Tereziji?"},"content":{"rendered":"<p>V Trstu na novo pi\u0161ejo zgodovino. Tam so v dvomih, ali naj Canal Grande preimenujejo v kanal Marije Terezije, ki jo lahko mirno ozna\u010dimo za ikono tega neko\u010d najve\u010djega slovenskega mesta. Idejo za to je dalo 26 dru\u0161tev, \u010de\u0161 da je 300 let po rojstvu znamenite vladarice skrajni \u010das, da se ji mesto, za katero je po mnenju zgodovinarjev naredila ve\u010d kot vsi drugi vladarji skupaj, kon\u010dno oddol\u017ei. V preteklosti se je pri tem enkrat \u017ee zataknilo. Je tr\u017ea\u0161ki nacionalizem zdaj kon\u010dno mimo?<\/p>\n","protected":false},"excerpt":{"rendered":"<p>V Trstu na novo pi\u0161ejo zgodovino. Tam so v dvomih, ali naj Canal Grande preimenujejo v kanal Marije Terezije, ki jo lahko mirno ozna\u010dimo za ikono tega neko\u010d najve\u010djega slovenskega mesta. Idejo za to je dalo 26 dru\u0161tev, \u010de\u0161 da je 300 let po rojstvu znamenite vladarice skrajni \u010das, da se ji mesto, za katero je po mnenju zgodovinarjev naredila ve\u010d kot vsi drugi vladarji skupaj, kon\u010dno oddol\u017ei. V preteklosti se je pri tem enkrat \u017ee zataknilo. Je tr\u017ea\u0161ki nacionalizem zdaj kon\u010dno mimo?<\/p>\n","protected":false},"author":1,"featured_media":0,"comment_status":"closed","ping_status":"closed","sticky":false,"template":"","format":"standard","meta":{"footnotes":""},"categories":[1179],"tags":[],"source":[1706],"supertag":[],"acf":[],"yoast_head":"<!-- This site is optimized with the Yoast SEO plugin v21.3 - https:\/\/yoast.com\/wordpress\/plugins\/seo\/ -->\n<title>[VIDEO] Se bodo Tr\u017ea\u010dani kon\u010dno poklonili Mariji Tereziji? - Hudo Slovenija<\/title>\n<meta name=\"robots\" content=\"index, follow, max-snippet:-1, max-image-preview:large, max-video-preview:-1\" \/>\n<link rel=\"canonical\" href=\"https:\/\/hudo.com\/si\/aktualno\/video-se-bodo-trzacani-koncno-poklonili-mariji-tereziji\/\" \/>\n<meta property=\"og:locale\" content=\"sl_SI\" \/>\n<meta property=\"og:type\" content=\"article\" \/>\n<meta property=\"og:title\" content=\"[VIDEO] Se bodo Tr\u017ea\u010dani kon\u010dno poklonili Mariji Tereziji? - Hudo Slovenija\" \/>\n<meta property=\"og:description\" content=\"V Trstu na novo pi\u0161ejo zgodovino. Tam so v dvomih, ali naj Canal Grande preimenujejo v kanal Marije Terezije, ki jo lahko mirno ozna\u010dimo za ikono tega neko\u010d najve\u010djega slovenskega mesta. Idejo za to je dalo 26 dru\u0161tev, \u010de\u0161 da je 300 let po rojstvu znamenite vladarice skrajni \u010das, da se ji mesto, za katero je po mnenju zgodovinarjev naredila ve\u010d kot vsi drugi vladarji skupaj, kon\u010dno oddol\u017ei. V preteklosti se je pri tem enkrat \u017ee zataknilo. Je tr\u017ea\u0161ki nacionalizem zdaj kon\u010dno mimo?\" \/>\n<meta property=\"og:url\" content=\"https:\/\/hudo.com\/si\/aktualno\/video-se-bodo-trzacani-koncno-poklonili-mariji-tereziji\/\" \/>\n<meta property=\"og:site_name\" content=\"Hudo Slovenija\" \/>\n<meta property=\"article:publisher\" content=\"https:\/\/www.facebook.com\/hudo.si\" \/>\n<meta property=\"article:published_time\" content=\"2017-01-08T16:21:02+00:00\" \/>\n<meta property=\"article:modified_time\" content=\"2017-01-09T06:42:50+00:00\" \/>\n<meta property=\"og:image\" content=\"https:\/\/hudo.com\/si\/wp-content\/uploads\/sites\/2\/2017\/01\/086451REttw.jpg\" \/>\n\t<meta property=\"og:image:width\" content=\"504\" \/>\n\t<meta property=\"og:image:height\" content=\"284\" \/>\n\t<meta property=\"og:image:type\" content=\"image\/jpeg\" \/>\n<meta name=\"author\" content=\"hudo\" \/>\n<meta name=\"twitter:card\" content=\"summary_large_image\" \/>\n<meta name=\"twitter:creator\" content=\"@hudo_si\" \/>\n<meta name=\"twitter:site\" content=\"@hudo_si\" \/>\n<meta name=\"twitter:label1\" content=\"Written by\" \/>\n\t<meta name=\"twitter:data1\" content=\"hudo\" \/>\n<script type=\"application\/ld+json\" class=\"yoast-schema-graph\">{\"@context\":\"https:\/\/schema.org\",\"@graph\":[{\"@type\":\"Article\",\"@id\":\"https:\/\/hudo.com\/si\/aktualno\/video-se-bodo-trzacani-koncno-poklonili-mariji-tereziji\/#article\",\"isPartOf\":{\"@id\":\"https:\/\/hudo.com\/si\/aktualno\/video-se-bodo-trzacani-koncno-poklonili-mariji-tereziji\/\"},\"author\":{\"name\":\"hudo\",\"@id\":\"https:\/\/hudo.com\/si\/#\/schema\/person\/601cf3379633985b20f7e50f2bb47707\"},\"headline\":\"[VIDEO] Se bodo Tr\u017ea\u010dani kon\u010dno poklonili Mariji Tereziji?\",\"datePublished\":\"2017-01-08T16:21:02+00:00\",\"dateModified\":\"2017-01-09T06:42:50+00:00\",\"mainEntityOfPage\":{\"@id\":\"https:\/\/hudo.com\/si\/aktualno\/video-se-bodo-trzacani-koncno-poklonili-mariji-tereziji\/\"},\"wordCount\":101,\"publisher\":{\"@id\":\"https:\/\/hudo.com\/si\/#organization\"},\"articleSection\":[\"Aktualno\"],\"inLanguage\":\"sl-SI\"},{\"@type\":\"WebPage\",\"@id\":\"https:\/\/hudo.com\/si\/aktualno\/video-se-bodo-trzacani-koncno-poklonili-mariji-tereziji\/\",\"url\":\"https:\/\/hudo.com\/si\/aktualno\/video-se-bodo-trzacani-koncno-poklonili-mariji-tereziji\/\",\"name\":\"[VIDEO] Se bodo Tr\u017ea\u010dani kon\u010dno poklonili Mariji Tereziji? - Hudo Slovenija\",\"isPartOf\":{\"@id\":\"https:\/\/hudo.com\/si\/#website\"},\"datePublished\":\"2017-01-08T16:21:02+00:00\",\"dateModified\":\"2017-01-09T06:42:50+00:00\",\"breadcrumb\":{\"@id\":\"https:\/\/hudo.com\/si\/aktualno\/video-se-bodo-trzacani-koncno-poklonili-mariji-tereziji\/#breadcrumb\"},\"inLanguage\":\"sl-SI\",\"potentialAction\":[{\"@type\":\"ReadAction\",\"target\":[\"https:\/\/hudo.com\/si\/aktualno\/video-se-bodo-trzacani-koncno-poklonili-mariji-tereziji\/\"]}]},{\"@type\":\"BreadcrumbList\",\"@id\":\"https:\/\/hudo.com\/si\/aktualno\/video-se-bodo-trzacani-koncno-poklonili-mariji-tereziji\/#breadcrumb\",\"itemListElement\":[{\"@type\":\"ListItem\",\"position\":1,\"name\":\"Home\",\"item\":\"https:\/\/hudo.com\/si\/\"},{\"@type\":\"ListItem\",\"position\":2,\"name\":\"[VIDEO] Se bodo Tr\u017ea\u010dani kon\u010dno poklonili Mariji Tereziji?\"}]},{\"@type\":\"WebSite\",\"@id\":\"https:\/\/hudo.com\/si\/#website\",\"url\":\"https:\/\/hudo.com\/si\/\",\"name\":\"Hudo Slovenija\",\"description\":\"Vse novice iz Slovenije in sveta\",\"publisher\":{\"@id\":\"https:\/\/hudo.com\/si\/#organization\"},\"potentialAction\":[{\"@type\":\"SearchAction\",\"target\":{\"@type\":\"EntryPoint\",\"urlTemplate\":\"https:\/\/hudo.com\/si\/?s={search_term_string}\"},\"query-input\":\"required name=search_term_string\"}],\"inLanguage\":\"sl-SI\"},{\"@type\":\"Organization\",\"@id\":\"https:\/\/hudo.com\/si\/#organization\",\"name\":\"VSN Media\",\"url\":\"https:\/\/hudo.com\/si\/\",\"logo\":{\"@type\":\"ImageObject\",\"inLanguage\":\"sl-SI\",\"@id\":\"https:\/\/hudo.com\/si\/#\/schema\/logo\/image\/\",\"url\":\"https:\/\/hudo.com\/si\/wp-content\/uploads\/sites\/2\/2021\/03\/hudo-app-2.png\",\"contentUrl\":\"https:\/\/hudo.com\/si\/wp-content\/uploads\/sites\/2\/2021\/03\/hudo-app-2.png\",\"width\":2185,\"height\":2167,\"caption\":\"VSN Media\"},\"image\":{\"@id\":\"https:\/\/hudo.com\/si\/#\/schema\/logo\/image\/\"},\"sameAs\":[\"https:\/\/www.facebook.com\/hudo.si\",\"https:\/\/twitter.com\/hudo_si\"]},{\"@type\":\"Person\",\"@id\":\"https:\/\/hudo.com\/si\/#\/schema\/person\/601cf3379633985b20f7e50f2bb47707\",\"name\":\"hudo\",\"image\":{\"@type\":\"ImageObject\",\"inLanguage\":\"sl-SI\",\"@id\":\"https:\/\/hudo.com\/si\/#\/schema\/person\/image\/\",\"url\":\"https:\/\/secure.gravatar.com\/avatar\/c4ca25fa72cace7a696b52ff5db9e095?s=96&d=mm&r=g\",\"contentUrl\":\"https:\/\/secure.gravatar.com\/avatar\/c4ca25fa72cace7a696b52ff5db9e095?s=96&d=mm&r=g\",\"caption\":\"hudo\"},\"url\":\"https:\/\/hudo.com\/si\/author\/hudo\/\"}]}<\/script>\n<!-- \/ Yoast SEO plugin. -->","yoast_head_json":{"title":"[VIDEO] Se bodo Tr\u017ea\u010dani kon\u010dno poklonili Mariji Tereziji? - Hudo Slovenija","robots":{"index":"index","follow":"follow","max-snippet":"max-snippet:-1","max-image-preview":"max-image-preview:large","max-video-preview":"max-video-preview:-1"},"canonical":"https:\/\/hudo.com\/si\/aktualno\/video-se-bodo-trzacani-koncno-poklonili-mariji-tereziji\/","og_locale":"sl_SI","og_type":"article","og_title":"[VIDEO] Se bodo Tr\u017ea\u010dani kon\u010dno poklonili Mariji Tereziji? - Hudo Slovenija","og_description":"V Trstu na novo pi\u0161ejo zgodovino. Tam so v dvomih, ali naj Canal Grande preimenujejo v kanal Marije Terezije, ki jo lahko mirno ozna\u010dimo za ikono tega neko\u010d najve\u010djega slovenskega mesta. Idejo za to je dalo 26 dru\u0161tev, \u010de\u0161 da je 300 let po rojstvu znamenite vladarice skrajni \u010das, da se ji mesto, za katero je po mnenju zgodovinarjev naredila ve\u010d kot vsi drugi vladarji skupaj, kon\u010dno oddol\u017ei. V preteklosti se je pri tem enkrat \u017ee zataknilo. Je tr\u017ea\u0161ki nacionalizem zdaj kon\u010dno mimo?","og_url":"https:\/\/hudo.com\/si\/aktualno\/video-se-bodo-trzacani-koncno-poklonili-mariji-tereziji\/","og_site_name":"Hudo Slovenija","article_publisher":"https:\/\/www.facebook.com\/hudo.si","article_published_time":"2017-01-08T16:21:02+00:00","article_modified_time":"2017-01-09T06:42:50+00:00","og_image":[{"width":504,"height":284,"url":"https:\/\/hudo.com\/si\/wp-content\/uploads\/sites\/2\/2017\/01\/086451REttw.jpg","type":"image\/jpeg"}],"author":"hudo","twitter_card":"summary_large_image","twitter_creator":"@hudo_si","twitter_site":"@hudo_si","twitter_misc":{"Written by":"hudo"},"schema":{"@context":"https:\/\/schema.org","@graph":[{"@type":"Article","@id":"https:\/\/hudo.com\/si\/aktualno\/video-se-bodo-trzacani-koncno-poklonili-mariji-tereziji\/#article","isPartOf":{"@id":"https:\/\/hudo.com\/si\/aktualno\/video-se-bodo-trzacani-koncno-poklonili-mariji-tereziji\/"},"author":{"name":"hudo","@id":"https:\/\/hudo.com\/si\/#\/schema\/person\/601cf3379633985b20f7e50f2bb47707"},"headline":"[VIDEO] Se bodo Tr\u017ea\u010dani kon\u010dno poklonili Mariji Tereziji?","datePublished":"2017-01-08T16:21:02+00:00","dateModified":"2017-01-09T06:42:50+00:00","mainEntityOfPage":{"@id":"https:\/\/hudo.com\/si\/aktualno\/video-se-bodo-trzacani-koncno-poklonili-mariji-tereziji\/"},"wordCount":101,"publisher":{"@id":"https:\/\/hudo.com\/si\/#organization"},"articleSection":["Aktualno"],"inLanguage":"sl-SI"},{"@type":"WebPage","@id":"https:\/\/hudo.com\/si\/aktualno\/video-se-bodo-trzacani-koncno-poklonili-mariji-tereziji\/","url":"https:\/\/hudo.com\/si\/aktualno\/video-se-bodo-trzacani-koncno-poklonili-mariji-tereziji\/","name":"[VIDEO] Se bodo Tr\u017ea\u010dani kon\u010dno poklonili Mariji Tereziji? - Hudo Slovenija","isPartOf":{"@id":"https:\/\/hudo.com\/si\/#website"},"datePublished":"2017-01-08T16:21:02+00:00","dateModified":"2017-01-09T06:42:50+00:00","breadcrumb":{"@id":"https:\/\/hudo.com\/si\/aktualno\/video-se-bodo-trzacani-koncno-poklonili-mariji-tereziji\/#breadcrumb"},"inLanguage":"sl-SI","potentialAction":[{"@type":"ReadAction","target":["https:\/\/hudo.com\/si\/aktualno\/video-se-bodo-trzacani-koncno-poklonili-mariji-tereziji\/"]}]},{"@type":"BreadcrumbList","@id":"https:\/\/hudo.com\/si\/aktualno\/video-se-bodo-trzacani-koncno-poklonili-mariji-tereziji\/#breadcrumb","itemListElement":[{"@type":"ListItem","position":1,"name":"Home","item":"https:\/\/hudo.com\/si\/"},{"@type":"ListItem","position":2,"name":"[VIDEO] Se bodo Tr\u017ea\u010dani kon\u010dno poklonili Mariji Tereziji?"}]},{"@type":"WebSite","@id":"https:\/\/hudo.com\/si\/#website","url":"https:\/\/hudo.com\/si\/","name":"Hudo Slovenija","description":"Vse novice iz Slovenije in sveta","publisher":{"@id":"https:\/\/hudo.com\/si\/#organization"},"potentialAction":[{"@type":"SearchAction","target":{"@type":"EntryPoint","urlTemplate":"https:\/\/hudo.com\/si\/?s={search_term_string}"},"query-input":"required name=search_term_string"}],"inLanguage":"sl-SI"},{"@type":"Organization","@id":"https:\/\/hudo.com\/si\/#organization","name":"VSN Media","url":"https:\/\/hudo.com\/si\/","logo":{"@type":"ImageObject","inLanguage":"sl-SI","@id":"https:\/\/hudo.com\/si\/#\/schema\/logo\/image\/","url":"https:\/\/hudo.com\/si\/wp-content\/uploads\/sites\/2\/2021\/03\/hudo-app-2.png","contentUrl":"https:\/\/hudo.com\/si\/wp-content\/uploads\/sites\/2\/2021\/03\/hudo-app-2.png","width":2185,"height":2167,"caption":"VSN Media"},"image":{"@id":"https:\/\/hudo.com\/si\/#\/schema\/logo\/image\/"},"sameAs":["https:\/\/www.facebook.com\/hudo.si","https:\/\/twitter.com\/hudo_si"]},{"@type":"Person","@id":"https:\/\/hudo.com\/si\/#\/schema\/person\/601cf3379633985b20f7e50f2bb47707","name":"hudo","image":{"@type":"ImageObject","inLanguage":"sl-SI","@id":"https:\/\/hudo.com\/si\/#\/schema\/person\/image\/","url":"https:\/\/secure.gravatar.com\/avatar\/c4ca25fa72cace7a696b52ff5db9e095?s=96&d=mm&r=g","contentUrl":"https:\/\/secure.gravatar.com\/avatar\/c4ca25fa72cace7a696b52ff5db9e095?s=96&d=mm&r=g","caption":"hudo"},"url":"https:\/\/hudo.com\/si\/author\/hudo\/"}]}},"amp_enabled":true,"_links":{"self":[{"href":"https:\/\/hudo.com\/si\/wp-json\/wp\/v2\/posts\/186022"}],"collection":[{"href":"https:\/\/hudo.com\/si\/wp-json\/wp\/v2\/posts"}],"about":[{"href":"https:\/\/hudo.com\/si\/wp-json\/wp\/v2\/types\/post"}],"author":[{"embeddable":true,"href":"https:\/\/hudo.com\/si\/wp-json\/wp\/v2\/users\/1"}],"replies":[{"embeddable":true,"href":"https:\/\/hudo.com\/si\/wp-json\/wp\/v2\/comments?post=186022"}],"version-history":[{"count":1,"href":"https:\/\/hudo.com\/si\/wp-json\/wp\/v2\/posts\/186022\/revisions"}],"predecessor-version":[{"id":186075,"href":"https:\/\/hudo.com\/si\/wp-json\/wp\/v2\/posts\/186022\/revisions\/186075"}],"wp:attachment":[{"href":"https:\/\/hudo.com\/si\/wp-json\/wp\/v2\/media?parent=186022"}],"wp:term":[{"taxonomy":"category","embeddable":true,"href":"https:\/\/hudo.com\/si\/wp-json\/wp\/v2\/categories?post=186022"},{"taxonomy":"post_tag","embeddable":true,"href":"https:\/\/hudo.com\/si\/wp-json\/wp\/v2\/tags?post=186022"},{"taxonomy":"source","embeddable":true,"href":"https:\/\/hudo.com\/si\/wp-json\/wp\/v2\/source?post=186022"},{"taxonomy":"supertag","embeddable":true,"href":"https:\/\/hudo.com\/si\/wp-json\/wp\/v2\/supertag?post=186022"}],"curies":[{"name":"wp","href":"https:\/\/api.w.org\/{rel}","templated":true}]}}