{"id":186774,"date":"2017-01-09T23:00:00","date_gmt":"2017-01-09T22:00:00","guid":{"rendered":"http:\/\/hudo.com\/si\/2017\/01\/09\/flander-na-poslovilno-dirko\/"},"modified":"2017-01-10T05:22:40","modified_gmt":"2017-01-10T04:22:40","slug":"flander-na-poslovilno-dirko","status":"publish","type":"post","link":"https:\/\/hudo.com\/si\/aktualno\/flander-na-poslovilno-dirko\/","title":{"rendered":"Flander na poslovilno dirko"},"content":{"rendered":"<p>V avstrijskem Bad Gasteinu bo danes na sporedu tretja tekma deskarjev za svetovni pokal. Najbolj\u0161ih 16 fantov in deklet se bo v paralelnem slalomu pomerilo na no\u010dni tekmi, ki se bo za\u010dela ob 19. uri. Danes bo na snegu sedem Slovencev. V mo\u0161ki konkurenci se bo Roku Margu\u010du, Juretu Hafnerju, Timu Mastnaku in \u010crtu Ivkovi\u010du priklju\u010dil Rok Flander. Svetovni prvak iz Arose 2007 bo danes odpeljal zadnji slalom v karieri. Za to si je izbral tekmovali\u0161\u010de, na katerem je \u017ee \u0161tirikrat zmagal. Konec meseca bo Flander na paralelnem veleslalomu nastopil \u0161e na Rogli, kjer trenutno trenira tudi \u017dan Ko\u0161ir. Skupni zmagovalec svetovnega pokala pred dvema letoma v Avstriji \u0161e ne bo tekmoval.Trener Izidor \u0160u\u0161ter\u0161i\u010d je tako ocenil trenutne razmere: &#8220;V Avstriji je zadnje dni mo\u010dno sne\u017eilo, tako bo v Bad Gasteinu podlaga verjetno mehkej\u0161a, kot je tam ponavadi. Treba se je znajti v vseh pogojih. \u010ce ho\u010de\u0161 biti uspe\u0161en na tekmah najvi\u0161jega ranga, izgovorov ni.&#8221; Na decembrskih tekmah je najve\u010d pokazal Rok Margu\u010d: &#8220;Ob\u010dutki so ostali dobri, enkratni. \u017delja po tekmovanju je velika, samo potrpe\u017eljiv moram biti. To je moj recept za Bad Gastein.&#8221;V \u017eenski konkurenci bosta Slovenijo zastopali Iva Polanec in Gloria Kotnik. Obe dekleti imata zdravstvene te\u017eave. Kotnikova je na treningu dobila mo\u010dan udarec in je zadnje dneve pre\u017eivela s fizioterapevtom. &#8220;Upam, da bodo posledice udarca \u010dim prej preteklost. Pred tekmo bi rada opravila \u0161e en trening,&#8221; pravi Kotnikova. (bb)\u0160port<\/p>\n","protected":false},"excerpt":{"rendered":"<p>V avstrijskem Bad Gasteinu bo danes na sporedu tretja tekma deskarjev za svetovni pokal. Najbolj\u0161ih 16 fantov in deklet se bo v paralelnem slalomu pomerilo na no\u010dni tekmi, ki se bo za\u010dela ob 19. uri. Danes bo na snegu sedem Slovencev. V mo\u0161ki konkurenci se bo Roku Margu\u010du, Juretu Hafnerju, Timu Mastnaku in \u010crtu Ivkovi\u010du priklju\u010dil Rok Flander. Svetovni prvak iz Arose 2007 bo danes odpeljal zadnji slalom v karieri. Za to si je izbral tekmovali\u0161\u010de, na katerem je \u017ee \u0161tirikrat zmagal. Konec meseca bo Flander na paralelnem veleslalomu nastopil \u0161e na Rogli, kjer trenutno trenira tudi \u017dan Ko\u0161ir. Skupni zmagovalec svetovnega pokala pred dvema letoma v Avstriji \u0161e ne bo tekmoval.Trener Izidor \u0160u\u0161ter\u0161i\u010d je tako ocenil trenutne razmere: &#8220;V Avstriji je zadnje dni mo\u010dno sne\u017eilo, tako bo v Bad Gasteinu podlaga verjetno mehkej\u0161a, kot je tam ponavadi. Treba se je znajti v vseh pogojih. \u010ce ho\u010de\u0161 biti uspe\u0161en na tekmah najvi\u0161jega ranga, izgovorov ni.&#8221; Na decembrskih tekmah je najve\u010d pokazal Rok Margu\u010d: &#8220;Ob\u010dutki so ostali dobri, enkratni. \u017delja po tekmovanju je velika, samo potrpe\u017eljiv moram biti. To je moj recept za Bad Gastein.&#8221;V \u017eenski konkurenci bosta Slovenijo zastopali Iva Polanec in Gloria Kotnik. Obe dekleti imata zdravstvene te\u017eave. Kotnikova je na treningu dobila mo\u010dan udarec in je zadnje dneve pre\u017eivela s fizioterapevtom. &#8220;Upam, da bodo posledice udarca \u010dim prej preteklost. Pred tekmo bi rada opravila \u0161e en trening,&#8221; pravi Kotnikova. (bb)\u0160port<\/p>\n","protected":false},"author":1,"featured_media":0,"comment_status":"closed","ping_status":"closed","sticky":false,"template":"","format":"standard","meta":{"footnotes":""},"categories":[1179],"tags":[],"source":[1711],"supertag":[],"acf":[],"yoast_head":"<!-- This site is optimized with the Yoast SEO plugin v21.3 - https:\/\/yoast.com\/wordpress\/plugins\/seo\/ -->\n<title>Flander na poslovilno dirko - Hudo Slovenija<\/title>\n<meta name=\"robots\" content=\"index, follow, max-snippet:-1, max-image-preview:large, max-video-preview:-1\" \/>\n<link rel=\"canonical\" href=\"https:\/\/hudo.com\/si\/aktualno\/flander-na-poslovilno-dirko\/\" \/>\n<meta property=\"og:locale\" content=\"sl_SI\" \/>\n<meta property=\"og:type\" content=\"article\" \/>\n<meta property=\"og:title\" content=\"Flander na poslovilno dirko - Hudo Slovenija\" \/>\n<meta property=\"og:description\" content=\"V avstrijskem Bad Gasteinu bo danes na sporedu tretja tekma deskarjev za svetovni pokal. Najbolj\u0161ih 16 fantov in deklet se bo v paralelnem slalomu pomerilo na no\u010dni tekmi, ki se bo za\u010dela ob 19. uri. Danes bo na snegu sedem Slovencev. V mo\u0161ki konkurenci se bo Roku Margu\u010du, Juretu Hafnerju, Timu Mastnaku in \u010crtu Ivkovi\u010du priklju\u010dil Rok Flander. Svetovni prvak iz Arose 2007 bo danes odpeljal zadnji slalom v karieri. Za to si je izbral tekmovali\u0161\u010de, na katerem je \u017ee \u0161tirikrat zmagal. Konec meseca bo Flander na paralelnem veleslalomu nastopil \u0161e na Rogli, kjer trenutno trenira tudi \u017dan Ko\u0161ir. Skupni zmagovalec svetovnega pokala pred dvema letoma v Avstriji \u0161e ne bo tekmoval.Trener Izidor \u0160u\u0161ter\u0161i\u010d je tako ocenil trenutne razmere: &quot;V Avstriji je zadnje dni mo\u010dno sne\u017eilo, tako bo v Bad Gasteinu podlaga verjetno mehkej\u0161a, kot je tam ponavadi. Treba se je znajti v vseh pogojih. \u010ce ho\u010de\u0161 biti uspe\u0161en na tekmah najvi\u0161jega ranga, izgovorov ni.&quot; Na decembrskih tekmah je najve\u010d pokazal Rok Margu\u010d: &quot;Ob\u010dutki so ostali dobri, enkratni. \u017delja po tekmovanju je velika, samo potrpe\u017eljiv moram biti. To je moj recept za Bad Gastein.&quot;V \u017eenski konkurenci bosta Slovenijo zastopali Iva Polanec in Gloria Kotnik. Obe dekleti imata zdravstvene te\u017eave. Kotnikova je na treningu dobila mo\u010dan udarec in je zadnje dneve pre\u017eivela s fizioterapevtom. &quot;Upam, da bodo posledice udarca \u010dim prej preteklost. Pred tekmo bi rada opravila \u0161e en trening,&quot; pravi Kotnikova. (bb)\u0160port\" \/>\n<meta property=\"og:url\" content=\"https:\/\/hudo.com\/si\/aktualno\/flander-na-poslovilno-dirko\/\" \/>\n<meta property=\"og:site_name\" content=\"Hudo Slovenija\" \/>\n<meta property=\"article:publisher\" content=\"https:\/\/www.facebook.com\/hudo.si\" \/>\n<meta property=\"article:published_time\" content=\"2017-01-09T22:00:00+00:00\" \/>\n<meta property=\"article:modified_time\" content=\"2017-01-10T04:22:40+00:00\" \/>\n<meta property=\"og:image\" content=\"https:\/\/hudo.com\/si\/wp-content\/uploads\/sites\/2\/2017\/01\/01328422F-300.jpg\" \/>\n\t<meta property=\"og:image:width\" content=\"450\" \/>\n\t<meta property=\"og:image:height\" content=\"245\" \/>\n\t<meta property=\"og:image:type\" content=\"image\/jpeg\" \/>\n<meta name=\"author\" content=\"hudo\" \/>\n<meta name=\"twitter:card\" content=\"summary_large_image\" \/>\n<meta name=\"twitter:creator\" content=\"@hudo_si\" \/>\n<meta name=\"twitter:site\" content=\"@hudo_si\" \/>\n<meta name=\"twitter:label1\" content=\"Written by\" \/>\n\t<meta name=\"twitter:data1\" content=\"hudo\" \/>\n\t<meta name=\"twitter:label2\" content=\"Est. reading time\" \/>\n\t<meta name=\"twitter:data2\" content=\"1 minuta\" \/>\n<script type=\"application\/ld+json\" class=\"yoast-schema-graph\">{\"@context\":\"https:\/\/schema.org\",\"@graph\":[{\"@type\":\"Article\",\"@id\":\"https:\/\/hudo.com\/si\/aktualno\/flander-na-poslovilno-dirko\/#article\",\"isPartOf\":{\"@id\":\"https:\/\/hudo.com\/si\/aktualno\/flander-na-poslovilno-dirko\/\"},\"author\":{\"name\":\"hudo\",\"@id\":\"https:\/\/hudo.com\/si\/#\/schema\/person\/601cf3379633985b20f7e50f2bb47707\"},\"headline\":\"Flander na poslovilno dirko\",\"datePublished\":\"2017-01-09T22:00:00+00:00\",\"dateModified\":\"2017-01-10T04:22:40+00:00\",\"mainEntityOfPage\":{\"@id\":\"https:\/\/hudo.com\/si\/aktualno\/flander-na-poslovilno-dirko\/\"},\"wordCount\":258,\"publisher\":{\"@id\":\"https:\/\/hudo.com\/si\/#organization\"},\"articleSection\":[\"Aktualno\"],\"inLanguage\":\"sl-SI\"},{\"@type\":\"WebPage\",\"@id\":\"https:\/\/hudo.com\/si\/aktualno\/flander-na-poslovilno-dirko\/\",\"url\":\"https:\/\/hudo.com\/si\/aktualno\/flander-na-poslovilno-dirko\/\",\"name\":\"Flander na poslovilno dirko - Hudo Slovenija\",\"isPartOf\":{\"@id\":\"https:\/\/hudo.com\/si\/#website\"},\"datePublished\":\"2017-01-09T22:00:00+00:00\",\"dateModified\":\"2017-01-10T04:22:40+00:00\",\"breadcrumb\":{\"@id\":\"https:\/\/hudo.com\/si\/aktualno\/flander-na-poslovilno-dirko\/#breadcrumb\"},\"inLanguage\":\"sl-SI\",\"potentialAction\":[{\"@type\":\"ReadAction\",\"target\":[\"https:\/\/hudo.com\/si\/aktualno\/flander-na-poslovilno-dirko\/\"]}]},{\"@type\":\"BreadcrumbList\",\"@id\":\"https:\/\/hudo.com\/si\/aktualno\/flander-na-poslovilno-dirko\/#breadcrumb\",\"itemListElement\":[{\"@type\":\"ListItem\",\"position\":1,\"name\":\"Home\",\"item\":\"https:\/\/hudo.com\/si\/\"},{\"@type\":\"ListItem\",\"position\":2,\"name\":\"Flander na poslovilno dirko\"}]},{\"@type\":\"WebSite\",\"@id\":\"https:\/\/hudo.com\/si\/#website\",\"url\":\"https:\/\/hudo.com\/si\/\",\"name\":\"Hudo Slovenija\",\"description\":\"Vse novice iz Slovenije in sveta\",\"publisher\":{\"@id\":\"https:\/\/hudo.com\/si\/#organization\"},\"potentialAction\":[{\"@type\":\"SearchAction\",\"target\":{\"@type\":\"EntryPoint\",\"urlTemplate\":\"https:\/\/hudo.com\/si\/?s={search_term_string}\"},\"query-input\":\"required name=search_term_string\"}],\"inLanguage\":\"sl-SI\"},{\"@type\":\"Organization\",\"@id\":\"https:\/\/hudo.com\/si\/#organization\",\"name\":\"VSN Media\",\"url\":\"https:\/\/hudo.com\/si\/\",\"logo\":{\"@type\":\"ImageObject\",\"inLanguage\":\"sl-SI\",\"@id\":\"https:\/\/hudo.com\/si\/#\/schema\/logo\/image\/\",\"url\":\"https:\/\/hudo.com\/si\/wp-content\/uploads\/sites\/2\/2021\/03\/hudo-app-2.png\",\"contentUrl\":\"https:\/\/hudo.com\/si\/wp-content\/uploads\/sites\/2\/2021\/03\/hudo-app-2.png\",\"width\":2185,\"height\":2167,\"caption\":\"VSN Media\"},\"image\":{\"@id\":\"https:\/\/hudo.com\/si\/#\/schema\/logo\/image\/\"},\"sameAs\":[\"https:\/\/www.facebook.com\/hudo.si\",\"https:\/\/twitter.com\/hudo_si\"]},{\"@type\":\"Person\",\"@id\":\"https:\/\/hudo.com\/si\/#\/schema\/person\/601cf3379633985b20f7e50f2bb47707\",\"name\":\"hudo\",\"image\":{\"@type\":\"ImageObject\",\"inLanguage\":\"sl-SI\",\"@id\":\"https:\/\/hudo.com\/si\/#\/schema\/person\/image\/\",\"url\":\"https:\/\/secure.gravatar.com\/avatar\/c4ca25fa72cace7a696b52ff5db9e095?s=96&d=mm&r=g\",\"contentUrl\":\"https:\/\/secure.gravatar.com\/avatar\/c4ca25fa72cace7a696b52ff5db9e095?s=96&d=mm&r=g\",\"caption\":\"hudo\"},\"url\":\"https:\/\/hudo.com\/si\/author\/hudo\/\"}]}<\/script>\n<!-- \/ Yoast SEO plugin. -->","yoast_head_json":{"title":"Flander na poslovilno dirko - Hudo Slovenija","robots":{"index":"index","follow":"follow","max-snippet":"max-snippet:-1","max-image-preview":"max-image-preview:large","max-video-preview":"max-video-preview:-1"},"canonical":"https:\/\/hudo.com\/si\/aktualno\/flander-na-poslovilno-dirko\/","og_locale":"sl_SI","og_type":"article","og_title":"Flander na poslovilno dirko - Hudo Slovenija","og_description":"V avstrijskem Bad Gasteinu bo danes na sporedu tretja tekma deskarjev za svetovni pokal. Najbolj\u0161ih 16 fantov in deklet se bo v paralelnem slalomu pomerilo na no\u010dni tekmi, ki se bo za\u010dela ob 19. uri. Danes bo na snegu sedem Slovencev. V mo\u0161ki konkurenci se bo Roku Margu\u010du, Juretu Hafnerju, Timu Mastnaku in \u010crtu Ivkovi\u010du priklju\u010dil Rok Flander. Svetovni prvak iz Arose 2007 bo danes odpeljal zadnji slalom v karieri. Za to si je izbral tekmovali\u0161\u010de, na katerem je \u017ee \u0161tirikrat zmagal. Konec meseca bo Flander na paralelnem veleslalomu nastopil \u0161e na Rogli, kjer trenutno trenira tudi \u017dan Ko\u0161ir. Skupni zmagovalec svetovnega pokala pred dvema letoma v Avstriji \u0161e ne bo tekmoval.Trener Izidor \u0160u\u0161ter\u0161i\u010d je tako ocenil trenutne razmere: \"V Avstriji je zadnje dni mo\u010dno sne\u017eilo, tako bo v Bad Gasteinu podlaga verjetno mehkej\u0161a, kot je tam ponavadi. Treba se je znajti v vseh pogojih. \u010ce ho\u010de\u0161 biti uspe\u0161en na tekmah najvi\u0161jega ranga, izgovorov ni.\" Na decembrskih tekmah je najve\u010d pokazal Rok Margu\u010d: \"Ob\u010dutki so ostali dobri, enkratni. \u017delja po tekmovanju je velika, samo potrpe\u017eljiv moram biti. To je moj recept za Bad Gastein.\"V \u017eenski konkurenci bosta Slovenijo zastopali Iva Polanec in Gloria Kotnik. Obe dekleti imata zdravstvene te\u017eave. Kotnikova je na treningu dobila mo\u010dan udarec in je zadnje dneve pre\u017eivela s fizioterapevtom. \"Upam, da bodo posledice udarca \u010dim prej preteklost. Pred tekmo bi rada opravila \u0161e en trening,\" pravi Kotnikova. (bb)\u0160port","og_url":"https:\/\/hudo.com\/si\/aktualno\/flander-na-poslovilno-dirko\/","og_site_name":"Hudo Slovenija","article_publisher":"https:\/\/www.facebook.com\/hudo.si","article_published_time":"2017-01-09T22:00:00+00:00","article_modified_time":"2017-01-10T04:22:40+00:00","og_image":[{"width":450,"height":245,"url":"https:\/\/hudo.com\/si\/wp-content\/uploads\/sites\/2\/2017\/01\/01328422F-300.jpg","type":"image\/jpeg"}],"author":"hudo","twitter_card":"summary_large_image","twitter_creator":"@hudo_si","twitter_site":"@hudo_si","twitter_misc":{"Written by":"hudo","Est. reading time":"1 minuta"},"schema":{"@context":"https:\/\/schema.org","@graph":[{"@type":"Article","@id":"https:\/\/hudo.com\/si\/aktualno\/flander-na-poslovilno-dirko\/#article","isPartOf":{"@id":"https:\/\/hudo.com\/si\/aktualno\/flander-na-poslovilno-dirko\/"},"author":{"name":"hudo","@id":"https:\/\/hudo.com\/si\/#\/schema\/person\/601cf3379633985b20f7e50f2bb47707"},"headline":"Flander na poslovilno dirko","datePublished":"2017-01-09T22:00:00+00:00","dateModified":"2017-01-10T04:22:40+00:00","mainEntityOfPage":{"@id":"https:\/\/hudo.com\/si\/aktualno\/flander-na-poslovilno-dirko\/"},"wordCount":258,"publisher":{"@id":"https:\/\/hudo.com\/si\/#organization"},"articleSection":["Aktualno"],"inLanguage":"sl-SI"},{"@type":"WebPage","@id":"https:\/\/hudo.com\/si\/aktualno\/flander-na-poslovilno-dirko\/","url":"https:\/\/hudo.com\/si\/aktualno\/flander-na-poslovilno-dirko\/","name":"Flander na poslovilno dirko - Hudo Slovenija","isPartOf":{"@id":"https:\/\/hudo.com\/si\/#website"},"datePublished":"2017-01-09T22:00:00+00:00","dateModified":"2017-01-10T04:22:40+00:00","breadcrumb":{"@id":"https:\/\/hudo.com\/si\/aktualno\/flander-na-poslovilno-dirko\/#breadcrumb"},"inLanguage":"sl-SI","potentialAction":[{"@type":"ReadAction","target":["https:\/\/hudo.com\/si\/aktualno\/flander-na-poslovilno-dirko\/"]}]},{"@type":"BreadcrumbList","@id":"https:\/\/hudo.com\/si\/aktualno\/flander-na-poslovilno-dirko\/#breadcrumb","itemListElement":[{"@type":"ListItem","position":1,"name":"Home","item":"https:\/\/hudo.com\/si\/"},{"@type":"ListItem","position":2,"name":"Flander na poslovilno dirko"}]},{"@type":"WebSite","@id":"https:\/\/hudo.com\/si\/#website","url":"https:\/\/hudo.com\/si\/","name":"Hudo Slovenija","description":"Vse novice iz Slovenije in sveta","publisher":{"@id":"https:\/\/hudo.com\/si\/#organization"},"potentialAction":[{"@type":"SearchAction","target":{"@type":"EntryPoint","urlTemplate":"https:\/\/hudo.com\/si\/?s={search_term_string}"},"query-input":"required name=search_term_string"}],"inLanguage":"sl-SI"},{"@type":"Organization","@id":"https:\/\/hudo.com\/si\/#organization","name":"VSN Media","url":"https:\/\/hudo.com\/si\/","logo":{"@type":"ImageObject","inLanguage":"sl-SI","@id":"https:\/\/hudo.com\/si\/#\/schema\/logo\/image\/","url":"https:\/\/hudo.com\/si\/wp-content\/uploads\/sites\/2\/2021\/03\/hudo-app-2.png","contentUrl":"https:\/\/hudo.com\/si\/wp-content\/uploads\/sites\/2\/2021\/03\/hudo-app-2.png","width":2185,"height":2167,"caption":"VSN Media"},"image":{"@id":"https:\/\/hudo.com\/si\/#\/schema\/logo\/image\/"},"sameAs":["https:\/\/www.facebook.com\/hudo.si","https:\/\/twitter.com\/hudo_si"]},{"@type":"Person","@id":"https:\/\/hudo.com\/si\/#\/schema\/person\/601cf3379633985b20f7e50f2bb47707","name":"hudo","image":{"@type":"ImageObject","inLanguage":"sl-SI","@id":"https:\/\/hudo.com\/si\/#\/schema\/person\/image\/","url":"https:\/\/secure.gravatar.com\/avatar\/c4ca25fa72cace7a696b52ff5db9e095?s=96&d=mm&r=g","contentUrl":"https:\/\/secure.gravatar.com\/avatar\/c4ca25fa72cace7a696b52ff5db9e095?s=96&d=mm&r=g","caption":"hudo"},"url":"https:\/\/hudo.com\/si\/author\/hudo\/"}]}},"amp_enabled":true,"_links":{"self":[{"href":"https:\/\/hudo.com\/si\/wp-json\/wp\/v2\/posts\/186774"}],"collection":[{"href":"https:\/\/hudo.com\/si\/wp-json\/wp\/v2\/posts"}],"about":[{"href":"https:\/\/hudo.com\/si\/wp-json\/wp\/v2\/types\/post"}],"author":[{"embeddable":true,"href":"https:\/\/hudo.com\/si\/wp-json\/wp\/v2\/users\/1"}],"replies":[{"embeddable":true,"href":"https:\/\/hudo.com\/si\/wp-json\/wp\/v2\/comments?post=186774"}],"version-history":[{"count":1,"href":"https:\/\/hudo.com\/si\/wp-json\/wp\/v2\/posts\/186774\/revisions"}],"predecessor-version":[{"id":186802,"href":"https:\/\/hudo.com\/si\/wp-json\/wp\/v2\/posts\/186774\/revisions\/186802"}],"wp:attachment":[{"href":"https:\/\/hudo.com\/si\/wp-json\/wp\/v2\/media?parent=186774"}],"wp:term":[{"taxonomy":"category","embeddable":true,"href":"https:\/\/hudo.com\/si\/wp-json\/wp\/v2\/categories?post=186774"},{"taxonomy":"post_tag","embeddable":true,"href":"https:\/\/hudo.com\/si\/wp-json\/wp\/v2\/tags?post=186774"},{"taxonomy":"source","embeddable":true,"href":"https:\/\/hudo.com\/si\/wp-json\/wp\/v2\/source?post=186774"},{"taxonomy":"supertag","embeddable":true,"href":"https:\/\/hudo.com\/si\/wp-json\/wp\/v2\/supertag?post=186774"}],"curies":[{"name":"wp","href":"https:\/\/api.w.org\/{rel}","templated":true}]}}