{"id":188825,"date":"2017-01-12T09:35:00","date_gmt":"2017-01-12T08:35:00","guid":{"rendered":"http:\/\/hudo.com\/si\/2017\/01\/12\/magna-potrdila-prihod-v-slovenijo\/"},"modified":"2017-01-12T15:12:13","modified_gmt":"2017-01-12T14:12:13","slug":"magna-potrdila-prihod-v-slovenijo","status":"publish","type":"post","link":"https:\/\/hudo.com\/si\/aktualno\/magna-potrdila-prihod-v-slovenijo\/","title":{"rendered":"Magna potrdila prihod v Slovenijo"},"content":{"rendered":"<p>Doslej neuradne informacije, da bo kanadski avtomobilski gigant Magna International v Sloveniji postavil del svoje proizvodnje, so postale uradne. Prihajajo z vrha Magne, ki je doslej mol\u010dala o svojih poslovnih na\u010drtih. Informacijo je potrdil Don Walker, glavni izvr\u0161ni direktor Magne. Po poro\u010danju kanadskega portala The Globe and Mail in Slovenske tiskovne agencije, ki povzema omenjeni portal, je Walker na tiskovni konferenci v sredo povedal, da bo Magna v Sloveniji zgradila nov li\u010darski obrat, v katerem bo delo dobilo 400 ljudi. O velikem tovarni\u0161kem kompleksu s 3000 zaposlenimi, za kar v ob\u010dini Ho\u010de-Slivnica pripravljajo teren, za zdaj \u0161e ni govora.  Magna je ve\u010dino novega posla dobila v Evropi, vendar v Evropi \u0161e ne na\u010drtuje nove proizvodne tovarne. Gradnja obrata v Sloveniji naj bi se za\u010dela v drugem \u010detrtletju letos, ko bodo v gra\u0161ki podru\u017enici Magne, Magni Steyr, za\u010deli sestavljati BMW serije 5 in vozilo za Jaguar Land Rover. Da zaradi teh dveh poslov preu\u010dujejo mo\u017enosti \u0161iritve in i\u0161\u010dejo novo lokacijo, je za Ve\u010der pred \u010dasom \u017ee potrdil Rej Husetovic, Magnin predstavnik za odnose z javnostjo. The Globe and Mail pa \u0161e pi\u0161e, da bo Magna Steyr prihodnje leto za Jaguar za\u010dela sestavljati vozilo na baterijski pogon, s \u0161e dvema avtomobilskima proizvajalcema je v pogovorih za sestavljanje dveh drugih modelov. Katera sta ta dva proizvajalca, po poro\u010danju portala v dru\u017ebi niso razkrili.  &#8220;Ve\u010dina novopridobljenih poslov je v Evropi,&#8221; je na investicijski konferenci povedal Walker in dodal, da povpra\u0161evanje \u0161e ni tolik\u0161no, da bi zgradili celotno novo tovarno za sestavljanje vozil. &#8220;Gre za vpra\u0161anje kure in jajca,&#8221; je dejal Walker. &#8220;\u010ce bi v Evropi imeli prilagodljivo tovarno za sestavljanje vozil, bi dobivali nov posel, a ne \u017eelimo porabiti kapitala, dokler ne bomo imeli dovolj kriti\u010dne mase.&#8221;  Magna naj bi glede na predstavljeni na\u010drt letos na podro\u010dju sestavljanja vozil ustvarila med 2,7 in tremi milijardami ameri\u0161kih dolarjev prihodka, ta pa naj bi do leta 2019 narasel<\/p>\n","protected":false},"excerpt":{"rendered":"<p>Doslej neuradne informacije, da bo kanadski avtomobilski gigant Magna International v Sloveniji postavil del svoje proizvodnje, so postale uradne. Prihajajo z vrha Magne, ki je doslej mol\u010dala o svojih poslovnih na\u010drtih. Informacijo je potrdil Don Walker, glavni izvr\u0161ni direktor Magne. Po poro\u010danju kanadskega portala The Globe and Mail in Slovenske tiskovne agencije, ki povzema omenjeni portal, je Walker na tiskovni konferenci v sredo povedal, da bo Magna v Sloveniji zgradila nov li\u010darski obrat, v katerem bo delo dobilo 400 ljudi. O velikem tovarni\u0161kem kompleksu s 3000 zaposlenimi, za kar v ob\u010dini Ho\u010de-Slivnica pripravljajo teren, za zdaj \u0161e ni govora.  Magna je ve\u010dino novega posla dobila v Evropi, vendar v Evropi \u0161e ne na\u010drtuje nove proizvodne tovarne. Gradnja obrata v Sloveniji naj bi se za\u010dela v drugem \u010detrtletju letos, ko bodo v gra\u0161ki podru\u017enici Magne, Magni Steyr, za\u010deli sestavljati BMW serije 5 in vozilo za Jaguar Land Rover. Da zaradi teh dveh poslov preu\u010dujejo mo\u017enosti \u0161iritve in i\u0161\u010dejo novo lokacijo, je za Ve\u010der pred \u010dasom \u017ee potrdil Rej Husetovic, Magnin predstavnik za odnose z javnostjo. The Globe and Mail pa \u0161e pi\u0161e, da bo Magna Steyr prihodnje leto za Jaguar za\u010dela sestavljati vozilo na baterijski pogon, s \u0161e dvema avtomobilskima proizvajalcema je v pogovorih za sestavljanje dveh drugih modelov. Katera sta ta dva proizvajalca, po poro\u010danju portala v dru\u017ebi niso razkrili.  &#8220;Ve\u010dina novopridobljenih poslov je v Evropi,&#8221; je na investicijski konferenci povedal Walker in dodal, da povpra\u0161evanje \u0161e ni tolik\u0161no, da bi zgradili celotno novo tovarno za sestavljanje vozil. &#8220;Gre za vpra\u0161anje kure in jajca,&#8221; je dejal Walker. &#8220;\u010ce bi v Evropi imeli prilagodljivo tovarno za sestavljanje vozil, bi dobivali nov posel, a ne \u017eelimo porabiti kapitala, dokler ne bomo imeli dovolj kriti\u010dne mase.&#8221;  Magna naj bi glede na predstavljeni na\u010drt letos na podro\u010dju sestavljanja vozil ustvarila med 2,7 in tremi milijardami ameri\u0161kih dolarjev prihodka, ta pa naj bi do leta 2019 narasel<\/p>\n","protected":false},"author":1,"featured_media":0,"comment_status":"closed","ping_status":"closed","sticky":false,"template":"","format":"standard","meta":{"footnotes":""},"categories":[1179],"tags":[],"source":[1711],"supertag":[],"acf":[],"yoast_head":"<!-- This site is optimized with the Yoast SEO plugin v21.3 - https:\/\/yoast.com\/wordpress\/plugins\/seo\/ -->\n<title>Magna potrdila prihod v Slovenijo - Hudo Slovenija<\/title>\n<meta name=\"robots\" content=\"index, follow, max-snippet:-1, max-image-preview:large, max-video-preview:-1\" \/>\n<link rel=\"canonical\" href=\"https:\/\/hudo.com\/si\/aktualno\/magna-potrdila-prihod-v-slovenijo\/\" \/>\n<meta property=\"og:locale\" content=\"sl_SI\" \/>\n<meta property=\"og:type\" content=\"article\" \/>\n<meta property=\"og:title\" content=\"Magna potrdila prihod v Slovenijo - Hudo Slovenija\" \/>\n<meta property=\"og:description\" content=\"Doslej neuradne informacije, da bo kanadski avtomobilski gigant Magna International v Sloveniji postavil del svoje proizvodnje, so postale uradne. Prihajajo z vrha Magne, ki je doslej mol\u010dala o svojih poslovnih na\u010drtih. Informacijo je potrdil Don Walker, glavni izvr\u0161ni direktor Magne. Po poro\u010danju kanadskega portala The Globe and Mail in Slovenske tiskovne agencije, ki povzema omenjeni portal, je Walker na tiskovni konferenci v sredo povedal, da bo Magna v Sloveniji zgradila nov li\u010darski obrat, v katerem bo delo dobilo 400 ljudi. O velikem tovarni\u0161kem kompleksu s 3000 zaposlenimi, za kar v ob\u010dini Ho\u010de-Slivnica pripravljajo teren, za zdaj \u0161e ni govora. Magna je ve\u010dino novega posla dobila v Evropi, vendar v Evropi \u0161e ne na\u010drtuje nove proizvodne tovarne. Gradnja obrata v Sloveniji naj bi se za\u010dela v drugem \u010detrtletju letos, ko bodo v gra\u0161ki podru\u017enici Magne, Magni Steyr, za\u010deli sestavljati BMW serije 5 in vozilo za Jaguar Land Rover. Da zaradi teh dveh poslov preu\u010dujejo mo\u017enosti \u0161iritve in i\u0161\u010dejo novo lokacijo, je za Ve\u010der pred \u010dasom \u017ee potrdil Rej Husetovic, Magnin predstavnik za odnose z javnostjo. The Globe and Mail pa \u0161e pi\u0161e, da bo Magna Steyr prihodnje leto za Jaguar za\u010dela sestavljati vozilo na baterijski pogon, s \u0161e dvema avtomobilskima proizvajalcema je v pogovorih za sestavljanje dveh drugih modelov. Katera sta ta dva proizvajalca, po poro\u010danju portala v dru\u017ebi niso razkrili. &quot;Ve\u010dina novopridobljenih poslov je v Evropi,&quot; je na investicijski konferenci povedal Walker in dodal, da povpra\u0161evanje \u0161e ni tolik\u0161no, da bi zgradili celotno novo tovarno za sestavljanje vozil. &quot;Gre za vpra\u0161anje kure in jajca,&quot; je dejal Walker. &quot;\u010ce bi v Evropi imeli prilagodljivo tovarno za sestavljanje vozil, bi dobivali nov posel, a ne \u017eelimo porabiti kapitala, dokler ne bomo imeli dovolj kriti\u010dne mase.&quot; Magna naj bi glede na predstavljeni na\u010drt letos na podro\u010dju sestavljanja vozil ustvarila med 2,7 in tremi milijardami ameri\u0161kih dolarjev prihodka, ta pa naj bi do leta 2019 narasel\" \/>\n<meta property=\"og:url\" content=\"https:\/\/hudo.com\/si\/aktualno\/magna-potrdila-prihod-v-slovenijo\/\" \/>\n<meta property=\"og:site_name\" content=\"Hudo Slovenija\" \/>\n<meta property=\"article:publisher\" content=\"https:\/\/www.facebook.com\/hudo.si\" \/>\n<meta property=\"article:published_time\" content=\"2017-01-12T08:35:00+00:00\" \/>\n<meta property=\"article:modified_time\" content=\"2017-01-12T14:12:13+00:00\" \/>\n<meta property=\"og:image\" content=\"https:\/\/hudo.com\/si\/wp-content\/uploads\/sites\/2\/2017\/01\/01291629F-300.jpg\" \/>\n\t<meta property=\"og:image:width\" content=\"450\" \/>\n\t<meta property=\"og:image:height\" content=\"307\" \/>\n\t<meta property=\"og:image:type\" content=\"image\/jpeg\" \/>\n<meta name=\"author\" content=\"hudo\" \/>\n<meta name=\"twitter:card\" content=\"summary_large_image\" \/>\n<meta name=\"twitter:creator\" content=\"@hudo_si\" \/>\n<meta name=\"twitter:site\" content=\"@hudo_si\" \/>\n<meta name=\"twitter:label1\" content=\"Written by\" \/>\n\t<meta name=\"twitter:data1\" content=\"hudo\" \/>\n\t<meta name=\"twitter:label2\" content=\"Est. reading time\" \/>\n\t<meta name=\"twitter:data2\" content=\"2 minuti\" \/>\n<script type=\"application\/ld+json\" class=\"yoast-schema-graph\">{\"@context\":\"https:\/\/schema.org\",\"@graph\":[{\"@type\":\"Article\",\"@id\":\"https:\/\/hudo.com\/si\/aktualno\/magna-potrdila-prihod-v-slovenijo\/#article\",\"isPartOf\":{\"@id\":\"https:\/\/hudo.com\/si\/aktualno\/magna-potrdila-prihod-v-slovenijo\/\"},\"author\":{\"name\":\"hudo\",\"@id\":\"https:\/\/hudo.com\/si\/#\/schema\/person\/601cf3379633985b20f7e50f2bb47707\"},\"headline\":\"Magna potrdila prihod v Slovenijo\",\"datePublished\":\"2017-01-12T08:35:00+00:00\",\"dateModified\":\"2017-01-12T14:12:13+00:00\",\"mainEntityOfPage\":{\"@id\":\"https:\/\/hudo.com\/si\/aktualno\/magna-potrdila-prihod-v-slovenijo\/\"},\"wordCount\":342,\"publisher\":{\"@id\":\"https:\/\/hudo.com\/si\/#organization\"},\"articleSection\":[\"Aktualno\"],\"inLanguage\":\"sl-SI\"},{\"@type\":\"WebPage\",\"@id\":\"https:\/\/hudo.com\/si\/aktualno\/magna-potrdila-prihod-v-slovenijo\/\",\"url\":\"https:\/\/hudo.com\/si\/aktualno\/magna-potrdila-prihod-v-slovenijo\/\",\"name\":\"Magna potrdila prihod v Slovenijo - Hudo Slovenija\",\"isPartOf\":{\"@id\":\"https:\/\/hudo.com\/si\/#website\"},\"datePublished\":\"2017-01-12T08:35:00+00:00\",\"dateModified\":\"2017-01-12T14:12:13+00:00\",\"breadcrumb\":{\"@id\":\"https:\/\/hudo.com\/si\/aktualno\/magna-potrdila-prihod-v-slovenijo\/#breadcrumb\"},\"inLanguage\":\"sl-SI\",\"potentialAction\":[{\"@type\":\"ReadAction\",\"target\":[\"https:\/\/hudo.com\/si\/aktualno\/magna-potrdila-prihod-v-slovenijo\/\"]}]},{\"@type\":\"BreadcrumbList\",\"@id\":\"https:\/\/hudo.com\/si\/aktualno\/magna-potrdila-prihod-v-slovenijo\/#breadcrumb\",\"itemListElement\":[{\"@type\":\"ListItem\",\"position\":1,\"name\":\"Home\",\"item\":\"https:\/\/hudo.com\/si\/\"},{\"@type\":\"ListItem\",\"position\":2,\"name\":\"Magna potrdila prihod v Slovenijo\"}]},{\"@type\":\"WebSite\",\"@id\":\"https:\/\/hudo.com\/si\/#website\",\"url\":\"https:\/\/hudo.com\/si\/\",\"name\":\"Hudo Slovenija\",\"description\":\"Vse novice iz Slovenije in sveta\",\"publisher\":{\"@id\":\"https:\/\/hudo.com\/si\/#organization\"},\"potentialAction\":[{\"@type\":\"SearchAction\",\"target\":{\"@type\":\"EntryPoint\",\"urlTemplate\":\"https:\/\/hudo.com\/si\/?s={search_term_string}\"},\"query-input\":\"required name=search_term_string\"}],\"inLanguage\":\"sl-SI\"},{\"@type\":\"Organization\",\"@id\":\"https:\/\/hudo.com\/si\/#organization\",\"name\":\"VSN Media\",\"url\":\"https:\/\/hudo.com\/si\/\",\"logo\":{\"@type\":\"ImageObject\",\"inLanguage\":\"sl-SI\",\"@id\":\"https:\/\/hudo.com\/si\/#\/schema\/logo\/image\/\",\"url\":\"https:\/\/hudo.com\/si\/wp-content\/uploads\/sites\/2\/2021\/03\/hudo-app-2.png\",\"contentUrl\":\"https:\/\/hudo.com\/si\/wp-content\/uploads\/sites\/2\/2021\/03\/hudo-app-2.png\",\"width\":2185,\"height\":2167,\"caption\":\"VSN Media\"},\"image\":{\"@id\":\"https:\/\/hudo.com\/si\/#\/schema\/logo\/image\/\"},\"sameAs\":[\"https:\/\/www.facebook.com\/hudo.si\",\"https:\/\/twitter.com\/hudo_si\"]},{\"@type\":\"Person\",\"@id\":\"https:\/\/hudo.com\/si\/#\/schema\/person\/601cf3379633985b20f7e50f2bb47707\",\"name\":\"hudo\",\"image\":{\"@type\":\"ImageObject\",\"inLanguage\":\"sl-SI\",\"@id\":\"https:\/\/hudo.com\/si\/#\/schema\/person\/image\/\",\"url\":\"https:\/\/secure.gravatar.com\/avatar\/c4ca25fa72cace7a696b52ff5db9e095?s=96&d=mm&r=g\",\"contentUrl\":\"https:\/\/secure.gravatar.com\/avatar\/c4ca25fa72cace7a696b52ff5db9e095?s=96&d=mm&r=g\",\"caption\":\"hudo\"},\"url\":\"https:\/\/hudo.com\/si\/author\/hudo\/\"}]}<\/script>\n<!-- \/ Yoast SEO plugin. -->","yoast_head_json":{"title":"Magna potrdila prihod v Slovenijo - Hudo Slovenija","robots":{"index":"index","follow":"follow","max-snippet":"max-snippet:-1","max-image-preview":"max-image-preview:large","max-video-preview":"max-video-preview:-1"},"canonical":"https:\/\/hudo.com\/si\/aktualno\/magna-potrdila-prihod-v-slovenijo\/","og_locale":"sl_SI","og_type":"article","og_title":"Magna potrdila prihod v Slovenijo - Hudo Slovenija","og_description":"Doslej neuradne informacije, da bo kanadski avtomobilski gigant Magna International v Sloveniji postavil del svoje proizvodnje, so postale uradne. Prihajajo z vrha Magne, ki je doslej mol\u010dala o svojih poslovnih na\u010drtih. Informacijo je potrdil Don Walker, glavni izvr\u0161ni direktor Magne. Po poro\u010danju kanadskega portala The Globe and Mail in Slovenske tiskovne agencije, ki povzema omenjeni portal, je Walker na tiskovni konferenci v sredo povedal, da bo Magna v Sloveniji zgradila nov li\u010darski obrat, v katerem bo delo dobilo 400 ljudi. O velikem tovarni\u0161kem kompleksu s 3000 zaposlenimi, za kar v ob\u010dini Ho\u010de-Slivnica pripravljajo teren, za zdaj \u0161e ni govora. Magna je ve\u010dino novega posla dobila v Evropi, vendar v Evropi \u0161e ne na\u010drtuje nove proizvodne tovarne. Gradnja obrata v Sloveniji naj bi se za\u010dela v drugem \u010detrtletju letos, ko bodo v gra\u0161ki podru\u017enici Magne, Magni Steyr, za\u010deli sestavljati BMW serije 5 in vozilo za Jaguar Land Rover. Da zaradi teh dveh poslov preu\u010dujejo mo\u017enosti \u0161iritve in i\u0161\u010dejo novo lokacijo, je za Ve\u010der pred \u010dasom \u017ee potrdil Rej Husetovic, Magnin predstavnik za odnose z javnostjo. The Globe and Mail pa \u0161e pi\u0161e, da bo Magna Steyr prihodnje leto za Jaguar za\u010dela sestavljati vozilo na baterijski pogon, s \u0161e dvema avtomobilskima proizvajalcema je v pogovorih za sestavljanje dveh drugih modelov. Katera sta ta dva proizvajalca, po poro\u010danju portala v dru\u017ebi niso razkrili. \"Ve\u010dina novopridobljenih poslov je v Evropi,\" je na investicijski konferenci povedal Walker in dodal, da povpra\u0161evanje \u0161e ni tolik\u0161no, da bi zgradili celotno novo tovarno za sestavljanje vozil. \"Gre za vpra\u0161anje kure in jajca,\" je dejal Walker. \"\u010ce bi v Evropi imeli prilagodljivo tovarno za sestavljanje vozil, bi dobivali nov posel, a ne \u017eelimo porabiti kapitala, dokler ne bomo imeli dovolj kriti\u010dne mase.\" Magna naj bi glede na predstavljeni na\u010drt letos na podro\u010dju sestavljanja vozil ustvarila med 2,7 in tremi milijardami ameri\u0161kih dolarjev prihodka, ta pa naj bi do leta 2019 narasel","og_url":"https:\/\/hudo.com\/si\/aktualno\/magna-potrdila-prihod-v-slovenijo\/","og_site_name":"Hudo Slovenija","article_publisher":"https:\/\/www.facebook.com\/hudo.si","article_published_time":"2017-01-12T08:35:00+00:00","article_modified_time":"2017-01-12T14:12:13+00:00","og_image":[{"width":450,"height":307,"url":"https:\/\/hudo.com\/si\/wp-content\/uploads\/sites\/2\/2017\/01\/01291629F-300.jpg","type":"image\/jpeg"}],"author":"hudo","twitter_card":"summary_large_image","twitter_creator":"@hudo_si","twitter_site":"@hudo_si","twitter_misc":{"Written by":"hudo","Est. reading time":"2 minuti"},"schema":{"@context":"https:\/\/schema.org","@graph":[{"@type":"Article","@id":"https:\/\/hudo.com\/si\/aktualno\/magna-potrdila-prihod-v-slovenijo\/#article","isPartOf":{"@id":"https:\/\/hudo.com\/si\/aktualno\/magna-potrdila-prihod-v-slovenijo\/"},"author":{"name":"hudo","@id":"https:\/\/hudo.com\/si\/#\/schema\/person\/601cf3379633985b20f7e50f2bb47707"},"headline":"Magna potrdila prihod v Slovenijo","datePublished":"2017-01-12T08:35:00+00:00","dateModified":"2017-01-12T14:12:13+00:00","mainEntityOfPage":{"@id":"https:\/\/hudo.com\/si\/aktualno\/magna-potrdila-prihod-v-slovenijo\/"},"wordCount":342,"publisher":{"@id":"https:\/\/hudo.com\/si\/#organization"},"articleSection":["Aktualno"],"inLanguage":"sl-SI"},{"@type":"WebPage","@id":"https:\/\/hudo.com\/si\/aktualno\/magna-potrdila-prihod-v-slovenijo\/","url":"https:\/\/hudo.com\/si\/aktualno\/magna-potrdila-prihod-v-slovenijo\/","name":"Magna potrdila prihod v Slovenijo - Hudo Slovenija","isPartOf":{"@id":"https:\/\/hudo.com\/si\/#website"},"datePublished":"2017-01-12T08:35:00+00:00","dateModified":"2017-01-12T14:12:13+00:00","breadcrumb":{"@id":"https:\/\/hudo.com\/si\/aktualno\/magna-potrdila-prihod-v-slovenijo\/#breadcrumb"},"inLanguage":"sl-SI","potentialAction":[{"@type":"ReadAction","target":["https:\/\/hudo.com\/si\/aktualno\/magna-potrdila-prihod-v-slovenijo\/"]}]},{"@type":"BreadcrumbList","@id":"https:\/\/hudo.com\/si\/aktualno\/magna-potrdila-prihod-v-slovenijo\/#breadcrumb","itemListElement":[{"@type":"ListItem","position":1,"name":"Home","item":"https:\/\/hudo.com\/si\/"},{"@type":"ListItem","position":2,"name":"Magna potrdila prihod v Slovenijo"}]},{"@type":"WebSite","@id":"https:\/\/hudo.com\/si\/#website","url":"https:\/\/hudo.com\/si\/","name":"Hudo Slovenija","description":"Vse novice iz Slovenije in sveta","publisher":{"@id":"https:\/\/hudo.com\/si\/#organization"},"potentialAction":[{"@type":"SearchAction","target":{"@type":"EntryPoint","urlTemplate":"https:\/\/hudo.com\/si\/?s={search_term_string}"},"query-input":"required name=search_term_string"}],"inLanguage":"sl-SI"},{"@type":"Organization","@id":"https:\/\/hudo.com\/si\/#organization","name":"VSN Media","url":"https:\/\/hudo.com\/si\/","logo":{"@type":"ImageObject","inLanguage":"sl-SI","@id":"https:\/\/hudo.com\/si\/#\/schema\/logo\/image\/","url":"https:\/\/hudo.com\/si\/wp-content\/uploads\/sites\/2\/2021\/03\/hudo-app-2.png","contentUrl":"https:\/\/hudo.com\/si\/wp-content\/uploads\/sites\/2\/2021\/03\/hudo-app-2.png","width":2185,"height":2167,"caption":"VSN Media"},"image":{"@id":"https:\/\/hudo.com\/si\/#\/schema\/logo\/image\/"},"sameAs":["https:\/\/www.facebook.com\/hudo.si","https:\/\/twitter.com\/hudo_si"]},{"@type":"Person","@id":"https:\/\/hudo.com\/si\/#\/schema\/person\/601cf3379633985b20f7e50f2bb47707","name":"hudo","image":{"@type":"ImageObject","inLanguage":"sl-SI","@id":"https:\/\/hudo.com\/si\/#\/schema\/person\/image\/","url":"https:\/\/secure.gravatar.com\/avatar\/c4ca25fa72cace7a696b52ff5db9e095?s=96&d=mm&r=g","contentUrl":"https:\/\/secure.gravatar.com\/avatar\/c4ca25fa72cace7a696b52ff5db9e095?s=96&d=mm&r=g","caption":"hudo"},"url":"https:\/\/hudo.com\/si\/author\/hudo\/"}]}},"amp_enabled":true,"_links":{"self":[{"href":"https:\/\/hudo.com\/si\/wp-json\/wp\/v2\/posts\/188825"}],"collection":[{"href":"https:\/\/hudo.com\/si\/wp-json\/wp\/v2\/posts"}],"about":[{"href":"https:\/\/hudo.com\/si\/wp-json\/wp\/v2\/types\/post"}],"author":[{"embeddable":true,"href":"https:\/\/hudo.com\/si\/wp-json\/wp\/v2\/users\/1"}],"replies":[{"embeddable":true,"href":"https:\/\/hudo.com\/si\/wp-json\/wp\/v2\/comments?post=188825"}],"version-history":[{"count":1,"href":"https:\/\/hudo.com\/si\/wp-json\/wp\/v2\/posts\/188825\/revisions"}],"predecessor-version":[{"id":188925,"href":"https:\/\/hudo.com\/si\/wp-json\/wp\/v2\/posts\/188825\/revisions\/188925"}],"wp:attachment":[{"href":"https:\/\/hudo.com\/si\/wp-json\/wp\/v2\/media?parent=188825"}],"wp:term":[{"taxonomy":"category","embeddable":true,"href":"https:\/\/hudo.com\/si\/wp-json\/wp\/v2\/categories?post=188825"},{"taxonomy":"post_tag","embeddable":true,"href":"https:\/\/hudo.com\/si\/wp-json\/wp\/v2\/tags?post=188825"},{"taxonomy":"source","embeddable":true,"href":"https:\/\/hudo.com\/si\/wp-json\/wp\/v2\/source?post=188825"},{"taxonomy":"supertag","embeddable":true,"href":"https:\/\/hudo.com\/si\/wp-json\/wp\/v2\/supertag?post=188825"}],"curies":[{"name":"wp","href":"https:\/\/api.w.org\/{rel}","templated":true}]}}