{"id":190182,"date":"2017-01-13T17:00:00","date_gmt":"2017-01-13T16:00:00","guid":{"rendered":"http:\/\/hudo.com\/si\/2017\/01\/13\/v-ognju-so-se-zgali-vozovi-knjig\/"},"modified":"2017-01-13T17:00:00","modified_gmt":"2017-01-13T16:00:00","slug":"v-ognju-so-se-zgali-vozovi-knjig","status":"publish","type":"post","link":"https:\/\/hudo.com\/si\/aktualno\/v-ognju-so-se-zgali-vozovi-knjig\/","title":{"rendered":"V ognju so se \u017egali vozovi knjig"},"content":{"rendered":"<p>Kategorija: Ljubljana Fri, 13 Jan 2017 18:00:00 +0100  Ljubljana \u2013 \u00bbLeta 1600 je planil plamen vneme v evangelijske knjige ter jih tudi z elementarnim ognjem zagrabil. Po\u017egali so jih dne 23. decembra javno na trgu pred mestno hi\u0161o. Leta 1601 so po\u017eiganje knjig ponovili: 9. januarja so vrgli v ogenj polne tri vozove &#8230;\u00ab. Tako je v svoji Slavi Vojvodine Kranjske med pomembnimi dogodki zapisal Janez Vajkard Valvasor. V ogenj so letele vse knjige, razen Biblije, ki so jo protireformatorji s Toma\u017eem Hrenom na \u010delu prevzeli brez protestantskega uvoda. V de\u017eelah, kjer je vladar prevzel protestantsko vero, pa se je isto dogajalo z druga\u010de verujo\u010dimi. Zagodlo jo je vreme Na 416. obletnico drugega po\u017eiga protestanstkih knjig in njihovo pomembno vlogo izpred skoraj pol tiso\u010dletja, so spomnili \u010dlani slovenskega protestantskega dru\u0161tva Primo\u017ea Trubarja in Mestna knji\u017enica Ljubljana, le prireditev Vrnimo ljudem knjigo,\u00a0&#8230;<\/p>\n","protected":false},"excerpt":{"rendered":"<p>Kategorija: Ljubljana Fri, 13 Jan 2017 18:00:00 +0100  Ljubljana \u2013 \u00bbLeta 1600 je planil plamen vneme v evangelijske knjige ter jih tudi z elementarnim ognjem zagrabil. Po\u017egali so jih dne 23. decembra javno na trgu pred mestno hi\u0161o. Leta 1601 so po\u017eiganje knjig ponovili: 9. januarja so vrgli v ogenj polne tri vozove &#8230;\u00ab. Tako je v svoji Slavi Vojvodine Kranjske med pomembnimi dogodki zapisal Janez Vajkard Valvasor. V ogenj so letele vse knjige, razen Biblije, ki so jo protireformatorji s Toma\u017eem Hrenom na \u010delu prevzeli brez protestantskega uvoda. V de\u017eelah, kjer je vladar prevzel protestantsko vero, pa se je isto dogajalo z druga\u010de verujo\u010dimi. Zagodlo jo je vreme Na 416. obletnico drugega po\u017eiga protestanstkih knjig in njihovo pomembno vlogo izpred skoraj pol tiso\u010dletja, so spomnili \u010dlani slovenskega protestantskega dru\u0161tva Primo\u017ea Trubarja in Mestna knji\u017enica Ljubljana, le prireditev Vrnimo ljudem knjigo,\u00a0&#8230;<\/p>\n","protected":false},"author":1,"featured_media":0,"comment_status":"closed","ping_status":"closed","sticky":false,"template":"","format":"standard","meta":{"footnotes":""},"categories":[1179],"tags":[],"source":[1703],"supertag":[],"acf":[],"yoast_head":"<!-- This site is optimized with the Yoast SEO plugin v21.3 - https:\/\/yoast.com\/wordpress\/plugins\/seo\/ -->\n<title>V ognju so se \u017egali vozovi knjig - Hudo Slovenija<\/title>\n<meta name=\"robots\" content=\"index, follow, max-snippet:-1, max-image-preview:large, max-video-preview:-1\" \/>\n<link rel=\"canonical\" href=\"https:\/\/hudo.com\/si\/aktualno\/v-ognju-so-se-zgali-vozovi-knjig\/\" \/>\n<meta property=\"og:locale\" content=\"sl_SI\" \/>\n<meta property=\"og:type\" content=\"article\" \/>\n<meta property=\"og:title\" content=\"V ognju so se \u017egali vozovi knjig - Hudo Slovenija\" \/>\n<meta property=\"og:description\" content=\"Kategorija: Ljubljana Fri, 13 Jan 2017 18:00:00 +0100 Ljubljana \u2013 \u00bbLeta 1600 je planil plamen vneme v evangelijske knjige ter jih tudi z elementarnim ognjem zagrabil. Po\u017egali so jih dne 23. decembra javno na trgu pred mestno hi\u0161o. Leta 1601 so po\u017eiganje knjig ponovili: 9. januarja so vrgli v ogenj polne tri vozove ...\u00ab. Tako je v svoji Slavi Vojvodine Kranjske med pomembnimi dogodki zapisal Janez Vajkard Valvasor. V ogenj so letele vse knjige, razen Biblije, ki so jo protireformatorji s Toma\u017eem Hrenom na \u010delu prevzeli brez protestantskega uvoda. V de\u017eelah, kjer je vladar prevzel protestantsko vero, pa se je isto dogajalo z druga\u010de verujo\u010dimi. Zagodlo jo je vreme Na 416. obletnico drugega po\u017eiga protestanstkih knjig in njihovo pomembno vlogo izpred skoraj pol tiso\u010dletja, so spomnili \u010dlani slovenskega protestantskega dru\u0161tva Primo\u017ea Trubarja in Mestna knji\u017enica Ljubljana, le prireditev Vrnimo ljudem knjigo,\u00a0...\" \/>\n<meta property=\"og:url\" content=\"https:\/\/hudo.com\/si\/aktualno\/v-ognju-so-se-zgali-vozovi-knjig\/\" \/>\n<meta property=\"og:site_name\" content=\"Hudo Slovenija\" \/>\n<meta property=\"article:publisher\" content=\"https:\/\/www.facebook.com\/hudo.si\" \/>\n<meta property=\"article:published_time\" content=\"2017-01-13T16:00:00+00:00\" \/>\n<meta property=\"og:image\" content=\"https:\/\/hudo.com\/si\/wp-content\/uploads\/sites\/2\/2017\/01\/480x290_djvu_2433013_zibret_jsu-Novoletna-Ljubljana.jpeg\" \/>\n\t<meta property=\"og:image:width\" content=\"480\" \/>\n\t<meta property=\"og:image:height\" content=\"290\" \/>\n\t<meta property=\"og:image:type\" content=\"image\/jpeg\" \/>\n<meta name=\"author\" content=\"hudo\" \/>\n<meta name=\"twitter:card\" content=\"summary_large_image\" \/>\n<meta name=\"twitter:creator\" content=\"@hudo_si\" \/>\n<meta name=\"twitter:site\" content=\"@hudo_si\" \/>\n<meta name=\"twitter:label1\" content=\"Written by\" \/>\n\t<meta name=\"twitter:data1\" content=\"hudo\" \/>\n\t<meta name=\"twitter:label2\" content=\"Est. reading time\" \/>\n\t<meta name=\"twitter:data2\" content=\"1 minuta\" \/>\n<script type=\"application\/ld+json\" class=\"yoast-schema-graph\">{\"@context\":\"https:\/\/schema.org\",\"@graph\":[{\"@type\":\"Article\",\"@id\":\"https:\/\/hudo.com\/si\/aktualno\/v-ognju-so-se-zgali-vozovi-knjig\/#article\",\"isPartOf\":{\"@id\":\"https:\/\/hudo.com\/si\/aktualno\/v-ognju-so-se-zgali-vozovi-knjig\/\"},\"author\":{\"name\":\"hudo\",\"@id\":\"https:\/\/hudo.com\/si\/#\/schema\/person\/601cf3379633985b20f7e50f2bb47707\"},\"headline\":\"V ognju so se \u017egali vozovi knjig\",\"datePublished\":\"2017-01-13T16:00:00+00:00\",\"dateModified\":\"2017-01-13T16:00:00+00:00\",\"mainEntityOfPage\":{\"@id\":\"https:\/\/hudo.com\/si\/aktualno\/v-ognju-so-se-zgali-vozovi-knjig\/\"},\"wordCount\":149,\"publisher\":{\"@id\":\"https:\/\/hudo.com\/si\/#organization\"},\"articleSection\":[\"Aktualno\"],\"inLanguage\":\"sl-SI\"},{\"@type\":\"WebPage\",\"@id\":\"https:\/\/hudo.com\/si\/aktualno\/v-ognju-so-se-zgali-vozovi-knjig\/\",\"url\":\"https:\/\/hudo.com\/si\/aktualno\/v-ognju-so-se-zgali-vozovi-knjig\/\",\"name\":\"V ognju so se \u017egali vozovi knjig - Hudo Slovenija\",\"isPartOf\":{\"@id\":\"https:\/\/hudo.com\/si\/#website\"},\"datePublished\":\"2017-01-13T16:00:00+00:00\",\"dateModified\":\"2017-01-13T16:00:00+00:00\",\"breadcrumb\":{\"@id\":\"https:\/\/hudo.com\/si\/aktualno\/v-ognju-so-se-zgali-vozovi-knjig\/#breadcrumb\"},\"inLanguage\":\"sl-SI\",\"potentialAction\":[{\"@type\":\"ReadAction\",\"target\":[\"https:\/\/hudo.com\/si\/aktualno\/v-ognju-so-se-zgali-vozovi-knjig\/\"]}]},{\"@type\":\"BreadcrumbList\",\"@id\":\"https:\/\/hudo.com\/si\/aktualno\/v-ognju-so-se-zgali-vozovi-knjig\/#breadcrumb\",\"itemListElement\":[{\"@type\":\"ListItem\",\"position\":1,\"name\":\"Home\",\"item\":\"https:\/\/hudo.com\/si\/\"},{\"@type\":\"ListItem\",\"position\":2,\"name\":\"V ognju so se \u017egali vozovi knjig\"}]},{\"@type\":\"WebSite\",\"@id\":\"https:\/\/hudo.com\/si\/#website\",\"url\":\"https:\/\/hudo.com\/si\/\",\"name\":\"Hudo Slovenija\",\"description\":\"Vse novice iz Slovenije in sveta\",\"publisher\":{\"@id\":\"https:\/\/hudo.com\/si\/#organization\"},\"potentialAction\":[{\"@type\":\"SearchAction\",\"target\":{\"@type\":\"EntryPoint\",\"urlTemplate\":\"https:\/\/hudo.com\/si\/?s={search_term_string}\"},\"query-input\":\"required name=search_term_string\"}],\"inLanguage\":\"sl-SI\"},{\"@type\":\"Organization\",\"@id\":\"https:\/\/hudo.com\/si\/#organization\",\"name\":\"VSN Media\",\"url\":\"https:\/\/hudo.com\/si\/\",\"logo\":{\"@type\":\"ImageObject\",\"inLanguage\":\"sl-SI\",\"@id\":\"https:\/\/hudo.com\/si\/#\/schema\/logo\/image\/\",\"url\":\"https:\/\/hudo.com\/si\/wp-content\/uploads\/sites\/2\/2021\/03\/hudo-app-2.png\",\"contentUrl\":\"https:\/\/hudo.com\/si\/wp-content\/uploads\/sites\/2\/2021\/03\/hudo-app-2.png\",\"width\":2185,\"height\":2167,\"caption\":\"VSN Media\"},\"image\":{\"@id\":\"https:\/\/hudo.com\/si\/#\/schema\/logo\/image\/\"},\"sameAs\":[\"https:\/\/www.facebook.com\/hudo.si\",\"https:\/\/twitter.com\/hudo_si\"]},{\"@type\":\"Person\",\"@id\":\"https:\/\/hudo.com\/si\/#\/schema\/person\/601cf3379633985b20f7e50f2bb47707\",\"name\":\"hudo\",\"image\":{\"@type\":\"ImageObject\",\"inLanguage\":\"sl-SI\",\"@id\":\"https:\/\/hudo.com\/si\/#\/schema\/person\/image\/\",\"url\":\"https:\/\/secure.gravatar.com\/avatar\/c4ca25fa72cace7a696b52ff5db9e095?s=96&d=mm&r=g\",\"contentUrl\":\"https:\/\/secure.gravatar.com\/avatar\/c4ca25fa72cace7a696b52ff5db9e095?s=96&d=mm&r=g\",\"caption\":\"hudo\"},\"url\":\"https:\/\/hudo.com\/si\/author\/hudo\/\"}]}<\/script>\n<!-- \/ Yoast SEO plugin. -->","yoast_head_json":{"title":"V ognju so se \u017egali vozovi knjig - Hudo Slovenija","robots":{"index":"index","follow":"follow","max-snippet":"max-snippet:-1","max-image-preview":"max-image-preview:large","max-video-preview":"max-video-preview:-1"},"canonical":"https:\/\/hudo.com\/si\/aktualno\/v-ognju-so-se-zgali-vozovi-knjig\/","og_locale":"sl_SI","og_type":"article","og_title":"V ognju so se \u017egali vozovi knjig - Hudo Slovenija","og_description":"Kategorija: Ljubljana Fri, 13 Jan 2017 18:00:00 +0100 Ljubljana \u2013 \u00bbLeta 1600 je planil plamen vneme v evangelijske knjige ter jih tudi z elementarnim ognjem zagrabil. Po\u017egali so jih dne 23. decembra javno na trgu pred mestno hi\u0161o. Leta 1601 so po\u017eiganje knjig ponovili: 9. januarja so vrgli v ogenj polne tri vozove ...\u00ab. Tako je v svoji Slavi Vojvodine Kranjske med pomembnimi dogodki zapisal Janez Vajkard Valvasor. V ogenj so letele vse knjige, razen Biblije, ki so jo protireformatorji s Toma\u017eem Hrenom na \u010delu prevzeli brez protestantskega uvoda. V de\u017eelah, kjer je vladar prevzel protestantsko vero, pa se je isto dogajalo z druga\u010de verujo\u010dimi. Zagodlo jo je vreme Na 416. obletnico drugega po\u017eiga protestanstkih knjig in njihovo pomembno vlogo izpred skoraj pol tiso\u010dletja, so spomnili \u010dlani slovenskega protestantskega dru\u0161tva Primo\u017ea Trubarja in Mestna knji\u017enica Ljubljana, le prireditev Vrnimo ljudem knjigo,\u00a0...","og_url":"https:\/\/hudo.com\/si\/aktualno\/v-ognju-so-se-zgali-vozovi-knjig\/","og_site_name":"Hudo Slovenija","article_publisher":"https:\/\/www.facebook.com\/hudo.si","article_published_time":"2017-01-13T16:00:00+00:00","og_image":[{"width":480,"height":290,"url":"https:\/\/hudo.com\/si\/wp-content\/uploads\/sites\/2\/2017\/01\/480x290_djvu_2433013_zibret_jsu-Novoletna-Ljubljana.jpeg","type":"image\/jpeg"}],"author":"hudo","twitter_card":"summary_large_image","twitter_creator":"@hudo_si","twitter_site":"@hudo_si","twitter_misc":{"Written by":"hudo","Est. reading time":"1 minuta"},"schema":{"@context":"https:\/\/schema.org","@graph":[{"@type":"Article","@id":"https:\/\/hudo.com\/si\/aktualno\/v-ognju-so-se-zgali-vozovi-knjig\/#article","isPartOf":{"@id":"https:\/\/hudo.com\/si\/aktualno\/v-ognju-so-se-zgali-vozovi-knjig\/"},"author":{"name":"hudo","@id":"https:\/\/hudo.com\/si\/#\/schema\/person\/601cf3379633985b20f7e50f2bb47707"},"headline":"V ognju so se \u017egali vozovi knjig","datePublished":"2017-01-13T16:00:00+00:00","dateModified":"2017-01-13T16:00:00+00:00","mainEntityOfPage":{"@id":"https:\/\/hudo.com\/si\/aktualno\/v-ognju-so-se-zgali-vozovi-knjig\/"},"wordCount":149,"publisher":{"@id":"https:\/\/hudo.com\/si\/#organization"},"articleSection":["Aktualno"],"inLanguage":"sl-SI"},{"@type":"WebPage","@id":"https:\/\/hudo.com\/si\/aktualno\/v-ognju-so-se-zgali-vozovi-knjig\/","url":"https:\/\/hudo.com\/si\/aktualno\/v-ognju-so-se-zgali-vozovi-knjig\/","name":"V ognju so se \u017egali vozovi knjig - Hudo Slovenija","isPartOf":{"@id":"https:\/\/hudo.com\/si\/#website"},"datePublished":"2017-01-13T16:00:00+00:00","dateModified":"2017-01-13T16:00:00+00:00","breadcrumb":{"@id":"https:\/\/hudo.com\/si\/aktualno\/v-ognju-so-se-zgali-vozovi-knjig\/#breadcrumb"},"inLanguage":"sl-SI","potentialAction":[{"@type":"ReadAction","target":["https:\/\/hudo.com\/si\/aktualno\/v-ognju-so-se-zgali-vozovi-knjig\/"]}]},{"@type":"BreadcrumbList","@id":"https:\/\/hudo.com\/si\/aktualno\/v-ognju-so-se-zgali-vozovi-knjig\/#breadcrumb","itemListElement":[{"@type":"ListItem","position":1,"name":"Home","item":"https:\/\/hudo.com\/si\/"},{"@type":"ListItem","position":2,"name":"V ognju so se \u017egali vozovi knjig"}]},{"@type":"WebSite","@id":"https:\/\/hudo.com\/si\/#website","url":"https:\/\/hudo.com\/si\/","name":"Hudo Slovenija","description":"Vse novice iz Slovenije in sveta","publisher":{"@id":"https:\/\/hudo.com\/si\/#organization"},"potentialAction":[{"@type":"SearchAction","target":{"@type":"EntryPoint","urlTemplate":"https:\/\/hudo.com\/si\/?s={search_term_string}"},"query-input":"required name=search_term_string"}],"inLanguage":"sl-SI"},{"@type":"Organization","@id":"https:\/\/hudo.com\/si\/#organization","name":"VSN Media","url":"https:\/\/hudo.com\/si\/","logo":{"@type":"ImageObject","inLanguage":"sl-SI","@id":"https:\/\/hudo.com\/si\/#\/schema\/logo\/image\/","url":"https:\/\/hudo.com\/si\/wp-content\/uploads\/sites\/2\/2021\/03\/hudo-app-2.png","contentUrl":"https:\/\/hudo.com\/si\/wp-content\/uploads\/sites\/2\/2021\/03\/hudo-app-2.png","width":2185,"height":2167,"caption":"VSN Media"},"image":{"@id":"https:\/\/hudo.com\/si\/#\/schema\/logo\/image\/"},"sameAs":["https:\/\/www.facebook.com\/hudo.si","https:\/\/twitter.com\/hudo_si"]},{"@type":"Person","@id":"https:\/\/hudo.com\/si\/#\/schema\/person\/601cf3379633985b20f7e50f2bb47707","name":"hudo","image":{"@type":"ImageObject","inLanguage":"sl-SI","@id":"https:\/\/hudo.com\/si\/#\/schema\/person\/image\/","url":"https:\/\/secure.gravatar.com\/avatar\/c4ca25fa72cace7a696b52ff5db9e095?s=96&d=mm&r=g","contentUrl":"https:\/\/secure.gravatar.com\/avatar\/c4ca25fa72cace7a696b52ff5db9e095?s=96&d=mm&r=g","caption":"hudo"},"url":"https:\/\/hudo.com\/si\/author\/hudo\/"}]}},"amp_enabled":true,"_links":{"self":[{"href":"https:\/\/hudo.com\/si\/wp-json\/wp\/v2\/posts\/190182"}],"collection":[{"href":"https:\/\/hudo.com\/si\/wp-json\/wp\/v2\/posts"}],"about":[{"href":"https:\/\/hudo.com\/si\/wp-json\/wp\/v2\/types\/post"}],"author":[{"embeddable":true,"href":"https:\/\/hudo.com\/si\/wp-json\/wp\/v2\/users\/1"}],"replies":[{"embeddable":true,"href":"https:\/\/hudo.com\/si\/wp-json\/wp\/v2\/comments?post=190182"}],"version-history":[{"count":0,"href":"https:\/\/hudo.com\/si\/wp-json\/wp\/v2\/posts\/190182\/revisions"}],"wp:attachment":[{"href":"https:\/\/hudo.com\/si\/wp-json\/wp\/v2\/media?parent=190182"}],"wp:term":[{"taxonomy":"category","embeddable":true,"href":"https:\/\/hudo.com\/si\/wp-json\/wp\/v2\/categories?post=190182"},{"taxonomy":"post_tag","embeddable":true,"href":"https:\/\/hudo.com\/si\/wp-json\/wp\/v2\/tags?post=190182"},{"taxonomy":"source","embeddable":true,"href":"https:\/\/hudo.com\/si\/wp-json\/wp\/v2\/source?post=190182"},{"taxonomy":"supertag","embeddable":true,"href":"https:\/\/hudo.com\/si\/wp-json\/wp\/v2\/supertag?post=190182"}],"curies":[{"name":"wp","href":"https:\/\/api.w.org\/{rel}","templated":true}]}}