{"id":191177,"date":"2017-01-14T20:00:00","date_gmt":"2017-01-14T19:00:00","guid":{"rendered":"http:\/\/hudo.com\/si\/2017\/01\/14\/bob-leta-2016-je-izrekel-dr-husam-franjo-naji\/"},"modified":"2017-01-15T12:12:30","modified_gmt":"2017-01-15T11:12:30","slug":"bob-leta-2016-je-izrekel-dr-husam-franjo-naji","status":"publish","type":"post","link":"https:\/\/hudo.com\/si\/aktualno\/bob-leta-2016-je-izrekel-dr-husam-franjo-naji\/","title":{"rendered":"Bob leta 2016 je izrekel dr. Husam Franjo Naji"},"content":{"rendered":"<p>Medijska hi\u0161a Ve\u010der je na prireditvi Bob leta 2016 v SNG Maribor \u017ee 18. razglasila zmagovalno izjavo leta za lansko leto. Tokrat je zmagovalec dr. Husam Franjo Naji, predstavnik mlaj\u0161e generacije zdravnikov in predstojnik kardiolo\u0161kega odelka UKC Maribor. Bralce je prepri\u010dal z izjavo: &#8220;Sposobni ljudje ustvarjajo delovna mesta, nesposobni pa jih uni\u010dujejo.&#8221; Prireditev je tudi tokrat vodil Tadej To\u0161. Nastopili pa so tudi Dan D, Tabu in Nina Pu\u0161lar. Kot je v razglasitvi dejala odgovorna urednica Ve\u010dera Katja \u0160eruga nagrajenec tega ni izrekel kot zdravnik mlaj\u0161e generacije ob robu polemike o zdravstvenem sistemu, ampak na vrhuncu begunske krize kot potomec svojega dedka Palestinca, ki je be\u017eal v Sirijo. Dr. Naji je pojasnil, da je s to izjavo \u017eelel zgolj opozoriti, da morajo vsi dobiti prilo\u017enost ter da je vsak begunec potencialna prilo\u017enost za Slovenijo: &#8220;Delovna mesta niso tako kot v socializmu nastavljena s strani dr\u017eave. Smo dinami\u010dno okolje in \u010de to raste, pridejo tudi prilo\u017enosti in delovna mesta.&#8221; Delovna mesta so dinami\u010dna Dr. Husam Franjo Naji je predstavnik mlaj\u0161e generacije zdravnikov, ki v zadnjem \u010dasu prihaja v ospredje mariborske bolni\u0161nice. Je predstojnik kardiolo\u0161kega oddelka UKC Maribor. Izjavo pa je v \u010dasu, ko je begunsko krizo na lastne o\u010di do\u017eivljal tudi Maribor, zapisal za Ve\u010derove mnenjske strani. A ni pisal kot zdravnik, temve\u010d kot potomec beguncev. Opisoval je, kako je njegov ded kot mlad Palestinec po drugi svetovni vojni z \u017eeno, dvema otrokoma in dojen\u010dkom na oslu z mno\u017eico beguncev, ki so izgubili streho nad glavo zaradi masovne imigracije Judov, od\u0161el v Sirijo. Eden izmed njegovih otrok, Najijev o\u010de, je nato svojo sre\u010do iskal \u0161e nekoliko severneje, v tedanji Jugoslaviji. In pristal v Mariboru. Ko je Naji vzporedno s tistimi \u010dasi razmi\u0161ljal o (\u0161e danes aktualnem) dogajanju v Evropi, je opozoril, da stara celina s starajo\u010do se generacijo &#8220;krvavo potrebuje zagon v obliki mladega delovnega in intelektualnega potenciala. Kajti sposobni ljudje ustv<\/p>\n","protected":false},"excerpt":{"rendered":"<p>Medijska hi\u0161a Ve\u010der je na prireditvi Bob leta 2016 v SNG Maribor \u017ee 18. razglasila zmagovalno izjavo leta za lansko leto. Tokrat je zmagovalec dr. Husam Franjo Naji, predstavnik mlaj\u0161e generacije zdravnikov in predstojnik kardiolo\u0161kega odelka UKC Maribor. Bralce je prepri\u010dal z izjavo: &#8220;Sposobni ljudje ustvarjajo delovna mesta, nesposobni pa jih uni\u010dujejo.&#8221; Prireditev je tudi tokrat vodil Tadej To\u0161. Nastopili pa so tudi Dan D, Tabu in Nina Pu\u0161lar. Kot je v razglasitvi dejala odgovorna urednica Ve\u010dera Katja \u0160eruga nagrajenec tega ni izrekel kot zdravnik mlaj\u0161e generacije ob robu polemike o zdravstvenem sistemu, ampak na vrhuncu begunske krize kot potomec svojega dedka Palestinca, ki je be\u017eal v Sirijo. Dr. Naji je pojasnil, da je s to izjavo \u017eelel zgolj opozoriti, da morajo vsi dobiti prilo\u017enost ter da je vsak begunec potencialna prilo\u017enost za Slovenijo: &#8220;Delovna mesta niso tako kot v socializmu nastavljena s strani dr\u017eave. Smo dinami\u010dno okolje in \u010de to raste, pridejo tudi prilo\u017enosti in delovna mesta.&#8221; Delovna mesta so dinami\u010dna Dr. Husam Franjo Naji je predstavnik mlaj\u0161e generacije zdravnikov, ki v zadnjem \u010dasu prihaja v ospredje mariborske bolni\u0161nice. Je predstojnik kardiolo\u0161kega oddelka UKC Maribor. Izjavo pa je v \u010dasu, ko je begunsko krizo na lastne o\u010di do\u017eivljal tudi Maribor, zapisal za Ve\u010derove mnenjske strani. A ni pisal kot zdravnik, temve\u010d kot potomec beguncev. Opisoval je, kako je njegov ded kot mlad Palestinec po drugi svetovni vojni z \u017eeno, dvema otrokoma in dojen\u010dkom na oslu z mno\u017eico beguncev, ki so izgubili streho nad glavo zaradi masovne imigracije Judov, od\u0161el v Sirijo. Eden izmed njegovih otrok, Najijev o\u010de, je nato svojo sre\u010do iskal \u0161e nekoliko severneje, v tedanji Jugoslaviji. In pristal v Mariboru. Ko je Naji vzporedno s tistimi \u010dasi razmi\u0161ljal o (\u0161e danes aktualnem) dogajanju v Evropi, je opozoril, da stara celina s starajo\u010do se generacijo &#8220;krvavo potrebuje zagon v obliki mladega delovnega in intelektualnega potenciala. Kajti sposobni ljudje ustv<\/p>\n","protected":false},"author":1,"featured_media":0,"comment_status":"closed","ping_status":"closed","sticky":false,"template":"","format":"standard","meta":{"footnotes":""},"categories":[1179],"tags":[],"source":[1711],"supertag":[],"acf":[],"yoast_head":"<!-- This site is optimized with the Yoast SEO plugin v21.3 - https:\/\/yoast.com\/wordpress\/plugins\/seo\/ -->\n<title>Bob leta 2016 je izrekel dr. Husam Franjo Naji - Hudo Slovenija<\/title>\n<meta name=\"robots\" content=\"index, follow, max-snippet:-1, max-image-preview:large, max-video-preview:-1\" \/>\n<link rel=\"canonical\" href=\"https:\/\/hudo.com\/si\/aktualno\/bob-leta-2016-je-izrekel-dr-husam-franjo-naji\/\" \/>\n<meta property=\"og:locale\" content=\"sl_SI\" \/>\n<meta property=\"og:type\" content=\"article\" \/>\n<meta property=\"og:title\" content=\"Bob leta 2016 je izrekel dr. Husam Franjo Naji - Hudo Slovenija\" \/>\n<meta property=\"og:description\" content=\"Medijska hi\u0161a Ve\u010der je na prireditvi Bob leta 2016 v SNG Maribor \u017ee 18. razglasila zmagovalno izjavo leta za lansko leto. Tokrat je zmagovalec dr. Husam Franjo Naji, predstavnik mlaj\u0161e generacije zdravnikov in predstojnik kardiolo\u0161kega odelka UKC Maribor. Bralce je prepri\u010dal z izjavo: &quot;Sposobni ljudje ustvarjajo delovna mesta, nesposobni pa jih uni\u010dujejo.&quot; Prireditev je tudi tokrat vodil Tadej To\u0161. Nastopili pa so tudi Dan D, Tabu in Nina Pu\u0161lar. Kot je v razglasitvi dejala odgovorna urednica Ve\u010dera Katja \u0160eruga nagrajenec tega ni izrekel kot zdravnik mlaj\u0161e generacije ob robu polemike o zdravstvenem sistemu, ampak na vrhuncu begunske krize kot potomec svojega dedka Palestinca, ki je be\u017eal v Sirijo. Dr. Naji je pojasnil, da je s to izjavo \u017eelel zgolj opozoriti, da morajo vsi dobiti prilo\u017enost ter da je vsak begunec potencialna prilo\u017enost za Slovenijo: &quot;Delovna mesta niso tako kot v socializmu nastavljena s strani dr\u017eave. Smo dinami\u010dno okolje in \u010de to raste, pridejo tudi prilo\u017enosti in delovna mesta.&quot; Delovna mesta so dinami\u010dna Dr. Husam Franjo Naji je predstavnik mlaj\u0161e generacije zdravnikov, ki v zadnjem \u010dasu prihaja v ospredje mariborske bolni\u0161nice. Je predstojnik kardiolo\u0161kega oddelka UKC Maribor. Izjavo pa je v \u010dasu, ko je begunsko krizo na lastne o\u010di do\u017eivljal tudi Maribor, zapisal za Ve\u010derove mnenjske strani. A ni pisal kot zdravnik, temve\u010d kot potomec beguncev. Opisoval je, kako je njegov ded kot mlad Palestinec po drugi svetovni vojni z \u017eeno, dvema otrokoma in dojen\u010dkom na oslu z mno\u017eico beguncev, ki so izgubili streho nad glavo zaradi masovne imigracije Judov, od\u0161el v Sirijo. Eden izmed njegovih otrok, Najijev o\u010de, je nato svojo sre\u010do iskal \u0161e nekoliko severneje, v tedanji Jugoslaviji. In pristal v Mariboru. Ko je Naji vzporedno s tistimi \u010dasi razmi\u0161ljal o (\u0161e danes aktualnem) dogajanju v Evropi, je opozoril, da stara celina s starajo\u010do se generacijo &quot;krvavo potrebuje zagon v obliki mladega delovnega in intelektualnega potenciala. Kajti sposobni ljudje ustv\" \/>\n<meta property=\"og:url\" content=\"https:\/\/hudo.com\/si\/aktualno\/bob-leta-2016-je-izrekel-dr-husam-franjo-naji\/\" \/>\n<meta property=\"og:site_name\" content=\"Hudo Slovenija\" \/>\n<meta property=\"article:publisher\" content=\"https:\/\/www.facebook.com\/hudo.si\" \/>\n<meta property=\"article:published_time\" content=\"2017-01-14T19:00:00+00:00\" \/>\n<meta property=\"article:modified_time\" content=\"2017-01-15T11:12:30+00:00\" \/>\n<meta property=\"og:image\" content=\"https:\/\/hudo.com\/si\/wp-content\/uploads\/sites\/2\/2017\/01\/SASO6195-300.jpg\" \/>\n\t<meta property=\"og:image:width\" content=\"450\" \/>\n\t<meta property=\"og:image:height\" content=\"675\" \/>\n\t<meta property=\"og:image:type\" content=\"image\/jpeg\" \/>\n<meta name=\"author\" content=\"hudo\" \/>\n<meta name=\"twitter:card\" content=\"summary_large_image\" \/>\n<meta name=\"twitter:creator\" content=\"@hudo_si\" \/>\n<meta name=\"twitter:site\" content=\"@hudo_si\" \/>\n<meta name=\"twitter:label1\" content=\"Written by\" \/>\n\t<meta name=\"twitter:data1\" content=\"hudo\" \/>\n\t<meta name=\"twitter:label2\" content=\"Est. reading time\" \/>\n\t<meta name=\"twitter:data2\" content=\"2 minuti\" \/>\n<script type=\"application\/ld+json\" class=\"yoast-schema-graph\">{\"@context\":\"https:\/\/schema.org\",\"@graph\":[{\"@type\":\"Article\",\"@id\":\"https:\/\/hudo.com\/si\/aktualno\/bob-leta-2016-je-izrekel-dr-husam-franjo-naji\/#article\",\"isPartOf\":{\"@id\":\"https:\/\/hudo.com\/si\/aktualno\/bob-leta-2016-je-izrekel-dr-husam-franjo-naji\/\"},\"author\":{\"name\":\"hudo\",\"@id\":\"https:\/\/hudo.com\/si\/#\/schema\/person\/601cf3379633985b20f7e50f2bb47707\"},\"headline\":\"Bob leta 2016 je izrekel dr. Husam Franjo Naji\",\"datePublished\":\"2017-01-14T19:00:00+00:00\",\"dateModified\":\"2017-01-15T11:12:30+00:00\",\"mainEntityOfPage\":{\"@id\":\"https:\/\/hudo.com\/si\/aktualno\/bob-leta-2016-je-izrekel-dr-husam-franjo-naji\/\"},\"wordCount\":346,\"publisher\":{\"@id\":\"https:\/\/hudo.com\/si\/#organization\"},\"articleSection\":[\"Aktualno\"],\"inLanguage\":\"sl-SI\"},{\"@type\":\"WebPage\",\"@id\":\"https:\/\/hudo.com\/si\/aktualno\/bob-leta-2016-je-izrekel-dr-husam-franjo-naji\/\",\"url\":\"https:\/\/hudo.com\/si\/aktualno\/bob-leta-2016-je-izrekel-dr-husam-franjo-naji\/\",\"name\":\"Bob leta 2016 je izrekel dr. Husam Franjo Naji - Hudo Slovenija\",\"isPartOf\":{\"@id\":\"https:\/\/hudo.com\/si\/#website\"},\"datePublished\":\"2017-01-14T19:00:00+00:00\",\"dateModified\":\"2017-01-15T11:12:30+00:00\",\"breadcrumb\":{\"@id\":\"https:\/\/hudo.com\/si\/aktualno\/bob-leta-2016-je-izrekel-dr-husam-franjo-naji\/#breadcrumb\"},\"inLanguage\":\"sl-SI\",\"potentialAction\":[{\"@type\":\"ReadAction\",\"target\":[\"https:\/\/hudo.com\/si\/aktualno\/bob-leta-2016-je-izrekel-dr-husam-franjo-naji\/\"]}]},{\"@type\":\"BreadcrumbList\",\"@id\":\"https:\/\/hudo.com\/si\/aktualno\/bob-leta-2016-je-izrekel-dr-husam-franjo-naji\/#breadcrumb\",\"itemListElement\":[{\"@type\":\"ListItem\",\"position\":1,\"name\":\"Home\",\"item\":\"https:\/\/hudo.com\/si\/\"},{\"@type\":\"ListItem\",\"position\":2,\"name\":\"Bob leta 2016 je izrekel dr. Husam Franjo Naji\"}]},{\"@type\":\"WebSite\",\"@id\":\"https:\/\/hudo.com\/si\/#website\",\"url\":\"https:\/\/hudo.com\/si\/\",\"name\":\"Hudo Slovenija\",\"description\":\"Vse novice iz Slovenije in sveta\",\"publisher\":{\"@id\":\"https:\/\/hudo.com\/si\/#organization\"},\"potentialAction\":[{\"@type\":\"SearchAction\",\"target\":{\"@type\":\"EntryPoint\",\"urlTemplate\":\"https:\/\/hudo.com\/si\/?s={search_term_string}\"},\"query-input\":\"required name=search_term_string\"}],\"inLanguage\":\"sl-SI\"},{\"@type\":\"Organization\",\"@id\":\"https:\/\/hudo.com\/si\/#organization\",\"name\":\"VSN Media\",\"url\":\"https:\/\/hudo.com\/si\/\",\"logo\":{\"@type\":\"ImageObject\",\"inLanguage\":\"sl-SI\",\"@id\":\"https:\/\/hudo.com\/si\/#\/schema\/logo\/image\/\",\"url\":\"https:\/\/hudo.com\/si\/wp-content\/uploads\/sites\/2\/2021\/03\/hudo-app-2.png\",\"contentUrl\":\"https:\/\/hudo.com\/si\/wp-content\/uploads\/sites\/2\/2021\/03\/hudo-app-2.png\",\"width\":2185,\"height\":2167,\"caption\":\"VSN Media\"},\"image\":{\"@id\":\"https:\/\/hudo.com\/si\/#\/schema\/logo\/image\/\"},\"sameAs\":[\"https:\/\/www.facebook.com\/hudo.si\",\"https:\/\/twitter.com\/hudo_si\"]},{\"@type\":\"Person\",\"@id\":\"https:\/\/hudo.com\/si\/#\/schema\/person\/601cf3379633985b20f7e50f2bb47707\",\"name\":\"hudo\",\"image\":{\"@type\":\"ImageObject\",\"inLanguage\":\"sl-SI\",\"@id\":\"https:\/\/hudo.com\/si\/#\/schema\/person\/image\/\",\"url\":\"https:\/\/secure.gravatar.com\/avatar\/c4ca25fa72cace7a696b52ff5db9e095?s=96&d=mm&r=g\",\"contentUrl\":\"https:\/\/secure.gravatar.com\/avatar\/c4ca25fa72cace7a696b52ff5db9e095?s=96&d=mm&r=g\",\"caption\":\"hudo\"},\"url\":\"https:\/\/hudo.com\/si\/author\/hudo\/\"}]}<\/script>\n<!-- \/ Yoast SEO plugin. -->","yoast_head_json":{"title":"Bob leta 2016 je izrekel dr. Husam Franjo Naji - Hudo Slovenija","robots":{"index":"index","follow":"follow","max-snippet":"max-snippet:-1","max-image-preview":"max-image-preview:large","max-video-preview":"max-video-preview:-1"},"canonical":"https:\/\/hudo.com\/si\/aktualno\/bob-leta-2016-je-izrekel-dr-husam-franjo-naji\/","og_locale":"sl_SI","og_type":"article","og_title":"Bob leta 2016 je izrekel dr. Husam Franjo Naji - Hudo Slovenija","og_description":"Medijska hi\u0161a Ve\u010der je na prireditvi Bob leta 2016 v SNG Maribor \u017ee 18. razglasila zmagovalno izjavo leta za lansko leto. Tokrat je zmagovalec dr. Husam Franjo Naji, predstavnik mlaj\u0161e generacije zdravnikov in predstojnik kardiolo\u0161kega odelka UKC Maribor. Bralce je prepri\u010dal z izjavo: \"Sposobni ljudje ustvarjajo delovna mesta, nesposobni pa jih uni\u010dujejo.\" Prireditev je tudi tokrat vodil Tadej To\u0161. Nastopili pa so tudi Dan D, Tabu in Nina Pu\u0161lar. Kot je v razglasitvi dejala odgovorna urednica Ve\u010dera Katja \u0160eruga nagrajenec tega ni izrekel kot zdravnik mlaj\u0161e generacije ob robu polemike o zdravstvenem sistemu, ampak na vrhuncu begunske krize kot potomec svojega dedka Palestinca, ki je be\u017eal v Sirijo. Dr. Naji je pojasnil, da je s to izjavo \u017eelel zgolj opozoriti, da morajo vsi dobiti prilo\u017enost ter da je vsak begunec potencialna prilo\u017enost za Slovenijo: \"Delovna mesta niso tako kot v socializmu nastavljena s strani dr\u017eave. Smo dinami\u010dno okolje in \u010de to raste, pridejo tudi prilo\u017enosti in delovna mesta.\" Delovna mesta so dinami\u010dna Dr. Husam Franjo Naji je predstavnik mlaj\u0161e generacije zdravnikov, ki v zadnjem \u010dasu prihaja v ospredje mariborske bolni\u0161nice. Je predstojnik kardiolo\u0161kega oddelka UKC Maribor. Izjavo pa je v \u010dasu, ko je begunsko krizo na lastne o\u010di do\u017eivljal tudi Maribor, zapisal za Ve\u010derove mnenjske strani. A ni pisal kot zdravnik, temve\u010d kot potomec beguncev. Opisoval je, kako je njegov ded kot mlad Palestinec po drugi svetovni vojni z \u017eeno, dvema otrokoma in dojen\u010dkom na oslu z mno\u017eico beguncev, ki so izgubili streho nad glavo zaradi masovne imigracije Judov, od\u0161el v Sirijo. Eden izmed njegovih otrok, Najijev o\u010de, je nato svojo sre\u010do iskal \u0161e nekoliko severneje, v tedanji Jugoslaviji. In pristal v Mariboru. Ko je Naji vzporedno s tistimi \u010dasi razmi\u0161ljal o (\u0161e danes aktualnem) dogajanju v Evropi, je opozoril, da stara celina s starajo\u010do se generacijo \"krvavo potrebuje zagon v obliki mladega delovnega in intelektualnega potenciala. Kajti sposobni ljudje ustv","og_url":"https:\/\/hudo.com\/si\/aktualno\/bob-leta-2016-je-izrekel-dr-husam-franjo-naji\/","og_site_name":"Hudo Slovenija","article_publisher":"https:\/\/www.facebook.com\/hudo.si","article_published_time":"2017-01-14T19:00:00+00:00","article_modified_time":"2017-01-15T11:12:30+00:00","og_image":[{"width":450,"height":675,"url":"https:\/\/hudo.com\/si\/wp-content\/uploads\/sites\/2\/2017\/01\/SASO6195-300.jpg","type":"image\/jpeg"}],"author":"hudo","twitter_card":"summary_large_image","twitter_creator":"@hudo_si","twitter_site":"@hudo_si","twitter_misc":{"Written by":"hudo","Est. reading time":"2 minuti"},"schema":{"@context":"https:\/\/schema.org","@graph":[{"@type":"Article","@id":"https:\/\/hudo.com\/si\/aktualno\/bob-leta-2016-je-izrekel-dr-husam-franjo-naji\/#article","isPartOf":{"@id":"https:\/\/hudo.com\/si\/aktualno\/bob-leta-2016-je-izrekel-dr-husam-franjo-naji\/"},"author":{"name":"hudo","@id":"https:\/\/hudo.com\/si\/#\/schema\/person\/601cf3379633985b20f7e50f2bb47707"},"headline":"Bob leta 2016 je izrekel dr. Husam Franjo Naji","datePublished":"2017-01-14T19:00:00+00:00","dateModified":"2017-01-15T11:12:30+00:00","mainEntityOfPage":{"@id":"https:\/\/hudo.com\/si\/aktualno\/bob-leta-2016-je-izrekel-dr-husam-franjo-naji\/"},"wordCount":346,"publisher":{"@id":"https:\/\/hudo.com\/si\/#organization"},"articleSection":["Aktualno"],"inLanguage":"sl-SI"},{"@type":"WebPage","@id":"https:\/\/hudo.com\/si\/aktualno\/bob-leta-2016-je-izrekel-dr-husam-franjo-naji\/","url":"https:\/\/hudo.com\/si\/aktualno\/bob-leta-2016-je-izrekel-dr-husam-franjo-naji\/","name":"Bob leta 2016 je izrekel dr. Husam Franjo Naji - Hudo Slovenija","isPartOf":{"@id":"https:\/\/hudo.com\/si\/#website"},"datePublished":"2017-01-14T19:00:00+00:00","dateModified":"2017-01-15T11:12:30+00:00","breadcrumb":{"@id":"https:\/\/hudo.com\/si\/aktualno\/bob-leta-2016-je-izrekel-dr-husam-franjo-naji\/#breadcrumb"},"inLanguage":"sl-SI","potentialAction":[{"@type":"ReadAction","target":["https:\/\/hudo.com\/si\/aktualno\/bob-leta-2016-je-izrekel-dr-husam-franjo-naji\/"]}]},{"@type":"BreadcrumbList","@id":"https:\/\/hudo.com\/si\/aktualno\/bob-leta-2016-je-izrekel-dr-husam-franjo-naji\/#breadcrumb","itemListElement":[{"@type":"ListItem","position":1,"name":"Home","item":"https:\/\/hudo.com\/si\/"},{"@type":"ListItem","position":2,"name":"Bob leta 2016 je izrekel dr. Husam Franjo Naji"}]},{"@type":"WebSite","@id":"https:\/\/hudo.com\/si\/#website","url":"https:\/\/hudo.com\/si\/","name":"Hudo Slovenija","description":"Vse novice iz Slovenije in sveta","publisher":{"@id":"https:\/\/hudo.com\/si\/#organization"},"potentialAction":[{"@type":"SearchAction","target":{"@type":"EntryPoint","urlTemplate":"https:\/\/hudo.com\/si\/?s={search_term_string}"},"query-input":"required name=search_term_string"}],"inLanguage":"sl-SI"},{"@type":"Organization","@id":"https:\/\/hudo.com\/si\/#organization","name":"VSN Media","url":"https:\/\/hudo.com\/si\/","logo":{"@type":"ImageObject","inLanguage":"sl-SI","@id":"https:\/\/hudo.com\/si\/#\/schema\/logo\/image\/","url":"https:\/\/hudo.com\/si\/wp-content\/uploads\/sites\/2\/2021\/03\/hudo-app-2.png","contentUrl":"https:\/\/hudo.com\/si\/wp-content\/uploads\/sites\/2\/2021\/03\/hudo-app-2.png","width":2185,"height":2167,"caption":"VSN Media"},"image":{"@id":"https:\/\/hudo.com\/si\/#\/schema\/logo\/image\/"},"sameAs":["https:\/\/www.facebook.com\/hudo.si","https:\/\/twitter.com\/hudo_si"]},{"@type":"Person","@id":"https:\/\/hudo.com\/si\/#\/schema\/person\/601cf3379633985b20f7e50f2bb47707","name":"hudo","image":{"@type":"ImageObject","inLanguage":"sl-SI","@id":"https:\/\/hudo.com\/si\/#\/schema\/person\/image\/","url":"https:\/\/secure.gravatar.com\/avatar\/c4ca25fa72cace7a696b52ff5db9e095?s=96&d=mm&r=g","contentUrl":"https:\/\/secure.gravatar.com\/avatar\/c4ca25fa72cace7a696b52ff5db9e095?s=96&d=mm&r=g","caption":"hudo"},"url":"https:\/\/hudo.com\/si\/author\/hudo\/"}]}},"amp_enabled":true,"_links":{"self":[{"href":"https:\/\/hudo.com\/si\/wp-json\/wp\/v2\/posts\/191177"}],"collection":[{"href":"https:\/\/hudo.com\/si\/wp-json\/wp\/v2\/posts"}],"about":[{"href":"https:\/\/hudo.com\/si\/wp-json\/wp\/v2\/types\/post"}],"author":[{"embeddable":true,"href":"https:\/\/hudo.com\/si\/wp-json\/wp\/v2\/users\/1"}],"replies":[{"embeddable":true,"href":"https:\/\/hudo.com\/si\/wp-json\/wp\/v2\/comments?post=191177"}],"version-history":[{"count":1,"href":"https:\/\/hudo.com\/si\/wp-json\/wp\/v2\/posts\/191177\/revisions"}],"predecessor-version":[{"id":191229,"href":"https:\/\/hudo.com\/si\/wp-json\/wp\/v2\/posts\/191177\/revisions\/191229"}],"wp:attachment":[{"href":"https:\/\/hudo.com\/si\/wp-json\/wp\/v2\/media?parent=191177"}],"wp:term":[{"taxonomy":"category","embeddable":true,"href":"https:\/\/hudo.com\/si\/wp-json\/wp\/v2\/categories?post=191177"},{"taxonomy":"post_tag","embeddable":true,"href":"https:\/\/hudo.com\/si\/wp-json\/wp\/v2\/tags?post=191177"},{"taxonomy":"source","embeddable":true,"href":"https:\/\/hudo.com\/si\/wp-json\/wp\/v2\/source?post=191177"},{"taxonomy":"supertag","embeddable":true,"href":"https:\/\/hudo.com\/si\/wp-json\/wp\/v2\/supertag?post=191177"}],"curies":[{"name":"wp","href":"https:\/\/api.w.org\/{rel}","templated":true}]}}