{"id":191234,"date":"2017-01-14T23:00:00","date_gmt":"2017-01-14T22:00:00","guid":{"rendered":"http:\/\/hudo.com\/si\/2017\/01\/14\/kaj-vemo-o-dezeli-veliki-za-osemdeset-slovenij\/"},"modified":"2017-01-15T13:12:43","modified_gmt":"2017-01-15T12:12:43","slug":"kaj-vemo-o-dezeli-veliki-za-osemdeset-slovenij","status":"publish","type":"post","link":"https:\/\/hudo.com\/si\/aktualno\/kaj-vemo-o-dezeli-veliki-za-osemdeset-slovenij\/","title":{"rendered":"Kaj vemo o de\u017eeli, veliki za osemdeset Slovenij"},"content":{"rendered":"<p>Bo treba kmalu na pot v Iran, ne samo na Jadran, se boste gotovo strinjali, \u010de boste sli\u0161ali Mateja Novaka, Maribor\u010dana v najbolj\u0161ih letih, kako zavzeto in pronicljivo trosi osupljive zanimivosti o tej velikanski bli\u017enjevzhodni dr\u017eavi, v katero bi zlahka zlo\u017eili osemdeset Slovenij in v kateri \u017eivi pribli\u017eno osemdeset milijonov ljudi. &#8220;Ko vzame\u0161 v roke atlas, se Iran razprostre \u010dez dve strani. Gromozansko,&#8221; se nasmeji sogovornik. Civilizacija, kakr\u0161no poznamo danes, se je klesala od Perzijskega zaliva navzgor. V Belud\u017eistanu so na\u0161li ostanke ljudi iz \u010dasa paleolitika, stare 800.000 let. Poljedelci so bili Perzijci pred sedem tiso\u010d leti, stare civilizacije v de\u017eeli ob Kaspijskem jezeru so cvetele pred pet tiso\u010d leti. Sre\u010danje v Kibli Mateja Novaka je v iransko prostranstvo pripeljala \u017eena Sanam Fouladvand, pol Iranka (po o\u010detu), pol Slovenka. Sre\u010dala sta se pred desetimi leti v Kibli v mariborskem Narodnem domu. &#8220;Sanam, ki je rojena v Teheranu in je v tistem \u010dasu \u0161tudirala pravo v Franciji, je pri\u0161la k mami v Slovenijo na po\u010ditnice. Naneslo je, da imava skupno prijateljico, tako sva se prvi\u010d sre\u010dala v Kibli. Drugi\u010d smo \u0161li skupaj v kino in tako se je za\u010dela najina romanca\u00a0&#8230; Ta teden sem \u0161e v Mariboru, potem grem na slu\u017ebeno pot v Iran. Doma cartamo triletno Brino, ki je center vesolja tudi za dedka v Iranu, kamor \u010de se le da odide na obisk. Dedka, babici, celotno sorodstvo obo\u017eujejo na\u0161o pun\u010dko, kar s pridom izkori\u0161\u010da in se jim pusti razvajati. Deklica obvlada ve\u010d jezikov, doma pa se v glavnem pogovarjamo angle\u0161ko, teko\u010de pa seveda govori farsi in slovensko. \u017dena je do\u0161turdirala mednarodno in evropsko pravo v Franciji, sorodnike &#8211; v Iranu se ti ne kon\u010dajo pri bratrancih in sestri\u010dnah &#8211; ima raztresene po vsej Evropi, svetu: v Parizu so, v ZDA, Kanadi, Angliji\u00a0&#8230; \u017denin o\u010de se je \u0161olal v Angliji, tudi zato je angle\u0161\u010dina za nas najbolj operativen jezik, \u010deprav Sanam odli\u010dno govori slovensko. Farsi, ve\u010dinski jezik v Iranu, pa je postal moja mala obsesija. S h\u010derko lepo<\/p>\n","protected":false},"excerpt":{"rendered":"<p>Bo treba kmalu na pot v Iran, ne samo na Jadran, se boste gotovo strinjali, \u010de boste sli\u0161ali Mateja Novaka, Maribor\u010dana v najbolj\u0161ih letih, kako zavzeto in pronicljivo trosi osupljive zanimivosti o tej velikanski bli\u017enjevzhodni dr\u017eavi, v katero bi zlahka zlo\u017eili osemdeset Slovenij in v kateri \u017eivi pribli\u017eno osemdeset milijonov ljudi. &#8220;Ko vzame\u0161 v roke atlas, se Iran razprostre \u010dez dve strani. Gromozansko,&#8221; se nasmeji sogovornik. Civilizacija, kakr\u0161no poznamo danes, se je klesala od Perzijskega zaliva navzgor. V Belud\u017eistanu so na\u0161li ostanke ljudi iz \u010dasa paleolitika, stare 800.000 let. Poljedelci so bili Perzijci pred sedem tiso\u010d leti, stare civilizacije v de\u017eeli ob Kaspijskem jezeru so cvetele pred pet tiso\u010d leti. Sre\u010danje v Kibli Mateja Novaka je v iransko prostranstvo pripeljala \u017eena Sanam Fouladvand, pol Iranka (po o\u010detu), pol Slovenka. Sre\u010dala sta se pred desetimi leti v Kibli v mariborskem Narodnem domu. &#8220;Sanam, ki je rojena v Teheranu in je v tistem \u010dasu \u0161tudirala pravo v Franciji, je pri\u0161la k mami v Slovenijo na po\u010ditnice. Naneslo je, da imava skupno prijateljico, tako sva se prvi\u010d sre\u010dala v Kibli. Drugi\u010d smo \u0161li skupaj v kino in tako se je za\u010dela najina romanca\u00a0&#8230; Ta teden sem \u0161e v Mariboru, potem grem na slu\u017ebeno pot v Iran. Doma cartamo triletno Brino, ki je center vesolja tudi za dedka v Iranu, kamor \u010de se le da odide na obisk. Dedka, babici, celotno sorodstvo obo\u017eujejo na\u0161o pun\u010dko, kar s pridom izkori\u0161\u010da in se jim pusti razvajati. Deklica obvlada ve\u010d jezikov, doma pa se v glavnem pogovarjamo angle\u0161ko, teko\u010de pa seveda govori farsi in slovensko. \u017dena je do\u0161turdirala mednarodno in evropsko pravo v Franciji, sorodnike &#8211; v Iranu se ti ne kon\u010dajo pri bratrancih in sestri\u010dnah &#8211; ima raztresene po vsej Evropi, svetu: v Parizu so, v ZDA, Kanadi, Angliji\u00a0&#8230; \u017denin o\u010de se je \u0161olal v Angliji, tudi zato je angle\u0161\u010dina za nas najbolj operativen jezik, \u010deprav Sanam odli\u010dno govori slovensko. Farsi, ve\u010dinski jezik v Iranu, pa je postal moja mala obsesija. S h\u010derko lepo<\/p>\n","protected":false},"author":1,"featured_media":0,"comment_status":"closed","ping_status":"closed","sticky":false,"template":"","format":"standard","meta":{"footnotes":""},"categories":[1179],"tags":[],"source":[1711],"supertag":[],"acf":[],"yoast_head":"<!-- This site is optimized with the Yoast SEO plugin v21.3 - https:\/\/yoast.com\/wordpress\/plugins\/seo\/ -->\n<title>Kaj vemo o de\u017eeli, veliki za osemdeset Slovenij - Hudo Slovenija<\/title>\n<meta name=\"robots\" content=\"index, follow, max-snippet:-1, max-image-preview:large, max-video-preview:-1\" \/>\n<link rel=\"canonical\" href=\"https:\/\/hudo.com\/si\/aktualno\/kaj-vemo-o-dezeli-veliki-za-osemdeset-slovenij\/\" \/>\n<meta property=\"og:locale\" content=\"sl_SI\" \/>\n<meta property=\"og:type\" content=\"article\" \/>\n<meta property=\"og:title\" content=\"Kaj vemo o de\u017eeli, veliki za osemdeset Slovenij - Hudo Slovenija\" \/>\n<meta property=\"og:description\" content=\"Bo treba kmalu na pot v Iran, ne samo na Jadran, se boste gotovo strinjali, \u010de boste sli\u0161ali Mateja Novaka, Maribor\u010dana v najbolj\u0161ih letih, kako zavzeto in pronicljivo trosi osupljive zanimivosti o tej velikanski bli\u017enjevzhodni dr\u017eavi, v katero bi zlahka zlo\u017eili osemdeset Slovenij in v kateri \u017eivi pribli\u017eno osemdeset milijonov ljudi. &quot;Ko vzame\u0161 v roke atlas, se Iran razprostre \u010dez dve strani. Gromozansko,&quot; se nasmeji sogovornik. Civilizacija, kakr\u0161no poznamo danes, se je klesala od Perzijskega zaliva navzgor. V Belud\u017eistanu so na\u0161li ostanke ljudi iz \u010dasa paleolitika, stare 800.000 let. Poljedelci so bili Perzijci pred sedem tiso\u010d leti, stare civilizacije v de\u017eeli ob Kaspijskem jezeru so cvetele pred pet tiso\u010d leti. Sre\u010danje v Kibli Mateja Novaka je v iransko prostranstvo pripeljala \u017eena Sanam Fouladvand, pol Iranka (po o\u010detu), pol Slovenka. Sre\u010dala sta se pred desetimi leti v Kibli v mariborskem Narodnem domu. &quot;Sanam, ki je rojena v Teheranu in je v tistem \u010dasu \u0161tudirala pravo v Franciji, je pri\u0161la k mami v Slovenijo na po\u010ditnice. Naneslo je, da imava skupno prijateljico, tako sva se prvi\u010d sre\u010dala v Kibli. Drugi\u010d smo \u0161li skupaj v kino in tako se je za\u010dela najina romanca\u00a0... Ta teden sem \u0161e v Mariboru, potem grem na slu\u017ebeno pot v Iran. Doma cartamo triletno Brino, ki je center vesolja tudi za dedka v Iranu, kamor \u010de se le da odide na obisk. Dedka, babici, celotno sorodstvo obo\u017eujejo na\u0161o pun\u010dko, kar s pridom izkori\u0161\u010da in se jim pusti razvajati. Deklica obvlada ve\u010d jezikov, doma pa se v glavnem pogovarjamo angle\u0161ko, teko\u010de pa seveda govori farsi in slovensko. \u017dena je do\u0161turdirala mednarodno in evropsko pravo v Franciji, sorodnike - v Iranu se ti ne kon\u010dajo pri bratrancih in sestri\u010dnah - ima raztresene po vsej Evropi, svetu: v Parizu so, v ZDA, Kanadi, Angliji\u00a0... \u017denin o\u010de se je \u0161olal v Angliji, tudi zato je angle\u0161\u010dina za nas najbolj operativen jezik, \u010deprav Sanam odli\u010dno govori slovensko. Farsi, ve\u010dinski jezik v Iranu, pa je postal moja mala obsesija. S h\u010derko lepo\" \/>\n<meta property=\"og:url\" content=\"https:\/\/hudo.com\/si\/aktualno\/kaj-vemo-o-dezeli-veliki-za-osemdeset-slovenij\/\" \/>\n<meta property=\"og:site_name\" content=\"Hudo Slovenija\" \/>\n<meta property=\"article:publisher\" content=\"https:\/\/www.facebook.com\/hudo.si\" \/>\n<meta property=\"article:published_time\" content=\"2017-01-14T22:00:00+00:00\" \/>\n<meta property=\"article:modified_time\" content=\"2017-01-15T12:12:43+00:00\" \/>\n<meta property=\"og:image\" content=\"https:\/\/hudo.com\/si\/wp-content\/uploads\/sites\/2\/2017\/01\/mb_tehran-300.jpg\" \/>\n\t<meta property=\"og:image:width\" content=\"450\" \/>\n\t<meta property=\"og:image:height\" content=\"301\" \/>\n\t<meta property=\"og:image:type\" content=\"image\/jpeg\" \/>\n<meta name=\"author\" content=\"hudo\" \/>\n<meta name=\"twitter:card\" content=\"summary_large_image\" \/>\n<meta name=\"twitter:creator\" content=\"@hudo_si\" \/>\n<meta name=\"twitter:site\" content=\"@hudo_si\" \/>\n<meta name=\"twitter:label1\" content=\"Written by\" \/>\n\t<meta name=\"twitter:data1\" content=\"hudo\" \/>\n\t<meta name=\"twitter:label2\" content=\"Est. reading time\" \/>\n\t<meta name=\"twitter:data2\" content=\"2 minuti\" \/>\n<script type=\"application\/ld+json\" class=\"yoast-schema-graph\">{\"@context\":\"https:\/\/schema.org\",\"@graph\":[{\"@type\":\"Article\",\"@id\":\"https:\/\/hudo.com\/si\/aktualno\/kaj-vemo-o-dezeli-veliki-za-osemdeset-slovenij\/#article\",\"isPartOf\":{\"@id\":\"https:\/\/hudo.com\/si\/aktualno\/kaj-vemo-o-dezeli-veliki-za-osemdeset-slovenij\/\"},\"author\":{\"name\":\"hudo\",\"@id\":\"https:\/\/hudo.com\/si\/#\/schema\/person\/601cf3379633985b20f7e50f2bb47707\"},\"headline\":\"Kaj vemo o de\u017eeli, veliki za osemdeset Slovenij\",\"datePublished\":\"2017-01-14T22:00:00+00:00\",\"dateModified\":\"2017-01-15T12:12:43+00:00\",\"mainEntityOfPage\":{\"@id\":\"https:\/\/hudo.com\/si\/aktualno\/kaj-vemo-o-dezeli-veliki-za-osemdeset-slovenij\/\"},\"wordCount\":369,\"publisher\":{\"@id\":\"https:\/\/hudo.com\/si\/#organization\"},\"articleSection\":[\"Aktualno\"],\"inLanguage\":\"sl-SI\"},{\"@type\":\"WebPage\",\"@id\":\"https:\/\/hudo.com\/si\/aktualno\/kaj-vemo-o-dezeli-veliki-za-osemdeset-slovenij\/\",\"url\":\"https:\/\/hudo.com\/si\/aktualno\/kaj-vemo-o-dezeli-veliki-za-osemdeset-slovenij\/\",\"name\":\"Kaj vemo o de\u017eeli, veliki za osemdeset Slovenij - Hudo Slovenija\",\"isPartOf\":{\"@id\":\"https:\/\/hudo.com\/si\/#website\"},\"datePublished\":\"2017-01-14T22:00:00+00:00\",\"dateModified\":\"2017-01-15T12:12:43+00:00\",\"breadcrumb\":{\"@id\":\"https:\/\/hudo.com\/si\/aktualno\/kaj-vemo-o-dezeli-veliki-za-osemdeset-slovenij\/#breadcrumb\"},\"inLanguage\":\"sl-SI\",\"potentialAction\":[{\"@type\":\"ReadAction\",\"target\":[\"https:\/\/hudo.com\/si\/aktualno\/kaj-vemo-o-dezeli-veliki-za-osemdeset-slovenij\/\"]}]},{\"@type\":\"BreadcrumbList\",\"@id\":\"https:\/\/hudo.com\/si\/aktualno\/kaj-vemo-o-dezeli-veliki-za-osemdeset-slovenij\/#breadcrumb\",\"itemListElement\":[{\"@type\":\"ListItem\",\"position\":1,\"name\":\"Home\",\"item\":\"https:\/\/hudo.com\/si\/\"},{\"@type\":\"ListItem\",\"position\":2,\"name\":\"Kaj vemo o de\u017eeli, veliki za osemdeset Slovenij\"}]},{\"@type\":\"WebSite\",\"@id\":\"https:\/\/hudo.com\/si\/#website\",\"url\":\"https:\/\/hudo.com\/si\/\",\"name\":\"Hudo Slovenija\",\"description\":\"Vse novice iz Slovenije in sveta\",\"publisher\":{\"@id\":\"https:\/\/hudo.com\/si\/#organization\"},\"potentialAction\":[{\"@type\":\"SearchAction\",\"target\":{\"@type\":\"EntryPoint\",\"urlTemplate\":\"https:\/\/hudo.com\/si\/?s={search_term_string}\"},\"query-input\":\"required name=search_term_string\"}],\"inLanguage\":\"sl-SI\"},{\"@type\":\"Organization\",\"@id\":\"https:\/\/hudo.com\/si\/#organization\",\"name\":\"VSN Media\",\"url\":\"https:\/\/hudo.com\/si\/\",\"logo\":{\"@type\":\"ImageObject\",\"inLanguage\":\"sl-SI\",\"@id\":\"https:\/\/hudo.com\/si\/#\/schema\/logo\/image\/\",\"url\":\"https:\/\/hudo.com\/si\/wp-content\/uploads\/sites\/2\/2021\/03\/hudo-app-2.png\",\"contentUrl\":\"https:\/\/hudo.com\/si\/wp-content\/uploads\/sites\/2\/2021\/03\/hudo-app-2.png\",\"width\":2185,\"height\":2167,\"caption\":\"VSN Media\"},\"image\":{\"@id\":\"https:\/\/hudo.com\/si\/#\/schema\/logo\/image\/\"},\"sameAs\":[\"https:\/\/www.facebook.com\/hudo.si\",\"https:\/\/twitter.com\/hudo_si\"]},{\"@type\":\"Person\",\"@id\":\"https:\/\/hudo.com\/si\/#\/schema\/person\/601cf3379633985b20f7e50f2bb47707\",\"name\":\"hudo\",\"image\":{\"@type\":\"ImageObject\",\"inLanguage\":\"sl-SI\",\"@id\":\"https:\/\/hudo.com\/si\/#\/schema\/person\/image\/\",\"url\":\"https:\/\/secure.gravatar.com\/avatar\/c4ca25fa72cace7a696b52ff5db9e095?s=96&d=mm&r=g\",\"contentUrl\":\"https:\/\/secure.gravatar.com\/avatar\/c4ca25fa72cace7a696b52ff5db9e095?s=96&d=mm&r=g\",\"caption\":\"hudo\"},\"url\":\"https:\/\/hudo.com\/si\/author\/hudo\/\"}]}<\/script>\n<!-- \/ Yoast SEO plugin. -->","yoast_head_json":{"title":"Kaj vemo o de\u017eeli, veliki za osemdeset Slovenij - Hudo Slovenija","robots":{"index":"index","follow":"follow","max-snippet":"max-snippet:-1","max-image-preview":"max-image-preview:large","max-video-preview":"max-video-preview:-1"},"canonical":"https:\/\/hudo.com\/si\/aktualno\/kaj-vemo-o-dezeli-veliki-za-osemdeset-slovenij\/","og_locale":"sl_SI","og_type":"article","og_title":"Kaj vemo o de\u017eeli, veliki za osemdeset Slovenij - Hudo Slovenija","og_description":"Bo treba kmalu na pot v Iran, ne samo na Jadran, se boste gotovo strinjali, \u010de boste sli\u0161ali Mateja Novaka, Maribor\u010dana v najbolj\u0161ih letih, kako zavzeto in pronicljivo trosi osupljive zanimivosti o tej velikanski bli\u017enjevzhodni dr\u017eavi, v katero bi zlahka zlo\u017eili osemdeset Slovenij in v kateri \u017eivi pribli\u017eno osemdeset milijonov ljudi. \"Ko vzame\u0161 v roke atlas, se Iran razprostre \u010dez dve strani. Gromozansko,\" se nasmeji sogovornik. Civilizacija, kakr\u0161no poznamo danes, se je klesala od Perzijskega zaliva navzgor. V Belud\u017eistanu so na\u0161li ostanke ljudi iz \u010dasa paleolitika, stare 800.000 let. Poljedelci so bili Perzijci pred sedem tiso\u010d leti, stare civilizacije v de\u017eeli ob Kaspijskem jezeru so cvetele pred pet tiso\u010d leti. Sre\u010danje v Kibli Mateja Novaka je v iransko prostranstvo pripeljala \u017eena Sanam Fouladvand, pol Iranka (po o\u010detu), pol Slovenka. Sre\u010dala sta se pred desetimi leti v Kibli v mariborskem Narodnem domu. \"Sanam, ki je rojena v Teheranu in je v tistem \u010dasu \u0161tudirala pravo v Franciji, je pri\u0161la k mami v Slovenijo na po\u010ditnice. Naneslo je, da imava skupno prijateljico, tako sva se prvi\u010d sre\u010dala v Kibli. Drugi\u010d smo \u0161li skupaj v kino in tako se je za\u010dela najina romanca\u00a0... Ta teden sem \u0161e v Mariboru, potem grem na slu\u017ebeno pot v Iran. Doma cartamo triletno Brino, ki je center vesolja tudi za dedka v Iranu, kamor \u010de se le da odide na obisk. Dedka, babici, celotno sorodstvo obo\u017eujejo na\u0161o pun\u010dko, kar s pridom izkori\u0161\u010da in se jim pusti razvajati. Deklica obvlada ve\u010d jezikov, doma pa se v glavnem pogovarjamo angle\u0161ko, teko\u010de pa seveda govori farsi in slovensko. \u017dena je do\u0161turdirala mednarodno in evropsko pravo v Franciji, sorodnike - v Iranu se ti ne kon\u010dajo pri bratrancih in sestri\u010dnah - ima raztresene po vsej Evropi, svetu: v Parizu so, v ZDA, Kanadi, Angliji\u00a0... \u017denin o\u010de se je \u0161olal v Angliji, tudi zato je angle\u0161\u010dina za nas najbolj operativen jezik, \u010deprav Sanam odli\u010dno govori slovensko. Farsi, ve\u010dinski jezik v Iranu, pa je postal moja mala obsesija. S h\u010derko lepo","og_url":"https:\/\/hudo.com\/si\/aktualno\/kaj-vemo-o-dezeli-veliki-za-osemdeset-slovenij\/","og_site_name":"Hudo Slovenija","article_publisher":"https:\/\/www.facebook.com\/hudo.si","article_published_time":"2017-01-14T22:00:00+00:00","article_modified_time":"2017-01-15T12:12:43+00:00","og_image":[{"width":450,"height":301,"url":"https:\/\/hudo.com\/si\/wp-content\/uploads\/sites\/2\/2017\/01\/mb_tehran-300.jpg","type":"image\/jpeg"}],"author":"hudo","twitter_card":"summary_large_image","twitter_creator":"@hudo_si","twitter_site":"@hudo_si","twitter_misc":{"Written by":"hudo","Est. reading time":"2 minuti"},"schema":{"@context":"https:\/\/schema.org","@graph":[{"@type":"Article","@id":"https:\/\/hudo.com\/si\/aktualno\/kaj-vemo-o-dezeli-veliki-za-osemdeset-slovenij\/#article","isPartOf":{"@id":"https:\/\/hudo.com\/si\/aktualno\/kaj-vemo-o-dezeli-veliki-za-osemdeset-slovenij\/"},"author":{"name":"hudo","@id":"https:\/\/hudo.com\/si\/#\/schema\/person\/601cf3379633985b20f7e50f2bb47707"},"headline":"Kaj vemo o de\u017eeli, veliki za osemdeset Slovenij","datePublished":"2017-01-14T22:00:00+00:00","dateModified":"2017-01-15T12:12:43+00:00","mainEntityOfPage":{"@id":"https:\/\/hudo.com\/si\/aktualno\/kaj-vemo-o-dezeli-veliki-za-osemdeset-slovenij\/"},"wordCount":369,"publisher":{"@id":"https:\/\/hudo.com\/si\/#organization"},"articleSection":["Aktualno"],"inLanguage":"sl-SI"},{"@type":"WebPage","@id":"https:\/\/hudo.com\/si\/aktualno\/kaj-vemo-o-dezeli-veliki-za-osemdeset-slovenij\/","url":"https:\/\/hudo.com\/si\/aktualno\/kaj-vemo-o-dezeli-veliki-za-osemdeset-slovenij\/","name":"Kaj vemo o de\u017eeli, veliki za osemdeset Slovenij - Hudo Slovenija","isPartOf":{"@id":"https:\/\/hudo.com\/si\/#website"},"datePublished":"2017-01-14T22:00:00+00:00","dateModified":"2017-01-15T12:12:43+00:00","breadcrumb":{"@id":"https:\/\/hudo.com\/si\/aktualno\/kaj-vemo-o-dezeli-veliki-za-osemdeset-slovenij\/#breadcrumb"},"inLanguage":"sl-SI","potentialAction":[{"@type":"ReadAction","target":["https:\/\/hudo.com\/si\/aktualno\/kaj-vemo-o-dezeli-veliki-za-osemdeset-slovenij\/"]}]},{"@type":"BreadcrumbList","@id":"https:\/\/hudo.com\/si\/aktualno\/kaj-vemo-o-dezeli-veliki-za-osemdeset-slovenij\/#breadcrumb","itemListElement":[{"@type":"ListItem","position":1,"name":"Home","item":"https:\/\/hudo.com\/si\/"},{"@type":"ListItem","position":2,"name":"Kaj vemo o de\u017eeli, veliki za osemdeset Slovenij"}]},{"@type":"WebSite","@id":"https:\/\/hudo.com\/si\/#website","url":"https:\/\/hudo.com\/si\/","name":"Hudo Slovenija","description":"Vse novice iz Slovenije in sveta","publisher":{"@id":"https:\/\/hudo.com\/si\/#organization"},"potentialAction":[{"@type":"SearchAction","target":{"@type":"EntryPoint","urlTemplate":"https:\/\/hudo.com\/si\/?s={search_term_string}"},"query-input":"required name=search_term_string"}],"inLanguage":"sl-SI"},{"@type":"Organization","@id":"https:\/\/hudo.com\/si\/#organization","name":"VSN Media","url":"https:\/\/hudo.com\/si\/","logo":{"@type":"ImageObject","inLanguage":"sl-SI","@id":"https:\/\/hudo.com\/si\/#\/schema\/logo\/image\/","url":"https:\/\/hudo.com\/si\/wp-content\/uploads\/sites\/2\/2021\/03\/hudo-app-2.png","contentUrl":"https:\/\/hudo.com\/si\/wp-content\/uploads\/sites\/2\/2021\/03\/hudo-app-2.png","width":2185,"height":2167,"caption":"VSN Media"},"image":{"@id":"https:\/\/hudo.com\/si\/#\/schema\/logo\/image\/"},"sameAs":["https:\/\/www.facebook.com\/hudo.si","https:\/\/twitter.com\/hudo_si"]},{"@type":"Person","@id":"https:\/\/hudo.com\/si\/#\/schema\/person\/601cf3379633985b20f7e50f2bb47707","name":"hudo","image":{"@type":"ImageObject","inLanguage":"sl-SI","@id":"https:\/\/hudo.com\/si\/#\/schema\/person\/image\/","url":"https:\/\/secure.gravatar.com\/avatar\/c4ca25fa72cace7a696b52ff5db9e095?s=96&d=mm&r=g","contentUrl":"https:\/\/secure.gravatar.com\/avatar\/c4ca25fa72cace7a696b52ff5db9e095?s=96&d=mm&r=g","caption":"hudo"},"url":"https:\/\/hudo.com\/si\/author\/hudo\/"}]}},"amp_enabled":true,"_links":{"self":[{"href":"https:\/\/hudo.com\/si\/wp-json\/wp\/v2\/posts\/191234"}],"collection":[{"href":"https:\/\/hudo.com\/si\/wp-json\/wp\/v2\/posts"}],"about":[{"href":"https:\/\/hudo.com\/si\/wp-json\/wp\/v2\/types\/post"}],"author":[{"embeddable":true,"href":"https:\/\/hudo.com\/si\/wp-json\/wp\/v2\/users\/1"}],"replies":[{"embeddable":true,"href":"https:\/\/hudo.com\/si\/wp-json\/wp\/v2\/comments?post=191234"}],"version-history":[{"count":1,"href":"https:\/\/hudo.com\/si\/wp-json\/wp\/v2\/posts\/191234\/revisions"}],"predecessor-version":[{"id":191303,"href":"https:\/\/hudo.com\/si\/wp-json\/wp\/v2\/posts\/191234\/revisions\/191303"}],"wp:attachment":[{"href":"https:\/\/hudo.com\/si\/wp-json\/wp\/v2\/media?parent=191234"}],"wp:term":[{"taxonomy":"category","embeddable":true,"href":"https:\/\/hudo.com\/si\/wp-json\/wp\/v2\/categories?post=191234"},{"taxonomy":"post_tag","embeddable":true,"href":"https:\/\/hudo.com\/si\/wp-json\/wp\/v2\/tags?post=191234"},{"taxonomy":"source","embeddable":true,"href":"https:\/\/hudo.com\/si\/wp-json\/wp\/v2\/source?post=191234"},{"taxonomy":"supertag","embeddable":true,"href":"https:\/\/hudo.com\/si\/wp-json\/wp\/v2\/supertag?post=191234"}],"curies":[{"name":"wp","href":"https:\/\/api.w.org\/{rel}","templated":true}]}}