{"id":192770,"date":"2017-01-16T23:00:00","date_gmt":"2017-01-16T22:00:00","guid":{"rendered":"http:\/\/hudo.com\/si\/2017\/01\/16\/protest-zaradi-nepluzenja\/"},"modified":"2017-01-17T08:32:32","modified_gmt":"2017-01-17T07:32:32","slug":"protest-zaradi-nepluzenja","status":"publish","type":"post","link":"https:\/\/hudo.com\/si\/aktualno\/protest-zaradi-nepluzenja\/","title":{"rendered":"Protest zaradi neplu\u017eenja"},"content":{"rendered":"<p>Potem ko je mo\u010dno sne\u017eenje minuli konec tedna ohromilo promet po dr\u017eavi, tudi na Koro\u0161kem, iz te regije naslavljajo protestno pismo na ministra za infrastrukturo Petra Ga\u0161per\u0161i\u010da. Ceste so bile na Koro\u0161kem sicer \u0161e v\u010deraj na marsikaterih odsekih te\u017eko prevozne in nevarne. Ministru so pisali iz Obmo\u010dne organizacije Socialnih demokratov (SD) Me\u017ei\u0161ke doline, ki ostro protestira zaradi lani uveljavljenega pravilnika o rednem vzdr\u017eevanju cest. &#8220;Strokovnjaki so \u017ee med nastajanjem pravilnika opozarjali, da bo ob sne\u017eenju na cestah prihajalo do velikih te\u017eav v prometu. To se je potrdilo ob obilnem sne\u017eenju 13. 1. 2017, ko je bila Koro\u0161ka nekaj ur odrezana od ostalega dela dr\u017eave, potovanje pa ote\u017eeno in nevarno. Ocenjujemo, da so kritike, namenjene vzdr\u017eevalcem zaradi slabo splu\u017eenih cest, neupravi\u010dene, saj ti v bistvu niso kr\u0161ili niti \u010drke pravilnika ministra Ga\u0161per\u0161i\u010da,&#8221; je v imenu SD Me\u017ei\u0161ke doline opozoril Jani Prednik, prepri\u010dan, da je minister pri sprejetju pravilnika ob\u0161el nasvete stroke. Ministra in vlado zato pozivajo k spremembam pravilnika, ki bodo prispevale k varnosti na cestah. Spremenjena pravila o plu\u017eenju so doprinesla h kaosu (med drugim dolo\u010dilo, da je prevoznost zagotovljena, \u010de vi\u0161ina snega na cestah prvega in drugega prednostnega razreda ne presega 10 centimetrov, na drugih cestah pa 15 centimetrov, ter nenujno plu\u017eenje klancev), so prepri\u010dani v SD Me\u017ei\u0161ke doline. (plt)Koro\u0161ka<\/p>\n","protected":false},"excerpt":{"rendered":"<p>Potem ko je mo\u010dno sne\u017eenje minuli konec tedna ohromilo promet po dr\u017eavi, tudi na Koro\u0161kem, iz te regije naslavljajo protestno pismo na ministra za infrastrukturo Petra Ga\u0161per\u0161i\u010da. Ceste so bile na Koro\u0161kem sicer \u0161e v\u010deraj na marsikaterih odsekih te\u017eko prevozne in nevarne. Ministru so pisali iz Obmo\u010dne organizacije Socialnih demokratov (SD) Me\u017ei\u0161ke doline, ki ostro protestira zaradi lani uveljavljenega pravilnika o rednem vzdr\u017eevanju cest. &#8220;Strokovnjaki so \u017ee med nastajanjem pravilnika opozarjali, da bo ob sne\u017eenju na cestah prihajalo do velikih te\u017eav v prometu. To se je potrdilo ob obilnem sne\u017eenju 13. 1. 2017, ko je bila Koro\u0161ka nekaj ur odrezana od ostalega dela dr\u017eave, potovanje pa ote\u017eeno in nevarno. Ocenjujemo, da so kritike, namenjene vzdr\u017eevalcem zaradi slabo splu\u017eenih cest, neupravi\u010dene, saj ti v bistvu niso kr\u0161ili niti \u010drke pravilnika ministra Ga\u0161per\u0161i\u010da,&#8221; je v imenu SD Me\u017ei\u0161ke doline opozoril Jani Prednik, prepri\u010dan, da je minister pri sprejetju pravilnika ob\u0161el nasvete stroke. Ministra in vlado zato pozivajo k spremembam pravilnika, ki bodo prispevale k varnosti na cestah. Spremenjena pravila o plu\u017eenju so doprinesla h kaosu (med drugim dolo\u010dilo, da je prevoznost zagotovljena, \u010de vi\u0161ina snega na cestah prvega in drugega prednostnega razreda ne presega 10 centimetrov, na drugih cestah pa 15 centimetrov, ter nenujno plu\u017eenje klancev), so prepri\u010dani v SD Me\u017ei\u0161ke doline. (plt)Koro\u0161ka<\/p>\n","protected":false},"author":1,"featured_media":0,"comment_status":"closed","ping_status":"closed","sticky":false,"template":"","format":"standard","meta":{"footnotes":""},"categories":[1179],"tags":[],"source":[1711],"supertag":[],"acf":[],"yoast_head":"<!-- This site is optimized with the Yoast SEO plugin v21.3 - https:\/\/yoast.com\/wordpress\/plugins\/seo\/ -->\n<title>Protest zaradi neplu\u017eenja - Hudo Slovenija<\/title>\n<meta name=\"robots\" content=\"index, follow, max-snippet:-1, max-image-preview:large, max-video-preview:-1\" \/>\n<link rel=\"canonical\" href=\"https:\/\/hudo.com\/si\/aktualno\/protest-zaradi-nepluzenja\/\" \/>\n<meta property=\"og:locale\" content=\"sl_SI\" \/>\n<meta property=\"og:type\" content=\"article\" \/>\n<meta property=\"og:title\" content=\"Protest zaradi neplu\u017eenja - Hudo Slovenija\" \/>\n<meta property=\"og:description\" content=\"Potem ko je mo\u010dno sne\u017eenje minuli konec tedna ohromilo promet po dr\u017eavi, tudi na Koro\u0161kem, iz te regije naslavljajo protestno pismo na ministra za infrastrukturo Petra Ga\u0161per\u0161i\u010da. Ceste so bile na Koro\u0161kem sicer \u0161e v\u010deraj na marsikaterih odsekih te\u017eko prevozne in nevarne. Ministru so pisali iz Obmo\u010dne organizacije Socialnih demokratov (SD) Me\u017ei\u0161ke doline, ki ostro protestira zaradi lani uveljavljenega pravilnika o rednem vzdr\u017eevanju cest. &quot;Strokovnjaki so \u017ee med nastajanjem pravilnika opozarjali, da bo ob sne\u017eenju na cestah prihajalo do velikih te\u017eav v prometu. To se je potrdilo ob obilnem sne\u017eenju 13. 1. 2017, ko je bila Koro\u0161ka nekaj ur odrezana od ostalega dela dr\u017eave, potovanje pa ote\u017eeno in nevarno. Ocenjujemo, da so kritike, namenjene vzdr\u017eevalcem zaradi slabo splu\u017eenih cest, neupravi\u010dene, saj ti v bistvu niso kr\u0161ili niti \u010drke pravilnika ministra Ga\u0161per\u0161i\u010da,&quot; je v imenu SD Me\u017ei\u0161ke doline opozoril Jani Prednik, prepri\u010dan, da je minister pri sprejetju pravilnika ob\u0161el nasvete stroke. Ministra in vlado zato pozivajo k spremembam pravilnika, ki bodo prispevale k varnosti na cestah. Spremenjena pravila o plu\u017eenju so doprinesla h kaosu (med drugim dolo\u010dilo, da je prevoznost zagotovljena, \u010de vi\u0161ina snega na cestah prvega in drugega prednostnega razreda ne presega 10 centimetrov, na drugih cestah pa 15 centimetrov, ter nenujno plu\u017eenje klancev), so prepri\u010dani v SD Me\u017ei\u0161ke doline. (plt)Koro\u0161ka\" \/>\n<meta property=\"og:url\" content=\"https:\/\/hudo.com\/si\/aktualno\/protest-zaradi-nepluzenja\/\" \/>\n<meta property=\"og:site_name\" content=\"Hudo Slovenija\" \/>\n<meta property=\"article:publisher\" content=\"https:\/\/www.facebook.com\/hudo.si\" \/>\n<meta property=\"article:published_time\" content=\"2017-01-16T22:00:00+00:00\" \/>\n<meta property=\"article:modified_time\" content=\"2017-01-17T07:32:32+00:00\" \/>\n<meta property=\"og:image\" content=\"https:\/\/hudo.com\/si\/wp-content\/uploads\/sites\/2\/2017\/01\/01191979F-300.jpg\" \/>\n\t<meta property=\"og:image:width\" content=\"450\" \/>\n\t<meta property=\"og:image:height\" content=\"337\" \/>\n\t<meta property=\"og:image:type\" content=\"image\/jpeg\" \/>\n<meta name=\"author\" content=\"hudo\" \/>\n<meta name=\"twitter:card\" content=\"summary_large_image\" \/>\n<meta name=\"twitter:creator\" content=\"@hudo_si\" \/>\n<meta name=\"twitter:site\" content=\"@hudo_si\" \/>\n<meta name=\"twitter:label1\" content=\"Written by\" \/>\n\t<meta name=\"twitter:data1\" content=\"hudo\" \/>\n\t<meta name=\"twitter:label2\" content=\"Est. reading time\" \/>\n\t<meta name=\"twitter:data2\" content=\"1 minuta\" \/>\n<script type=\"application\/ld+json\" class=\"yoast-schema-graph\">{\"@context\":\"https:\/\/schema.org\",\"@graph\":[{\"@type\":\"Article\",\"@id\":\"https:\/\/hudo.com\/si\/aktualno\/protest-zaradi-nepluzenja\/#article\",\"isPartOf\":{\"@id\":\"https:\/\/hudo.com\/si\/aktualno\/protest-zaradi-nepluzenja\/\"},\"author\":{\"name\":\"hudo\",\"@id\":\"https:\/\/hudo.com\/si\/#\/schema\/person\/601cf3379633985b20f7e50f2bb47707\"},\"headline\":\"Protest zaradi neplu\u017eenja\",\"datePublished\":\"2017-01-16T22:00:00+00:00\",\"dateModified\":\"2017-01-17T07:32:32+00:00\",\"mainEntityOfPage\":{\"@id\":\"https:\/\/hudo.com\/si\/aktualno\/protest-zaradi-nepluzenja\/\"},\"wordCount\":250,\"publisher\":{\"@id\":\"https:\/\/hudo.com\/si\/#organization\"},\"articleSection\":[\"Aktualno\"],\"inLanguage\":\"sl-SI\"},{\"@type\":\"WebPage\",\"@id\":\"https:\/\/hudo.com\/si\/aktualno\/protest-zaradi-nepluzenja\/\",\"url\":\"https:\/\/hudo.com\/si\/aktualno\/protest-zaradi-nepluzenja\/\",\"name\":\"Protest zaradi neplu\u017eenja - Hudo Slovenija\",\"isPartOf\":{\"@id\":\"https:\/\/hudo.com\/si\/#website\"},\"datePublished\":\"2017-01-16T22:00:00+00:00\",\"dateModified\":\"2017-01-17T07:32:32+00:00\",\"breadcrumb\":{\"@id\":\"https:\/\/hudo.com\/si\/aktualno\/protest-zaradi-nepluzenja\/#breadcrumb\"},\"inLanguage\":\"sl-SI\",\"potentialAction\":[{\"@type\":\"ReadAction\",\"target\":[\"https:\/\/hudo.com\/si\/aktualno\/protest-zaradi-nepluzenja\/\"]}]},{\"@type\":\"BreadcrumbList\",\"@id\":\"https:\/\/hudo.com\/si\/aktualno\/protest-zaradi-nepluzenja\/#breadcrumb\",\"itemListElement\":[{\"@type\":\"ListItem\",\"position\":1,\"name\":\"Home\",\"item\":\"https:\/\/hudo.com\/si\/\"},{\"@type\":\"ListItem\",\"position\":2,\"name\":\"Protest zaradi neplu\u017eenja\"}]},{\"@type\":\"WebSite\",\"@id\":\"https:\/\/hudo.com\/si\/#website\",\"url\":\"https:\/\/hudo.com\/si\/\",\"name\":\"Hudo Slovenija\",\"description\":\"Vse novice iz Slovenije in sveta\",\"publisher\":{\"@id\":\"https:\/\/hudo.com\/si\/#organization\"},\"potentialAction\":[{\"@type\":\"SearchAction\",\"target\":{\"@type\":\"EntryPoint\",\"urlTemplate\":\"https:\/\/hudo.com\/si\/?s={search_term_string}\"},\"query-input\":\"required name=search_term_string\"}],\"inLanguage\":\"sl-SI\"},{\"@type\":\"Organization\",\"@id\":\"https:\/\/hudo.com\/si\/#organization\",\"name\":\"VSN Media\",\"url\":\"https:\/\/hudo.com\/si\/\",\"logo\":{\"@type\":\"ImageObject\",\"inLanguage\":\"sl-SI\",\"@id\":\"https:\/\/hudo.com\/si\/#\/schema\/logo\/image\/\",\"url\":\"https:\/\/hudo.com\/si\/wp-content\/uploads\/sites\/2\/2021\/03\/hudo-app-2.png\",\"contentUrl\":\"https:\/\/hudo.com\/si\/wp-content\/uploads\/sites\/2\/2021\/03\/hudo-app-2.png\",\"width\":2185,\"height\":2167,\"caption\":\"VSN Media\"},\"image\":{\"@id\":\"https:\/\/hudo.com\/si\/#\/schema\/logo\/image\/\"},\"sameAs\":[\"https:\/\/www.facebook.com\/hudo.si\",\"https:\/\/twitter.com\/hudo_si\"]},{\"@type\":\"Person\",\"@id\":\"https:\/\/hudo.com\/si\/#\/schema\/person\/601cf3379633985b20f7e50f2bb47707\",\"name\":\"hudo\",\"image\":{\"@type\":\"ImageObject\",\"inLanguage\":\"sl-SI\",\"@id\":\"https:\/\/hudo.com\/si\/#\/schema\/person\/image\/\",\"url\":\"https:\/\/secure.gravatar.com\/avatar\/c4ca25fa72cace7a696b52ff5db9e095?s=96&d=mm&r=g\",\"contentUrl\":\"https:\/\/secure.gravatar.com\/avatar\/c4ca25fa72cace7a696b52ff5db9e095?s=96&d=mm&r=g\",\"caption\":\"hudo\"},\"url\":\"https:\/\/hudo.com\/si\/author\/hudo\/\"}]}<\/script>\n<!-- \/ Yoast SEO plugin. -->","yoast_head_json":{"title":"Protest zaradi neplu\u017eenja - Hudo Slovenija","robots":{"index":"index","follow":"follow","max-snippet":"max-snippet:-1","max-image-preview":"max-image-preview:large","max-video-preview":"max-video-preview:-1"},"canonical":"https:\/\/hudo.com\/si\/aktualno\/protest-zaradi-nepluzenja\/","og_locale":"sl_SI","og_type":"article","og_title":"Protest zaradi neplu\u017eenja - Hudo Slovenija","og_description":"Potem ko je mo\u010dno sne\u017eenje minuli konec tedna ohromilo promet po dr\u017eavi, tudi na Koro\u0161kem, iz te regije naslavljajo protestno pismo na ministra za infrastrukturo Petra Ga\u0161per\u0161i\u010da. Ceste so bile na Koro\u0161kem sicer \u0161e v\u010deraj na marsikaterih odsekih te\u017eko prevozne in nevarne. Ministru so pisali iz Obmo\u010dne organizacije Socialnih demokratov (SD) Me\u017ei\u0161ke doline, ki ostro protestira zaradi lani uveljavljenega pravilnika o rednem vzdr\u017eevanju cest. \"Strokovnjaki so \u017ee med nastajanjem pravilnika opozarjali, da bo ob sne\u017eenju na cestah prihajalo do velikih te\u017eav v prometu. To se je potrdilo ob obilnem sne\u017eenju 13. 1. 2017, ko je bila Koro\u0161ka nekaj ur odrezana od ostalega dela dr\u017eave, potovanje pa ote\u017eeno in nevarno. Ocenjujemo, da so kritike, namenjene vzdr\u017eevalcem zaradi slabo splu\u017eenih cest, neupravi\u010dene, saj ti v bistvu niso kr\u0161ili niti \u010drke pravilnika ministra Ga\u0161per\u0161i\u010da,\" je v imenu SD Me\u017ei\u0161ke doline opozoril Jani Prednik, prepri\u010dan, da je minister pri sprejetju pravilnika ob\u0161el nasvete stroke. Ministra in vlado zato pozivajo k spremembam pravilnika, ki bodo prispevale k varnosti na cestah. Spremenjena pravila o plu\u017eenju so doprinesla h kaosu (med drugim dolo\u010dilo, da je prevoznost zagotovljena, \u010de vi\u0161ina snega na cestah prvega in drugega prednostnega razreda ne presega 10 centimetrov, na drugih cestah pa 15 centimetrov, ter nenujno plu\u017eenje klancev), so prepri\u010dani v SD Me\u017ei\u0161ke doline. (plt)Koro\u0161ka","og_url":"https:\/\/hudo.com\/si\/aktualno\/protest-zaradi-nepluzenja\/","og_site_name":"Hudo Slovenija","article_publisher":"https:\/\/www.facebook.com\/hudo.si","article_published_time":"2017-01-16T22:00:00+00:00","article_modified_time":"2017-01-17T07:32:32+00:00","og_image":[{"width":450,"height":337,"url":"https:\/\/hudo.com\/si\/wp-content\/uploads\/sites\/2\/2017\/01\/01191979F-300.jpg","type":"image\/jpeg"}],"author":"hudo","twitter_card":"summary_large_image","twitter_creator":"@hudo_si","twitter_site":"@hudo_si","twitter_misc":{"Written by":"hudo","Est. reading time":"1 minuta"},"schema":{"@context":"https:\/\/schema.org","@graph":[{"@type":"Article","@id":"https:\/\/hudo.com\/si\/aktualno\/protest-zaradi-nepluzenja\/#article","isPartOf":{"@id":"https:\/\/hudo.com\/si\/aktualno\/protest-zaradi-nepluzenja\/"},"author":{"name":"hudo","@id":"https:\/\/hudo.com\/si\/#\/schema\/person\/601cf3379633985b20f7e50f2bb47707"},"headline":"Protest zaradi neplu\u017eenja","datePublished":"2017-01-16T22:00:00+00:00","dateModified":"2017-01-17T07:32:32+00:00","mainEntityOfPage":{"@id":"https:\/\/hudo.com\/si\/aktualno\/protest-zaradi-nepluzenja\/"},"wordCount":250,"publisher":{"@id":"https:\/\/hudo.com\/si\/#organization"},"articleSection":["Aktualno"],"inLanguage":"sl-SI"},{"@type":"WebPage","@id":"https:\/\/hudo.com\/si\/aktualno\/protest-zaradi-nepluzenja\/","url":"https:\/\/hudo.com\/si\/aktualno\/protest-zaradi-nepluzenja\/","name":"Protest zaradi neplu\u017eenja - Hudo Slovenija","isPartOf":{"@id":"https:\/\/hudo.com\/si\/#website"},"datePublished":"2017-01-16T22:00:00+00:00","dateModified":"2017-01-17T07:32:32+00:00","breadcrumb":{"@id":"https:\/\/hudo.com\/si\/aktualno\/protest-zaradi-nepluzenja\/#breadcrumb"},"inLanguage":"sl-SI","potentialAction":[{"@type":"ReadAction","target":["https:\/\/hudo.com\/si\/aktualno\/protest-zaradi-nepluzenja\/"]}]},{"@type":"BreadcrumbList","@id":"https:\/\/hudo.com\/si\/aktualno\/protest-zaradi-nepluzenja\/#breadcrumb","itemListElement":[{"@type":"ListItem","position":1,"name":"Home","item":"https:\/\/hudo.com\/si\/"},{"@type":"ListItem","position":2,"name":"Protest zaradi neplu\u017eenja"}]},{"@type":"WebSite","@id":"https:\/\/hudo.com\/si\/#website","url":"https:\/\/hudo.com\/si\/","name":"Hudo Slovenija","description":"Vse novice iz Slovenije in sveta","publisher":{"@id":"https:\/\/hudo.com\/si\/#organization"},"potentialAction":[{"@type":"SearchAction","target":{"@type":"EntryPoint","urlTemplate":"https:\/\/hudo.com\/si\/?s={search_term_string}"},"query-input":"required name=search_term_string"}],"inLanguage":"sl-SI"},{"@type":"Organization","@id":"https:\/\/hudo.com\/si\/#organization","name":"VSN Media","url":"https:\/\/hudo.com\/si\/","logo":{"@type":"ImageObject","inLanguage":"sl-SI","@id":"https:\/\/hudo.com\/si\/#\/schema\/logo\/image\/","url":"https:\/\/hudo.com\/si\/wp-content\/uploads\/sites\/2\/2021\/03\/hudo-app-2.png","contentUrl":"https:\/\/hudo.com\/si\/wp-content\/uploads\/sites\/2\/2021\/03\/hudo-app-2.png","width":2185,"height":2167,"caption":"VSN Media"},"image":{"@id":"https:\/\/hudo.com\/si\/#\/schema\/logo\/image\/"},"sameAs":["https:\/\/www.facebook.com\/hudo.si","https:\/\/twitter.com\/hudo_si"]},{"@type":"Person","@id":"https:\/\/hudo.com\/si\/#\/schema\/person\/601cf3379633985b20f7e50f2bb47707","name":"hudo","image":{"@type":"ImageObject","inLanguage":"sl-SI","@id":"https:\/\/hudo.com\/si\/#\/schema\/person\/image\/","url":"https:\/\/secure.gravatar.com\/avatar\/c4ca25fa72cace7a696b52ff5db9e095?s=96&d=mm&r=g","contentUrl":"https:\/\/secure.gravatar.com\/avatar\/c4ca25fa72cace7a696b52ff5db9e095?s=96&d=mm&r=g","caption":"hudo"},"url":"https:\/\/hudo.com\/si\/author\/hudo\/"}]}},"amp_enabled":true,"_links":{"self":[{"href":"https:\/\/hudo.com\/si\/wp-json\/wp\/v2\/posts\/192770"}],"collection":[{"href":"https:\/\/hudo.com\/si\/wp-json\/wp\/v2\/posts"}],"about":[{"href":"https:\/\/hudo.com\/si\/wp-json\/wp\/v2\/types\/post"}],"author":[{"embeddable":true,"href":"https:\/\/hudo.com\/si\/wp-json\/wp\/v2\/users\/1"}],"replies":[{"embeddable":true,"href":"https:\/\/hudo.com\/si\/wp-json\/wp\/v2\/comments?post=192770"}],"version-history":[{"count":1,"href":"https:\/\/hudo.com\/si\/wp-json\/wp\/v2\/posts\/192770\/revisions"}],"predecessor-version":[{"id":192888,"href":"https:\/\/hudo.com\/si\/wp-json\/wp\/v2\/posts\/192770\/revisions\/192888"}],"wp:attachment":[{"href":"https:\/\/hudo.com\/si\/wp-json\/wp\/v2\/media?parent=192770"}],"wp:term":[{"taxonomy":"category","embeddable":true,"href":"https:\/\/hudo.com\/si\/wp-json\/wp\/v2\/categories?post=192770"},{"taxonomy":"post_tag","embeddable":true,"href":"https:\/\/hudo.com\/si\/wp-json\/wp\/v2\/tags?post=192770"},{"taxonomy":"source","embeddable":true,"href":"https:\/\/hudo.com\/si\/wp-json\/wp\/v2\/source?post=192770"},{"taxonomy":"supertag","embeddable":true,"href":"https:\/\/hudo.com\/si\/wp-json\/wp\/v2\/supertag?post=192770"}],"curies":[{"name":"wp","href":"https:\/\/api.w.org\/{rel}","templated":true}]}}