{"id":192814,"date":"2017-01-16T23:00:00","date_gmt":"2017-01-16T22:00:00","guid":{"rendered":"http:\/\/hudo.com\/si\/2017\/01\/16\/ce-so-v-sloveniji-ne-zmrzujejo\/"},"modified":"2017-01-17T06:21:04","modified_gmt":"2017-01-17T05:21:04","slug":"ce-so-v-sloveniji-ne-zmrzujejo","status":"publish","type":"post","link":"https:\/\/hudo.com\/si\/aktualno\/ce-so-v-sloveniji-ne-zmrzujejo\/","title":{"rendered":"\u010ce so v Sloveniji, ne zmrzujejo"},"content":{"rendered":"<p>Predsednik vlade Miro Cerar je v\u010deraj obiskal azilni dom na ljubljanskem Vi\u010du. \u017delel je videti, kako potekajo azilni postopki in kak\u0161na je nastanitev prosilcev za azil. Zbranim medijem je nato povedal, da je ugotovil, da Slovenija zagotavlja normalne, \u010dlove\u010dne pogoje za prosilce za azil. In da, druga\u010de kot v nekaterih drugih dr\u017eavah, v Sloveniji prosilci za azil ne zmrzujejo do smrti. &#8220;Ne bom dovolil, da bi v Sloveniji migranti zmrzovali zunaj, tega Slovenija ne sme in ne bo dopustila,&#8221; je razlo\u017eil predsednik vlade. Sr\u017e njegove izjave pa je bilo tudi pismo, ki ga je poslal v odgovor generalnemu sekretarju Sveta Evrope Thorbj\u00f8rnu Jaglandu. Ta je prej\u0161nji teden izrazil zaskrbljenost, da je novela, ki jo je potrdila vlada in jo poslala v nujen parlamentarni postopek, v neskladju z mednarodnim begunskim in evropskim pravom. Slovenski premier je vodji najpomembnej\u0161e evropske medvladne organizacije za \u010dlovekove pravice razlo\u017eil specifi\u010dnost slovenske situacije in zakaj vlada \u010duti, da si mora zagotoviti pravno podlago za ukrep zaprtja meje pred ljudmi, ki so preganjani. A je hkrati glede sprejema novele razlo\u017eil, da je ta &#8220;sedaj v parlamentarni proceduri, in prepri\u010dan sem, da se bo na\u0161la re\u0161itev, ki je skladna z vsemi temi mednarodnimi in ustavnimi standardi&#8221;. To naj bi o\u010ditno poiskal parlament, saj je premier nadaljeval: &#8220;Prepri\u010dan sem tudi, da bo v parlamentarnem postopku z vsemi strokovnjaki, ki tu sodelujejo in so \u017ee sodelovali, vse skupaj na koncu sprejeto na na\u010din, da bo vse v redu.&#8221; (kbo)\u017dari\u0161\u010de<\/p>\n","protected":false},"excerpt":{"rendered":"<p>Predsednik vlade Miro Cerar je v\u010deraj obiskal azilni dom na ljubljanskem Vi\u010du. \u017delel je videti, kako potekajo azilni postopki in kak\u0161na je nastanitev prosilcev za azil. Zbranim medijem je nato povedal, da je ugotovil, da Slovenija zagotavlja normalne, \u010dlove\u010dne pogoje za prosilce za azil. In da, druga\u010de kot v nekaterih drugih dr\u017eavah, v Sloveniji prosilci za azil ne zmrzujejo do smrti. &#8220;Ne bom dovolil, da bi v Sloveniji migranti zmrzovali zunaj, tega Slovenija ne sme in ne bo dopustila,&#8221; je razlo\u017eil predsednik vlade. Sr\u017e njegove izjave pa je bilo tudi pismo, ki ga je poslal v odgovor generalnemu sekretarju Sveta Evrope Thorbj\u00f8rnu Jaglandu. Ta je prej\u0161nji teden izrazil zaskrbljenost, da je novela, ki jo je potrdila vlada in jo poslala v nujen parlamentarni postopek, v neskladju z mednarodnim begunskim in evropskim pravom. Slovenski premier je vodji najpomembnej\u0161e evropske medvladne organizacije za \u010dlovekove pravice razlo\u017eil specifi\u010dnost slovenske situacije in zakaj vlada \u010duti, da si mora zagotoviti pravno podlago za ukrep zaprtja meje pred ljudmi, ki so preganjani. A je hkrati glede sprejema novele razlo\u017eil, da je ta &#8220;sedaj v parlamentarni proceduri, in prepri\u010dan sem, da se bo na\u0161la re\u0161itev, ki je skladna z vsemi temi mednarodnimi in ustavnimi standardi&#8221;. To naj bi o\u010ditno poiskal parlament, saj je premier nadaljeval: &#8220;Prepri\u010dan sem tudi, da bo v parlamentarnem postopku z vsemi strokovnjaki, ki tu sodelujejo in so \u017ee sodelovali, vse skupaj na koncu sprejeto na na\u010din, da bo vse v redu.&#8221; (kbo)\u017dari\u0161\u010de<\/p>\n","protected":false},"author":1,"featured_media":0,"comment_status":"closed","ping_status":"closed","sticky":false,"template":"","format":"standard","meta":{"footnotes":""},"categories":[1179],"tags":[],"source":[1711],"supertag":[],"acf":[],"yoast_head":"<!-- This site is optimized with the Yoast SEO plugin v21.3 - https:\/\/yoast.com\/wordpress\/plugins\/seo\/ -->\n<title>\u010ce so v Sloveniji, ne zmrzujejo - Hudo Slovenija<\/title>\n<meta name=\"robots\" content=\"index, follow, max-snippet:-1, max-image-preview:large, max-video-preview:-1\" \/>\n<link rel=\"canonical\" href=\"https:\/\/hudo.com\/si\/aktualno\/ce-so-v-sloveniji-ne-zmrzujejo\/\" \/>\n<meta property=\"og:locale\" content=\"sl_SI\" \/>\n<meta property=\"og:type\" content=\"article\" \/>\n<meta property=\"og:title\" content=\"\u010ce so v Sloveniji, ne zmrzujejo - Hudo Slovenija\" \/>\n<meta property=\"og:description\" content=\"Predsednik vlade Miro Cerar je v\u010deraj obiskal azilni dom na ljubljanskem Vi\u010du. \u017delel je videti, kako potekajo azilni postopki in kak\u0161na je nastanitev prosilcev za azil. Zbranim medijem je nato povedal, da je ugotovil, da Slovenija zagotavlja normalne, \u010dlove\u010dne pogoje za prosilce za azil. In da, druga\u010de kot v nekaterih drugih dr\u017eavah, v Sloveniji prosilci za azil ne zmrzujejo do smrti. &quot;Ne bom dovolil, da bi v Sloveniji migranti zmrzovali zunaj, tega Slovenija ne sme in ne bo dopustila,&quot; je razlo\u017eil predsednik vlade. Sr\u017e njegove izjave pa je bilo tudi pismo, ki ga je poslal v odgovor generalnemu sekretarju Sveta Evrope Thorbj\u00f8rnu Jaglandu. Ta je prej\u0161nji teden izrazil zaskrbljenost, da je novela, ki jo je potrdila vlada in jo poslala v nujen parlamentarni postopek, v neskladju z mednarodnim begunskim in evropskim pravom. Slovenski premier je vodji najpomembnej\u0161e evropske medvladne organizacije za \u010dlovekove pravice razlo\u017eil specifi\u010dnost slovenske situacije in zakaj vlada \u010duti, da si mora zagotoviti pravno podlago za ukrep zaprtja meje pred ljudmi, ki so preganjani. A je hkrati glede sprejema novele razlo\u017eil, da je ta &quot;sedaj v parlamentarni proceduri, in prepri\u010dan sem, da se bo na\u0161la re\u0161itev, ki je skladna z vsemi temi mednarodnimi in ustavnimi standardi&quot;. To naj bi o\u010ditno poiskal parlament, saj je premier nadaljeval: &quot;Prepri\u010dan sem tudi, da bo v parlamentarnem postopku z vsemi strokovnjaki, ki tu sodelujejo in so \u017ee sodelovali, vse skupaj na koncu sprejeto na na\u010din, da bo vse v redu.&quot; (kbo)\u017dari\u0161\u010de\" \/>\n<meta property=\"og:url\" content=\"https:\/\/hudo.com\/si\/aktualno\/ce-so-v-sloveniji-ne-zmrzujejo\/\" \/>\n<meta property=\"og:site_name\" content=\"Hudo Slovenija\" \/>\n<meta property=\"article:publisher\" content=\"https:\/\/www.facebook.com\/hudo.si\" \/>\n<meta property=\"article:published_time\" content=\"2017-01-16T22:00:00+00:00\" \/>\n<meta property=\"article:modified_time\" content=\"2017-01-17T05:21:04+00:00\" \/>\n<meta property=\"og:image\" content=\"https:\/\/hudo.com\/si\/wp-content\/uploads\/sites\/2\/2017\/01\/cer2-300.jpg\" \/>\n\t<meta property=\"og:image:width\" content=\"450\" \/>\n\t<meta property=\"og:image:height\" content=\"300\" \/>\n\t<meta property=\"og:image:type\" content=\"image\/jpeg\" \/>\n<meta name=\"author\" content=\"hudo\" \/>\n<meta name=\"twitter:card\" content=\"summary_large_image\" \/>\n<meta name=\"twitter:creator\" content=\"@hudo_si\" \/>\n<meta name=\"twitter:site\" content=\"@hudo_si\" \/>\n<meta name=\"twitter:label1\" content=\"Written by\" \/>\n\t<meta name=\"twitter:data1\" content=\"hudo\" \/>\n\t<meta name=\"twitter:label2\" content=\"Est. reading time\" \/>\n\t<meta name=\"twitter:data2\" content=\"1 minuta\" \/>\n<script type=\"application\/ld+json\" class=\"yoast-schema-graph\">{\"@context\":\"https:\/\/schema.org\",\"@graph\":[{\"@type\":\"Article\",\"@id\":\"https:\/\/hudo.com\/si\/aktualno\/ce-so-v-sloveniji-ne-zmrzujejo\/#article\",\"isPartOf\":{\"@id\":\"https:\/\/hudo.com\/si\/aktualno\/ce-so-v-sloveniji-ne-zmrzujejo\/\"},\"author\":{\"name\":\"hudo\",\"@id\":\"https:\/\/hudo.com\/si\/#\/schema\/person\/601cf3379633985b20f7e50f2bb47707\"},\"headline\":\"\u010ce so v Sloveniji, ne zmrzujejo\",\"datePublished\":\"2017-01-16T22:00:00+00:00\",\"dateModified\":\"2017-01-17T05:21:04+00:00\",\"mainEntityOfPage\":{\"@id\":\"https:\/\/hudo.com\/si\/aktualno\/ce-so-v-sloveniji-ne-zmrzujejo\/\"},\"wordCount\":266,\"publisher\":{\"@id\":\"https:\/\/hudo.com\/si\/#organization\"},\"articleSection\":[\"Aktualno\"],\"inLanguage\":\"sl-SI\"},{\"@type\":\"WebPage\",\"@id\":\"https:\/\/hudo.com\/si\/aktualno\/ce-so-v-sloveniji-ne-zmrzujejo\/\",\"url\":\"https:\/\/hudo.com\/si\/aktualno\/ce-so-v-sloveniji-ne-zmrzujejo\/\",\"name\":\"\u010ce so v Sloveniji, ne zmrzujejo - Hudo Slovenija\",\"isPartOf\":{\"@id\":\"https:\/\/hudo.com\/si\/#website\"},\"datePublished\":\"2017-01-16T22:00:00+00:00\",\"dateModified\":\"2017-01-17T05:21:04+00:00\",\"breadcrumb\":{\"@id\":\"https:\/\/hudo.com\/si\/aktualno\/ce-so-v-sloveniji-ne-zmrzujejo\/#breadcrumb\"},\"inLanguage\":\"sl-SI\",\"potentialAction\":[{\"@type\":\"ReadAction\",\"target\":[\"https:\/\/hudo.com\/si\/aktualno\/ce-so-v-sloveniji-ne-zmrzujejo\/\"]}]},{\"@type\":\"BreadcrumbList\",\"@id\":\"https:\/\/hudo.com\/si\/aktualno\/ce-so-v-sloveniji-ne-zmrzujejo\/#breadcrumb\",\"itemListElement\":[{\"@type\":\"ListItem\",\"position\":1,\"name\":\"Home\",\"item\":\"https:\/\/hudo.com\/si\/\"},{\"@type\":\"ListItem\",\"position\":2,\"name\":\"\u010ce so v Sloveniji, ne zmrzujejo\"}]},{\"@type\":\"WebSite\",\"@id\":\"https:\/\/hudo.com\/si\/#website\",\"url\":\"https:\/\/hudo.com\/si\/\",\"name\":\"Hudo Slovenija\",\"description\":\"Vse novice iz Slovenije in sveta\",\"publisher\":{\"@id\":\"https:\/\/hudo.com\/si\/#organization\"},\"potentialAction\":[{\"@type\":\"SearchAction\",\"target\":{\"@type\":\"EntryPoint\",\"urlTemplate\":\"https:\/\/hudo.com\/si\/?s={search_term_string}\"},\"query-input\":\"required name=search_term_string\"}],\"inLanguage\":\"sl-SI\"},{\"@type\":\"Organization\",\"@id\":\"https:\/\/hudo.com\/si\/#organization\",\"name\":\"VSN Media\",\"url\":\"https:\/\/hudo.com\/si\/\",\"logo\":{\"@type\":\"ImageObject\",\"inLanguage\":\"sl-SI\",\"@id\":\"https:\/\/hudo.com\/si\/#\/schema\/logo\/image\/\",\"url\":\"https:\/\/hudo.com\/si\/wp-content\/uploads\/sites\/2\/2021\/03\/hudo-app-2.png\",\"contentUrl\":\"https:\/\/hudo.com\/si\/wp-content\/uploads\/sites\/2\/2021\/03\/hudo-app-2.png\",\"width\":2185,\"height\":2167,\"caption\":\"VSN Media\"},\"image\":{\"@id\":\"https:\/\/hudo.com\/si\/#\/schema\/logo\/image\/\"},\"sameAs\":[\"https:\/\/www.facebook.com\/hudo.si\",\"https:\/\/twitter.com\/hudo_si\"]},{\"@type\":\"Person\",\"@id\":\"https:\/\/hudo.com\/si\/#\/schema\/person\/601cf3379633985b20f7e50f2bb47707\",\"name\":\"hudo\",\"image\":{\"@type\":\"ImageObject\",\"inLanguage\":\"sl-SI\",\"@id\":\"https:\/\/hudo.com\/si\/#\/schema\/person\/image\/\",\"url\":\"https:\/\/secure.gravatar.com\/avatar\/c4ca25fa72cace7a696b52ff5db9e095?s=96&d=mm&r=g\",\"contentUrl\":\"https:\/\/secure.gravatar.com\/avatar\/c4ca25fa72cace7a696b52ff5db9e095?s=96&d=mm&r=g\",\"caption\":\"hudo\"},\"url\":\"https:\/\/hudo.com\/si\/author\/hudo\/\"}]}<\/script>\n<!-- \/ Yoast SEO plugin. -->","yoast_head_json":{"title":"\u010ce so v Sloveniji, ne zmrzujejo - Hudo Slovenija","robots":{"index":"index","follow":"follow","max-snippet":"max-snippet:-1","max-image-preview":"max-image-preview:large","max-video-preview":"max-video-preview:-1"},"canonical":"https:\/\/hudo.com\/si\/aktualno\/ce-so-v-sloveniji-ne-zmrzujejo\/","og_locale":"sl_SI","og_type":"article","og_title":"\u010ce so v Sloveniji, ne zmrzujejo - Hudo Slovenija","og_description":"Predsednik vlade Miro Cerar je v\u010deraj obiskal azilni dom na ljubljanskem Vi\u010du. \u017delel je videti, kako potekajo azilni postopki in kak\u0161na je nastanitev prosilcev za azil. Zbranim medijem je nato povedal, da je ugotovil, da Slovenija zagotavlja normalne, \u010dlove\u010dne pogoje za prosilce za azil. In da, druga\u010de kot v nekaterih drugih dr\u017eavah, v Sloveniji prosilci za azil ne zmrzujejo do smrti. \"Ne bom dovolil, da bi v Sloveniji migranti zmrzovali zunaj, tega Slovenija ne sme in ne bo dopustila,\" je razlo\u017eil predsednik vlade. Sr\u017e njegove izjave pa je bilo tudi pismo, ki ga je poslal v odgovor generalnemu sekretarju Sveta Evrope Thorbj\u00f8rnu Jaglandu. Ta je prej\u0161nji teden izrazil zaskrbljenost, da je novela, ki jo je potrdila vlada in jo poslala v nujen parlamentarni postopek, v neskladju z mednarodnim begunskim in evropskim pravom. Slovenski premier je vodji najpomembnej\u0161e evropske medvladne organizacije za \u010dlovekove pravice razlo\u017eil specifi\u010dnost slovenske situacije in zakaj vlada \u010duti, da si mora zagotoviti pravno podlago za ukrep zaprtja meje pred ljudmi, ki so preganjani. A je hkrati glede sprejema novele razlo\u017eil, da je ta \"sedaj v parlamentarni proceduri, in prepri\u010dan sem, da se bo na\u0161la re\u0161itev, ki je skladna z vsemi temi mednarodnimi in ustavnimi standardi\". To naj bi o\u010ditno poiskal parlament, saj je premier nadaljeval: \"Prepri\u010dan sem tudi, da bo v parlamentarnem postopku z vsemi strokovnjaki, ki tu sodelujejo in so \u017ee sodelovali, vse skupaj na koncu sprejeto na na\u010din, da bo vse v redu.\" (kbo)\u017dari\u0161\u010de","og_url":"https:\/\/hudo.com\/si\/aktualno\/ce-so-v-sloveniji-ne-zmrzujejo\/","og_site_name":"Hudo Slovenija","article_publisher":"https:\/\/www.facebook.com\/hudo.si","article_published_time":"2017-01-16T22:00:00+00:00","article_modified_time":"2017-01-17T05:21:04+00:00","og_image":[{"width":450,"height":300,"url":"https:\/\/hudo.com\/si\/wp-content\/uploads\/sites\/2\/2017\/01\/cer2-300.jpg","type":"image\/jpeg"}],"author":"hudo","twitter_card":"summary_large_image","twitter_creator":"@hudo_si","twitter_site":"@hudo_si","twitter_misc":{"Written by":"hudo","Est. reading time":"1 minuta"},"schema":{"@context":"https:\/\/schema.org","@graph":[{"@type":"Article","@id":"https:\/\/hudo.com\/si\/aktualno\/ce-so-v-sloveniji-ne-zmrzujejo\/#article","isPartOf":{"@id":"https:\/\/hudo.com\/si\/aktualno\/ce-so-v-sloveniji-ne-zmrzujejo\/"},"author":{"name":"hudo","@id":"https:\/\/hudo.com\/si\/#\/schema\/person\/601cf3379633985b20f7e50f2bb47707"},"headline":"\u010ce so v Sloveniji, ne zmrzujejo","datePublished":"2017-01-16T22:00:00+00:00","dateModified":"2017-01-17T05:21:04+00:00","mainEntityOfPage":{"@id":"https:\/\/hudo.com\/si\/aktualno\/ce-so-v-sloveniji-ne-zmrzujejo\/"},"wordCount":266,"publisher":{"@id":"https:\/\/hudo.com\/si\/#organization"},"articleSection":["Aktualno"],"inLanguage":"sl-SI"},{"@type":"WebPage","@id":"https:\/\/hudo.com\/si\/aktualno\/ce-so-v-sloveniji-ne-zmrzujejo\/","url":"https:\/\/hudo.com\/si\/aktualno\/ce-so-v-sloveniji-ne-zmrzujejo\/","name":"\u010ce so v Sloveniji, ne zmrzujejo - Hudo Slovenija","isPartOf":{"@id":"https:\/\/hudo.com\/si\/#website"},"datePublished":"2017-01-16T22:00:00+00:00","dateModified":"2017-01-17T05:21:04+00:00","breadcrumb":{"@id":"https:\/\/hudo.com\/si\/aktualno\/ce-so-v-sloveniji-ne-zmrzujejo\/#breadcrumb"},"inLanguage":"sl-SI","potentialAction":[{"@type":"ReadAction","target":["https:\/\/hudo.com\/si\/aktualno\/ce-so-v-sloveniji-ne-zmrzujejo\/"]}]},{"@type":"BreadcrumbList","@id":"https:\/\/hudo.com\/si\/aktualno\/ce-so-v-sloveniji-ne-zmrzujejo\/#breadcrumb","itemListElement":[{"@type":"ListItem","position":1,"name":"Home","item":"https:\/\/hudo.com\/si\/"},{"@type":"ListItem","position":2,"name":"\u010ce so v Sloveniji, ne zmrzujejo"}]},{"@type":"WebSite","@id":"https:\/\/hudo.com\/si\/#website","url":"https:\/\/hudo.com\/si\/","name":"Hudo Slovenija","description":"Vse novice iz Slovenije in sveta","publisher":{"@id":"https:\/\/hudo.com\/si\/#organization"},"potentialAction":[{"@type":"SearchAction","target":{"@type":"EntryPoint","urlTemplate":"https:\/\/hudo.com\/si\/?s={search_term_string}"},"query-input":"required name=search_term_string"}],"inLanguage":"sl-SI"},{"@type":"Organization","@id":"https:\/\/hudo.com\/si\/#organization","name":"VSN Media","url":"https:\/\/hudo.com\/si\/","logo":{"@type":"ImageObject","inLanguage":"sl-SI","@id":"https:\/\/hudo.com\/si\/#\/schema\/logo\/image\/","url":"https:\/\/hudo.com\/si\/wp-content\/uploads\/sites\/2\/2021\/03\/hudo-app-2.png","contentUrl":"https:\/\/hudo.com\/si\/wp-content\/uploads\/sites\/2\/2021\/03\/hudo-app-2.png","width":2185,"height":2167,"caption":"VSN Media"},"image":{"@id":"https:\/\/hudo.com\/si\/#\/schema\/logo\/image\/"},"sameAs":["https:\/\/www.facebook.com\/hudo.si","https:\/\/twitter.com\/hudo_si"]},{"@type":"Person","@id":"https:\/\/hudo.com\/si\/#\/schema\/person\/601cf3379633985b20f7e50f2bb47707","name":"hudo","image":{"@type":"ImageObject","inLanguage":"sl-SI","@id":"https:\/\/hudo.com\/si\/#\/schema\/person\/image\/","url":"https:\/\/secure.gravatar.com\/avatar\/c4ca25fa72cace7a696b52ff5db9e095?s=96&d=mm&r=g","contentUrl":"https:\/\/secure.gravatar.com\/avatar\/c4ca25fa72cace7a696b52ff5db9e095?s=96&d=mm&r=g","caption":"hudo"},"url":"https:\/\/hudo.com\/si\/author\/hudo\/"}]}},"amp_enabled":true,"_links":{"self":[{"href":"https:\/\/hudo.com\/si\/wp-json\/wp\/v2\/posts\/192814"}],"collection":[{"href":"https:\/\/hudo.com\/si\/wp-json\/wp\/v2\/posts"}],"about":[{"href":"https:\/\/hudo.com\/si\/wp-json\/wp\/v2\/types\/post"}],"author":[{"embeddable":true,"href":"https:\/\/hudo.com\/si\/wp-json\/wp\/v2\/users\/1"}],"replies":[{"embeddable":true,"href":"https:\/\/hudo.com\/si\/wp-json\/wp\/v2\/comments?post=192814"}],"version-history":[{"count":1,"href":"https:\/\/hudo.com\/si\/wp-json\/wp\/v2\/posts\/192814\/revisions"}],"predecessor-version":[{"id":192910,"href":"https:\/\/hudo.com\/si\/wp-json\/wp\/v2\/posts\/192814\/revisions\/192910"}],"wp:attachment":[{"href":"https:\/\/hudo.com\/si\/wp-json\/wp\/v2\/media?parent=192814"}],"wp:term":[{"taxonomy":"category","embeddable":true,"href":"https:\/\/hudo.com\/si\/wp-json\/wp\/v2\/categories?post=192814"},{"taxonomy":"post_tag","embeddable":true,"href":"https:\/\/hudo.com\/si\/wp-json\/wp\/v2\/tags?post=192814"},{"taxonomy":"source","embeddable":true,"href":"https:\/\/hudo.com\/si\/wp-json\/wp\/v2\/source?post=192814"},{"taxonomy":"supertag","embeddable":true,"href":"https:\/\/hudo.com\/si\/wp-json\/wp\/v2\/supertag?post=192814"}],"curies":[{"name":"wp","href":"https:\/\/api.w.org\/{rel}","templated":true}]}}