{"id":193150,"date":"2017-01-17T05:00:00","date_gmt":"2017-01-17T04:00:00","guid":{"rendered":"http:\/\/hudo.com\/si\/2017\/01\/17\/slovenski-primer-je-le-zadnji-v-zalostni-vrsti-2\/"},"modified":"2017-01-17T10:32:09","modified_gmt":"2017-01-17T09:32:09","slug":"slovenski-primer-je-le-zadnji-v-zalostni-vrsti-2","status":"publish","type":"post","link":"https:\/\/hudo.com\/si\/aktualno\/slovenski-primer-je-le-zadnji-v-zalostni-vrsti-2\/","title":{"rendered":"Slovenski primer je le zadnji v \u017ealostni vrsti"},"content":{"rendered":"<p>Kr\u0161itve mednarodnega prava, na katere opozarjate Milana Brgleza, \u010de bo sprejeta novela zakona o tujcih, so o\u010ditne. Premier, notranja ministrica in predsednik dr\u017eavnega zbora naj bi bili pravni strokovnjaki, celo profesorji, ki so pravo \u010dlovekovih pravic predavali. Ste presene\u010deni? &#8220;\u017dal me ni\u010d ve\u010d ne presene\u010da, ko pride do migracijskih politik in ukrepov dr\u017eav. Pri\u010da smo tekmi proti dnu med evropskimi dr\u017eavami. Slovenski je le zadnji primer v \u017ealostni vrsti iniciativ. Novela zakona o tujcih je skrajno problemati\u010dna. Neskladna je z obveznostmi, ki jih ima Slovenija po mednarodnem pravu. Upam, da bo v parlamentu ob\u010dutno spremenjena ali v celoti zavrnjena. Zame temeljni problem je, da ni zagotovljen postopek individualne presoje pro\u0161enj prosilcev za azil. Ne na meji niti preden je nekdo vrnjen \u010dez mejo. Govorim o presoji, ali bo prosilec \u017ertev mu\u010denja ali ga bodo veri\u017eno vra\u010dali v druge dr\u017eave ali je resno bolan.&#8221; Vlada vztraja, da so ti ukrepi nujni za zagotovitev varnosti. Zakaj vas ta argument ne prepri\u010da? &#8220;Varnost se preigrava in zagotavlja na razli\u010dne na\u010dine. Ljudi v\u010dasih skrbi, kdo so pri\u0161leki. \u017delijo vedeti, kdo so, od kod prihajajo. A edini na\u010din, da se na to odgovori, je, da se zagotovi primerno delujo\u010d, urejen, individualni postopek, ne pa da se postopki ukinejo.&#8221; Slovenska vlada pravi, da so \u017ee druge dr\u017eave \u0161le v to smer, Avstrija je najljub\u0161i primer. Vlada svari, da \u010de Nem\u010dija in Avstrija zapreta meje, bodo morali ukrepati. Kaj predlagate vi? &#8220;Pri avstrijski ureditvi obstajajo problemi, kje bodo izvajali postopek, kako hitro\u00a0&#8230; A vendar Avstrija vseeno predvideva postopek za presojo vseh pro\u0161enj prosilcev za azil. To je osnova, ki je klju\u010dnega pomena. Bistvo mednarodnega prava je, da se zagotovi postopek, in v tem pogledu je slovenska novela druga\u010dna od avstrijske. Iluzorno je tudi misliti, da lahko katerakoli dr\u017eava razre\u0161i te izzive sama. Potrebno bo sodelovanje razli\u010dnih dr\u017eav v Evropi in na Balkanu. A re\u0161itev zagotovo ni vre\u010di mednarodne standarde skozi<\/p>\n","protected":false},"excerpt":{"rendered":"<p>Kr\u0161itve mednarodnega prava, na katere opozarjate Milana Brgleza, \u010de bo sprejeta novela zakona o tujcih, so o\u010ditne. Premier, notranja ministrica in predsednik dr\u017eavnega zbora naj bi bili pravni strokovnjaki, celo profesorji, ki so pravo \u010dlovekovih pravic predavali. Ste presene\u010deni? &#8220;\u017dal me ni\u010d ve\u010d ne presene\u010da, ko pride do migracijskih politik in ukrepov dr\u017eav. Pri\u010da smo tekmi proti dnu med evropskimi dr\u017eavami. Slovenski je le zadnji primer v \u017ealostni vrsti iniciativ. Novela zakona o tujcih je skrajno problemati\u010dna. Neskladna je z obveznostmi, ki jih ima Slovenija po mednarodnem pravu. Upam, da bo v parlamentu ob\u010dutno spremenjena ali v celoti zavrnjena. Zame temeljni problem je, da ni zagotovljen postopek individualne presoje pro\u0161enj prosilcev za azil. Ne na meji niti preden je nekdo vrnjen \u010dez mejo. Govorim o presoji, ali bo prosilec \u017ertev mu\u010denja ali ga bodo veri\u017eno vra\u010dali v druge dr\u017eave ali je resno bolan.&#8221; Vlada vztraja, da so ti ukrepi nujni za zagotovitev varnosti. Zakaj vas ta argument ne prepri\u010da? &#8220;Varnost se preigrava in zagotavlja na razli\u010dne na\u010dine. Ljudi v\u010dasih skrbi, kdo so pri\u0161leki. \u017delijo vedeti, kdo so, od kod prihajajo. A edini na\u010din, da se na to odgovori, je, da se zagotovi primerno delujo\u010d, urejen, individualni postopek, ne pa da se postopki ukinejo.&#8221; Slovenska vlada pravi, da so \u017ee druge dr\u017eave \u0161le v to smer, Avstrija je najljub\u0161i primer. Vlada svari, da \u010de Nem\u010dija in Avstrija zapreta meje, bodo morali ukrepati. Kaj predlagate vi? &#8220;Pri avstrijski ureditvi obstajajo problemi, kje bodo izvajali postopek, kako hitro\u00a0&#8230; A vendar Avstrija vseeno predvideva postopek za presojo vseh pro\u0161enj prosilcev za azil. To je osnova, ki je klju\u010dnega pomena. Bistvo mednarodnega prava je, da se zagotovi postopek, in v tem pogledu je slovenska novela druga\u010dna od avstrijske. Iluzorno je tudi misliti, da lahko katerakoli dr\u017eava razre\u0161i te izzive sama. Potrebno bo sodelovanje razli\u010dnih dr\u017eav v Evropi in na Balkanu. A re\u0161itev zagotovo ni vre\u010di mednarodne standarde skozi<\/p>\n","protected":false},"author":1,"featured_media":0,"comment_status":"closed","ping_status":"closed","sticky":false,"template":"","format":"standard","meta":{"footnotes":""},"categories":[1179],"tags":[],"source":[1711],"supertag":[],"acf":[],"yoast_head":"<!-- This site is optimized with the Yoast SEO plugin v21.3 - https:\/\/yoast.com\/wordpress\/plugins\/seo\/ -->\n<title>Slovenski primer je le zadnji v \u017ealostni vrsti - Hudo Slovenija<\/title>\n<meta name=\"robots\" content=\"index, follow, max-snippet:-1, max-image-preview:large, max-video-preview:-1\" \/>\n<link rel=\"canonical\" href=\"https:\/\/hudo.com\/si\/aktualno\/slovenski-primer-je-le-zadnji-v-zalostni-vrsti-2\/\" \/>\n<meta property=\"og:locale\" content=\"sl_SI\" \/>\n<meta property=\"og:type\" content=\"article\" \/>\n<meta property=\"og:title\" content=\"Slovenski primer je le zadnji v \u017ealostni vrsti - Hudo Slovenija\" \/>\n<meta property=\"og:description\" content=\"Kr\u0161itve mednarodnega prava, na katere opozarjate Milana Brgleza, \u010de bo sprejeta novela zakona o tujcih, so o\u010ditne. Premier, notranja ministrica in predsednik dr\u017eavnega zbora naj bi bili pravni strokovnjaki, celo profesorji, ki so pravo \u010dlovekovih pravic predavali. Ste presene\u010deni? &quot;\u017dal me ni\u010d ve\u010d ne presene\u010da, ko pride do migracijskih politik in ukrepov dr\u017eav. Pri\u010da smo tekmi proti dnu med evropskimi dr\u017eavami. Slovenski je le zadnji primer v \u017ealostni vrsti iniciativ. Novela zakona o tujcih je skrajno problemati\u010dna. Neskladna je z obveznostmi, ki jih ima Slovenija po mednarodnem pravu. Upam, da bo v parlamentu ob\u010dutno spremenjena ali v celoti zavrnjena. Zame temeljni problem je, da ni zagotovljen postopek individualne presoje pro\u0161enj prosilcev za azil. Ne na meji niti preden je nekdo vrnjen \u010dez mejo. Govorim o presoji, ali bo prosilec \u017ertev mu\u010denja ali ga bodo veri\u017eno vra\u010dali v druge dr\u017eave ali je resno bolan.&quot; Vlada vztraja, da so ti ukrepi nujni za zagotovitev varnosti. Zakaj vas ta argument ne prepri\u010da? &quot;Varnost se preigrava in zagotavlja na razli\u010dne na\u010dine. Ljudi v\u010dasih skrbi, kdo so pri\u0161leki. \u017delijo vedeti, kdo so, od kod prihajajo. A edini na\u010din, da se na to odgovori, je, da se zagotovi primerno delujo\u010d, urejen, individualni postopek, ne pa da se postopki ukinejo.&quot; Slovenska vlada pravi, da so \u017ee druge dr\u017eave \u0161le v to smer, Avstrija je najljub\u0161i primer. Vlada svari, da \u010de Nem\u010dija in Avstrija zapreta meje, bodo morali ukrepati. Kaj predlagate vi? &quot;Pri avstrijski ureditvi obstajajo problemi, kje bodo izvajali postopek, kako hitro\u00a0... A vendar Avstrija vseeno predvideva postopek za presojo vseh pro\u0161enj prosilcev za azil. To je osnova, ki je klju\u010dnega pomena. Bistvo mednarodnega prava je, da se zagotovi postopek, in v tem pogledu je slovenska novela druga\u010dna od avstrijske. Iluzorno je tudi misliti, da lahko katerakoli dr\u017eava razre\u0161i te izzive sama. Potrebno bo sodelovanje razli\u010dnih dr\u017eav v Evropi in na Balkanu. A re\u0161itev zagotovo ni vre\u010di mednarodne standarde skozi\" \/>\n<meta property=\"og:url\" content=\"https:\/\/hudo.com\/si\/aktualno\/slovenski-primer-je-le-zadnji-v-zalostni-vrsti-2\/\" \/>\n<meta property=\"og:site_name\" content=\"Hudo Slovenija\" \/>\n<meta property=\"article:publisher\" content=\"https:\/\/www.facebook.com\/hudo.si\" \/>\n<meta property=\"article:published_time\" content=\"2017-01-17T04:00:00+00:00\" \/>\n<meta property=\"article:modified_time\" content=\"2017-01-17T09:32:09+00:00\" \/>\n<meta property=\"og:image\" content=\"https:\/\/hudo.com\/si\/wp-content\/uploads\/sites\/2\/2017\/01\/0116epa036542-300-1.jpg\" \/>\n\t<meta property=\"og:image:width\" content=\"450\" \/>\n\t<meta property=\"og:image:height\" content=\"605\" \/>\n\t<meta property=\"og:image:type\" content=\"image\/jpeg\" \/>\n<meta name=\"author\" content=\"hudo\" \/>\n<meta name=\"twitter:card\" content=\"summary_large_image\" \/>\n<meta name=\"twitter:creator\" content=\"@hudo_si\" \/>\n<meta name=\"twitter:site\" content=\"@hudo_si\" \/>\n<meta name=\"twitter:label1\" content=\"Written by\" \/>\n\t<meta name=\"twitter:data1\" content=\"hudo\" \/>\n\t<meta name=\"twitter:label2\" content=\"Est. reading time\" \/>\n\t<meta name=\"twitter:data2\" content=\"2 minuti\" \/>\n<script type=\"application\/ld+json\" class=\"yoast-schema-graph\">{\"@context\":\"https:\/\/schema.org\",\"@graph\":[{\"@type\":\"Article\",\"@id\":\"https:\/\/hudo.com\/si\/aktualno\/slovenski-primer-je-le-zadnji-v-zalostni-vrsti-2\/#article\",\"isPartOf\":{\"@id\":\"https:\/\/hudo.com\/si\/aktualno\/slovenski-primer-je-le-zadnji-v-zalostni-vrsti-2\/\"},\"author\":{\"name\":\"hudo\",\"@id\":\"https:\/\/hudo.com\/si\/#\/schema\/person\/601cf3379633985b20f7e50f2bb47707\"},\"headline\":\"Slovenski primer je le zadnji v \u017ealostni vrsti\",\"datePublished\":\"2017-01-17T04:00:00+00:00\",\"dateModified\":\"2017-01-17T09:32:09+00:00\",\"mainEntityOfPage\":{\"@id\":\"https:\/\/hudo.com\/si\/aktualno\/slovenski-primer-je-le-zadnji-v-zalostni-vrsti-2\/\"},\"wordCount\":354,\"publisher\":{\"@id\":\"https:\/\/hudo.com\/si\/#organization\"},\"articleSection\":[\"Aktualno\"],\"inLanguage\":\"sl-SI\"},{\"@type\":\"WebPage\",\"@id\":\"https:\/\/hudo.com\/si\/aktualno\/slovenski-primer-je-le-zadnji-v-zalostni-vrsti-2\/\",\"url\":\"https:\/\/hudo.com\/si\/aktualno\/slovenski-primer-je-le-zadnji-v-zalostni-vrsti-2\/\",\"name\":\"Slovenski primer je le zadnji v \u017ealostni vrsti - Hudo Slovenija\",\"isPartOf\":{\"@id\":\"https:\/\/hudo.com\/si\/#website\"},\"datePublished\":\"2017-01-17T04:00:00+00:00\",\"dateModified\":\"2017-01-17T09:32:09+00:00\",\"breadcrumb\":{\"@id\":\"https:\/\/hudo.com\/si\/aktualno\/slovenski-primer-je-le-zadnji-v-zalostni-vrsti-2\/#breadcrumb\"},\"inLanguage\":\"sl-SI\",\"potentialAction\":[{\"@type\":\"ReadAction\",\"target\":[\"https:\/\/hudo.com\/si\/aktualno\/slovenski-primer-je-le-zadnji-v-zalostni-vrsti-2\/\"]}]},{\"@type\":\"BreadcrumbList\",\"@id\":\"https:\/\/hudo.com\/si\/aktualno\/slovenski-primer-je-le-zadnji-v-zalostni-vrsti-2\/#breadcrumb\",\"itemListElement\":[{\"@type\":\"ListItem\",\"position\":1,\"name\":\"Home\",\"item\":\"https:\/\/hudo.com\/si\/\"},{\"@type\":\"ListItem\",\"position\":2,\"name\":\"Slovenski primer je le zadnji v \u017ealostni vrsti\"}]},{\"@type\":\"WebSite\",\"@id\":\"https:\/\/hudo.com\/si\/#website\",\"url\":\"https:\/\/hudo.com\/si\/\",\"name\":\"Hudo Slovenija\",\"description\":\"Vse novice iz Slovenije in sveta\",\"publisher\":{\"@id\":\"https:\/\/hudo.com\/si\/#organization\"},\"potentialAction\":[{\"@type\":\"SearchAction\",\"target\":{\"@type\":\"EntryPoint\",\"urlTemplate\":\"https:\/\/hudo.com\/si\/?s={search_term_string}\"},\"query-input\":\"required name=search_term_string\"}],\"inLanguage\":\"sl-SI\"},{\"@type\":\"Organization\",\"@id\":\"https:\/\/hudo.com\/si\/#organization\",\"name\":\"VSN Media\",\"url\":\"https:\/\/hudo.com\/si\/\",\"logo\":{\"@type\":\"ImageObject\",\"inLanguage\":\"sl-SI\",\"@id\":\"https:\/\/hudo.com\/si\/#\/schema\/logo\/image\/\",\"url\":\"https:\/\/hudo.com\/si\/wp-content\/uploads\/sites\/2\/2021\/03\/hudo-app-2.png\",\"contentUrl\":\"https:\/\/hudo.com\/si\/wp-content\/uploads\/sites\/2\/2021\/03\/hudo-app-2.png\",\"width\":2185,\"height\":2167,\"caption\":\"VSN Media\"},\"image\":{\"@id\":\"https:\/\/hudo.com\/si\/#\/schema\/logo\/image\/\"},\"sameAs\":[\"https:\/\/www.facebook.com\/hudo.si\",\"https:\/\/twitter.com\/hudo_si\"]},{\"@type\":\"Person\",\"@id\":\"https:\/\/hudo.com\/si\/#\/schema\/person\/601cf3379633985b20f7e50f2bb47707\",\"name\":\"hudo\",\"image\":{\"@type\":\"ImageObject\",\"inLanguage\":\"sl-SI\",\"@id\":\"https:\/\/hudo.com\/si\/#\/schema\/person\/image\/\",\"url\":\"https:\/\/secure.gravatar.com\/avatar\/c4ca25fa72cace7a696b52ff5db9e095?s=96&d=mm&r=g\",\"contentUrl\":\"https:\/\/secure.gravatar.com\/avatar\/c4ca25fa72cace7a696b52ff5db9e095?s=96&d=mm&r=g\",\"caption\":\"hudo\"},\"url\":\"https:\/\/hudo.com\/si\/author\/hudo\/\"}]}<\/script>\n<!-- \/ Yoast SEO plugin. -->","yoast_head_json":{"title":"Slovenski primer je le zadnji v \u017ealostni vrsti - Hudo Slovenija","robots":{"index":"index","follow":"follow","max-snippet":"max-snippet:-1","max-image-preview":"max-image-preview:large","max-video-preview":"max-video-preview:-1"},"canonical":"https:\/\/hudo.com\/si\/aktualno\/slovenski-primer-je-le-zadnji-v-zalostni-vrsti-2\/","og_locale":"sl_SI","og_type":"article","og_title":"Slovenski primer je le zadnji v \u017ealostni vrsti - Hudo Slovenija","og_description":"Kr\u0161itve mednarodnega prava, na katere opozarjate Milana Brgleza, \u010de bo sprejeta novela zakona o tujcih, so o\u010ditne. Premier, notranja ministrica in predsednik dr\u017eavnega zbora naj bi bili pravni strokovnjaki, celo profesorji, ki so pravo \u010dlovekovih pravic predavali. Ste presene\u010deni? \"\u017dal me ni\u010d ve\u010d ne presene\u010da, ko pride do migracijskih politik in ukrepov dr\u017eav. Pri\u010da smo tekmi proti dnu med evropskimi dr\u017eavami. Slovenski je le zadnji primer v \u017ealostni vrsti iniciativ. Novela zakona o tujcih je skrajno problemati\u010dna. Neskladna je z obveznostmi, ki jih ima Slovenija po mednarodnem pravu. Upam, da bo v parlamentu ob\u010dutno spremenjena ali v celoti zavrnjena. Zame temeljni problem je, da ni zagotovljen postopek individualne presoje pro\u0161enj prosilcev za azil. Ne na meji niti preden je nekdo vrnjen \u010dez mejo. Govorim o presoji, ali bo prosilec \u017ertev mu\u010denja ali ga bodo veri\u017eno vra\u010dali v druge dr\u017eave ali je resno bolan.\" Vlada vztraja, da so ti ukrepi nujni za zagotovitev varnosti. Zakaj vas ta argument ne prepri\u010da? \"Varnost se preigrava in zagotavlja na razli\u010dne na\u010dine. Ljudi v\u010dasih skrbi, kdo so pri\u0161leki. \u017delijo vedeti, kdo so, od kod prihajajo. A edini na\u010din, da se na to odgovori, je, da se zagotovi primerno delujo\u010d, urejen, individualni postopek, ne pa da se postopki ukinejo.\" Slovenska vlada pravi, da so \u017ee druge dr\u017eave \u0161le v to smer, Avstrija je najljub\u0161i primer. Vlada svari, da \u010de Nem\u010dija in Avstrija zapreta meje, bodo morali ukrepati. Kaj predlagate vi? \"Pri avstrijski ureditvi obstajajo problemi, kje bodo izvajali postopek, kako hitro\u00a0... A vendar Avstrija vseeno predvideva postopek za presojo vseh pro\u0161enj prosilcev za azil. To je osnova, ki je klju\u010dnega pomena. Bistvo mednarodnega prava je, da se zagotovi postopek, in v tem pogledu je slovenska novela druga\u010dna od avstrijske. Iluzorno je tudi misliti, da lahko katerakoli dr\u017eava razre\u0161i te izzive sama. Potrebno bo sodelovanje razli\u010dnih dr\u017eav v Evropi in na Balkanu. A re\u0161itev zagotovo ni vre\u010di mednarodne standarde skozi","og_url":"https:\/\/hudo.com\/si\/aktualno\/slovenski-primer-je-le-zadnji-v-zalostni-vrsti-2\/","og_site_name":"Hudo Slovenija","article_publisher":"https:\/\/www.facebook.com\/hudo.si","article_published_time":"2017-01-17T04:00:00+00:00","article_modified_time":"2017-01-17T09:32:09+00:00","og_image":[{"width":450,"height":605,"url":"https:\/\/hudo.com\/si\/wp-content\/uploads\/sites\/2\/2017\/01\/0116epa036542-300-1.jpg","type":"image\/jpeg"}],"author":"hudo","twitter_card":"summary_large_image","twitter_creator":"@hudo_si","twitter_site":"@hudo_si","twitter_misc":{"Written by":"hudo","Est. reading time":"2 minuti"},"schema":{"@context":"https:\/\/schema.org","@graph":[{"@type":"Article","@id":"https:\/\/hudo.com\/si\/aktualno\/slovenski-primer-je-le-zadnji-v-zalostni-vrsti-2\/#article","isPartOf":{"@id":"https:\/\/hudo.com\/si\/aktualno\/slovenski-primer-je-le-zadnji-v-zalostni-vrsti-2\/"},"author":{"name":"hudo","@id":"https:\/\/hudo.com\/si\/#\/schema\/person\/601cf3379633985b20f7e50f2bb47707"},"headline":"Slovenski primer je le zadnji v \u017ealostni vrsti","datePublished":"2017-01-17T04:00:00+00:00","dateModified":"2017-01-17T09:32:09+00:00","mainEntityOfPage":{"@id":"https:\/\/hudo.com\/si\/aktualno\/slovenski-primer-je-le-zadnji-v-zalostni-vrsti-2\/"},"wordCount":354,"publisher":{"@id":"https:\/\/hudo.com\/si\/#organization"},"articleSection":["Aktualno"],"inLanguage":"sl-SI"},{"@type":"WebPage","@id":"https:\/\/hudo.com\/si\/aktualno\/slovenski-primer-je-le-zadnji-v-zalostni-vrsti-2\/","url":"https:\/\/hudo.com\/si\/aktualno\/slovenski-primer-je-le-zadnji-v-zalostni-vrsti-2\/","name":"Slovenski primer je le zadnji v \u017ealostni vrsti - Hudo Slovenija","isPartOf":{"@id":"https:\/\/hudo.com\/si\/#website"},"datePublished":"2017-01-17T04:00:00+00:00","dateModified":"2017-01-17T09:32:09+00:00","breadcrumb":{"@id":"https:\/\/hudo.com\/si\/aktualno\/slovenski-primer-je-le-zadnji-v-zalostni-vrsti-2\/#breadcrumb"},"inLanguage":"sl-SI","potentialAction":[{"@type":"ReadAction","target":["https:\/\/hudo.com\/si\/aktualno\/slovenski-primer-je-le-zadnji-v-zalostni-vrsti-2\/"]}]},{"@type":"BreadcrumbList","@id":"https:\/\/hudo.com\/si\/aktualno\/slovenski-primer-je-le-zadnji-v-zalostni-vrsti-2\/#breadcrumb","itemListElement":[{"@type":"ListItem","position":1,"name":"Home","item":"https:\/\/hudo.com\/si\/"},{"@type":"ListItem","position":2,"name":"Slovenski primer je le zadnji v \u017ealostni vrsti"}]},{"@type":"WebSite","@id":"https:\/\/hudo.com\/si\/#website","url":"https:\/\/hudo.com\/si\/","name":"Hudo Slovenija","description":"Vse novice iz Slovenije in sveta","publisher":{"@id":"https:\/\/hudo.com\/si\/#organization"},"potentialAction":[{"@type":"SearchAction","target":{"@type":"EntryPoint","urlTemplate":"https:\/\/hudo.com\/si\/?s={search_term_string}"},"query-input":"required name=search_term_string"}],"inLanguage":"sl-SI"},{"@type":"Organization","@id":"https:\/\/hudo.com\/si\/#organization","name":"VSN Media","url":"https:\/\/hudo.com\/si\/","logo":{"@type":"ImageObject","inLanguage":"sl-SI","@id":"https:\/\/hudo.com\/si\/#\/schema\/logo\/image\/","url":"https:\/\/hudo.com\/si\/wp-content\/uploads\/sites\/2\/2021\/03\/hudo-app-2.png","contentUrl":"https:\/\/hudo.com\/si\/wp-content\/uploads\/sites\/2\/2021\/03\/hudo-app-2.png","width":2185,"height":2167,"caption":"VSN Media"},"image":{"@id":"https:\/\/hudo.com\/si\/#\/schema\/logo\/image\/"},"sameAs":["https:\/\/www.facebook.com\/hudo.si","https:\/\/twitter.com\/hudo_si"]},{"@type":"Person","@id":"https:\/\/hudo.com\/si\/#\/schema\/person\/601cf3379633985b20f7e50f2bb47707","name":"hudo","image":{"@type":"ImageObject","inLanguage":"sl-SI","@id":"https:\/\/hudo.com\/si\/#\/schema\/person\/image\/","url":"https:\/\/secure.gravatar.com\/avatar\/c4ca25fa72cace7a696b52ff5db9e095?s=96&d=mm&r=g","contentUrl":"https:\/\/secure.gravatar.com\/avatar\/c4ca25fa72cace7a696b52ff5db9e095?s=96&d=mm&r=g","caption":"hudo"},"url":"https:\/\/hudo.com\/si\/author\/hudo\/"}]}},"amp_enabled":true,"_links":{"self":[{"href":"https:\/\/hudo.com\/si\/wp-json\/wp\/v2\/posts\/193150"}],"collection":[{"href":"https:\/\/hudo.com\/si\/wp-json\/wp\/v2\/posts"}],"about":[{"href":"https:\/\/hudo.com\/si\/wp-json\/wp\/v2\/types\/post"}],"author":[{"embeddable":true,"href":"https:\/\/hudo.com\/si\/wp-json\/wp\/v2\/users\/1"}],"replies":[{"embeddable":true,"href":"https:\/\/hudo.com\/si\/wp-json\/wp\/v2\/comments?post=193150"}],"version-history":[{"count":1,"href":"https:\/\/hudo.com\/si\/wp-json\/wp\/v2\/posts\/193150\/revisions"}],"predecessor-version":[{"id":193204,"href":"https:\/\/hudo.com\/si\/wp-json\/wp\/v2\/posts\/193150\/revisions\/193204"}],"wp:attachment":[{"href":"https:\/\/hudo.com\/si\/wp-json\/wp\/v2\/media?parent=193150"}],"wp:term":[{"taxonomy":"category","embeddable":true,"href":"https:\/\/hudo.com\/si\/wp-json\/wp\/v2\/categories?post=193150"},{"taxonomy":"post_tag","embeddable":true,"href":"https:\/\/hudo.com\/si\/wp-json\/wp\/v2\/tags?post=193150"},{"taxonomy":"source","embeddable":true,"href":"https:\/\/hudo.com\/si\/wp-json\/wp\/v2\/source?post=193150"},{"taxonomy":"supertag","embeddable":true,"href":"https:\/\/hudo.com\/si\/wp-json\/wp\/v2\/supertag?post=193150"}],"curies":[{"name":"wp","href":"https:\/\/api.w.org\/{rel}","templated":true}]}}