{"id":193229,"date":"2017-01-17T09:21:00","date_gmt":"2017-01-17T08:21:00","guid":{"rendered":"http:\/\/hudo.com\/si\/2017\/01\/17\/miss-sporta-slovenije-se-mesec-dni-za-prijavo\/"},"modified":"2017-01-17T12:21:12","modified_gmt":"2017-01-17T11:21:12","slug":"miss-sporta-slovenije-se-mesec-dni-za-prijavo","status":"publish","type":"post","link":"https:\/\/hudo.com\/si\/aktualno\/miss-sporta-slovenije-se-mesec-dni-za-prijavo\/","title":{"rendered":"Miss \u0161porta Slovenije: \u0161e mesec dni za prijavo"},"content":{"rendered":"<p>Kategorija: Ofsajd Tue, 17 Jan 2017 10:21:00 +0100  Ljubljana &#8211; Dru\u0161tvo \u0161portnih novinarjev Slovenije (D\u0160NS) tudi letos vabi dekleta med 17. in 26. letom starosti, ki se aktivno ukvarjajo s \u0161portom in si dneva ne znajo predstavljati brez aktivnega gibanja, naj se udele\u017eijo izbora za Miss \u0161porta Slovenije. Prijaviti se je mogo\u010de na spletni strani izbora, zadnji rok je 17. februar. Leto\u0161nja prireditev bo jubilejna petnajsta, D\u0160NS jo je prvi\u010d samostojno izpeljal lani v Cankarjevem domu, kjer bo tudi letos, 22. aprila, znana naslednica 19-letne biatlonke Tja\u0161e Bahovec. Ustanovitelj prireditve in do predlani tudi njen vodja je bil Sre\u010dko \u010co\u017e. Avdicije bodo sredi februarja. Prireditelji od deklet pri\u010dakujejo vsakotedensko udele\u017ebo na obveznih vajah v Ljubljani, ki bodo v fitnesu 4P v Stegnah potekale od marca do konca finalne prireditve, najverjetneje ob sredah. Dekleta se bodo na finalni prireditvi predstavila v\u00a0&#8230;<\/p>\n","protected":false},"excerpt":{"rendered":"<p>Kategorija: Ofsajd Tue, 17 Jan 2017 10:21:00 +0100  Ljubljana &#8211; Dru\u0161tvo \u0161portnih novinarjev Slovenije (D\u0160NS) tudi letos vabi dekleta med 17. in 26. letom starosti, ki se aktivno ukvarjajo s \u0161portom in si dneva ne znajo predstavljati brez aktivnega gibanja, naj se udele\u017eijo izbora za Miss \u0161porta Slovenije. Prijaviti se je mogo\u010de na spletni strani izbora, zadnji rok je 17. februar. Leto\u0161nja prireditev bo jubilejna petnajsta, D\u0160NS jo je prvi\u010d samostojno izpeljal lani v Cankarjevem domu, kjer bo tudi letos, 22. aprila, znana naslednica 19-letne biatlonke Tja\u0161e Bahovec. Ustanovitelj prireditve in do predlani tudi njen vodja je bil Sre\u010dko \u010co\u017e. Avdicije bodo sredi februarja. Prireditelji od deklet pri\u010dakujejo vsakotedensko udele\u017ebo na obveznih vajah v Ljubljani, ki bodo v fitnesu 4P v Stegnah potekale od marca do konca finalne prireditve, najverjetneje ob sredah. Dekleta se bodo na finalni prireditvi predstavila v\u00a0&#8230;<\/p>\n","protected":false},"author":1,"featured_media":0,"comment_status":"closed","ping_status":"closed","sticky":false,"template":"","format":"standard","meta":{"footnotes":""},"categories":[1179],"tags":[],"source":[1703],"supertag":[],"acf":[],"yoast_head":"<!-- This site is optimized with the Yoast SEO plugin v21.3 - https:\/\/yoast.com\/wordpress\/plugins\/seo\/ -->\n<title>Miss \u0161porta Slovenije: \u0161e mesec dni za prijavo - Hudo Slovenija<\/title>\n<meta name=\"robots\" content=\"index, follow, max-snippet:-1, max-image-preview:large, max-video-preview:-1\" \/>\n<link rel=\"canonical\" href=\"https:\/\/hudo.com\/si\/aktualno\/miss-sporta-slovenije-se-mesec-dni-za-prijavo\/\" \/>\n<meta property=\"og:locale\" content=\"sl_SI\" \/>\n<meta property=\"og:type\" content=\"article\" \/>\n<meta property=\"og:title\" content=\"Miss \u0161porta Slovenije: \u0161e mesec dni za prijavo - Hudo Slovenija\" \/>\n<meta property=\"og:description\" content=\"Kategorija: Ofsajd Tue, 17 Jan 2017 10:21:00 +0100 Ljubljana - Dru\u0161tvo \u0161portnih novinarjev Slovenije (D\u0160NS) tudi letos vabi dekleta med 17. in 26. letom starosti, ki se aktivno ukvarjajo s \u0161portom in si dneva ne znajo predstavljati brez aktivnega gibanja, naj se udele\u017eijo izbora za Miss \u0161porta Slovenije. Prijaviti se je mogo\u010de na spletni strani izbora, zadnji rok je 17. februar. Leto\u0161nja prireditev bo jubilejna petnajsta, D\u0160NS jo je prvi\u010d samostojno izpeljal lani v Cankarjevem domu, kjer bo tudi letos, 22. aprila, znana naslednica 19-letne biatlonke Tja\u0161e Bahovec. Ustanovitelj prireditve in do predlani tudi njen vodja je bil Sre\u010dko \u010co\u017e. Avdicije bodo sredi februarja. Prireditelji od deklet pri\u010dakujejo vsakotedensko udele\u017ebo na obveznih vajah v Ljubljani, ki bodo v fitnesu 4P v Stegnah potekale od marca do konca finalne prireditve, najverjetneje ob sredah. Dekleta se bodo na finalni prireditvi predstavila v\u00a0...\" \/>\n<meta property=\"og:url\" content=\"https:\/\/hudo.com\/si\/aktualno\/miss-sporta-slovenije-se-mesec-dni-za-prijavo\/\" \/>\n<meta property=\"og:site_name\" content=\"Hudo Slovenija\" \/>\n<meta property=\"article:publisher\" content=\"https:\/\/www.facebook.com\/hudo.si\" \/>\n<meta property=\"article:published_time\" content=\"2017-01-17T08:21:00+00:00\" \/>\n<meta property=\"article:modified_time\" content=\"2017-01-17T11:21:12+00:00\" \/>\n<meta property=\"og:image\" content=\"https:\/\/hudo.com\/si\/wp-content\/uploads\/sites\/2\/2017\/01\/480x290_Delo_Foto-20170117102001-22036600.jpeg\" \/>\n\t<meta property=\"og:image:width\" content=\"480\" \/>\n\t<meta property=\"og:image:height\" content=\"290\" \/>\n\t<meta property=\"og:image:type\" content=\"image\/jpeg\" \/>\n<meta name=\"author\" content=\"hudo\" \/>\n<meta name=\"twitter:card\" content=\"summary_large_image\" \/>\n<meta name=\"twitter:creator\" content=\"@hudo_si\" \/>\n<meta name=\"twitter:site\" content=\"@hudo_si\" \/>\n<meta name=\"twitter:label1\" content=\"Written by\" \/>\n\t<meta name=\"twitter:data1\" content=\"hudo\" \/>\n\t<meta name=\"twitter:label2\" content=\"Est. reading time\" \/>\n\t<meta name=\"twitter:data2\" content=\"1 minuta\" \/>\n<script type=\"application\/ld+json\" class=\"yoast-schema-graph\">{\"@context\":\"https:\/\/schema.org\",\"@graph\":[{\"@type\":\"Article\",\"@id\":\"https:\/\/hudo.com\/si\/aktualno\/miss-sporta-slovenije-se-mesec-dni-za-prijavo\/#article\",\"isPartOf\":{\"@id\":\"https:\/\/hudo.com\/si\/aktualno\/miss-sporta-slovenije-se-mesec-dni-za-prijavo\/\"},\"author\":{\"name\":\"hudo\",\"@id\":\"https:\/\/hudo.com\/si\/#\/schema\/person\/601cf3379633985b20f7e50f2bb47707\"},\"headline\":\"Miss \u0161porta Slovenije: \u0161e mesec dni za prijavo\",\"datePublished\":\"2017-01-17T08:21:00+00:00\",\"dateModified\":\"2017-01-17T11:21:12+00:00\",\"mainEntityOfPage\":{\"@id\":\"https:\/\/hudo.com\/si\/aktualno\/miss-sporta-slovenije-se-mesec-dni-za-prijavo\/\"},\"wordCount\":150,\"publisher\":{\"@id\":\"https:\/\/hudo.com\/si\/#organization\"},\"articleSection\":[\"Aktualno\"],\"inLanguage\":\"sl-SI\"},{\"@type\":\"WebPage\",\"@id\":\"https:\/\/hudo.com\/si\/aktualno\/miss-sporta-slovenije-se-mesec-dni-za-prijavo\/\",\"url\":\"https:\/\/hudo.com\/si\/aktualno\/miss-sporta-slovenije-se-mesec-dni-za-prijavo\/\",\"name\":\"Miss \u0161porta Slovenije: \u0161e mesec dni za prijavo - Hudo Slovenija\",\"isPartOf\":{\"@id\":\"https:\/\/hudo.com\/si\/#website\"},\"datePublished\":\"2017-01-17T08:21:00+00:00\",\"dateModified\":\"2017-01-17T11:21:12+00:00\",\"breadcrumb\":{\"@id\":\"https:\/\/hudo.com\/si\/aktualno\/miss-sporta-slovenije-se-mesec-dni-za-prijavo\/#breadcrumb\"},\"inLanguage\":\"sl-SI\",\"potentialAction\":[{\"@type\":\"ReadAction\",\"target\":[\"https:\/\/hudo.com\/si\/aktualno\/miss-sporta-slovenije-se-mesec-dni-za-prijavo\/\"]}]},{\"@type\":\"BreadcrumbList\",\"@id\":\"https:\/\/hudo.com\/si\/aktualno\/miss-sporta-slovenije-se-mesec-dni-za-prijavo\/#breadcrumb\",\"itemListElement\":[{\"@type\":\"ListItem\",\"position\":1,\"name\":\"Home\",\"item\":\"https:\/\/hudo.com\/si\/\"},{\"@type\":\"ListItem\",\"position\":2,\"name\":\"Miss \u0161porta Slovenije: \u0161e mesec dni za prijavo\"}]},{\"@type\":\"WebSite\",\"@id\":\"https:\/\/hudo.com\/si\/#website\",\"url\":\"https:\/\/hudo.com\/si\/\",\"name\":\"Hudo Slovenija\",\"description\":\"Vse novice iz Slovenije in sveta\",\"publisher\":{\"@id\":\"https:\/\/hudo.com\/si\/#organization\"},\"potentialAction\":[{\"@type\":\"SearchAction\",\"target\":{\"@type\":\"EntryPoint\",\"urlTemplate\":\"https:\/\/hudo.com\/si\/?s={search_term_string}\"},\"query-input\":\"required name=search_term_string\"}],\"inLanguage\":\"sl-SI\"},{\"@type\":\"Organization\",\"@id\":\"https:\/\/hudo.com\/si\/#organization\",\"name\":\"VSN Media\",\"url\":\"https:\/\/hudo.com\/si\/\",\"logo\":{\"@type\":\"ImageObject\",\"inLanguage\":\"sl-SI\",\"@id\":\"https:\/\/hudo.com\/si\/#\/schema\/logo\/image\/\",\"url\":\"https:\/\/hudo.com\/si\/wp-content\/uploads\/sites\/2\/2021\/03\/hudo-app-2.png\",\"contentUrl\":\"https:\/\/hudo.com\/si\/wp-content\/uploads\/sites\/2\/2021\/03\/hudo-app-2.png\",\"width\":2185,\"height\":2167,\"caption\":\"VSN Media\"},\"image\":{\"@id\":\"https:\/\/hudo.com\/si\/#\/schema\/logo\/image\/\"},\"sameAs\":[\"https:\/\/www.facebook.com\/hudo.si\",\"https:\/\/twitter.com\/hudo_si\"]},{\"@type\":\"Person\",\"@id\":\"https:\/\/hudo.com\/si\/#\/schema\/person\/601cf3379633985b20f7e50f2bb47707\",\"name\":\"hudo\",\"image\":{\"@type\":\"ImageObject\",\"inLanguage\":\"sl-SI\",\"@id\":\"https:\/\/hudo.com\/si\/#\/schema\/person\/image\/\",\"url\":\"https:\/\/secure.gravatar.com\/avatar\/c4ca25fa72cace7a696b52ff5db9e095?s=96&d=mm&r=g\",\"contentUrl\":\"https:\/\/secure.gravatar.com\/avatar\/c4ca25fa72cace7a696b52ff5db9e095?s=96&d=mm&r=g\",\"caption\":\"hudo\"},\"url\":\"https:\/\/hudo.com\/si\/author\/hudo\/\"}]}<\/script>\n<!-- \/ Yoast SEO plugin. -->","yoast_head_json":{"title":"Miss \u0161porta Slovenije: \u0161e mesec dni za prijavo - Hudo Slovenija","robots":{"index":"index","follow":"follow","max-snippet":"max-snippet:-1","max-image-preview":"max-image-preview:large","max-video-preview":"max-video-preview:-1"},"canonical":"https:\/\/hudo.com\/si\/aktualno\/miss-sporta-slovenije-se-mesec-dni-za-prijavo\/","og_locale":"sl_SI","og_type":"article","og_title":"Miss \u0161porta Slovenije: \u0161e mesec dni za prijavo - Hudo Slovenija","og_description":"Kategorija: Ofsajd Tue, 17 Jan 2017 10:21:00 +0100 Ljubljana - Dru\u0161tvo \u0161portnih novinarjev Slovenije (D\u0160NS) tudi letos vabi dekleta med 17. in 26. letom starosti, ki se aktivno ukvarjajo s \u0161portom in si dneva ne znajo predstavljati brez aktivnega gibanja, naj se udele\u017eijo izbora za Miss \u0161porta Slovenije. Prijaviti se je mogo\u010de na spletni strani izbora, zadnji rok je 17. februar. Leto\u0161nja prireditev bo jubilejna petnajsta, D\u0160NS jo je prvi\u010d samostojno izpeljal lani v Cankarjevem domu, kjer bo tudi letos, 22. aprila, znana naslednica 19-letne biatlonke Tja\u0161e Bahovec. Ustanovitelj prireditve in do predlani tudi njen vodja je bil Sre\u010dko \u010co\u017e. Avdicije bodo sredi februarja. Prireditelji od deklet pri\u010dakujejo vsakotedensko udele\u017ebo na obveznih vajah v Ljubljani, ki bodo v fitnesu 4P v Stegnah potekale od marca do konca finalne prireditve, najverjetneje ob sredah. Dekleta se bodo na finalni prireditvi predstavila v\u00a0...","og_url":"https:\/\/hudo.com\/si\/aktualno\/miss-sporta-slovenije-se-mesec-dni-za-prijavo\/","og_site_name":"Hudo Slovenija","article_publisher":"https:\/\/www.facebook.com\/hudo.si","article_published_time":"2017-01-17T08:21:00+00:00","article_modified_time":"2017-01-17T11:21:12+00:00","og_image":[{"width":480,"height":290,"url":"https:\/\/hudo.com\/si\/wp-content\/uploads\/sites\/2\/2017\/01\/480x290_Delo_Foto-20170117102001-22036600.jpeg","type":"image\/jpeg"}],"author":"hudo","twitter_card":"summary_large_image","twitter_creator":"@hudo_si","twitter_site":"@hudo_si","twitter_misc":{"Written by":"hudo","Est. reading time":"1 minuta"},"schema":{"@context":"https:\/\/schema.org","@graph":[{"@type":"Article","@id":"https:\/\/hudo.com\/si\/aktualno\/miss-sporta-slovenije-se-mesec-dni-za-prijavo\/#article","isPartOf":{"@id":"https:\/\/hudo.com\/si\/aktualno\/miss-sporta-slovenije-se-mesec-dni-za-prijavo\/"},"author":{"name":"hudo","@id":"https:\/\/hudo.com\/si\/#\/schema\/person\/601cf3379633985b20f7e50f2bb47707"},"headline":"Miss \u0161porta Slovenije: \u0161e mesec dni za prijavo","datePublished":"2017-01-17T08:21:00+00:00","dateModified":"2017-01-17T11:21:12+00:00","mainEntityOfPage":{"@id":"https:\/\/hudo.com\/si\/aktualno\/miss-sporta-slovenije-se-mesec-dni-za-prijavo\/"},"wordCount":150,"publisher":{"@id":"https:\/\/hudo.com\/si\/#organization"},"articleSection":["Aktualno"],"inLanguage":"sl-SI"},{"@type":"WebPage","@id":"https:\/\/hudo.com\/si\/aktualno\/miss-sporta-slovenije-se-mesec-dni-za-prijavo\/","url":"https:\/\/hudo.com\/si\/aktualno\/miss-sporta-slovenije-se-mesec-dni-za-prijavo\/","name":"Miss \u0161porta Slovenije: \u0161e mesec dni za prijavo - Hudo Slovenija","isPartOf":{"@id":"https:\/\/hudo.com\/si\/#website"},"datePublished":"2017-01-17T08:21:00+00:00","dateModified":"2017-01-17T11:21:12+00:00","breadcrumb":{"@id":"https:\/\/hudo.com\/si\/aktualno\/miss-sporta-slovenije-se-mesec-dni-za-prijavo\/#breadcrumb"},"inLanguage":"sl-SI","potentialAction":[{"@type":"ReadAction","target":["https:\/\/hudo.com\/si\/aktualno\/miss-sporta-slovenije-se-mesec-dni-za-prijavo\/"]}]},{"@type":"BreadcrumbList","@id":"https:\/\/hudo.com\/si\/aktualno\/miss-sporta-slovenije-se-mesec-dni-za-prijavo\/#breadcrumb","itemListElement":[{"@type":"ListItem","position":1,"name":"Home","item":"https:\/\/hudo.com\/si\/"},{"@type":"ListItem","position":2,"name":"Miss \u0161porta Slovenije: \u0161e mesec dni za prijavo"}]},{"@type":"WebSite","@id":"https:\/\/hudo.com\/si\/#website","url":"https:\/\/hudo.com\/si\/","name":"Hudo Slovenija","description":"Vse novice iz Slovenije in sveta","publisher":{"@id":"https:\/\/hudo.com\/si\/#organization"},"potentialAction":[{"@type":"SearchAction","target":{"@type":"EntryPoint","urlTemplate":"https:\/\/hudo.com\/si\/?s={search_term_string}"},"query-input":"required name=search_term_string"}],"inLanguage":"sl-SI"},{"@type":"Organization","@id":"https:\/\/hudo.com\/si\/#organization","name":"VSN Media","url":"https:\/\/hudo.com\/si\/","logo":{"@type":"ImageObject","inLanguage":"sl-SI","@id":"https:\/\/hudo.com\/si\/#\/schema\/logo\/image\/","url":"https:\/\/hudo.com\/si\/wp-content\/uploads\/sites\/2\/2021\/03\/hudo-app-2.png","contentUrl":"https:\/\/hudo.com\/si\/wp-content\/uploads\/sites\/2\/2021\/03\/hudo-app-2.png","width":2185,"height":2167,"caption":"VSN Media"},"image":{"@id":"https:\/\/hudo.com\/si\/#\/schema\/logo\/image\/"},"sameAs":["https:\/\/www.facebook.com\/hudo.si","https:\/\/twitter.com\/hudo_si"]},{"@type":"Person","@id":"https:\/\/hudo.com\/si\/#\/schema\/person\/601cf3379633985b20f7e50f2bb47707","name":"hudo","image":{"@type":"ImageObject","inLanguage":"sl-SI","@id":"https:\/\/hudo.com\/si\/#\/schema\/person\/image\/","url":"https:\/\/secure.gravatar.com\/avatar\/c4ca25fa72cace7a696b52ff5db9e095?s=96&d=mm&r=g","contentUrl":"https:\/\/secure.gravatar.com\/avatar\/c4ca25fa72cace7a696b52ff5db9e095?s=96&d=mm&r=g","caption":"hudo"},"url":"https:\/\/hudo.com\/si\/author\/hudo\/"}]}},"amp_enabled":true,"_links":{"self":[{"href":"https:\/\/hudo.com\/si\/wp-json\/wp\/v2\/posts\/193229"}],"collection":[{"href":"https:\/\/hudo.com\/si\/wp-json\/wp\/v2\/posts"}],"about":[{"href":"https:\/\/hudo.com\/si\/wp-json\/wp\/v2\/types\/post"}],"author":[{"embeddable":true,"href":"https:\/\/hudo.com\/si\/wp-json\/wp\/v2\/users\/1"}],"replies":[{"embeddable":true,"href":"https:\/\/hudo.com\/si\/wp-json\/wp\/v2\/comments?post=193229"}],"version-history":[{"count":1,"href":"https:\/\/hudo.com\/si\/wp-json\/wp\/v2\/posts\/193229\/revisions"}],"predecessor-version":[{"id":193336,"href":"https:\/\/hudo.com\/si\/wp-json\/wp\/v2\/posts\/193229\/revisions\/193336"}],"wp:attachment":[{"href":"https:\/\/hudo.com\/si\/wp-json\/wp\/v2\/media?parent=193229"}],"wp:term":[{"taxonomy":"category","embeddable":true,"href":"https:\/\/hudo.com\/si\/wp-json\/wp\/v2\/categories?post=193229"},{"taxonomy":"post_tag","embeddable":true,"href":"https:\/\/hudo.com\/si\/wp-json\/wp\/v2\/tags?post=193229"},{"taxonomy":"source","embeddable":true,"href":"https:\/\/hudo.com\/si\/wp-json\/wp\/v2\/source?post=193229"},{"taxonomy":"supertag","embeddable":true,"href":"https:\/\/hudo.com\/si\/wp-json\/wp\/v2\/supertag?post=193229"}],"curies":[{"name":"wp","href":"https:\/\/api.w.org\/{rel}","templated":true}]}}