{"id":193235,"date":"2017-01-17T09:15:00","date_gmt":"2017-01-17T08:15:00","guid":{"rendered":"http:\/\/hudo.com\/si\/2017\/01\/17\/osumljeni-priznal-napad-na-nocni-klub-v-istanbulu\/"},"modified":"2017-01-17T14:41:08","modified_gmt":"2017-01-17T13:41:08","slug":"osumljeni-priznal-napad-na-nocni-klub-v-istanbulu","status":"publish","type":"post","link":"https:\/\/hudo.com\/si\/aktualno\/osumljeni-priznal-napad-na-nocni-klub-v-istanbulu\/","title":{"rendered":"Osumljeni priznal napad na no\u010dni klub v Istanbulu"},"content":{"rendered":"<p>Prijeti osumljenec je priznal napad na no\u010dni klub Reina v Istanbulu za novo leto, v katerem je umrlo 39 ljudi, 69 pa je bilo ranjenih, je sporo\u010dil guverner Istanbula Vasip Sahin. Tur\u0161ka policija je v ponedeljek zve\u010der prijela napadalca v obse\u017eni policijski operaciji v predelu Esenyurt na evropski strani Istanbula. Sahin je danes potrdil aretacijo napadalca in dejal, da je \u017ee priznal krivdo. Zahvalil se je tudi vsem, ki so sodelovali v operaciji, poro\u010da francoska tiskovna agencija AFP. Obve\u0161\u010devalna slu\u017eba in protiteroristi\u010dna enota policije sta napadalca identificirali kot 34-letnega Uzbeka, ki je bil \u010dlan IS v osrednji Aziji. Njegovo identiteto pa je danes potrdil tudi Sahin, ki je dodal, da je pri\u0161el v Tur\u010dijo nezakonito z vzhoda. Sahin je \u0161e dejal, da zna napadalec Abdulkadir Masharipov \u0161tiri jezike in da se je uril v Afganistanu. &#8220;Je dobro izurjen terorist,&#8221; je povedal. V operaciji so pridr\u017eali \u0161e \u0161tiri druge osebe, med njimi tri \u017eenske iz Afrike. Sprva so poro\u010dali, da je bil prisoten tudi otrok, kar pa je Sahin zavrnil. Med drugim so v stanovanju zasegli \u0161e gotovino v vrednosti 185.000 evrov in oro\u017eje. Sahin je povedal, da je bil napad zelo verjetno izveden v okviru skrajne skupine Islamska dr\u017eava (IS) in da so tudi ostali pridr\u017eani verjetno povezani z IS. V operaciji je po navedbah guvernerja Sahina sodelovalo kar 2000 tur\u0161kih policistov in agentov tur\u0161ke obve\u0161\u010devalne agencije MIT. Na tur\u0161ki televiziji so predvajali posnetek Masharipova s krvavim obrazom in majico, ki ga je policist dr\u017eal za vrat, ko ga je grobo vlekel stran. Domnevni napadalec je po poro\u010danju TRT \u017eivel v stanovanju, ki ga je imel v najemu Kirgizijec. Tudi njega so oblasti pridr\u017eale. Tur\u0161ka televizija NTV je poro\u010dala, da so napadalca prijeli nekaj \u010dez polno\u010d po lokalnem \u010dasu in da ga je policija opazila na tej lokaciji \u017ee nekaj dni prej. Vendar so ga raje zasledovali, da so lahko identificirali njegove kontakte. Zunanji minister Mevl\u00fct Cavusoglu je \u017ee sino\u010di na Twitterju zapisal, da se za v ime<\/p>\n","protected":false},"excerpt":{"rendered":"<p>Prijeti osumljenec je priznal napad na no\u010dni klub Reina v Istanbulu za novo leto, v katerem je umrlo 39 ljudi, 69 pa je bilo ranjenih, je sporo\u010dil guverner Istanbula Vasip Sahin. Tur\u0161ka policija je v ponedeljek zve\u010der prijela napadalca v obse\u017eni policijski operaciji v predelu Esenyurt na evropski strani Istanbula. Sahin je danes potrdil aretacijo napadalca in dejal, da je \u017ee priznal krivdo. Zahvalil se je tudi vsem, ki so sodelovali v operaciji, poro\u010da francoska tiskovna agencija AFP. Obve\u0161\u010devalna slu\u017eba in protiteroristi\u010dna enota policije sta napadalca identificirali kot 34-letnega Uzbeka, ki je bil \u010dlan IS v osrednji Aziji. Njegovo identiteto pa je danes potrdil tudi Sahin, ki je dodal, da je pri\u0161el v Tur\u010dijo nezakonito z vzhoda. Sahin je \u0161e dejal, da zna napadalec Abdulkadir Masharipov \u0161tiri jezike in da se je uril v Afganistanu. &#8220;Je dobro izurjen terorist,&#8221; je povedal. V operaciji so pridr\u017eali \u0161e \u0161tiri druge osebe, med njimi tri \u017eenske iz Afrike. Sprva so poro\u010dali, da je bil prisoten tudi otrok, kar pa je Sahin zavrnil. Med drugim so v stanovanju zasegli \u0161e gotovino v vrednosti 185.000 evrov in oro\u017eje. Sahin je povedal, da je bil napad zelo verjetno izveden v okviru skrajne skupine Islamska dr\u017eava (IS) in da so tudi ostali pridr\u017eani verjetno povezani z IS. V operaciji je po navedbah guvernerja Sahina sodelovalo kar 2000 tur\u0161kih policistov in agentov tur\u0161ke obve\u0161\u010devalne agencije MIT. Na tur\u0161ki televiziji so predvajali posnetek Masharipova s krvavim obrazom in majico, ki ga je policist dr\u017eal za vrat, ko ga je grobo vlekel stran. Domnevni napadalec je po poro\u010danju TRT \u017eivel v stanovanju, ki ga je imel v najemu Kirgizijec. Tudi njega so oblasti pridr\u017eale. Tur\u0161ka televizija NTV je poro\u010dala, da so napadalca prijeli nekaj \u010dez polno\u010d po lokalnem \u010dasu in da ga je policija opazila na tej lokaciji \u017ee nekaj dni prej. Vendar so ga raje zasledovali, da so lahko identificirali njegove kontakte. Zunanji minister Mevl\u00fct Cavusoglu je \u017ee sino\u010di na Twitterju zapisal, da se za v ime<\/p>\n","protected":false},"author":1,"featured_media":0,"comment_status":"closed","ping_status":"closed","sticky":false,"template":"","format":"standard","meta":{"footnotes":""},"categories":[1179],"tags":[],"source":[1711],"supertag":[],"acf":[],"yoast_head":"<!-- This site is optimized with the Yoast SEO plugin v21.3 - https:\/\/yoast.com\/wordpress\/plugins\/seo\/ -->\n<title>Osumljeni priznal napad na no\u010dni klub v Istanbulu - Hudo Slovenija<\/title>\n<meta name=\"robots\" content=\"index, follow, max-snippet:-1, max-image-preview:large, max-video-preview:-1\" \/>\n<link rel=\"canonical\" href=\"https:\/\/hudo.com\/si\/aktualno\/osumljeni-priznal-napad-na-nocni-klub-v-istanbulu\/\" \/>\n<meta property=\"og:locale\" content=\"sl_SI\" \/>\n<meta property=\"og:type\" content=\"article\" \/>\n<meta property=\"og:title\" content=\"Osumljeni priznal napad na no\u010dni klub v Istanbulu - Hudo Slovenija\" \/>\n<meta property=\"og:description\" content=\"Prijeti osumljenec je priznal napad na no\u010dni klub Reina v Istanbulu za novo leto, v katerem je umrlo 39 ljudi, 69 pa je bilo ranjenih, je sporo\u010dil guverner Istanbula Vasip Sahin. Tur\u0161ka policija je v ponedeljek zve\u010der prijela napadalca v obse\u017eni policijski operaciji v predelu Esenyurt na evropski strani Istanbula. Sahin je danes potrdil aretacijo napadalca in dejal, da je \u017ee priznal krivdo. Zahvalil se je tudi vsem, ki so sodelovali v operaciji, poro\u010da francoska tiskovna agencija AFP. Obve\u0161\u010devalna slu\u017eba in protiteroristi\u010dna enota policije sta napadalca identificirali kot 34-letnega Uzbeka, ki je bil \u010dlan IS v osrednji Aziji. Njegovo identiteto pa je danes potrdil tudi Sahin, ki je dodal, da je pri\u0161el v Tur\u010dijo nezakonito z vzhoda. Sahin je \u0161e dejal, da zna napadalec Abdulkadir Masharipov \u0161tiri jezike in da se je uril v Afganistanu. &quot;Je dobro izurjen terorist,&quot; je povedal. V operaciji so pridr\u017eali \u0161e \u0161tiri druge osebe, med njimi tri \u017eenske iz Afrike. Sprva so poro\u010dali, da je bil prisoten tudi otrok, kar pa je Sahin zavrnil. Med drugim so v stanovanju zasegli \u0161e gotovino v vrednosti 185.000 evrov in oro\u017eje. Sahin je povedal, da je bil napad zelo verjetno izveden v okviru skrajne skupine Islamska dr\u017eava (IS) in da so tudi ostali pridr\u017eani verjetno povezani z IS. V operaciji je po navedbah guvernerja Sahina sodelovalo kar 2000 tur\u0161kih policistov in agentov tur\u0161ke obve\u0161\u010devalne agencije MIT. Na tur\u0161ki televiziji so predvajali posnetek Masharipova s krvavim obrazom in majico, ki ga je policist dr\u017eal za vrat, ko ga je grobo vlekel stran. Domnevni napadalec je po poro\u010danju TRT \u017eivel v stanovanju, ki ga je imel v najemu Kirgizijec. Tudi njega so oblasti pridr\u017eale. Tur\u0161ka televizija NTV je poro\u010dala, da so napadalca prijeli nekaj \u010dez polno\u010d po lokalnem \u010dasu in da ga je policija opazila na tej lokaciji \u017ee nekaj dni prej. Vendar so ga raje zasledovali, da so lahko identificirali njegove kontakte. Zunanji minister Mevl\u00fct Cavusoglu je \u017ee sino\u010di na Twitterju zapisal, da se za v ime\" \/>\n<meta property=\"og:url\" content=\"https:\/\/hudo.com\/si\/aktualno\/osumljeni-priznal-napad-na-nocni-klub-v-istanbulu\/\" \/>\n<meta property=\"og:site_name\" content=\"Hudo Slovenija\" \/>\n<meta property=\"article:publisher\" content=\"https:\/\/www.facebook.com\/hudo.si\" \/>\n<meta property=\"article:published_time\" content=\"2017-01-17T08:15:00+00:00\" \/>\n<meta property=\"article:modified_time\" content=\"2017-01-17T13:41:08+00:00\" \/>\n<meta property=\"og:image\" content=\"https:\/\/hudo.com\/si\/wp-content\/uploads\/sites\/2\/2017\/01\/05722437-300.jpg\" \/>\n\t<meta property=\"og:image:width\" content=\"450\" \/>\n\t<meta property=\"og:image:height\" content=\"300\" \/>\n\t<meta property=\"og:image:type\" content=\"image\/jpeg\" \/>\n<meta name=\"author\" content=\"hudo\" \/>\n<meta name=\"twitter:card\" content=\"summary_large_image\" \/>\n<meta name=\"twitter:creator\" content=\"@hudo_si\" \/>\n<meta name=\"twitter:site\" content=\"@hudo_si\" \/>\n<meta name=\"twitter:label1\" content=\"Written by\" \/>\n\t<meta name=\"twitter:data1\" content=\"hudo\" \/>\n\t<meta name=\"twitter:label2\" content=\"Est. reading time\" \/>\n\t<meta name=\"twitter:data2\" content=\"2 minuti\" \/>\n<script type=\"application\/ld+json\" class=\"yoast-schema-graph\">{\"@context\":\"https:\/\/schema.org\",\"@graph\":[{\"@type\":\"Article\",\"@id\":\"https:\/\/hudo.com\/si\/aktualno\/osumljeni-priznal-napad-na-nocni-klub-v-istanbulu\/#article\",\"isPartOf\":{\"@id\":\"https:\/\/hudo.com\/si\/aktualno\/osumljeni-priznal-napad-na-nocni-klub-v-istanbulu\/\"},\"author\":{\"name\":\"hudo\",\"@id\":\"https:\/\/hudo.com\/si\/#\/schema\/person\/601cf3379633985b20f7e50f2bb47707\"},\"headline\":\"Osumljeni priznal napad na no\u010dni klub v Istanbulu\",\"datePublished\":\"2017-01-17T08:15:00+00:00\",\"dateModified\":\"2017-01-17T13:41:08+00:00\",\"mainEntityOfPage\":{\"@id\":\"https:\/\/hudo.com\/si\/aktualno\/osumljeni-priznal-napad-na-nocni-klub-v-istanbulu\/\"},\"wordCount\":360,\"publisher\":{\"@id\":\"https:\/\/hudo.com\/si\/#organization\"},\"articleSection\":[\"Aktualno\"],\"inLanguage\":\"sl-SI\"},{\"@type\":\"WebPage\",\"@id\":\"https:\/\/hudo.com\/si\/aktualno\/osumljeni-priznal-napad-na-nocni-klub-v-istanbulu\/\",\"url\":\"https:\/\/hudo.com\/si\/aktualno\/osumljeni-priznal-napad-na-nocni-klub-v-istanbulu\/\",\"name\":\"Osumljeni priznal napad na no\u010dni klub v Istanbulu - Hudo Slovenija\",\"isPartOf\":{\"@id\":\"https:\/\/hudo.com\/si\/#website\"},\"datePublished\":\"2017-01-17T08:15:00+00:00\",\"dateModified\":\"2017-01-17T13:41:08+00:00\",\"breadcrumb\":{\"@id\":\"https:\/\/hudo.com\/si\/aktualno\/osumljeni-priznal-napad-na-nocni-klub-v-istanbulu\/#breadcrumb\"},\"inLanguage\":\"sl-SI\",\"potentialAction\":[{\"@type\":\"ReadAction\",\"target\":[\"https:\/\/hudo.com\/si\/aktualno\/osumljeni-priznal-napad-na-nocni-klub-v-istanbulu\/\"]}]},{\"@type\":\"BreadcrumbList\",\"@id\":\"https:\/\/hudo.com\/si\/aktualno\/osumljeni-priznal-napad-na-nocni-klub-v-istanbulu\/#breadcrumb\",\"itemListElement\":[{\"@type\":\"ListItem\",\"position\":1,\"name\":\"Home\",\"item\":\"https:\/\/hudo.com\/si\/\"},{\"@type\":\"ListItem\",\"position\":2,\"name\":\"Osumljeni priznal napad na no\u010dni klub v Istanbulu\"}]},{\"@type\":\"WebSite\",\"@id\":\"https:\/\/hudo.com\/si\/#website\",\"url\":\"https:\/\/hudo.com\/si\/\",\"name\":\"Hudo Slovenija\",\"description\":\"Vse novice iz Slovenije in sveta\",\"publisher\":{\"@id\":\"https:\/\/hudo.com\/si\/#organization\"},\"potentialAction\":[{\"@type\":\"SearchAction\",\"target\":{\"@type\":\"EntryPoint\",\"urlTemplate\":\"https:\/\/hudo.com\/si\/?s={search_term_string}\"},\"query-input\":\"required name=search_term_string\"}],\"inLanguage\":\"sl-SI\"},{\"@type\":\"Organization\",\"@id\":\"https:\/\/hudo.com\/si\/#organization\",\"name\":\"VSN Media\",\"url\":\"https:\/\/hudo.com\/si\/\",\"logo\":{\"@type\":\"ImageObject\",\"inLanguage\":\"sl-SI\",\"@id\":\"https:\/\/hudo.com\/si\/#\/schema\/logo\/image\/\",\"url\":\"https:\/\/hudo.com\/si\/wp-content\/uploads\/sites\/2\/2021\/03\/hudo-app-2.png\",\"contentUrl\":\"https:\/\/hudo.com\/si\/wp-content\/uploads\/sites\/2\/2021\/03\/hudo-app-2.png\",\"width\":2185,\"height\":2167,\"caption\":\"VSN Media\"},\"image\":{\"@id\":\"https:\/\/hudo.com\/si\/#\/schema\/logo\/image\/\"},\"sameAs\":[\"https:\/\/www.facebook.com\/hudo.si\",\"https:\/\/twitter.com\/hudo_si\"]},{\"@type\":\"Person\",\"@id\":\"https:\/\/hudo.com\/si\/#\/schema\/person\/601cf3379633985b20f7e50f2bb47707\",\"name\":\"hudo\",\"image\":{\"@type\":\"ImageObject\",\"inLanguage\":\"sl-SI\",\"@id\":\"https:\/\/hudo.com\/si\/#\/schema\/person\/image\/\",\"url\":\"https:\/\/secure.gravatar.com\/avatar\/c4ca25fa72cace7a696b52ff5db9e095?s=96&d=mm&r=g\",\"contentUrl\":\"https:\/\/secure.gravatar.com\/avatar\/c4ca25fa72cace7a696b52ff5db9e095?s=96&d=mm&r=g\",\"caption\":\"hudo\"},\"url\":\"https:\/\/hudo.com\/si\/author\/hudo\/\"}]}<\/script>\n<!-- \/ Yoast SEO plugin. -->","yoast_head_json":{"title":"Osumljeni priznal napad na no\u010dni klub v Istanbulu - Hudo Slovenija","robots":{"index":"index","follow":"follow","max-snippet":"max-snippet:-1","max-image-preview":"max-image-preview:large","max-video-preview":"max-video-preview:-1"},"canonical":"https:\/\/hudo.com\/si\/aktualno\/osumljeni-priznal-napad-na-nocni-klub-v-istanbulu\/","og_locale":"sl_SI","og_type":"article","og_title":"Osumljeni priznal napad na no\u010dni klub v Istanbulu - Hudo Slovenija","og_description":"Prijeti osumljenec je priznal napad na no\u010dni klub Reina v Istanbulu za novo leto, v katerem je umrlo 39 ljudi, 69 pa je bilo ranjenih, je sporo\u010dil guverner Istanbula Vasip Sahin. Tur\u0161ka policija je v ponedeljek zve\u010der prijela napadalca v obse\u017eni policijski operaciji v predelu Esenyurt na evropski strani Istanbula. Sahin je danes potrdil aretacijo napadalca in dejal, da je \u017ee priznal krivdo. Zahvalil se je tudi vsem, ki so sodelovali v operaciji, poro\u010da francoska tiskovna agencija AFP. Obve\u0161\u010devalna slu\u017eba in protiteroristi\u010dna enota policije sta napadalca identificirali kot 34-letnega Uzbeka, ki je bil \u010dlan IS v osrednji Aziji. Njegovo identiteto pa je danes potrdil tudi Sahin, ki je dodal, da je pri\u0161el v Tur\u010dijo nezakonito z vzhoda. Sahin je \u0161e dejal, da zna napadalec Abdulkadir Masharipov \u0161tiri jezike in da se je uril v Afganistanu. \"Je dobro izurjen terorist,\" je povedal. V operaciji so pridr\u017eali \u0161e \u0161tiri druge osebe, med njimi tri \u017eenske iz Afrike. Sprva so poro\u010dali, da je bil prisoten tudi otrok, kar pa je Sahin zavrnil. Med drugim so v stanovanju zasegli \u0161e gotovino v vrednosti 185.000 evrov in oro\u017eje. Sahin je povedal, da je bil napad zelo verjetno izveden v okviru skrajne skupine Islamska dr\u017eava (IS) in da so tudi ostali pridr\u017eani verjetno povezani z IS. V operaciji je po navedbah guvernerja Sahina sodelovalo kar 2000 tur\u0161kih policistov in agentov tur\u0161ke obve\u0161\u010devalne agencije MIT. Na tur\u0161ki televiziji so predvajali posnetek Masharipova s krvavim obrazom in majico, ki ga je policist dr\u017eal za vrat, ko ga je grobo vlekel stran. Domnevni napadalec je po poro\u010danju TRT \u017eivel v stanovanju, ki ga je imel v najemu Kirgizijec. Tudi njega so oblasti pridr\u017eale. Tur\u0161ka televizija NTV je poro\u010dala, da so napadalca prijeli nekaj \u010dez polno\u010d po lokalnem \u010dasu in da ga je policija opazila na tej lokaciji \u017ee nekaj dni prej. Vendar so ga raje zasledovali, da so lahko identificirali njegove kontakte. Zunanji minister Mevl\u00fct Cavusoglu je \u017ee sino\u010di na Twitterju zapisal, da se za v ime","og_url":"https:\/\/hudo.com\/si\/aktualno\/osumljeni-priznal-napad-na-nocni-klub-v-istanbulu\/","og_site_name":"Hudo Slovenija","article_publisher":"https:\/\/www.facebook.com\/hudo.si","article_published_time":"2017-01-17T08:15:00+00:00","article_modified_time":"2017-01-17T13:41:08+00:00","og_image":[{"width":450,"height":300,"url":"https:\/\/hudo.com\/si\/wp-content\/uploads\/sites\/2\/2017\/01\/05722437-300.jpg","type":"image\/jpeg"}],"author":"hudo","twitter_card":"summary_large_image","twitter_creator":"@hudo_si","twitter_site":"@hudo_si","twitter_misc":{"Written by":"hudo","Est. reading time":"2 minuti"},"schema":{"@context":"https:\/\/schema.org","@graph":[{"@type":"Article","@id":"https:\/\/hudo.com\/si\/aktualno\/osumljeni-priznal-napad-na-nocni-klub-v-istanbulu\/#article","isPartOf":{"@id":"https:\/\/hudo.com\/si\/aktualno\/osumljeni-priznal-napad-na-nocni-klub-v-istanbulu\/"},"author":{"name":"hudo","@id":"https:\/\/hudo.com\/si\/#\/schema\/person\/601cf3379633985b20f7e50f2bb47707"},"headline":"Osumljeni priznal napad na no\u010dni klub v Istanbulu","datePublished":"2017-01-17T08:15:00+00:00","dateModified":"2017-01-17T13:41:08+00:00","mainEntityOfPage":{"@id":"https:\/\/hudo.com\/si\/aktualno\/osumljeni-priznal-napad-na-nocni-klub-v-istanbulu\/"},"wordCount":360,"publisher":{"@id":"https:\/\/hudo.com\/si\/#organization"},"articleSection":["Aktualno"],"inLanguage":"sl-SI"},{"@type":"WebPage","@id":"https:\/\/hudo.com\/si\/aktualno\/osumljeni-priznal-napad-na-nocni-klub-v-istanbulu\/","url":"https:\/\/hudo.com\/si\/aktualno\/osumljeni-priznal-napad-na-nocni-klub-v-istanbulu\/","name":"Osumljeni priznal napad na no\u010dni klub v Istanbulu - Hudo Slovenija","isPartOf":{"@id":"https:\/\/hudo.com\/si\/#website"},"datePublished":"2017-01-17T08:15:00+00:00","dateModified":"2017-01-17T13:41:08+00:00","breadcrumb":{"@id":"https:\/\/hudo.com\/si\/aktualno\/osumljeni-priznal-napad-na-nocni-klub-v-istanbulu\/#breadcrumb"},"inLanguage":"sl-SI","potentialAction":[{"@type":"ReadAction","target":["https:\/\/hudo.com\/si\/aktualno\/osumljeni-priznal-napad-na-nocni-klub-v-istanbulu\/"]}]},{"@type":"BreadcrumbList","@id":"https:\/\/hudo.com\/si\/aktualno\/osumljeni-priznal-napad-na-nocni-klub-v-istanbulu\/#breadcrumb","itemListElement":[{"@type":"ListItem","position":1,"name":"Home","item":"https:\/\/hudo.com\/si\/"},{"@type":"ListItem","position":2,"name":"Osumljeni priznal napad na no\u010dni klub v Istanbulu"}]},{"@type":"WebSite","@id":"https:\/\/hudo.com\/si\/#website","url":"https:\/\/hudo.com\/si\/","name":"Hudo Slovenija","description":"Vse novice iz Slovenije in sveta","publisher":{"@id":"https:\/\/hudo.com\/si\/#organization"},"potentialAction":[{"@type":"SearchAction","target":{"@type":"EntryPoint","urlTemplate":"https:\/\/hudo.com\/si\/?s={search_term_string}"},"query-input":"required name=search_term_string"}],"inLanguage":"sl-SI"},{"@type":"Organization","@id":"https:\/\/hudo.com\/si\/#organization","name":"VSN Media","url":"https:\/\/hudo.com\/si\/","logo":{"@type":"ImageObject","inLanguage":"sl-SI","@id":"https:\/\/hudo.com\/si\/#\/schema\/logo\/image\/","url":"https:\/\/hudo.com\/si\/wp-content\/uploads\/sites\/2\/2021\/03\/hudo-app-2.png","contentUrl":"https:\/\/hudo.com\/si\/wp-content\/uploads\/sites\/2\/2021\/03\/hudo-app-2.png","width":2185,"height":2167,"caption":"VSN Media"},"image":{"@id":"https:\/\/hudo.com\/si\/#\/schema\/logo\/image\/"},"sameAs":["https:\/\/www.facebook.com\/hudo.si","https:\/\/twitter.com\/hudo_si"]},{"@type":"Person","@id":"https:\/\/hudo.com\/si\/#\/schema\/person\/601cf3379633985b20f7e50f2bb47707","name":"hudo","image":{"@type":"ImageObject","inLanguage":"sl-SI","@id":"https:\/\/hudo.com\/si\/#\/schema\/person\/image\/","url":"https:\/\/secure.gravatar.com\/avatar\/c4ca25fa72cace7a696b52ff5db9e095?s=96&d=mm&r=g","contentUrl":"https:\/\/secure.gravatar.com\/avatar\/c4ca25fa72cace7a696b52ff5db9e095?s=96&d=mm&r=g","caption":"hudo"},"url":"https:\/\/hudo.com\/si\/author\/hudo\/"}]}},"amp_enabled":true,"_links":{"self":[{"href":"https:\/\/hudo.com\/si\/wp-json\/wp\/v2\/posts\/193235"}],"collection":[{"href":"https:\/\/hudo.com\/si\/wp-json\/wp\/v2\/posts"}],"about":[{"href":"https:\/\/hudo.com\/si\/wp-json\/wp\/v2\/types\/post"}],"author":[{"embeddable":true,"href":"https:\/\/hudo.com\/si\/wp-json\/wp\/v2\/users\/1"}],"replies":[{"embeddable":true,"href":"https:\/\/hudo.com\/si\/wp-json\/wp\/v2\/comments?post=193235"}],"version-history":[{"count":1,"href":"https:\/\/hudo.com\/si\/wp-json\/wp\/v2\/posts\/193235\/revisions"}],"predecessor-version":[{"id":193339,"href":"https:\/\/hudo.com\/si\/wp-json\/wp\/v2\/posts\/193235\/revisions\/193339"}],"wp:attachment":[{"href":"https:\/\/hudo.com\/si\/wp-json\/wp\/v2\/media?parent=193235"}],"wp:term":[{"taxonomy":"category","embeddable":true,"href":"https:\/\/hudo.com\/si\/wp-json\/wp\/v2\/categories?post=193235"},{"taxonomy":"post_tag","embeddable":true,"href":"https:\/\/hudo.com\/si\/wp-json\/wp\/v2\/tags?post=193235"},{"taxonomy":"source","embeddable":true,"href":"https:\/\/hudo.com\/si\/wp-json\/wp\/v2\/source?post=193235"},{"taxonomy":"supertag","embeddable":true,"href":"https:\/\/hudo.com\/si\/wp-json\/wp\/v2\/supertag?post=193235"}],"curies":[{"name":"wp","href":"https:\/\/api.w.org\/{rel}","templated":true}]}}