{"id":193267,"date":"2017-01-17T08:53:00","date_gmt":"2017-01-17T07:53:00","guid":{"rendered":"http:\/\/hudo.com\/si\/2017\/01\/17\/osumljeni-priznal-napad-na-nocni-klub-v-istanbulu-2\/"},"modified":"2017-01-17T08:53:00","modified_gmt":"2017-01-17T07:53:00","slug":"osumljeni-priznal-napad-na-nocni-klub-v-istanbulu-2","status":"publish","type":"post","link":"https:\/\/hudo.com\/si\/aktualno\/osumljeni-priznal-napad-na-nocni-klub-v-istanbulu-2\/","title":{"rendered":"Osumljeni priznal napad na no\u010dni klub v Istanbulu"},"content":{"rendered":"<p>Kategorija: Globalno Tue, 17 Jan 2017 09:53:00 +0100  V\u010deraj prijeti domnevni napadalec na no\u010dni klub v Istanbulu je priznal krivdo. Napad naj bi tako izvedel Uzbekistanec Abdulkadir Masharipov. Tur\u0161ka obve\u0161\u010devalna slu\u017eba in protiteroristi\u010dna enota policije sta napadalca identificirali kot 34-letnega Uzbeka, ki je bil \u010dlan IS v osrednji Aziji. Guverner Istanbula Vasib Sahin je, kot poro\u010da AFP, dejal, da napadalec govori \u0161tiri jezike in da se je uril v Afganistanu. \u00bbJe dobro izurjen terorist,\u00ab je povedal. Tur\u0161ka agencija Dogan\u00a0 je objavila tudi fotografijo Masharipova, ki je po obrazu krvav, policaj pa ga stiska za vrat, saj se je, kot poro\u010da AP, upiral aretaciji. \u00a0 Reina massacre suspect captured in Istanbul: https:\/\/t.co\/eru081EXg6 pic.twitter.com\/au7bz5DUvr \u2014 Dogan News Agency (@dogannewsagency) January 17, 2017 Prijeli \u0161e \u0161tiri osumljence V operaciji so pridr\u017eali \u0161e \u0161tiri druge osebe, med njimi tri \u017eenske iz Afrike. V stanovanju,\u00a0ki ga je imel v najemu Kirgizijec,\u00a0&#8230;<\/p>\n","protected":false},"excerpt":{"rendered":"<p>Kategorija: Globalno Tue, 17 Jan 2017 09:53:00 +0100  V\u010deraj prijeti domnevni napadalec na no\u010dni klub v Istanbulu je priznal krivdo. Napad naj bi tako izvedel Uzbekistanec Abdulkadir Masharipov. Tur\u0161ka obve\u0161\u010devalna slu\u017eba in protiteroristi\u010dna enota policije sta napadalca identificirali kot 34-letnega Uzbeka, ki je bil \u010dlan IS v osrednji Aziji. Guverner Istanbula Vasib Sahin je, kot poro\u010da AFP, dejal, da napadalec govori \u0161tiri jezike in da se je uril v Afganistanu. \u00bbJe dobro izurjen terorist,\u00ab je povedal. Tur\u0161ka agencija Dogan\u00a0 je objavila tudi fotografijo Masharipova, ki je po obrazu krvav, policaj pa ga stiska za vrat, saj se je, kot poro\u010da AP, upiral aretaciji. \u00a0 Reina massacre suspect captured in Istanbul: https:\/\/t.co\/eru081EXg6 pic.twitter.com\/au7bz5DUvr \u2014 Dogan News Agency (@dogannewsagency) January 17, 2017 Prijeli \u0161e \u0161tiri osumljence V operaciji so pridr\u017eali \u0161e \u0161tiri druge osebe, med njimi tri \u017eenske iz Afrike. V stanovanju,\u00a0ki ga je imel v najemu Kirgizijec,\u00a0&#8230;<\/p>\n","protected":false},"author":1,"featured_media":0,"comment_status":"closed","ping_status":"closed","sticky":false,"template":"","format":"standard","meta":{"footnotes":""},"categories":[1179],"tags":[],"source":[1703],"supertag":[],"acf":[],"yoast_head":"<!-- This site is optimized with the Yoast SEO plugin v21.3 - https:\/\/yoast.com\/wordpress\/plugins\/seo\/ -->\n<title>Osumljeni priznal napad na no\u010dni klub v Istanbulu - Hudo Slovenija<\/title>\n<meta name=\"robots\" content=\"index, follow, max-snippet:-1, max-image-preview:large, max-video-preview:-1\" \/>\n<link rel=\"canonical\" href=\"https:\/\/hudo.com\/si\/aktualno\/osumljeni-priznal-napad-na-nocni-klub-v-istanbulu-2\/\" \/>\n<meta property=\"og:locale\" content=\"sl_SI\" \/>\n<meta property=\"og:type\" content=\"article\" \/>\n<meta property=\"og:title\" content=\"Osumljeni priznal napad na no\u010dni klub v Istanbulu - Hudo Slovenija\" \/>\n<meta property=\"og:description\" content=\"Kategorija: Globalno Tue, 17 Jan 2017 09:53:00 +0100 V\u010deraj prijeti domnevni napadalec na no\u010dni klub v Istanbulu je priznal krivdo. Napad naj bi tako izvedel Uzbekistanec Abdulkadir Masharipov. Tur\u0161ka obve\u0161\u010devalna slu\u017eba in protiteroristi\u010dna enota policije sta napadalca identificirali kot 34-letnega Uzbeka, ki je bil \u010dlan IS v osrednji Aziji. Guverner Istanbula Vasib Sahin je, kot poro\u010da AFP, dejal, da napadalec govori \u0161tiri jezike in da se je uril v Afganistanu. \u00bbJe dobro izurjen terorist,\u00ab je povedal. Tur\u0161ka agencija Dogan\u00a0 je objavila tudi fotografijo Masharipova, ki je po obrazu krvav, policaj pa ga stiska za vrat, saj se je, kot poro\u010da AP, upiral aretaciji. \u00a0 Reina massacre suspect captured in Istanbul: https:\/\/t.co\/eru081EXg6 pic.twitter.com\/au7bz5DUvr \u2014 Dogan News Agency (@dogannewsagency) January 17, 2017 Prijeli \u0161e \u0161tiri osumljence V operaciji so pridr\u017eali \u0161e \u0161tiri druge osebe, med njimi tri \u017eenske iz Afrike. V stanovanju,\u00a0ki ga je imel v najemu Kirgizijec,\u00a0...\" \/>\n<meta property=\"og:url\" content=\"https:\/\/hudo.com\/si\/aktualno\/osumljeni-priznal-napad-na-nocni-klub-v-istanbulu-2\/\" \/>\n<meta property=\"og:site_name\" content=\"Hudo Slovenija\" \/>\n<meta property=\"article:publisher\" content=\"https:\/\/www.facebook.com\/hudo.si\" \/>\n<meta property=\"article:published_time\" content=\"2017-01-17T07:53:00+00:00\" \/>\n<meta property=\"og:image\" content=\"https:\/\/hudo.com\/si\/wp-content\/uploads\/sites\/2\/2017\/01\/480x290_Reuters_Pictures-20170117094343-47680100.jpeg\" \/>\n\t<meta property=\"og:image:width\" content=\"480\" \/>\n\t<meta property=\"og:image:height\" content=\"290\" \/>\n\t<meta property=\"og:image:type\" content=\"image\/jpeg\" \/>\n<meta name=\"author\" content=\"hudo\" \/>\n<meta name=\"twitter:card\" content=\"summary_large_image\" \/>\n<meta name=\"twitter:creator\" content=\"@hudo_si\" \/>\n<meta name=\"twitter:site\" content=\"@hudo_si\" \/>\n<meta name=\"twitter:label1\" content=\"Written by\" \/>\n\t<meta name=\"twitter:data1\" content=\"hudo\" \/>\n\t<meta name=\"twitter:label2\" content=\"Est. reading time\" \/>\n\t<meta name=\"twitter:data2\" content=\"1 minuta\" \/>\n<script type=\"application\/ld+json\" class=\"yoast-schema-graph\">{\"@context\":\"https:\/\/schema.org\",\"@graph\":[{\"@type\":\"Article\",\"@id\":\"https:\/\/hudo.com\/si\/aktualno\/osumljeni-priznal-napad-na-nocni-klub-v-istanbulu-2\/#article\",\"isPartOf\":{\"@id\":\"https:\/\/hudo.com\/si\/aktualno\/osumljeni-priznal-napad-na-nocni-klub-v-istanbulu-2\/\"},\"author\":{\"name\":\"hudo\",\"@id\":\"https:\/\/hudo.com\/si\/#\/schema\/person\/601cf3379633985b20f7e50f2bb47707\"},\"headline\":\"Osumljeni priznal napad na no\u010dni klub v Istanbulu\",\"datePublished\":\"2017-01-17T07:53:00+00:00\",\"dateModified\":\"2017-01-17T07:53:00+00:00\",\"mainEntityOfPage\":{\"@id\":\"https:\/\/hudo.com\/si\/aktualno\/osumljeni-priznal-napad-na-nocni-klub-v-istanbulu-2\/\"},\"wordCount\":167,\"publisher\":{\"@id\":\"https:\/\/hudo.com\/si\/#organization\"},\"articleSection\":[\"Aktualno\"],\"inLanguage\":\"sl-SI\"},{\"@type\":\"WebPage\",\"@id\":\"https:\/\/hudo.com\/si\/aktualno\/osumljeni-priznal-napad-na-nocni-klub-v-istanbulu-2\/\",\"url\":\"https:\/\/hudo.com\/si\/aktualno\/osumljeni-priznal-napad-na-nocni-klub-v-istanbulu-2\/\",\"name\":\"Osumljeni priznal napad na no\u010dni klub v Istanbulu - Hudo Slovenija\",\"isPartOf\":{\"@id\":\"https:\/\/hudo.com\/si\/#website\"},\"datePublished\":\"2017-01-17T07:53:00+00:00\",\"dateModified\":\"2017-01-17T07:53:00+00:00\",\"breadcrumb\":{\"@id\":\"https:\/\/hudo.com\/si\/aktualno\/osumljeni-priznal-napad-na-nocni-klub-v-istanbulu-2\/#breadcrumb\"},\"inLanguage\":\"sl-SI\",\"potentialAction\":[{\"@type\":\"ReadAction\",\"target\":[\"https:\/\/hudo.com\/si\/aktualno\/osumljeni-priznal-napad-na-nocni-klub-v-istanbulu-2\/\"]}]},{\"@type\":\"BreadcrumbList\",\"@id\":\"https:\/\/hudo.com\/si\/aktualno\/osumljeni-priznal-napad-na-nocni-klub-v-istanbulu-2\/#breadcrumb\",\"itemListElement\":[{\"@type\":\"ListItem\",\"position\":1,\"name\":\"Home\",\"item\":\"https:\/\/hudo.com\/si\/\"},{\"@type\":\"ListItem\",\"position\":2,\"name\":\"Osumljeni priznal napad na no\u010dni klub v Istanbulu\"}]},{\"@type\":\"WebSite\",\"@id\":\"https:\/\/hudo.com\/si\/#website\",\"url\":\"https:\/\/hudo.com\/si\/\",\"name\":\"Hudo Slovenija\",\"description\":\"Vse novice iz Slovenije in sveta\",\"publisher\":{\"@id\":\"https:\/\/hudo.com\/si\/#organization\"},\"potentialAction\":[{\"@type\":\"SearchAction\",\"target\":{\"@type\":\"EntryPoint\",\"urlTemplate\":\"https:\/\/hudo.com\/si\/?s={search_term_string}\"},\"query-input\":\"required name=search_term_string\"}],\"inLanguage\":\"sl-SI\"},{\"@type\":\"Organization\",\"@id\":\"https:\/\/hudo.com\/si\/#organization\",\"name\":\"VSN Media\",\"url\":\"https:\/\/hudo.com\/si\/\",\"logo\":{\"@type\":\"ImageObject\",\"inLanguage\":\"sl-SI\",\"@id\":\"https:\/\/hudo.com\/si\/#\/schema\/logo\/image\/\",\"url\":\"https:\/\/hudo.com\/si\/wp-content\/uploads\/sites\/2\/2021\/03\/hudo-app-2.png\",\"contentUrl\":\"https:\/\/hudo.com\/si\/wp-content\/uploads\/sites\/2\/2021\/03\/hudo-app-2.png\",\"width\":2185,\"height\":2167,\"caption\":\"VSN Media\"},\"image\":{\"@id\":\"https:\/\/hudo.com\/si\/#\/schema\/logo\/image\/\"},\"sameAs\":[\"https:\/\/www.facebook.com\/hudo.si\",\"https:\/\/twitter.com\/hudo_si\"]},{\"@type\":\"Person\",\"@id\":\"https:\/\/hudo.com\/si\/#\/schema\/person\/601cf3379633985b20f7e50f2bb47707\",\"name\":\"hudo\",\"image\":{\"@type\":\"ImageObject\",\"inLanguage\":\"sl-SI\",\"@id\":\"https:\/\/hudo.com\/si\/#\/schema\/person\/image\/\",\"url\":\"https:\/\/secure.gravatar.com\/avatar\/c4ca25fa72cace7a696b52ff5db9e095?s=96&d=mm&r=g\",\"contentUrl\":\"https:\/\/secure.gravatar.com\/avatar\/c4ca25fa72cace7a696b52ff5db9e095?s=96&d=mm&r=g\",\"caption\":\"hudo\"},\"url\":\"https:\/\/hudo.com\/si\/author\/hudo\/\"}]}<\/script>\n<!-- \/ Yoast SEO plugin. -->","yoast_head_json":{"title":"Osumljeni priznal napad na no\u010dni klub v Istanbulu - Hudo Slovenija","robots":{"index":"index","follow":"follow","max-snippet":"max-snippet:-1","max-image-preview":"max-image-preview:large","max-video-preview":"max-video-preview:-1"},"canonical":"https:\/\/hudo.com\/si\/aktualno\/osumljeni-priznal-napad-na-nocni-klub-v-istanbulu-2\/","og_locale":"sl_SI","og_type":"article","og_title":"Osumljeni priznal napad na no\u010dni klub v Istanbulu - Hudo Slovenija","og_description":"Kategorija: Globalno Tue, 17 Jan 2017 09:53:00 +0100 V\u010deraj prijeti domnevni napadalec na no\u010dni klub v Istanbulu je priznal krivdo. Napad naj bi tako izvedel Uzbekistanec Abdulkadir Masharipov. Tur\u0161ka obve\u0161\u010devalna slu\u017eba in protiteroristi\u010dna enota policije sta napadalca identificirali kot 34-letnega Uzbeka, ki je bil \u010dlan IS v osrednji Aziji. Guverner Istanbula Vasib Sahin je, kot poro\u010da AFP, dejal, da napadalec govori \u0161tiri jezike in da se je uril v Afganistanu. \u00bbJe dobro izurjen terorist,\u00ab je povedal. Tur\u0161ka agencija Dogan\u00a0 je objavila tudi fotografijo Masharipova, ki je po obrazu krvav, policaj pa ga stiska za vrat, saj se je, kot poro\u010da AP, upiral aretaciji. \u00a0 Reina massacre suspect captured in Istanbul: https:\/\/t.co\/eru081EXg6 pic.twitter.com\/au7bz5DUvr \u2014 Dogan News Agency (@dogannewsagency) January 17, 2017 Prijeli \u0161e \u0161tiri osumljence V operaciji so pridr\u017eali \u0161e \u0161tiri druge osebe, med njimi tri \u017eenske iz Afrike. V stanovanju,\u00a0ki ga je imel v najemu Kirgizijec,\u00a0...","og_url":"https:\/\/hudo.com\/si\/aktualno\/osumljeni-priznal-napad-na-nocni-klub-v-istanbulu-2\/","og_site_name":"Hudo Slovenija","article_publisher":"https:\/\/www.facebook.com\/hudo.si","article_published_time":"2017-01-17T07:53:00+00:00","og_image":[{"width":480,"height":290,"url":"https:\/\/hudo.com\/si\/wp-content\/uploads\/sites\/2\/2017\/01\/480x290_Reuters_Pictures-20170117094343-47680100.jpeg","type":"image\/jpeg"}],"author":"hudo","twitter_card":"summary_large_image","twitter_creator":"@hudo_si","twitter_site":"@hudo_si","twitter_misc":{"Written by":"hudo","Est. reading time":"1 minuta"},"schema":{"@context":"https:\/\/schema.org","@graph":[{"@type":"Article","@id":"https:\/\/hudo.com\/si\/aktualno\/osumljeni-priznal-napad-na-nocni-klub-v-istanbulu-2\/#article","isPartOf":{"@id":"https:\/\/hudo.com\/si\/aktualno\/osumljeni-priznal-napad-na-nocni-klub-v-istanbulu-2\/"},"author":{"name":"hudo","@id":"https:\/\/hudo.com\/si\/#\/schema\/person\/601cf3379633985b20f7e50f2bb47707"},"headline":"Osumljeni priznal napad na no\u010dni klub v Istanbulu","datePublished":"2017-01-17T07:53:00+00:00","dateModified":"2017-01-17T07:53:00+00:00","mainEntityOfPage":{"@id":"https:\/\/hudo.com\/si\/aktualno\/osumljeni-priznal-napad-na-nocni-klub-v-istanbulu-2\/"},"wordCount":167,"publisher":{"@id":"https:\/\/hudo.com\/si\/#organization"},"articleSection":["Aktualno"],"inLanguage":"sl-SI"},{"@type":"WebPage","@id":"https:\/\/hudo.com\/si\/aktualno\/osumljeni-priznal-napad-na-nocni-klub-v-istanbulu-2\/","url":"https:\/\/hudo.com\/si\/aktualno\/osumljeni-priznal-napad-na-nocni-klub-v-istanbulu-2\/","name":"Osumljeni priznal napad na no\u010dni klub v Istanbulu - Hudo Slovenija","isPartOf":{"@id":"https:\/\/hudo.com\/si\/#website"},"datePublished":"2017-01-17T07:53:00+00:00","dateModified":"2017-01-17T07:53:00+00:00","breadcrumb":{"@id":"https:\/\/hudo.com\/si\/aktualno\/osumljeni-priznal-napad-na-nocni-klub-v-istanbulu-2\/#breadcrumb"},"inLanguage":"sl-SI","potentialAction":[{"@type":"ReadAction","target":["https:\/\/hudo.com\/si\/aktualno\/osumljeni-priznal-napad-na-nocni-klub-v-istanbulu-2\/"]}]},{"@type":"BreadcrumbList","@id":"https:\/\/hudo.com\/si\/aktualno\/osumljeni-priznal-napad-na-nocni-klub-v-istanbulu-2\/#breadcrumb","itemListElement":[{"@type":"ListItem","position":1,"name":"Home","item":"https:\/\/hudo.com\/si\/"},{"@type":"ListItem","position":2,"name":"Osumljeni priznal napad na no\u010dni klub v Istanbulu"}]},{"@type":"WebSite","@id":"https:\/\/hudo.com\/si\/#website","url":"https:\/\/hudo.com\/si\/","name":"Hudo Slovenija","description":"Vse novice iz Slovenije in sveta","publisher":{"@id":"https:\/\/hudo.com\/si\/#organization"},"potentialAction":[{"@type":"SearchAction","target":{"@type":"EntryPoint","urlTemplate":"https:\/\/hudo.com\/si\/?s={search_term_string}"},"query-input":"required name=search_term_string"}],"inLanguage":"sl-SI"},{"@type":"Organization","@id":"https:\/\/hudo.com\/si\/#organization","name":"VSN Media","url":"https:\/\/hudo.com\/si\/","logo":{"@type":"ImageObject","inLanguage":"sl-SI","@id":"https:\/\/hudo.com\/si\/#\/schema\/logo\/image\/","url":"https:\/\/hudo.com\/si\/wp-content\/uploads\/sites\/2\/2021\/03\/hudo-app-2.png","contentUrl":"https:\/\/hudo.com\/si\/wp-content\/uploads\/sites\/2\/2021\/03\/hudo-app-2.png","width":2185,"height":2167,"caption":"VSN Media"},"image":{"@id":"https:\/\/hudo.com\/si\/#\/schema\/logo\/image\/"},"sameAs":["https:\/\/www.facebook.com\/hudo.si","https:\/\/twitter.com\/hudo_si"]},{"@type":"Person","@id":"https:\/\/hudo.com\/si\/#\/schema\/person\/601cf3379633985b20f7e50f2bb47707","name":"hudo","image":{"@type":"ImageObject","inLanguage":"sl-SI","@id":"https:\/\/hudo.com\/si\/#\/schema\/person\/image\/","url":"https:\/\/secure.gravatar.com\/avatar\/c4ca25fa72cace7a696b52ff5db9e095?s=96&d=mm&r=g","contentUrl":"https:\/\/secure.gravatar.com\/avatar\/c4ca25fa72cace7a696b52ff5db9e095?s=96&d=mm&r=g","caption":"hudo"},"url":"https:\/\/hudo.com\/si\/author\/hudo\/"}]}},"amp_enabled":true,"_links":{"self":[{"href":"https:\/\/hudo.com\/si\/wp-json\/wp\/v2\/posts\/193267"}],"collection":[{"href":"https:\/\/hudo.com\/si\/wp-json\/wp\/v2\/posts"}],"about":[{"href":"https:\/\/hudo.com\/si\/wp-json\/wp\/v2\/types\/post"}],"author":[{"embeddable":true,"href":"https:\/\/hudo.com\/si\/wp-json\/wp\/v2\/users\/1"}],"replies":[{"embeddable":true,"href":"https:\/\/hudo.com\/si\/wp-json\/wp\/v2\/comments?post=193267"}],"version-history":[{"count":0,"href":"https:\/\/hudo.com\/si\/wp-json\/wp\/v2\/posts\/193267\/revisions"}],"wp:attachment":[{"href":"https:\/\/hudo.com\/si\/wp-json\/wp\/v2\/media?parent=193267"}],"wp:term":[{"taxonomy":"category","embeddable":true,"href":"https:\/\/hudo.com\/si\/wp-json\/wp\/v2\/categories?post=193267"},{"taxonomy":"post_tag","embeddable":true,"href":"https:\/\/hudo.com\/si\/wp-json\/wp\/v2\/tags?post=193267"},{"taxonomy":"source","embeddable":true,"href":"https:\/\/hudo.com\/si\/wp-json\/wp\/v2\/source?post=193267"},{"taxonomy":"supertag","embeddable":true,"href":"https:\/\/hudo.com\/si\/wp-json\/wp\/v2\/supertag?post=193267"}],"curies":[{"name":"wp","href":"https:\/\/api.w.org\/{rel}","templated":true}]}}