{"id":193269,"date":"2017-01-17T08:50:00","date_gmt":"2017-01-17T07:50:00","guid":{"rendered":"http:\/\/hudo.com\/si\/2017\/01\/17\/down-under-kump-uvodoma-tudi-pred-saganom\/"},"modified":"2017-01-17T08:50:00","modified_gmt":"2017-01-17T07:50:00","slug":"down-under-kump-uvodoma-tudi-pred-saganom","status":"publish","type":"post","link":"https:\/\/hudo.com\/si\/aktualno\/down-under-kump-uvodoma-tudi-pred-saganom\/","title":{"rendered":"Down Under: Kump uvodoma tudi pred Saganom"},"content":{"rendered":"<p>Kategorija: Kolesarstvo Tue, 17 Jan 2017 09:50:00 +0100  Lyndoch &#8211; Nova kolesarska sezona se je \u017ee tradicionalno za\u010dela z 19. izvedbo avstralske dirke Down Under, na kateri lansko zmago brani Oricin doma\u010di adut Simon Gerrans, na njej pa tekmujeta tudi dva slovenska predstavnika. Eden od njiju, Marko Kump, \u010dlan novoformiranega mo\u0161tva UAE Abu Dhabi (prej Lampre-Merida), je opozoril nase \u017ee na dana\u0161nji uvodni etapi. V cilj 118,5-kilometrske proge od Unleyja do Lyndocha je namre\u010d, kot glavnina, prikolesaril v \u010dasu zmagovalca in zasedel \u010detrto mesto, za seboj pa pustil nekaj velikih imen na \u010delu z lanskim evropskim in svetovnim prvakom, Slovakom Petrom Saganom (Bora-Hansgrohe). Zanimivo: 28-letni Kump, nekdanji \u010dlan Adrie Mobil, je tudi na prvi etapi lanske preizku\u0161nje \u00bbtam spodaj\u00ab zasedel \u010detrto mesto. Bolj\u0161i doslej na tej dirki \u0161e ni bil. Slovenske barve brani tudi \u010dlan novope\u010denega mo\u0161tva Bahrain Merida,\u00a0&#8230;<\/p>\n","protected":false},"excerpt":{"rendered":"<p>Kategorija: Kolesarstvo Tue, 17 Jan 2017 09:50:00 +0100  Lyndoch &#8211; Nova kolesarska sezona se je \u017ee tradicionalno za\u010dela z 19. izvedbo avstralske dirke Down Under, na kateri lansko zmago brani Oricin doma\u010di adut Simon Gerrans, na njej pa tekmujeta tudi dva slovenska predstavnika. Eden od njiju, Marko Kump, \u010dlan novoformiranega mo\u0161tva UAE Abu Dhabi (prej Lampre-Merida), je opozoril nase \u017ee na dana\u0161nji uvodni etapi. V cilj 118,5-kilometrske proge od Unleyja do Lyndocha je namre\u010d, kot glavnina, prikolesaril v \u010dasu zmagovalca in zasedel \u010detrto mesto, za seboj pa pustil nekaj velikih imen na \u010delu z lanskim evropskim in svetovnim prvakom, Slovakom Petrom Saganom (Bora-Hansgrohe). Zanimivo: 28-letni Kump, nekdanji \u010dlan Adrie Mobil, je tudi na prvi etapi lanske preizku\u0161nje \u00bbtam spodaj\u00ab zasedel \u010detrto mesto. Bolj\u0161i doslej na tej dirki \u0161e ni bil. Slovenske barve brani tudi \u010dlan novope\u010denega mo\u0161tva Bahrain Merida,\u00a0&#8230;<\/p>\n","protected":false},"author":1,"featured_media":0,"comment_status":"closed","ping_status":"closed","sticky":false,"template":"","format":"standard","meta":{"footnotes":""},"categories":[1179],"tags":[],"source":[1703],"supertag":[],"acf":[],"yoast_head":"<!-- This site is optimized with the Yoast SEO plugin v21.3 - https:\/\/yoast.com\/wordpress\/plugins\/seo\/ -->\n<title>Down Under: Kump uvodoma tudi pred Saganom - Hudo Slovenija<\/title>\n<meta name=\"robots\" content=\"index, follow, max-snippet:-1, max-image-preview:large, max-video-preview:-1\" \/>\n<link rel=\"canonical\" href=\"https:\/\/hudo.com\/si\/aktualno\/down-under-kump-uvodoma-tudi-pred-saganom\/\" \/>\n<meta property=\"og:locale\" content=\"sl_SI\" \/>\n<meta property=\"og:type\" content=\"article\" \/>\n<meta property=\"og:title\" content=\"Down Under: Kump uvodoma tudi pred Saganom - Hudo Slovenija\" \/>\n<meta property=\"og:description\" content=\"Kategorija: Kolesarstvo Tue, 17 Jan 2017 09:50:00 +0100 Lyndoch - Nova kolesarska sezona se je \u017ee tradicionalno za\u010dela z 19. izvedbo avstralske dirke Down Under, na kateri lansko zmago brani Oricin doma\u010di adut Simon Gerrans, na njej pa tekmujeta tudi dva slovenska predstavnika. Eden od njiju, Marko Kump, \u010dlan novoformiranega mo\u0161tva UAE Abu Dhabi (prej Lampre-Merida), je opozoril nase \u017ee na dana\u0161nji uvodni etapi. V cilj 118,5-kilometrske proge od Unleyja do Lyndocha je namre\u010d, kot glavnina, prikolesaril v \u010dasu zmagovalca in zasedel \u010detrto mesto, za seboj pa pustil nekaj velikih imen na \u010delu z lanskim evropskim in svetovnim prvakom, Slovakom Petrom Saganom (Bora-Hansgrohe). Zanimivo: 28-letni Kump, nekdanji \u010dlan Adrie Mobil, je tudi na prvi etapi lanske preizku\u0161nje \u00bbtam spodaj\u00ab zasedel \u010detrto mesto. Bolj\u0161i doslej na tej dirki \u0161e ni bil. Slovenske barve brani tudi \u010dlan novope\u010denega mo\u0161tva Bahrain Merida,\u00a0...\" \/>\n<meta property=\"og:url\" content=\"https:\/\/hudo.com\/si\/aktualno\/down-under-kump-uvodoma-tudi-pred-saganom\/\" \/>\n<meta property=\"og:site_name\" content=\"Hudo Slovenija\" \/>\n<meta property=\"article:publisher\" content=\"https:\/\/www.facebook.com\/hudo.si\" \/>\n<meta property=\"article:published_time\" content=\"2017-01-17T07:50:00+00:00\" \/>\n<meta property=\"og:image\" content=\"https:\/\/hudo.com\/si\/wp-content\/uploads\/sites\/2\/2017\/01\/480x290_AFP_Photo-20170117055045-45396600.jpeg\" \/>\n\t<meta property=\"og:image:width\" content=\"480\" \/>\n\t<meta property=\"og:image:height\" content=\"290\" \/>\n\t<meta property=\"og:image:type\" content=\"image\/jpeg\" \/>\n<meta name=\"author\" content=\"hudo\" \/>\n<meta name=\"twitter:card\" content=\"summary_large_image\" \/>\n<meta name=\"twitter:creator\" content=\"@hudo_si\" \/>\n<meta name=\"twitter:site\" content=\"@hudo_si\" \/>\n<meta name=\"twitter:label1\" content=\"Written by\" \/>\n\t<meta name=\"twitter:data1\" content=\"hudo\" \/>\n\t<meta name=\"twitter:label2\" content=\"Est. reading time\" \/>\n\t<meta name=\"twitter:data2\" content=\"1 minuta\" \/>\n<script type=\"application\/ld+json\" class=\"yoast-schema-graph\">{\"@context\":\"https:\/\/schema.org\",\"@graph\":[{\"@type\":\"Article\",\"@id\":\"https:\/\/hudo.com\/si\/aktualno\/down-under-kump-uvodoma-tudi-pred-saganom\/#article\",\"isPartOf\":{\"@id\":\"https:\/\/hudo.com\/si\/aktualno\/down-under-kump-uvodoma-tudi-pred-saganom\/\"},\"author\":{\"name\":\"hudo\",\"@id\":\"https:\/\/hudo.com\/si\/#\/schema\/person\/601cf3379633985b20f7e50f2bb47707\"},\"headline\":\"Down Under: Kump uvodoma tudi pred Saganom\",\"datePublished\":\"2017-01-17T07:50:00+00:00\",\"dateModified\":\"2017-01-17T07:50:00+00:00\",\"mainEntityOfPage\":{\"@id\":\"https:\/\/hudo.com\/si\/aktualno\/down-under-kump-uvodoma-tudi-pred-saganom\/\"},\"wordCount\":149,\"publisher\":{\"@id\":\"https:\/\/hudo.com\/si\/#organization\"},\"articleSection\":[\"Aktualno\"],\"inLanguage\":\"sl-SI\"},{\"@type\":\"WebPage\",\"@id\":\"https:\/\/hudo.com\/si\/aktualno\/down-under-kump-uvodoma-tudi-pred-saganom\/\",\"url\":\"https:\/\/hudo.com\/si\/aktualno\/down-under-kump-uvodoma-tudi-pred-saganom\/\",\"name\":\"Down Under: Kump uvodoma tudi pred Saganom - Hudo Slovenija\",\"isPartOf\":{\"@id\":\"https:\/\/hudo.com\/si\/#website\"},\"datePublished\":\"2017-01-17T07:50:00+00:00\",\"dateModified\":\"2017-01-17T07:50:00+00:00\",\"breadcrumb\":{\"@id\":\"https:\/\/hudo.com\/si\/aktualno\/down-under-kump-uvodoma-tudi-pred-saganom\/#breadcrumb\"},\"inLanguage\":\"sl-SI\",\"potentialAction\":[{\"@type\":\"ReadAction\",\"target\":[\"https:\/\/hudo.com\/si\/aktualno\/down-under-kump-uvodoma-tudi-pred-saganom\/\"]}]},{\"@type\":\"BreadcrumbList\",\"@id\":\"https:\/\/hudo.com\/si\/aktualno\/down-under-kump-uvodoma-tudi-pred-saganom\/#breadcrumb\",\"itemListElement\":[{\"@type\":\"ListItem\",\"position\":1,\"name\":\"Home\",\"item\":\"https:\/\/hudo.com\/si\/\"},{\"@type\":\"ListItem\",\"position\":2,\"name\":\"Down Under: Kump uvodoma tudi pred Saganom\"}]},{\"@type\":\"WebSite\",\"@id\":\"https:\/\/hudo.com\/si\/#website\",\"url\":\"https:\/\/hudo.com\/si\/\",\"name\":\"Hudo Slovenija\",\"description\":\"Vse novice iz Slovenije in sveta\",\"publisher\":{\"@id\":\"https:\/\/hudo.com\/si\/#organization\"},\"potentialAction\":[{\"@type\":\"SearchAction\",\"target\":{\"@type\":\"EntryPoint\",\"urlTemplate\":\"https:\/\/hudo.com\/si\/?s={search_term_string}\"},\"query-input\":\"required name=search_term_string\"}],\"inLanguage\":\"sl-SI\"},{\"@type\":\"Organization\",\"@id\":\"https:\/\/hudo.com\/si\/#organization\",\"name\":\"VSN Media\",\"url\":\"https:\/\/hudo.com\/si\/\",\"logo\":{\"@type\":\"ImageObject\",\"inLanguage\":\"sl-SI\",\"@id\":\"https:\/\/hudo.com\/si\/#\/schema\/logo\/image\/\",\"url\":\"https:\/\/hudo.com\/si\/wp-content\/uploads\/sites\/2\/2021\/03\/hudo-app-2.png\",\"contentUrl\":\"https:\/\/hudo.com\/si\/wp-content\/uploads\/sites\/2\/2021\/03\/hudo-app-2.png\",\"width\":2185,\"height\":2167,\"caption\":\"VSN Media\"},\"image\":{\"@id\":\"https:\/\/hudo.com\/si\/#\/schema\/logo\/image\/\"},\"sameAs\":[\"https:\/\/www.facebook.com\/hudo.si\",\"https:\/\/twitter.com\/hudo_si\"]},{\"@type\":\"Person\",\"@id\":\"https:\/\/hudo.com\/si\/#\/schema\/person\/601cf3379633985b20f7e50f2bb47707\",\"name\":\"hudo\",\"image\":{\"@type\":\"ImageObject\",\"inLanguage\":\"sl-SI\",\"@id\":\"https:\/\/hudo.com\/si\/#\/schema\/person\/image\/\",\"url\":\"https:\/\/secure.gravatar.com\/avatar\/c4ca25fa72cace7a696b52ff5db9e095?s=96&d=mm&r=g\",\"contentUrl\":\"https:\/\/secure.gravatar.com\/avatar\/c4ca25fa72cace7a696b52ff5db9e095?s=96&d=mm&r=g\",\"caption\":\"hudo\"},\"url\":\"https:\/\/hudo.com\/si\/author\/hudo\/\"}]}<\/script>\n<!-- \/ Yoast SEO plugin. -->","yoast_head_json":{"title":"Down Under: Kump uvodoma tudi pred Saganom - Hudo Slovenija","robots":{"index":"index","follow":"follow","max-snippet":"max-snippet:-1","max-image-preview":"max-image-preview:large","max-video-preview":"max-video-preview:-1"},"canonical":"https:\/\/hudo.com\/si\/aktualno\/down-under-kump-uvodoma-tudi-pred-saganom\/","og_locale":"sl_SI","og_type":"article","og_title":"Down Under: Kump uvodoma tudi pred Saganom - Hudo Slovenija","og_description":"Kategorija: Kolesarstvo Tue, 17 Jan 2017 09:50:00 +0100 Lyndoch - Nova kolesarska sezona se je \u017ee tradicionalno za\u010dela z 19. izvedbo avstralske dirke Down Under, na kateri lansko zmago brani Oricin doma\u010di adut Simon Gerrans, na njej pa tekmujeta tudi dva slovenska predstavnika. Eden od njiju, Marko Kump, \u010dlan novoformiranega mo\u0161tva UAE Abu Dhabi (prej Lampre-Merida), je opozoril nase \u017ee na dana\u0161nji uvodni etapi. V cilj 118,5-kilometrske proge od Unleyja do Lyndocha je namre\u010d, kot glavnina, prikolesaril v \u010dasu zmagovalca in zasedel \u010detrto mesto, za seboj pa pustil nekaj velikih imen na \u010delu z lanskim evropskim in svetovnim prvakom, Slovakom Petrom Saganom (Bora-Hansgrohe). Zanimivo: 28-letni Kump, nekdanji \u010dlan Adrie Mobil, je tudi na prvi etapi lanske preizku\u0161nje \u00bbtam spodaj\u00ab zasedel \u010detrto mesto. Bolj\u0161i doslej na tej dirki \u0161e ni bil. Slovenske barve brani tudi \u010dlan novope\u010denega mo\u0161tva Bahrain Merida,\u00a0...","og_url":"https:\/\/hudo.com\/si\/aktualno\/down-under-kump-uvodoma-tudi-pred-saganom\/","og_site_name":"Hudo Slovenija","article_publisher":"https:\/\/www.facebook.com\/hudo.si","article_published_time":"2017-01-17T07:50:00+00:00","og_image":[{"width":480,"height":290,"url":"https:\/\/hudo.com\/si\/wp-content\/uploads\/sites\/2\/2017\/01\/480x290_AFP_Photo-20170117055045-45396600.jpeg","type":"image\/jpeg"}],"author":"hudo","twitter_card":"summary_large_image","twitter_creator":"@hudo_si","twitter_site":"@hudo_si","twitter_misc":{"Written by":"hudo","Est. reading time":"1 minuta"},"schema":{"@context":"https:\/\/schema.org","@graph":[{"@type":"Article","@id":"https:\/\/hudo.com\/si\/aktualno\/down-under-kump-uvodoma-tudi-pred-saganom\/#article","isPartOf":{"@id":"https:\/\/hudo.com\/si\/aktualno\/down-under-kump-uvodoma-tudi-pred-saganom\/"},"author":{"name":"hudo","@id":"https:\/\/hudo.com\/si\/#\/schema\/person\/601cf3379633985b20f7e50f2bb47707"},"headline":"Down Under: Kump uvodoma tudi pred Saganom","datePublished":"2017-01-17T07:50:00+00:00","dateModified":"2017-01-17T07:50:00+00:00","mainEntityOfPage":{"@id":"https:\/\/hudo.com\/si\/aktualno\/down-under-kump-uvodoma-tudi-pred-saganom\/"},"wordCount":149,"publisher":{"@id":"https:\/\/hudo.com\/si\/#organization"},"articleSection":["Aktualno"],"inLanguage":"sl-SI"},{"@type":"WebPage","@id":"https:\/\/hudo.com\/si\/aktualno\/down-under-kump-uvodoma-tudi-pred-saganom\/","url":"https:\/\/hudo.com\/si\/aktualno\/down-under-kump-uvodoma-tudi-pred-saganom\/","name":"Down Under: Kump uvodoma tudi pred Saganom - Hudo Slovenija","isPartOf":{"@id":"https:\/\/hudo.com\/si\/#website"},"datePublished":"2017-01-17T07:50:00+00:00","dateModified":"2017-01-17T07:50:00+00:00","breadcrumb":{"@id":"https:\/\/hudo.com\/si\/aktualno\/down-under-kump-uvodoma-tudi-pred-saganom\/#breadcrumb"},"inLanguage":"sl-SI","potentialAction":[{"@type":"ReadAction","target":["https:\/\/hudo.com\/si\/aktualno\/down-under-kump-uvodoma-tudi-pred-saganom\/"]}]},{"@type":"BreadcrumbList","@id":"https:\/\/hudo.com\/si\/aktualno\/down-under-kump-uvodoma-tudi-pred-saganom\/#breadcrumb","itemListElement":[{"@type":"ListItem","position":1,"name":"Home","item":"https:\/\/hudo.com\/si\/"},{"@type":"ListItem","position":2,"name":"Down Under: Kump uvodoma tudi pred Saganom"}]},{"@type":"WebSite","@id":"https:\/\/hudo.com\/si\/#website","url":"https:\/\/hudo.com\/si\/","name":"Hudo Slovenija","description":"Vse novice iz Slovenije in sveta","publisher":{"@id":"https:\/\/hudo.com\/si\/#organization"},"potentialAction":[{"@type":"SearchAction","target":{"@type":"EntryPoint","urlTemplate":"https:\/\/hudo.com\/si\/?s={search_term_string}"},"query-input":"required name=search_term_string"}],"inLanguage":"sl-SI"},{"@type":"Organization","@id":"https:\/\/hudo.com\/si\/#organization","name":"VSN Media","url":"https:\/\/hudo.com\/si\/","logo":{"@type":"ImageObject","inLanguage":"sl-SI","@id":"https:\/\/hudo.com\/si\/#\/schema\/logo\/image\/","url":"https:\/\/hudo.com\/si\/wp-content\/uploads\/sites\/2\/2021\/03\/hudo-app-2.png","contentUrl":"https:\/\/hudo.com\/si\/wp-content\/uploads\/sites\/2\/2021\/03\/hudo-app-2.png","width":2185,"height":2167,"caption":"VSN Media"},"image":{"@id":"https:\/\/hudo.com\/si\/#\/schema\/logo\/image\/"},"sameAs":["https:\/\/www.facebook.com\/hudo.si","https:\/\/twitter.com\/hudo_si"]},{"@type":"Person","@id":"https:\/\/hudo.com\/si\/#\/schema\/person\/601cf3379633985b20f7e50f2bb47707","name":"hudo","image":{"@type":"ImageObject","inLanguage":"sl-SI","@id":"https:\/\/hudo.com\/si\/#\/schema\/person\/image\/","url":"https:\/\/secure.gravatar.com\/avatar\/c4ca25fa72cace7a696b52ff5db9e095?s=96&d=mm&r=g","contentUrl":"https:\/\/secure.gravatar.com\/avatar\/c4ca25fa72cace7a696b52ff5db9e095?s=96&d=mm&r=g","caption":"hudo"},"url":"https:\/\/hudo.com\/si\/author\/hudo\/"}]}},"amp_enabled":true,"_links":{"self":[{"href":"https:\/\/hudo.com\/si\/wp-json\/wp\/v2\/posts\/193269"}],"collection":[{"href":"https:\/\/hudo.com\/si\/wp-json\/wp\/v2\/posts"}],"about":[{"href":"https:\/\/hudo.com\/si\/wp-json\/wp\/v2\/types\/post"}],"author":[{"embeddable":true,"href":"https:\/\/hudo.com\/si\/wp-json\/wp\/v2\/users\/1"}],"replies":[{"embeddable":true,"href":"https:\/\/hudo.com\/si\/wp-json\/wp\/v2\/comments?post=193269"}],"version-history":[{"count":0,"href":"https:\/\/hudo.com\/si\/wp-json\/wp\/v2\/posts\/193269\/revisions"}],"wp:attachment":[{"href":"https:\/\/hudo.com\/si\/wp-json\/wp\/v2\/media?parent=193269"}],"wp:term":[{"taxonomy":"category","embeddable":true,"href":"https:\/\/hudo.com\/si\/wp-json\/wp\/v2\/categories?post=193269"},{"taxonomy":"post_tag","embeddable":true,"href":"https:\/\/hudo.com\/si\/wp-json\/wp\/v2\/tags?post=193269"},{"taxonomy":"source","embeddable":true,"href":"https:\/\/hudo.com\/si\/wp-json\/wp\/v2\/source?post=193269"},{"taxonomy":"supertag","embeddable":true,"href":"https:\/\/hudo.com\/si\/wp-json\/wp\/v2\/supertag?post=193269"}],"curies":[{"name":"wp","href":"https:\/\/api.w.org\/{rel}","templated":true}]}}