{"id":193693,"date":"2017-01-17T16:58:00","date_gmt":"2017-01-17T15:58:00","guid":{"rendered":"http:\/\/hudo.com\/si\/2017\/01\/17\/zaradi-begunskih-otrok-z-zaljivkami-nad-mariborskega-ravnatelja\/"},"modified":"2017-01-17T23:32:17","modified_gmt":"2017-01-17T22:32:17","slug":"zaradi-begunskih-otrok-z-zaljivkami-nad-mariborskega-ravnatelja","status":"publish","type":"post","link":"https:\/\/hudo.com\/si\/aktualno\/zaradi-begunskih-otrok-z-zaljivkami-nad-mariborskega-ravnatelja\/","title":{"rendered":"Zaradi begunskih otrok z \u017ealjivkami nad mariborskega ravnatelja"},"content":{"rendered":"<p>Za zdaj neznani storilci so ravnatelju mariborske Osnovne \u0161ole Martina Kon\u0161aka Damirju Orehovcu te dni prerezali gume na dveh avtomobilih, ob tem pa so se v okolici omenjene \u0161ole na ve\u010d mestih zna\u0161li \u017ealjivi plakati na njegov ra\u010dun. Dogodke je prijavil policiji, domneva pa, da so povezani s tem, da so na \u0161olo sprejeli dru\u017eino s \u0161tirimi otroki, ki je bila prej nastanjena v Logatcu in imajo priznan status beguncev. &#8220;Dru\u017eina se je naselila v na\u0161em okoli\u0161u in po zakonodaji moramo otroke sprejeti v \u0161olo, kar se mi zdi tudi normalno. O\u010ditno nekaterim to ni v\u0161e\u010d, zato so se na neokusen na\u010din spravili name in v okolici \u0161ole so nalepili \u017ealjive plakate in po\u0161kodovali dva avtomobila,&#8221; je pojasnil Orehovec, ki ne \u017eeli ugibati, kdo bi lahko stal za temi dejanji, saj da je to stvar policije. So se pa Orehovca te dni lotili v dru\u0161tvo Hervardi, ki ga vodi Andrej \u0160i\u0161ko, ki je znan nasprotnik migrantov in priseljevanja beguncev. Dru\u0161tvo je zmotilo, da ravnatelj ni nikogar obvestil o novih u\u010dencih na O\u0160 Martina Kon\u0161aka.Maribor<\/p>\n","protected":false},"excerpt":{"rendered":"<p>Za zdaj neznani storilci so ravnatelju mariborske Osnovne \u0161ole Martina Kon\u0161aka Damirju Orehovcu te dni prerezali gume na dveh avtomobilih, ob tem pa so se v okolici omenjene \u0161ole na ve\u010d mestih zna\u0161li \u017ealjivi plakati na njegov ra\u010dun. Dogodke je prijavil policiji, domneva pa, da so povezani s tem, da so na \u0161olo sprejeli dru\u017eino s \u0161tirimi otroki, ki je bila prej nastanjena v Logatcu in imajo priznan status beguncev. &#8220;Dru\u017eina se je naselila v na\u0161em okoli\u0161u in po zakonodaji moramo otroke sprejeti v \u0161olo, kar se mi zdi tudi normalno. O\u010ditno nekaterim to ni v\u0161e\u010d, zato so se na neokusen na\u010din spravili name in v okolici \u0161ole so nalepili \u017ealjive plakate in po\u0161kodovali dva avtomobila,&#8221; je pojasnil Orehovec, ki ne \u017eeli ugibati, kdo bi lahko stal za temi dejanji, saj da je to stvar policije. So se pa Orehovca te dni lotili v dru\u0161tvo Hervardi, ki ga vodi Andrej \u0160i\u0161ko, ki je znan nasprotnik migrantov in priseljevanja beguncev. Dru\u0161tvo je zmotilo, da ravnatelj ni nikogar obvestil o novih u\u010dencih na O\u0160 Martina Kon\u0161aka.Maribor<\/p>\n","protected":false},"author":1,"featured_media":0,"comment_status":"closed","ping_status":"closed","sticky":false,"template":"","format":"standard","meta":{"footnotes":""},"categories":[1179],"tags":[],"source":[1711],"supertag":[],"acf":[],"yoast_head":"<!-- This site is optimized with the Yoast SEO plugin v21.3 - https:\/\/yoast.com\/wordpress\/plugins\/seo\/ -->\n<title>Zaradi begunskih otrok z \u017ealjivkami nad mariborskega ravnatelja - Hudo Slovenija<\/title>\n<meta name=\"robots\" content=\"index, follow, max-snippet:-1, max-image-preview:large, max-video-preview:-1\" \/>\n<link rel=\"canonical\" href=\"https:\/\/hudo.com\/si\/aktualno\/zaradi-begunskih-otrok-z-zaljivkami-nad-mariborskega-ravnatelja\/\" \/>\n<meta property=\"og:locale\" content=\"sl_SI\" \/>\n<meta property=\"og:type\" content=\"article\" \/>\n<meta property=\"og:title\" content=\"Zaradi begunskih otrok z \u017ealjivkami nad mariborskega ravnatelja - Hudo Slovenija\" \/>\n<meta property=\"og:description\" content=\"Za zdaj neznani storilci so ravnatelju mariborske Osnovne \u0161ole Martina Kon\u0161aka Damirju Orehovcu te dni prerezali gume na dveh avtomobilih, ob tem pa so se v okolici omenjene \u0161ole na ve\u010d mestih zna\u0161li \u017ealjivi plakati na njegov ra\u010dun. Dogodke je prijavil policiji, domneva pa, da so povezani s tem, da so na \u0161olo sprejeli dru\u017eino s \u0161tirimi otroki, ki je bila prej nastanjena v Logatcu in imajo priznan status beguncev. &quot;Dru\u017eina se je naselila v na\u0161em okoli\u0161u in po zakonodaji moramo otroke sprejeti v \u0161olo, kar se mi zdi tudi normalno. O\u010ditno nekaterim to ni v\u0161e\u010d, zato so se na neokusen na\u010din spravili name in v okolici \u0161ole so nalepili \u017ealjive plakate in po\u0161kodovali dva avtomobila,&quot; je pojasnil Orehovec, ki ne \u017eeli ugibati, kdo bi lahko stal za temi dejanji, saj da je to stvar policije. So se pa Orehovca te dni lotili v dru\u0161tvo Hervardi, ki ga vodi Andrej \u0160i\u0161ko, ki je znan nasprotnik migrantov in priseljevanja beguncev. Dru\u0161tvo je zmotilo, da ravnatelj ni nikogar obvestil o novih u\u010dencih na O\u0160 Martina Kon\u0161aka.Maribor\" \/>\n<meta property=\"og:url\" content=\"https:\/\/hudo.com\/si\/aktualno\/zaradi-begunskih-otrok-z-zaljivkami-nad-mariborskega-ravnatelja\/\" \/>\n<meta property=\"og:site_name\" content=\"Hudo Slovenija\" \/>\n<meta property=\"article:publisher\" content=\"https:\/\/www.facebook.com\/hudo.si\" \/>\n<meta property=\"article:published_time\" content=\"2017-01-17T15:58:00+00:00\" \/>\n<meta property=\"article:modified_time\" content=\"2017-01-17T22:32:17+00:00\" \/>\n<meta property=\"og:image\" content=\"https:\/\/hudo.com\/si\/wp-content\/uploads\/sites\/2\/2017\/01\/01404333F-300.jpg\" \/>\n\t<meta property=\"og:image:width\" content=\"450\" \/>\n\t<meta property=\"og:image:height\" content=\"340\" \/>\n\t<meta property=\"og:image:type\" content=\"image\/jpeg\" \/>\n<meta name=\"author\" content=\"hudo\" \/>\n<meta name=\"twitter:card\" content=\"summary_large_image\" \/>\n<meta name=\"twitter:creator\" content=\"@hudo_si\" \/>\n<meta name=\"twitter:site\" content=\"@hudo_si\" \/>\n<meta name=\"twitter:label1\" content=\"Written by\" \/>\n\t<meta name=\"twitter:data1\" content=\"hudo\" \/>\n\t<meta name=\"twitter:label2\" content=\"Est. reading time\" \/>\n\t<meta name=\"twitter:data2\" content=\"1 minuta\" \/>\n<script type=\"application\/ld+json\" class=\"yoast-schema-graph\">{\"@context\":\"https:\/\/schema.org\",\"@graph\":[{\"@type\":\"Article\",\"@id\":\"https:\/\/hudo.com\/si\/aktualno\/zaradi-begunskih-otrok-z-zaljivkami-nad-mariborskega-ravnatelja\/#article\",\"isPartOf\":{\"@id\":\"https:\/\/hudo.com\/si\/aktualno\/zaradi-begunskih-otrok-z-zaljivkami-nad-mariborskega-ravnatelja\/\"},\"author\":{\"name\":\"hudo\",\"@id\":\"https:\/\/hudo.com\/si\/#\/schema\/person\/601cf3379633985b20f7e50f2bb47707\"},\"headline\":\"Zaradi begunskih otrok z \u017ealjivkami nad mariborskega ravnatelja\",\"datePublished\":\"2017-01-17T15:58:00+00:00\",\"dateModified\":\"2017-01-17T22:32:17+00:00\",\"mainEntityOfPage\":{\"@id\":\"https:\/\/hudo.com\/si\/aktualno\/zaradi-begunskih-otrok-z-zaljivkami-nad-mariborskega-ravnatelja\/\"},\"wordCount\":199,\"publisher\":{\"@id\":\"https:\/\/hudo.com\/si\/#organization\"},\"articleSection\":[\"Aktualno\"],\"inLanguage\":\"sl-SI\"},{\"@type\":\"WebPage\",\"@id\":\"https:\/\/hudo.com\/si\/aktualno\/zaradi-begunskih-otrok-z-zaljivkami-nad-mariborskega-ravnatelja\/\",\"url\":\"https:\/\/hudo.com\/si\/aktualno\/zaradi-begunskih-otrok-z-zaljivkami-nad-mariborskega-ravnatelja\/\",\"name\":\"Zaradi begunskih otrok z \u017ealjivkami nad mariborskega ravnatelja - Hudo Slovenija\",\"isPartOf\":{\"@id\":\"https:\/\/hudo.com\/si\/#website\"},\"datePublished\":\"2017-01-17T15:58:00+00:00\",\"dateModified\":\"2017-01-17T22:32:17+00:00\",\"breadcrumb\":{\"@id\":\"https:\/\/hudo.com\/si\/aktualno\/zaradi-begunskih-otrok-z-zaljivkami-nad-mariborskega-ravnatelja\/#breadcrumb\"},\"inLanguage\":\"sl-SI\",\"potentialAction\":[{\"@type\":\"ReadAction\",\"target\":[\"https:\/\/hudo.com\/si\/aktualno\/zaradi-begunskih-otrok-z-zaljivkami-nad-mariborskega-ravnatelja\/\"]}]},{\"@type\":\"BreadcrumbList\",\"@id\":\"https:\/\/hudo.com\/si\/aktualno\/zaradi-begunskih-otrok-z-zaljivkami-nad-mariborskega-ravnatelja\/#breadcrumb\",\"itemListElement\":[{\"@type\":\"ListItem\",\"position\":1,\"name\":\"Home\",\"item\":\"https:\/\/hudo.com\/si\/\"},{\"@type\":\"ListItem\",\"position\":2,\"name\":\"Zaradi begunskih otrok z \u017ealjivkami nad mariborskega ravnatelja\"}]},{\"@type\":\"WebSite\",\"@id\":\"https:\/\/hudo.com\/si\/#website\",\"url\":\"https:\/\/hudo.com\/si\/\",\"name\":\"Hudo Slovenija\",\"description\":\"Vse novice iz Slovenije in sveta\",\"publisher\":{\"@id\":\"https:\/\/hudo.com\/si\/#organization\"},\"potentialAction\":[{\"@type\":\"SearchAction\",\"target\":{\"@type\":\"EntryPoint\",\"urlTemplate\":\"https:\/\/hudo.com\/si\/?s={search_term_string}\"},\"query-input\":\"required name=search_term_string\"}],\"inLanguage\":\"sl-SI\"},{\"@type\":\"Organization\",\"@id\":\"https:\/\/hudo.com\/si\/#organization\",\"name\":\"VSN Media\",\"url\":\"https:\/\/hudo.com\/si\/\",\"logo\":{\"@type\":\"ImageObject\",\"inLanguage\":\"sl-SI\",\"@id\":\"https:\/\/hudo.com\/si\/#\/schema\/logo\/image\/\",\"url\":\"https:\/\/hudo.com\/si\/wp-content\/uploads\/sites\/2\/2021\/03\/hudo-app-2.png\",\"contentUrl\":\"https:\/\/hudo.com\/si\/wp-content\/uploads\/sites\/2\/2021\/03\/hudo-app-2.png\",\"width\":2185,\"height\":2167,\"caption\":\"VSN Media\"},\"image\":{\"@id\":\"https:\/\/hudo.com\/si\/#\/schema\/logo\/image\/\"},\"sameAs\":[\"https:\/\/www.facebook.com\/hudo.si\",\"https:\/\/twitter.com\/hudo_si\"]},{\"@type\":\"Person\",\"@id\":\"https:\/\/hudo.com\/si\/#\/schema\/person\/601cf3379633985b20f7e50f2bb47707\",\"name\":\"hudo\",\"image\":{\"@type\":\"ImageObject\",\"inLanguage\":\"sl-SI\",\"@id\":\"https:\/\/hudo.com\/si\/#\/schema\/person\/image\/\",\"url\":\"https:\/\/secure.gravatar.com\/avatar\/c4ca25fa72cace7a696b52ff5db9e095?s=96&d=mm&r=g\",\"contentUrl\":\"https:\/\/secure.gravatar.com\/avatar\/c4ca25fa72cace7a696b52ff5db9e095?s=96&d=mm&r=g\",\"caption\":\"hudo\"},\"url\":\"https:\/\/hudo.com\/si\/author\/hudo\/\"}]}<\/script>\n<!-- \/ Yoast SEO plugin. -->","yoast_head_json":{"title":"Zaradi begunskih otrok z \u017ealjivkami nad mariborskega ravnatelja - Hudo Slovenija","robots":{"index":"index","follow":"follow","max-snippet":"max-snippet:-1","max-image-preview":"max-image-preview:large","max-video-preview":"max-video-preview:-1"},"canonical":"https:\/\/hudo.com\/si\/aktualno\/zaradi-begunskih-otrok-z-zaljivkami-nad-mariborskega-ravnatelja\/","og_locale":"sl_SI","og_type":"article","og_title":"Zaradi begunskih otrok z \u017ealjivkami nad mariborskega ravnatelja - Hudo Slovenija","og_description":"Za zdaj neznani storilci so ravnatelju mariborske Osnovne \u0161ole Martina Kon\u0161aka Damirju Orehovcu te dni prerezali gume na dveh avtomobilih, ob tem pa so se v okolici omenjene \u0161ole na ve\u010d mestih zna\u0161li \u017ealjivi plakati na njegov ra\u010dun. Dogodke je prijavil policiji, domneva pa, da so povezani s tem, da so na \u0161olo sprejeli dru\u017eino s \u0161tirimi otroki, ki je bila prej nastanjena v Logatcu in imajo priznan status beguncev. \"Dru\u017eina se je naselila v na\u0161em okoli\u0161u in po zakonodaji moramo otroke sprejeti v \u0161olo, kar se mi zdi tudi normalno. O\u010ditno nekaterim to ni v\u0161e\u010d, zato so se na neokusen na\u010din spravili name in v okolici \u0161ole so nalepili \u017ealjive plakate in po\u0161kodovali dva avtomobila,\" je pojasnil Orehovec, ki ne \u017eeli ugibati, kdo bi lahko stal za temi dejanji, saj da je to stvar policije. So se pa Orehovca te dni lotili v dru\u0161tvo Hervardi, ki ga vodi Andrej \u0160i\u0161ko, ki je znan nasprotnik migrantov in priseljevanja beguncev. Dru\u0161tvo je zmotilo, da ravnatelj ni nikogar obvestil o novih u\u010dencih na O\u0160 Martina Kon\u0161aka.Maribor","og_url":"https:\/\/hudo.com\/si\/aktualno\/zaradi-begunskih-otrok-z-zaljivkami-nad-mariborskega-ravnatelja\/","og_site_name":"Hudo Slovenija","article_publisher":"https:\/\/www.facebook.com\/hudo.si","article_published_time":"2017-01-17T15:58:00+00:00","article_modified_time":"2017-01-17T22:32:17+00:00","og_image":[{"width":450,"height":340,"url":"https:\/\/hudo.com\/si\/wp-content\/uploads\/sites\/2\/2017\/01\/01404333F-300.jpg","type":"image\/jpeg"}],"author":"hudo","twitter_card":"summary_large_image","twitter_creator":"@hudo_si","twitter_site":"@hudo_si","twitter_misc":{"Written by":"hudo","Est. reading time":"1 minuta"},"schema":{"@context":"https:\/\/schema.org","@graph":[{"@type":"Article","@id":"https:\/\/hudo.com\/si\/aktualno\/zaradi-begunskih-otrok-z-zaljivkami-nad-mariborskega-ravnatelja\/#article","isPartOf":{"@id":"https:\/\/hudo.com\/si\/aktualno\/zaradi-begunskih-otrok-z-zaljivkami-nad-mariborskega-ravnatelja\/"},"author":{"name":"hudo","@id":"https:\/\/hudo.com\/si\/#\/schema\/person\/601cf3379633985b20f7e50f2bb47707"},"headline":"Zaradi begunskih otrok z \u017ealjivkami nad mariborskega ravnatelja","datePublished":"2017-01-17T15:58:00+00:00","dateModified":"2017-01-17T22:32:17+00:00","mainEntityOfPage":{"@id":"https:\/\/hudo.com\/si\/aktualno\/zaradi-begunskih-otrok-z-zaljivkami-nad-mariborskega-ravnatelja\/"},"wordCount":199,"publisher":{"@id":"https:\/\/hudo.com\/si\/#organization"},"articleSection":["Aktualno"],"inLanguage":"sl-SI"},{"@type":"WebPage","@id":"https:\/\/hudo.com\/si\/aktualno\/zaradi-begunskih-otrok-z-zaljivkami-nad-mariborskega-ravnatelja\/","url":"https:\/\/hudo.com\/si\/aktualno\/zaradi-begunskih-otrok-z-zaljivkami-nad-mariborskega-ravnatelja\/","name":"Zaradi begunskih otrok z \u017ealjivkami nad mariborskega ravnatelja - Hudo Slovenija","isPartOf":{"@id":"https:\/\/hudo.com\/si\/#website"},"datePublished":"2017-01-17T15:58:00+00:00","dateModified":"2017-01-17T22:32:17+00:00","breadcrumb":{"@id":"https:\/\/hudo.com\/si\/aktualno\/zaradi-begunskih-otrok-z-zaljivkami-nad-mariborskega-ravnatelja\/#breadcrumb"},"inLanguage":"sl-SI","potentialAction":[{"@type":"ReadAction","target":["https:\/\/hudo.com\/si\/aktualno\/zaradi-begunskih-otrok-z-zaljivkami-nad-mariborskega-ravnatelja\/"]}]},{"@type":"BreadcrumbList","@id":"https:\/\/hudo.com\/si\/aktualno\/zaradi-begunskih-otrok-z-zaljivkami-nad-mariborskega-ravnatelja\/#breadcrumb","itemListElement":[{"@type":"ListItem","position":1,"name":"Home","item":"https:\/\/hudo.com\/si\/"},{"@type":"ListItem","position":2,"name":"Zaradi begunskih otrok z \u017ealjivkami nad mariborskega ravnatelja"}]},{"@type":"WebSite","@id":"https:\/\/hudo.com\/si\/#website","url":"https:\/\/hudo.com\/si\/","name":"Hudo Slovenija","description":"Vse novice iz Slovenije in sveta","publisher":{"@id":"https:\/\/hudo.com\/si\/#organization"},"potentialAction":[{"@type":"SearchAction","target":{"@type":"EntryPoint","urlTemplate":"https:\/\/hudo.com\/si\/?s={search_term_string}"},"query-input":"required name=search_term_string"}],"inLanguage":"sl-SI"},{"@type":"Organization","@id":"https:\/\/hudo.com\/si\/#organization","name":"VSN Media","url":"https:\/\/hudo.com\/si\/","logo":{"@type":"ImageObject","inLanguage":"sl-SI","@id":"https:\/\/hudo.com\/si\/#\/schema\/logo\/image\/","url":"https:\/\/hudo.com\/si\/wp-content\/uploads\/sites\/2\/2021\/03\/hudo-app-2.png","contentUrl":"https:\/\/hudo.com\/si\/wp-content\/uploads\/sites\/2\/2021\/03\/hudo-app-2.png","width":2185,"height":2167,"caption":"VSN Media"},"image":{"@id":"https:\/\/hudo.com\/si\/#\/schema\/logo\/image\/"},"sameAs":["https:\/\/www.facebook.com\/hudo.si","https:\/\/twitter.com\/hudo_si"]},{"@type":"Person","@id":"https:\/\/hudo.com\/si\/#\/schema\/person\/601cf3379633985b20f7e50f2bb47707","name":"hudo","image":{"@type":"ImageObject","inLanguage":"sl-SI","@id":"https:\/\/hudo.com\/si\/#\/schema\/person\/image\/","url":"https:\/\/secure.gravatar.com\/avatar\/c4ca25fa72cace7a696b52ff5db9e095?s=96&d=mm&r=g","contentUrl":"https:\/\/secure.gravatar.com\/avatar\/c4ca25fa72cace7a696b52ff5db9e095?s=96&d=mm&r=g","caption":"hudo"},"url":"https:\/\/hudo.com\/si\/author\/hudo\/"}]}},"amp_enabled":true,"_links":{"self":[{"href":"https:\/\/hudo.com\/si\/wp-json\/wp\/v2\/posts\/193693"}],"collection":[{"href":"https:\/\/hudo.com\/si\/wp-json\/wp\/v2\/posts"}],"about":[{"href":"https:\/\/hudo.com\/si\/wp-json\/wp\/v2\/types\/post"}],"author":[{"embeddable":true,"href":"https:\/\/hudo.com\/si\/wp-json\/wp\/v2\/users\/1"}],"replies":[{"embeddable":true,"href":"https:\/\/hudo.com\/si\/wp-json\/wp\/v2\/comments?post=193693"}],"version-history":[{"count":1,"href":"https:\/\/hudo.com\/si\/wp-json\/wp\/v2\/posts\/193693\/revisions"}],"predecessor-version":[{"id":193740,"href":"https:\/\/hudo.com\/si\/wp-json\/wp\/v2\/posts\/193693\/revisions\/193740"}],"wp:attachment":[{"href":"https:\/\/hudo.com\/si\/wp-json\/wp\/v2\/media?parent=193693"}],"wp:term":[{"taxonomy":"category","embeddable":true,"href":"https:\/\/hudo.com\/si\/wp-json\/wp\/v2\/categories?post=193693"},{"taxonomy":"post_tag","embeddable":true,"href":"https:\/\/hudo.com\/si\/wp-json\/wp\/v2\/tags?post=193693"},{"taxonomy":"source","embeddable":true,"href":"https:\/\/hudo.com\/si\/wp-json\/wp\/v2\/source?post=193693"},{"taxonomy":"supertag","embeddable":true,"href":"https:\/\/hudo.com\/si\/wp-json\/wp\/v2\/supertag?post=193693"}],"curies":[{"name":"wp","href":"https:\/\/api.w.org\/{rel}","templated":true}]}}