{"id":193703,"date":"2017-01-17T16:05:00","date_gmt":"2017-01-17T15:05:00","guid":{"rendered":"http:\/\/hudo.com\/si\/2017\/01\/17\/pravniki-in-nevladniki-kriticni-do-zakona-o-tujcih-jagland-bi-k-nam-poslal-strokovnjake\/"},"modified":"2017-01-17T20:32:36","modified_gmt":"2017-01-17T19:32:36","slug":"pravniki-in-nevladniki-kriticni-do-zakona-o-tujcih-jagland-bi-k-nam-poslal-strokovnjake","status":"publish","type":"post","link":"https:\/\/hudo.com\/si\/aktualno\/pravniki-in-nevladniki-kriticni-do-zakona-o-tujcih-jagland-bi-k-nam-poslal-strokovnjake\/","title":{"rendered":"Pravniki in nevladniki kriti\u010dni do zakona o tujcih, Jagland bi k nam poslal strokovnjake"},"content":{"rendered":"<p>Sprejemanje zakona o tujcih je klju\u010dni trenutek za slovensko dr\u017eavo, je danes opozorila pravna strokovnjakinja Dominika \u0160varc. Poslance, ki bodo glasovali o zakonu, je opozorila na vpra\u0161anje, ali \u017eelimo imeti dr\u017eavo, ki spo\u0161tuje temelje pravne dr\u017eave. &#8220;Odgovornost ni le na poslancih, ampak tudi na dr\u017eavljanih, da povedo, kak\u0161no dr\u017eavo si \u017eelijo.&#8221; V uvodu dana\u0161nje javne razprave, ki jo je organiziral Pravno-informacijski center nevladnih organizacij, je evropska poslanka Tanja Fajon v videonagovoru opozorila, da si bodo v tujini mnogi Slovenijo zapomnili prav zaradi sprejemanja zakona o tujcih. &#8220;Varnost je res vse pomembnej\u0161a tudi za Slovence, zlasti v sedanjem okolju in razmerah. A predlagane spremembe pu\u0161\u010dajo veliko odprtih vpra\u0161anj,&#8221; je dejala.  Opozorila je, da osnutek zakona globoko posega v mednarodno zajam\u010dene \u010dlovekove pravice. &#8220;Slovenija bi s sprejetjem tega zakona kr\u0161ila svoje mednarodne obveznosti.&#8221; Po njenem prepri\u010danju velikih potreb po sprejemu tega zakona ni, Slovenija lahko \u017ee danes v individualnih primerih vra\u010da prosilce za azil v dr\u017eavo vstopa v EU. &#8220;Odsotnost skupne evropske re\u0161itve, ki bi bila po\u0161tena in zakonita, sili tudi Slovenijo v sprejemanje takih re\u0161itev,&#8221; je ugotavljala evropska poslanka. Predstojnica katedre za mednarodno pravo pri ljubljanski pravni fakulteti Vasilka Sancin je izpostavila vpra\u0161anje, kak\u0161ne so mo\u017enosti odpovedi mednarodnih pogodb. Spomnila je, da se mednarodnih pogodb, ki posegajo na podro\u010dje \u010dlovekovih pravic, sploh ne da odpovedati, &#8220;zagotovo pa ne z nekim obvestilom administrativnemu organu neke organizacije&#8221;. &#8220;V Sloveniji imamo ustavo, 53. \u010dlen dolo\u010da hierarhijo pravnih virov, in mednarodne pogodbe so nad zakoni. V primeru sprejetja zakona, ki bi bil v nasprotju z mednarodnimi pogodbami, bi bila Slovenija v konfliktu,&#8221; je dejala. Kot je pojasnila, bi bila edina situacija, v kateri bi lahko razmi\u0161ljali o odstopu od mednarodnih pogodb, izredne razmere. &#8220;A najprej jih je treba razglasiti, \u0161ele potem se lahko dr\u017eava loti<\/p>\n","protected":false},"excerpt":{"rendered":"<p>Sprejemanje zakona o tujcih je klju\u010dni trenutek za slovensko dr\u017eavo, je danes opozorila pravna strokovnjakinja Dominika \u0160varc. Poslance, ki bodo glasovali o zakonu, je opozorila na vpra\u0161anje, ali \u017eelimo imeti dr\u017eavo, ki spo\u0161tuje temelje pravne dr\u017eave. &#8220;Odgovornost ni le na poslancih, ampak tudi na dr\u017eavljanih, da povedo, kak\u0161no dr\u017eavo si \u017eelijo.&#8221; V uvodu dana\u0161nje javne razprave, ki jo je organiziral Pravno-informacijski center nevladnih organizacij, je evropska poslanka Tanja Fajon v videonagovoru opozorila, da si bodo v tujini mnogi Slovenijo zapomnili prav zaradi sprejemanja zakona o tujcih. &#8220;Varnost je res vse pomembnej\u0161a tudi za Slovence, zlasti v sedanjem okolju in razmerah. A predlagane spremembe pu\u0161\u010dajo veliko odprtih vpra\u0161anj,&#8221; je dejala.  Opozorila je, da osnutek zakona globoko posega v mednarodno zajam\u010dene \u010dlovekove pravice. &#8220;Slovenija bi s sprejetjem tega zakona kr\u0161ila svoje mednarodne obveznosti.&#8221; Po njenem prepri\u010danju velikih potreb po sprejemu tega zakona ni, Slovenija lahko \u017ee danes v individualnih primerih vra\u010da prosilce za azil v dr\u017eavo vstopa v EU. &#8220;Odsotnost skupne evropske re\u0161itve, ki bi bila po\u0161tena in zakonita, sili tudi Slovenijo v sprejemanje takih re\u0161itev,&#8221; je ugotavljala evropska poslanka. Predstojnica katedre za mednarodno pravo pri ljubljanski pravni fakulteti Vasilka Sancin je izpostavila vpra\u0161anje, kak\u0161ne so mo\u017enosti odpovedi mednarodnih pogodb. Spomnila je, da se mednarodnih pogodb, ki posegajo na podro\u010dje \u010dlovekovih pravic, sploh ne da odpovedati, &#8220;zagotovo pa ne z nekim obvestilom administrativnemu organu neke organizacije&#8221;. &#8220;V Sloveniji imamo ustavo, 53. \u010dlen dolo\u010da hierarhijo pravnih virov, in mednarodne pogodbe so nad zakoni. V primeru sprejetja zakona, ki bi bil v nasprotju z mednarodnimi pogodbami, bi bila Slovenija v konfliktu,&#8221; je dejala. Kot je pojasnila, bi bila edina situacija, v kateri bi lahko razmi\u0161ljali o odstopu od mednarodnih pogodb, izredne razmere. &#8220;A najprej jih je treba razglasiti, \u0161ele potem se lahko dr\u017eava loti<\/p>\n","protected":false},"author":1,"featured_media":0,"comment_status":"closed","ping_status":"closed","sticky":false,"template":"","format":"standard","meta":{"footnotes":""},"categories":[1179],"tags":[],"source":[1711],"supertag":[],"acf":[],"yoast_head":"<!-- This site is optimized with the Yoast SEO plugin v21.3 - https:\/\/yoast.com\/wordpress\/plugins\/seo\/ -->\n<title>Pravniki in nevladniki kriti\u010dni do zakona o tujcih, Jagland bi k nam poslal strokovnjake - Hudo Slovenija<\/title>\n<meta name=\"robots\" content=\"index, follow, max-snippet:-1, max-image-preview:large, max-video-preview:-1\" \/>\n<link rel=\"canonical\" href=\"https:\/\/hudo.com\/si\/aktualno\/pravniki-in-nevladniki-kriticni-do-zakona-o-tujcih-jagland-bi-k-nam-poslal-strokovnjake\/\" \/>\n<meta property=\"og:locale\" content=\"sl_SI\" \/>\n<meta property=\"og:type\" content=\"article\" \/>\n<meta property=\"og:title\" content=\"Pravniki in nevladniki kriti\u010dni do zakona o tujcih, Jagland bi k nam poslal strokovnjake - Hudo Slovenija\" \/>\n<meta property=\"og:description\" content=\"Sprejemanje zakona o tujcih je klju\u010dni trenutek za slovensko dr\u017eavo, je danes opozorila pravna strokovnjakinja Dominika \u0160varc. Poslance, ki bodo glasovali o zakonu, je opozorila na vpra\u0161anje, ali \u017eelimo imeti dr\u017eavo, ki spo\u0161tuje temelje pravne dr\u017eave. &quot;Odgovornost ni le na poslancih, ampak tudi na dr\u017eavljanih, da povedo, kak\u0161no dr\u017eavo si \u017eelijo.&quot; V uvodu dana\u0161nje javne razprave, ki jo je organiziral Pravno-informacijski center nevladnih organizacij, je evropska poslanka Tanja Fajon v videonagovoru opozorila, da si bodo v tujini mnogi Slovenijo zapomnili prav zaradi sprejemanja zakona o tujcih. &quot;Varnost je res vse pomembnej\u0161a tudi za Slovence, zlasti v sedanjem okolju in razmerah. A predlagane spremembe pu\u0161\u010dajo veliko odprtih vpra\u0161anj,&quot; je dejala. Opozorila je, da osnutek zakona globoko posega v mednarodno zajam\u010dene \u010dlovekove pravice. &quot;Slovenija bi s sprejetjem tega zakona kr\u0161ila svoje mednarodne obveznosti.&quot; Po njenem prepri\u010danju velikih potreb po sprejemu tega zakona ni, Slovenija lahko \u017ee danes v individualnih primerih vra\u010da prosilce za azil v dr\u017eavo vstopa v EU. &quot;Odsotnost skupne evropske re\u0161itve, ki bi bila po\u0161tena in zakonita, sili tudi Slovenijo v sprejemanje takih re\u0161itev,&quot; je ugotavljala evropska poslanka. Predstojnica katedre za mednarodno pravo pri ljubljanski pravni fakulteti Vasilka Sancin je izpostavila vpra\u0161anje, kak\u0161ne so mo\u017enosti odpovedi mednarodnih pogodb. Spomnila je, da se mednarodnih pogodb, ki posegajo na podro\u010dje \u010dlovekovih pravic, sploh ne da odpovedati, &quot;zagotovo pa ne z nekim obvestilom administrativnemu organu neke organizacije&quot;. &quot;V Sloveniji imamo ustavo, 53. \u010dlen dolo\u010da hierarhijo pravnih virov, in mednarodne pogodbe so nad zakoni. V primeru sprejetja zakona, ki bi bil v nasprotju z mednarodnimi pogodbami, bi bila Slovenija v konfliktu,&quot; je dejala. Kot je pojasnila, bi bila edina situacija, v kateri bi lahko razmi\u0161ljali o odstopu od mednarodnih pogodb, izredne razmere. &quot;A najprej jih je treba razglasiti, \u0161ele potem se lahko dr\u017eava loti\" \/>\n<meta property=\"og:url\" content=\"https:\/\/hudo.com\/si\/aktualno\/pravniki-in-nevladniki-kriticni-do-zakona-o-tujcih-jagland-bi-k-nam-poslal-strokovnjake\/\" \/>\n<meta property=\"og:site_name\" content=\"Hudo Slovenija\" \/>\n<meta property=\"article:publisher\" content=\"https:\/\/www.facebook.com\/hudo.si\" \/>\n<meta property=\"article:published_time\" content=\"2017-01-17T15:05:00+00:00\" \/>\n<meta property=\"article:modified_time\" content=\"2017-01-17T19:32:36+00:00\" \/>\n<meta property=\"og:image\" content=\"https:\/\/hudo.com\/si\/wp-content\/uploads\/sites\/2\/2017\/01\/1021epa05535213-300.jpg\" \/>\n\t<meta property=\"og:image:width\" content=\"450\" \/>\n\t<meta property=\"og:image:height\" content=\"396\" \/>\n\t<meta property=\"og:image:type\" content=\"image\/jpeg\" \/>\n<meta name=\"author\" content=\"hudo\" \/>\n<meta name=\"twitter:card\" content=\"summary_large_image\" \/>\n<meta name=\"twitter:creator\" content=\"@hudo_si\" \/>\n<meta name=\"twitter:site\" content=\"@hudo_si\" \/>\n<meta name=\"twitter:label1\" content=\"Written by\" \/>\n\t<meta name=\"twitter:data1\" content=\"hudo\" \/>\n\t<meta name=\"twitter:label2\" content=\"Est. reading time\" \/>\n\t<meta name=\"twitter:data2\" content=\"2 minuti\" \/>\n<script type=\"application\/ld+json\" class=\"yoast-schema-graph\">{\"@context\":\"https:\/\/schema.org\",\"@graph\":[{\"@type\":\"Article\",\"@id\":\"https:\/\/hudo.com\/si\/aktualno\/pravniki-in-nevladniki-kriticni-do-zakona-o-tujcih-jagland-bi-k-nam-poslal-strokovnjake\/#article\",\"isPartOf\":{\"@id\":\"https:\/\/hudo.com\/si\/aktualno\/pravniki-in-nevladniki-kriticni-do-zakona-o-tujcih-jagland-bi-k-nam-poslal-strokovnjake\/\"},\"author\":{\"name\":\"hudo\",\"@id\":\"https:\/\/hudo.com\/si\/#\/schema\/person\/601cf3379633985b20f7e50f2bb47707\"},\"headline\":\"Pravniki in nevladniki kriti\u010dni do zakona o tujcih, Jagland bi k nam poslal strokovnjake\",\"datePublished\":\"2017-01-17T15:05:00+00:00\",\"dateModified\":\"2017-01-17T19:32:36+00:00\",\"mainEntityOfPage\":{\"@id\":\"https:\/\/hudo.com\/si\/aktualno\/pravniki-in-nevladniki-kriticni-do-zakona-o-tujcih-jagland-bi-k-nam-poslal-strokovnjake\/\"},\"wordCount\":332,\"publisher\":{\"@id\":\"https:\/\/hudo.com\/si\/#organization\"},\"articleSection\":[\"Aktualno\"],\"inLanguage\":\"sl-SI\"},{\"@type\":\"WebPage\",\"@id\":\"https:\/\/hudo.com\/si\/aktualno\/pravniki-in-nevladniki-kriticni-do-zakona-o-tujcih-jagland-bi-k-nam-poslal-strokovnjake\/\",\"url\":\"https:\/\/hudo.com\/si\/aktualno\/pravniki-in-nevladniki-kriticni-do-zakona-o-tujcih-jagland-bi-k-nam-poslal-strokovnjake\/\",\"name\":\"Pravniki in nevladniki kriti\u010dni do zakona o tujcih, Jagland bi k nam poslal strokovnjake - Hudo Slovenija\",\"isPartOf\":{\"@id\":\"https:\/\/hudo.com\/si\/#website\"},\"datePublished\":\"2017-01-17T15:05:00+00:00\",\"dateModified\":\"2017-01-17T19:32:36+00:00\",\"breadcrumb\":{\"@id\":\"https:\/\/hudo.com\/si\/aktualno\/pravniki-in-nevladniki-kriticni-do-zakona-o-tujcih-jagland-bi-k-nam-poslal-strokovnjake\/#breadcrumb\"},\"inLanguage\":\"sl-SI\",\"potentialAction\":[{\"@type\":\"ReadAction\",\"target\":[\"https:\/\/hudo.com\/si\/aktualno\/pravniki-in-nevladniki-kriticni-do-zakona-o-tujcih-jagland-bi-k-nam-poslal-strokovnjake\/\"]}]},{\"@type\":\"BreadcrumbList\",\"@id\":\"https:\/\/hudo.com\/si\/aktualno\/pravniki-in-nevladniki-kriticni-do-zakona-o-tujcih-jagland-bi-k-nam-poslal-strokovnjake\/#breadcrumb\",\"itemListElement\":[{\"@type\":\"ListItem\",\"position\":1,\"name\":\"Home\",\"item\":\"https:\/\/hudo.com\/si\/\"},{\"@type\":\"ListItem\",\"position\":2,\"name\":\"Pravniki in nevladniki kriti\u010dni do zakona o tujcih, Jagland bi k nam poslal strokovnjake\"}]},{\"@type\":\"WebSite\",\"@id\":\"https:\/\/hudo.com\/si\/#website\",\"url\":\"https:\/\/hudo.com\/si\/\",\"name\":\"Hudo Slovenija\",\"description\":\"Vse novice iz Slovenije in sveta\",\"publisher\":{\"@id\":\"https:\/\/hudo.com\/si\/#organization\"},\"potentialAction\":[{\"@type\":\"SearchAction\",\"target\":{\"@type\":\"EntryPoint\",\"urlTemplate\":\"https:\/\/hudo.com\/si\/?s={search_term_string}\"},\"query-input\":\"required name=search_term_string\"}],\"inLanguage\":\"sl-SI\"},{\"@type\":\"Organization\",\"@id\":\"https:\/\/hudo.com\/si\/#organization\",\"name\":\"VSN Media\",\"url\":\"https:\/\/hudo.com\/si\/\",\"logo\":{\"@type\":\"ImageObject\",\"inLanguage\":\"sl-SI\",\"@id\":\"https:\/\/hudo.com\/si\/#\/schema\/logo\/image\/\",\"url\":\"https:\/\/hudo.com\/si\/wp-content\/uploads\/sites\/2\/2021\/03\/hudo-app-2.png\",\"contentUrl\":\"https:\/\/hudo.com\/si\/wp-content\/uploads\/sites\/2\/2021\/03\/hudo-app-2.png\",\"width\":2185,\"height\":2167,\"caption\":\"VSN Media\"},\"image\":{\"@id\":\"https:\/\/hudo.com\/si\/#\/schema\/logo\/image\/\"},\"sameAs\":[\"https:\/\/www.facebook.com\/hudo.si\",\"https:\/\/twitter.com\/hudo_si\"]},{\"@type\":\"Person\",\"@id\":\"https:\/\/hudo.com\/si\/#\/schema\/person\/601cf3379633985b20f7e50f2bb47707\",\"name\":\"hudo\",\"image\":{\"@type\":\"ImageObject\",\"inLanguage\":\"sl-SI\",\"@id\":\"https:\/\/hudo.com\/si\/#\/schema\/person\/image\/\",\"url\":\"https:\/\/secure.gravatar.com\/avatar\/c4ca25fa72cace7a696b52ff5db9e095?s=96&d=mm&r=g\",\"contentUrl\":\"https:\/\/secure.gravatar.com\/avatar\/c4ca25fa72cace7a696b52ff5db9e095?s=96&d=mm&r=g\",\"caption\":\"hudo\"},\"url\":\"https:\/\/hudo.com\/si\/author\/hudo\/\"}]}<\/script>\n<!-- \/ Yoast SEO plugin. -->","yoast_head_json":{"title":"Pravniki in nevladniki kriti\u010dni do zakona o tujcih, Jagland bi k nam poslal strokovnjake - Hudo Slovenija","robots":{"index":"index","follow":"follow","max-snippet":"max-snippet:-1","max-image-preview":"max-image-preview:large","max-video-preview":"max-video-preview:-1"},"canonical":"https:\/\/hudo.com\/si\/aktualno\/pravniki-in-nevladniki-kriticni-do-zakona-o-tujcih-jagland-bi-k-nam-poslal-strokovnjake\/","og_locale":"sl_SI","og_type":"article","og_title":"Pravniki in nevladniki kriti\u010dni do zakona o tujcih, Jagland bi k nam poslal strokovnjake - Hudo Slovenija","og_description":"Sprejemanje zakona o tujcih je klju\u010dni trenutek za slovensko dr\u017eavo, je danes opozorila pravna strokovnjakinja Dominika \u0160varc. Poslance, ki bodo glasovali o zakonu, je opozorila na vpra\u0161anje, ali \u017eelimo imeti dr\u017eavo, ki spo\u0161tuje temelje pravne dr\u017eave. \"Odgovornost ni le na poslancih, ampak tudi na dr\u017eavljanih, da povedo, kak\u0161no dr\u017eavo si \u017eelijo.\" V uvodu dana\u0161nje javne razprave, ki jo je organiziral Pravno-informacijski center nevladnih organizacij, je evropska poslanka Tanja Fajon v videonagovoru opozorila, da si bodo v tujini mnogi Slovenijo zapomnili prav zaradi sprejemanja zakona o tujcih. \"Varnost je res vse pomembnej\u0161a tudi za Slovence, zlasti v sedanjem okolju in razmerah. A predlagane spremembe pu\u0161\u010dajo veliko odprtih vpra\u0161anj,\" je dejala. Opozorila je, da osnutek zakona globoko posega v mednarodno zajam\u010dene \u010dlovekove pravice. \"Slovenija bi s sprejetjem tega zakona kr\u0161ila svoje mednarodne obveznosti.\" Po njenem prepri\u010danju velikih potreb po sprejemu tega zakona ni, Slovenija lahko \u017ee danes v individualnih primerih vra\u010da prosilce za azil v dr\u017eavo vstopa v EU. \"Odsotnost skupne evropske re\u0161itve, ki bi bila po\u0161tena in zakonita, sili tudi Slovenijo v sprejemanje takih re\u0161itev,\" je ugotavljala evropska poslanka. Predstojnica katedre za mednarodno pravo pri ljubljanski pravni fakulteti Vasilka Sancin je izpostavila vpra\u0161anje, kak\u0161ne so mo\u017enosti odpovedi mednarodnih pogodb. Spomnila je, da se mednarodnih pogodb, ki posegajo na podro\u010dje \u010dlovekovih pravic, sploh ne da odpovedati, \"zagotovo pa ne z nekim obvestilom administrativnemu organu neke organizacije\". \"V Sloveniji imamo ustavo, 53. \u010dlen dolo\u010da hierarhijo pravnih virov, in mednarodne pogodbe so nad zakoni. V primeru sprejetja zakona, ki bi bil v nasprotju z mednarodnimi pogodbami, bi bila Slovenija v konfliktu,\" je dejala. Kot je pojasnila, bi bila edina situacija, v kateri bi lahko razmi\u0161ljali o odstopu od mednarodnih pogodb, izredne razmere. \"A najprej jih je treba razglasiti, \u0161ele potem se lahko dr\u017eava loti","og_url":"https:\/\/hudo.com\/si\/aktualno\/pravniki-in-nevladniki-kriticni-do-zakona-o-tujcih-jagland-bi-k-nam-poslal-strokovnjake\/","og_site_name":"Hudo Slovenija","article_publisher":"https:\/\/www.facebook.com\/hudo.si","article_published_time":"2017-01-17T15:05:00+00:00","article_modified_time":"2017-01-17T19:32:36+00:00","og_image":[{"width":450,"height":396,"url":"https:\/\/hudo.com\/si\/wp-content\/uploads\/sites\/2\/2017\/01\/1021epa05535213-300.jpg","type":"image\/jpeg"}],"author":"hudo","twitter_card":"summary_large_image","twitter_creator":"@hudo_si","twitter_site":"@hudo_si","twitter_misc":{"Written by":"hudo","Est. reading time":"2 minuti"},"schema":{"@context":"https:\/\/schema.org","@graph":[{"@type":"Article","@id":"https:\/\/hudo.com\/si\/aktualno\/pravniki-in-nevladniki-kriticni-do-zakona-o-tujcih-jagland-bi-k-nam-poslal-strokovnjake\/#article","isPartOf":{"@id":"https:\/\/hudo.com\/si\/aktualno\/pravniki-in-nevladniki-kriticni-do-zakona-o-tujcih-jagland-bi-k-nam-poslal-strokovnjake\/"},"author":{"name":"hudo","@id":"https:\/\/hudo.com\/si\/#\/schema\/person\/601cf3379633985b20f7e50f2bb47707"},"headline":"Pravniki in nevladniki kriti\u010dni do zakona o tujcih, Jagland bi k nam poslal strokovnjake","datePublished":"2017-01-17T15:05:00+00:00","dateModified":"2017-01-17T19:32:36+00:00","mainEntityOfPage":{"@id":"https:\/\/hudo.com\/si\/aktualno\/pravniki-in-nevladniki-kriticni-do-zakona-o-tujcih-jagland-bi-k-nam-poslal-strokovnjake\/"},"wordCount":332,"publisher":{"@id":"https:\/\/hudo.com\/si\/#organization"},"articleSection":["Aktualno"],"inLanguage":"sl-SI"},{"@type":"WebPage","@id":"https:\/\/hudo.com\/si\/aktualno\/pravniki-in-nevladniki-kriticni-do-zakona-o-tujcih-jagland-bi-k-nam-poslal-strokovnjake\/","url":"https:\/\/hudo.com\/si\/aktualno\/pravniki-in-nevladniki-kriticni-do-zakona-o-tujcih-jagland-bi-k-nam-poslal-strokovnjake\/","name":"Pravniki in nevladniki kriti\u010dni do zakona o tujcih, Jagland bi k nam poslal strokovnjake - Hudo Slovenija","isPartOf":{"@id":"https:\/\/hudo.com\/si\/#website"},"datePublished":"2017-01-17T15:05:00+00:00","dateModified":"2017-01-17T19:32:36+00:00","breadcrumb":{"@id":"https:\/\/hudo.com\/si\/aktualno\/pravniki-in-nevladniki-kriticni-do-zakona-o-tujcih-jagland-bi-k-nam-poslal-strokovnjake\/#breadcrumb"},"inLanguage":"sl-SI","potentialAction":[{"@type":"ReadAction","target":["https:\/\/hudo.com\/si\/aktualno\/pravniki-in-nevladniki-kriticni-do-zakona-o-tujcih-jagland-bi-k-nam-poslal-strokovnjake\/"]}]},{"@type":"BreadcrumbList","@id":"https:\/\/hudo.com\/si\/aktualno\/pravniki-in-nevladniki-kriticni-do-zakona-o-tujcih-jagland-bi-k-nam-poslal-strokovnjake\/#breadcrumb","itemListElement":[{"@type":"ListItem","position":1,"name":"Home","item":"https:\/\/hudo.com\/si\/"},{"@type":"ListItem","position":2,"name":"Pravniki in nevladniki kriti\u010dni do zakona o tujcih, Jagland bi k nam poslal strokovnjake"}]},{"@type":"WebSite","@id":"https:\/\/hudo.com\/si\/#website","url":"https:\/\/hudo.com\/si\/","name":"Hudo Slovenija","description":"Vse novice iz Slovenije in sveta","publisher":{"@id":"https:\/\/hudo.com\/si\/#organization"},"potentialAction":[{"@type":"SearchAction","target":{"@type":"EntryPoint","urlTemplate":"https:\/\/hudo.com\/si\/?s={search_term_string}"},"query-input":"required name=search_term_string"}],"inLanguage":"sl-SI"},{"@type":"Organization","@id":"https:\/\/hudo.com\/si\/#organization","name":"VSN Media","url":"https:\/\/hudo.com\/si\/","logo":{"@type":"ImageObject","inLanguage":"sl-SI","@id":"https:\/\/hudo.com\/si\/#\/schema\/logo\/image\/","url":"https:\/\/hudo.com\/si\/wp-content\/uploads\/sites\/2\/2021\/03\/hudo-app-2.png","contentUrl":"https:\/\/hudo.com\/si\/wp-content\/uploads\/sites\/2\/2021\/03\/hudo-app-2.png","width":2185,"height":2167,"caption":"VSN Media"},"image":{"@id":"https:\/\/hudo.com\/si\/#\/schema\/logo\/image\/"},"sameAs":["https:\/\/www.facebook.com\/hudo.si","https:\/\/twitter.com\/hudo_si"]},{"@type":"Person","@id":"https:\/\/hudo.com\/si\/#\/schema\/person\/601cf3379633985b20f7e50f2bb47707","name":"hudo","image":{"@type":"ImageObject","inLanguage":"sl-SI","@id":"https:\/\/hudo.com\/si\/#\/schema\/person\/image\/","url":"https:\/\/secure.gravatar.com\/avatar\/c4ca25fa72cace7a696b52ff5db9e095?s=96&d=mm&r=g","contentUrl":"https:\/\/secure.gravatar.com\/avatar\/c4ca25fa72cace7a696b52ff5db9e095?s=96&d=mm&r=g","caption":"hudo"},"url":"https:\/\/hudo.com\/si\/author\/hudo\/"}]}},"amp_enabled":true,"_links":{"self":[{"href":"https:\/\/hudo.com\/si\/wp-json\/wp\/v2\/posts\/193703"}],"collection":[{"href":"https:\/\/hudo.com\/si\/wp-json\/wp\/v2\/posts"}],"about":[{"href":"https:\/\/hudo.com\/si\/wp-json\/wp\/v2\/types\/post"}],"author":[{"embeddable":true,"href":"https:\/\/hudo.com\/si\/wp-json\/wp\/v2\/users\/1"}],"replies":[{"embeddable":true,"href":"https:\/\/hudo.com\/si\/wp-json\/wp\/v2\/comments?post=193703"}],"version-history":[{"count":1,"href":"https:\/\/hudo.com\/si\/wp-json\/wp\/v2\/posts\/193703\/revisions"}],"predecessor-version":[{"id":193762,"href":"https:\/\/hudo.com\/si\/wp-json\/wp\/v2\/posts\/193703\/revisions\/193762"}],"wp:attachment":[{"href":"https:\/\/hudo.com\/si\/wp-json\/wp\/v2\/media?parent=193703"}],"wp:term":[{"taxonomy":"category","embeddable":true,"href":"https:\/\/hudo.com\/si\/wp-json\/wp\/v2\/categories?post=193703"},{"taxonomy":"post_tag","embeddable":true,"href":"https:\/\/hudo.com\/si\/wp-json\/wp\/v2\/tags?post=193703"},{"taxonomy":"source","embeddable":true,"href":"https:\/\/hudo.com\/si\/wp-json\/wp\/v2\/source?post=193703"},{"taxonomy":"supertag","embeddable":true,"href":"https:\/\/hudo.com\/si\/wp-json\/wp\/v2\/supertag?post=193703"}],"curies":[{"name":"wp","href":"https:\/\/api.w.org\/{rel}","templated":true}]}}