{"id":193735,"date":"2017-01-17T17:17:50","date_gmt":"2017-01-17T16:17:50","guid":{"rendered":"http:\/\/hudo.com\/si\/2017\/01\/17\/mariborcan-bo-moral-pred-sodnika-ker-je-fotografiral-policista-v-prekrsku\/"},"modified":"2017-01-17T23:32:01","modified_gmt":"2017-01-17T22:32:01","slug":"mariborcan-bo-moral-pred-sodnika-ker-je-fotografiral-policista-v-prekrsku","status":"publish","type":"post","link":"https:\/\/hudo.com\/si\/aktualno\/mariborcan-bo-moral-pred-sodnika-ker-je-fotografiral-policista-v-prekrsku\/","title":{"rendered":"Maribor\u010dan bo moral pred sodnika, ker je fotografiral policista v prekr\u0161ku"},"content":{"rendered":"<p>Zaradi fotografije, ki jo je Maribor\u010dan posnel na ulici in nato objavil na Facebooku, se bo moral, kot ka\u017ee, zagovarjati pred policisti in celo sodnikom, poro\u010da \u017durnal24.si.The post Maribor\u010dan bo moral pred sodnika, ker je fotografiral policista v prekr\u0161ku appeared first on maribor24.si.<\/p>\n","protected":false},"excerpt":{"rendered":"<p>Zaradi fotografije, ki jo je Maribor\u010dan posnel na ulici in nato objavil na Facebooku, se bo moral, kot ka\u017ee, zagovarjati pred policisti in celo sodnikom, poro\u010da \u017durnal24.si.The post Maribor\u010dan bo moral pred sodnika, ker je fotografiral policista v prekr\u0161ku appeared first on maribor24.si.<\/p>\n","protected":false},"author":1,"featured_media":0,"comment_status":"closed","ping_status":"closed","sticky":false,"template":"","format":"standard","meta":{"footnotes":""},"categories":[1179],"tags":[],"source":[1712],"supertag":[],"acf":[],"yoast_head":"<!-- This site is optimized with the Yoast SEO plugin v21.3 - https:\/\/yoast.com\/wordpress\/plugins\/seo\/ -->\n<title>Maribor\u010dan bo moral pred sodnika, ker je fotografiral policista v prekr\u0161ku - Hudo Slovenija<\/title>\n<meta name=\"robots\" content=\"index, follow, max-snippet:-1, max-image-preview:large, max-video-preview:-1\" \/>\n<link rel=\"canonical\" href=\"https:\/\/hudo.com\/si\/aktualno\/mariborcan-bo-moral-pred-sodnika-ker-je-fotografiral-policista-v-prekrsku\/\" \/>\n<meta property=\"og:locale\" content=\"sl_SI\" \/>\n<meta property=\"og:type\" content=\"article\" \/>\n<meta property=\"og:title\" content=\"Maribor\u010dan bo moral pred sodnika, ker je fotografiral policista v prekr\u0161ku - Hudo Slovenija\" \/>\n<meta property=\"og:description\" content=\"Zaradi fotografije, ki jo je Maribor\u010dan posnel na ulici in nato objavil na Facebooku, se bo moral, kot ka\u017ee, zagovarjati pred policisti in celo sodnikom, poro\u010da \u017durnal24.si.The post Maribor\u010dan bo moral pred sodnika, ker je fotografiral policista v prekr\u0161ku appeared first on maribor24.si.\" \/>\n<meta property=\"og:url\" content=\"https:\/\/hudo.com\/si\/aktualno\/mariborcan-bo-moral-pred-sodnika-ker-je-fotografiral-policista-v-prekrsku\/\" \/>\n<meta property=\"og:site_name\" content=\"Hudo Slovenija\" \/>\n<meta property=\"article:publisher\" content=\"https:\/\/www.facebook.com\/hudo.si\" \/>\n<meta property=\"article:published_time\" content=\"2017-01-17T16:17:50+00:00\" \/>\n<meta property=\"article:modified_time\" content=\"2017-01-17T22:32:01+00:00\" \/>\n<meta property=\"og:image\" content=\"https:\/\/hudo.com\/si\/wp-content\/uploads\/sites\/2\/2017\/01\/kolo_kolesar_kolesarjenje.jpg\" \/>\n\t<meta property=\"og:image:width\" content=\"2124\" \/>\n\t<meta property=\"og:image:height\" content=\"1413\" \/>\n\t<meta property=\"og:image:type\" content=\"image\/jpeg\" \/>\n<meta name=\"author\" content=\"hudo\" \/>\n<meta name=\"twitter:card\" content=\"summary_large_image\" \/>\n<meta name=\"twitter:creator\" content=\"@hudo_si\" \/>\n<meta name=\"twitter:site\" content=\"@hudo_si\" \/>\n<meta name=\"twitter:label1\" content=\"Written by\" \/>\n\t<meta name=\"twitter:data1\" content=\"hudo\" \/>\n<script type=\"application\/ld+json\" class=\"yoast-schema-graph\">{\"@context\":\"https:\/\/schema.org\",\"@graph\":[{\"@type\":\"Article\",\"@id\":\"https:\/\/hudo.com\/si\/aktualno\/mariborcan-bo-moral-pred-sodnika-ker-je-fotografiral-policista-v-prekrsku\/#article\",\"isPartOf\":{\"@id\":\"https:\/\/hudo.com\/si\/aktualno\/mariborcan-bo-moral-pred-sodnika-ker-je-fotografiral-policista-v-prekrsku\/\"},\"author\":{\"name\":\"hudo\",\"@id\":\"https:\/\/hudo.com\/si\/#\/schema\/person\/601cf3379633985b20f7e50f2bb47707\"},\"headline\":\"Maribor\u010dan bo moral pred sodnika, ker je fotografiral policista v prekr\u0161ku\",\"datePublished\":\"2017-01-17T16:17:50+00:00\",\"dateModified\":\"2017-01-17T22:32:01+00:00\",\"mainEntityOfPage\":{\"@id\":\"https:\/\/hudo.com\/si\/aktualno\/mariborcan-bo-moral-pred-sodnika-ker-je-fotografiral-policista-v-prekrsku\/\"},\"wordCount\":64,\"publisher\":{\"@id\":\"https:\/\/hudo.com\/si\/#organization\"},\"articleSection\":[\"Aktualno\"],\"inLanguage\":\"sl-SI\"},{\"@type\":\"WebPage\",\"@id\":\"https:\/\/hudo.com\/si\/aktualno\/mariborcan-bo-moral-pred-sodnika-ker-je-fotografiral-policista-v-prekrsku\/\",\"url\":\"https:\/\/hudo.com\/si\/aktualno\/mariborcan-bo-moral-pred-sodnika-ker-je-fotografiral-policista-v-prekrsku\/\",\"name\":\"Maribor\u010dan bo moral pred sodnika, ker je fotografiral policista v prekr\u0161ku - Hudo Slovenija\",\"isPartOf\":{\"@id\":\"https:\/\/hudo.com\/si\/#website\"},\"datePublished\":\"2017-01-17T16:17:50+00:00\",\"dateModified\":\"2017-01-17T22:32:01+00:00\",\"breadcrumb\":{\"@id\":\"https:\/\/hudo.com\/si\/aktualno\/mariborcan-bo-moral-pred-sodnika-ker-je-fotografiral-policista-v-prekrsku\/#breadcrumb\"},\"inLanguage\":\"sl-SI\",\"potentialAction\":[{\"@type\":\"ReadAction\",\"target\":[\"https:\/\/hudo.com\/si\/aktualno\/mariborcan-bo-moral-pred-sodnika-ker-je-fotografiral-policista-v-prekrsku\/\"]}]},{\"@type\":\"BreadcrumbList\",\"@id\":\"https:\/\/hudo.com\/si\/aktualno\/mariborcan-bo-moral-pred-sodnika-ker-je-fotografiral-policista-v-prekrsku\/#breadcrumb\",\"itemListElement\":[{\"@type\":\"ListItem\",\"position\":1,\"name\":\"Home\",\"item\":\"https:\/\/hudo.com\/si\/\"},{\"@type\":\"ListItem\",\"position\":2,\"name\":\"Maribor\u010dan bo moral pred sodnika, ker je fotografiral policista v prekr\u0161ku\"}]},{\"@type\":\"WebSite\",\"@id\":\"https:\/\/hudo.com\/si\/#website\",\"url\":\"https:\/\/hudo.com\/si\/\",\"name\":\"Hudo Slovenija\",\"description\":\"Vse novice iz Slovenije in sveta\",\"publisher\":{\"@id\":\"https:\/\/hudo.com\/si\/#organization\"},\"potentialAction\":[{\"@type\":\"SearchAction\",\"target\":{\"@type\":\"EntryPoint\",\"urlTemplate\":\"https:\/\/hudo.com\/si\/?s={search_term_string}\"},\"query-input\":\"required name=search_term_string\"}],\"inLanguage\":\"sl-SI\"},{\"@type\":\"Organization\",\"@id\":\"https:\/\/hudo.com\/si\/#organization\",\"name\":\"VSN Media\",\"url\":\"https:\/\/hudo.com\/si\/\",\"logo\":{\"@type\":\"ImageObject\",\"inLanguage\":\"sl-SI\",\"@id\":\"https:\/\/hudo.com\/si\/#\/schema\/logo\/image\/\",\"url\":\"https:\/\/hudo.com\/si\/wp-content\/uploads\/sites\/2\/2021\/03\/hudo-app-2.png\",\"contentUrl\":\"https:\/\/hudo.com\/si\/wp-content\/uploads\/sites\/2\/2021\/03\/hudo-app-2.png\",\"width\":2185,\"height\":2167,\"caption\":\"VSN Media\"},\"image\":{\"@id\":\"https:\/\/hudo.com\/si\/#\/schema\/logo\/image\/\"},\"sameAs\":[\"https:\/\/www.facebook.com\/hudo.si\",\"https:\/\/twitter.com\/hudo_si\"]},{\"@type\":\"Person\",\"@id\":\"https:\/\/hudo.com\/si\/#\/schema\/person\/601cf3379633985b20f7e50f2bb47707\",\"name\":\"hudo\",\"image\":{\"@type\":\"ImageObject\",\"inLanguage\":\"sl-SI\",\"@id\":\"https:\/\/hudo.com\/si\/#\/schema\/person\/image\/\",\"url\":\"https:\/\/secure.gravatar.com\/avatar\/c4ca25fa72cace7a696b52ff5db9e095?s=96&d=mm&r=g\",\"contentUrl\":\"https:\/\/secure.gravatar.com\/avatar\/c4ca25fa72cace7a696b52ff5db9e095?s=96&d=mm&r=g\",\"caption\":\"hudo\"},\"url\":\"https:\/\/hudo.com\/si\/author\/hudo\/\"}]}<\/script>\n<!-- \/ Yoast SEO plugin. -->","yoast_head_json":{"title":"Maribor\u010dan bo moral pred sodnika, ker je fotografiral policista v prekr\u0161ku - Hudo Slovenija","robots":{"index":"index","follow":"follow","max-snippet":"max-snippet:-1","max-image-preview":"max-image-preview:large","max-video-preview":"max-video-preview:-1"},"canonical":"https:\/\/hudo.com\/si\/aktualno\/mariborcan-bo-moral-pred-sodnika-ker-je-fotografiral-policista-v-prekrsku\/","og_locale":"sl_SI","og_type":"article","og_title":"Maribor\u010dan bo moral pred sodnika, ker je fotografiral policista v prekr\u0161ku - Hudo Slovenija","og_description":"Zaradi fotografije, ki jo je Maribor\u010dan posnel na ulici in nato objavil na Facebooku, se bo moral, kot ka\u017ee, zagovarjati pred policisti in celo sodnikom, poro\u010da \u017durnal24.si.The post Maribor\u010dan bo moral pred sodnika, ker je fotografiral policista v prekr\u0161ku appeared first on maribor24.si.","og_url":"https:\/\/hudo.com\/si\/aktualno\/mariborcan-bo-moral-pred-sodnika-ker-je-fotografiral-policista-v-prekrsku\/","og_site_name":"Hudo Slovenija","article_publisher":"https:\/\/www.facebook.com\/hudo.si","article_published_time":"2017-01-17T16:17:50+00:00","article_modified_time":"2017-01-17T22:32:01+00:00","og_image":[{"width":2124,"height":1413,"url":"https:\/\/hudo.com\/si\/wp-content\/uploads\/sites\/2\/2017\/01\/kolo_kolesar_kolesarjenje.jpg","type":"image\/jpeg"}],"author":"hudo","twitter_card":"summary_large_image","twitter_creator":"@hudo_si","twitter_site":"@hudo_si","twitter_misc":{"Written by":"hudo"},"schema":{"@context":"https:\/\/schema.org","@graph":[{"@type":"Article","@id":"https:\/\/hudo.com\/si\/aktualno\/mariborcan-bo-moral-pred-sodnika-ker-je-fotografiral-policista-v-prekrsku\/#article","isPartOf":{"@id":"https:\/\/hudo.com\/si\/aktualno\/mariborcan-bo-moral-pred-sodnika-ker-je-fotografiral-policista-v-prekrsku\/"},"author":{"name":"hudo","@id":"https:\/\/hudo.com\/si\/#\/schema\/person\/601cf3379633985b20f7e50f2bb47707"},"headline":"Maribor\u010dan bo moral pred sodnika, ker je fotografiral policista v prekr\u0161ku","datePublished":"2017-01-17T16:17:50+00:00","dateModified":"2017-01-17T22:32:01+00:00","mainEntityOfPage":{"@id":"https:\/\/hudo.com\/si\/aktualno\/mariborcan-bo-moral-pred-sodnika-ker-je-fotografiral-policista-v-prekrsku\/"},"wordCount":64,"publisher":{"@id":"https:\/\/hudo.com\/si\/#organization"},"articleSection":["Aktualno"],"inLanguage":"sl-SI"},{"@type":"WebPage","@id":"https:\/\/hudo.com\/si\/aktualno\/mariborcan-bo-moral-pred-sodnika-ker-je-fotografiral-policista-v-prekrsku\/","url":"https:\/\/hudo.com\/si\/aktualno\/mariborcan-bo-moral-pred-sodnika-ker-je-fotografiral-policista-v-prekrsku\/","name":"Maribor\u010dan bo moral pred sodnika, ker je fotografiral policista v prekr\u0161ku - Hudo Slovenija","isPartOf":{"@id":"https:\/\/hudo.com\/si\/#website"},"datePublished":"2017-01-17T16:17:50+00:00","dateModified":"2017-01-17T22:32:01+00:00","breadcrumb":{"@id":"https:\/\/hudo.com\/si\/aktualno\/mariborcan-bo-moral-pred-sodnika-ker-je-fotografiral-policista-v-prekrsku\/#breadcrumb"},"inLanguage":"sl-SI","potentialAction":[{"@type":"ReadAction","target":["https:\/\/hudo.com\/si\/aktualno\/mariborcan-bo-moral-pred-sodnika-ker-je-fotografiral-policista-v-prekrsku\/"]}]},{"@type":"BreadcrumbList","@id":"https:\/\/hudo.com\/si\/aktualno\/mariborcan-bo-moral-pred-sodnika-ker-je-fotografiral-policista-v-prekrsku\/#breadcrumb","itemListElement":[{"@type":"ListItem","position":1,"name":"Home","item":"https:\/\/hudo.com\/si\/"},{"@type":"ListItem","position":2,"name":"Maribor\u010dan bo moral pred sodnika, ker je fotografiral policista v prekr\u0161ku"}]},{"@type":"WebSite","@id":"https:\/\/hudo.com\/si\/#website","url":"https:\/\/hudo.com\/si\/","name":"Hudo Slovenija","description":"Vse novice iz Slovenije in sveta","publisher":{"@id":"https:\/\/hudo.com\/si\/#organization"},"potentialAction":[{"@type":"SearchAction","target":{"@type":"EntryPoint","urlTemplate":"https:\/\/hudo.com\/si\/?s={search_term_string}"},"query-input":"required name=search_term_string"}],"inLanguage":"sl-SI"},{"@type":"Organization","@id":"https:\/\/hudo.com\/si\/#organization","name":"VSN Media","url":"https:\/\/hudo.com\/si\/","logo":{"@type":"ImageObject","inLanguage":"sl-SI","@id":"https:\/\/hudo.com\/si\/#\/schema\/logo\/image\/","url":"https:\/\/hudo.com\/si\/wp-content\/uploads\/sites\/2\/2021\/03\/hudo-app-2.png","contentUrl":"https:\/\/hudo.com\/si\/wp-content\/uploads\/sites\/2\/2021\/03\/hudo-app-2.png","width":2185,"height":2167,"caption":"VSN Media"},"image":{"@id":"https:\/\/hudo.com\/si\/#\/schema\/logo\/image\/"},"sameAs":["https:\/\/www.facebook.com\/hudo.si","https:\/\/twitter.com\/hudo_si"]},{"@type":"Person","@id":"https:\/\/hudo.com\/si\/#\/schema\/person\/601cf3379633985b20f7e50f2bb47707","name":"hudo","image":{"@type":"ImageObject","inLanguage":"sl-SI","@id":"https:\/\/hudo.com\/si\/#\/schema\/person\/image\/","url":"https:\/\/secure.gravatar.com\/avatar\/c4ca25fa72cace7a696b52ff5db9e095?s=96&d=mm&r=g","contentUrl":"https:\/\/secure.gravatar.com\/avatar\/c4ca25fa72cace7a696b52ff5db9e095?s=96&d=mm&r=g","caption":"hudo"},"url":"https:\/\/hudo.com\/si\/author\/hudo\/"}]}},"amp_enabled":true,"_links":{"self":[{"href":"https:\/\/hudo.com\/si\/wp-json\/wp\/v2\/posts\/193735"}],"collection":[{"href":"https:\/\/hudo.com\/si\/wp-json\/wp\/v2\/posts"}],"about":[{"href":"https:\/\/hudo.com\/si\/wp-json\/wp\/v2\/types\/post"}],"author":[{"embeddable":true,"href":"https:\/\/hudo.com\/si\/wp-json\/wp\/v2\/users\/1"}],"replies":[{"embeddable":true,"href":"https:\/\/hudo.com\/si\/wp-json\/wp\/v2\/comments?post=193735"}],"version-history":[{"count":1,"href":"https:\/\/hudo.com\/si\/wp-json\/wp\/v2\/posts\/193735\/revisions"}],"predecessor-version":[{"id":193793,"href":"https:\/\/hudo.com\/si\/wp-json\/wp\/v2\/posts\/193735\/revisions\/193793"}],"wp:attachment":[{"href":"https:\/\/hudo.com\/si\/wp-json\/wp\/v2\/media?parent=193735"}],"wp:term":[{"taxonomy":"category","embeddable":true,"href":"https:\/\/hudo.com\/si\/wp-json\/wp\/v2\/categories?post=193735"},{"taxonomy":"post_tag","embeddable":true,"href":"https:\/\/hudo.com\/si\/wp-json\/wp\/v2\/tags?post=193735"},{"taxonomy":"source","embeddable":true,"href":"https:\/\/hudo.com\/si\/wp-json\/wp\/v2\/source?post=193735"},{"taxonomy":"supertag","embeddable":true,"href":"https:\/\/hudo.com\/si\/wp-json\/wp\/v2\/supertag?post=193735"}],"curies":[{"name":"wp","href":"https:\/\/api.w.org\/{rel}","templated":true}]}}