{"id":194541,"date":"2017-01-18T16:45:26","date_gmt":"2017-01-18T15:45:26","guid":{"rendered":"http:\/\/hudo.com\/si\/?p=194541"},"modified":"2017-01-18T16:45:26","modified_gmt":"2017-01-18T15:45:26","slug":"niz-potresov-v-italiji-ni-zahteval-smrtnih-zrtev","status":"publish","type":"post","link":"https:\/\/hudo.com\/si\/aktualno\/niz-potresov-v-italiji-ni-zahteval-smrtnih-zrtev\/","title":{"rendered":"Niz potresov v Italiji ni zahteval smrtnih \u017ertev"},"content":{"rendered":"<p>Gentiloni je med obiskom v Berlinu je dejal, da gre za te\u017eek dan za njegovo dr\u017eavo. Dodal je, da se je s predstavniki civilne za\u0161\u010dite in obrambnega ministrstva dogovoril za pove\u010danje \u0161tevila vojakov, ki so \u017ee sicer prisotni na obmo\u010djih, prizadetih v ve\u010d lanskih potresih. &#8220;Posku\u0161amo, da bi situacijo \u010dim bolj nadzorovali,&#8221; je povedal.<\/p>\n<p>Nem\u0161ka kanclerka Angela Merkel je Italiji ponudila pomo\u010d Nem\u010dije. &#8220;Lahko si predstavljam, kako grozno je to,&#8221; je dejala.<\/p>\n<p>Osrednjo Italijo je danes okoli 10.30 stresel potres z magnitudo 5,3, kak\u0161no uro kasneje pa \u0161e dva potresna sunka z magnitudo 5,4 in 5,3. Popoldan je obmo\u010dje prizadel \u0161e \u010detrti potres, ki je imel magnitudo 5,1. \u017dari\u0161\u010de vseh potresov je bilo okoli deset kilometrov pod povr\u0161jem v bli\u017eini mesta Amatrice, ki ga je mo\u010dno prizadel \u017ee potres avgusta lani. Tam so se po dosedanjih informacijah poru\u0161ile nekatere zgradbe, ki so bile po\u0161kodovane \u017ee avgusta.<\/p>\n<p>\u017dupan mesta Sergio Pirozzi je bil zaskrbljen predvsem zaradi nenehnega sne\u017eenja. &#8220;Prave izredne razmere niso zaradi potresa, ampak zaradi snega. Nekateri predeli ob\u010dine Amatrice so popolnoma odrezani od sveta,&#8221; je dejal.<\/p>\n<p>Debela sne\u017ena odeja je razmere ote\u017eevala tudi v drugih gorskih predelih, ki so jih prizadeli potresi. &#8220;Ni nobenih \u017ertev, ampak ogromna \u0161koda, nekateri kraji so \u017ee 48 ur brez elektrike,&#8221; je dejal predsednik de\u017eele Abruci Luciano D&#8217;Alfonso. \u017dupan mesta Ascoli Piceno v de\u017eeli Marke Guido Castelli pa je zahteval pomo\u010d vojske. &#8220;Tukaj je ve\u010d sto ljudi odrezanih od sveta in brez elektrike,&#8221; je dejal.<\/p>\n<p>Potrese pa so precej mo\u010dno \u010dutili tudi v 150 kilometrov oddaljeni italijanski prestolnici, kjer so evakuirali nekatere stavbe, za\u010dasno pa je bil prekinjen tudi promet na podzemni \u017eeleznici. Ve\u010d \u0161ol so evakuirali tudi na o\u017ejem obmo\u010dju v okolici \u017eari\u0161\u010d potresov.<\/p>\n<p>V potresu, ki je osrednjo Italijo prizadel avgusta lani, je umrlo skoraj 300 ljudi, medtem ko jih je ve\u010d deset tiso\u010d ostalo brez strehe nad glavo. Obmo\u010dje pa sta oktobra stresla \u0161e dva mo\u010dna potresa. Po podatkih civilne za\u0161\u010dite so se od avgusta tla v Italiji stresla ve\u010d kot 45.000-krat. Tudi danes bi lahko sledili \u0161e novi, tudi mo\u010dnej\u0161i potresni sunki, je za \u010dasnik La Repubblica povedal geolog na italijanskem seizmolo\u0161kem uradu Carlo Meletti.<\/p>\n","protected":false},"excerpt":{"rendered":"<p>Osrednjo Italijo so danes stresli \u0161tirje potresni sunki z magnitudo nekaj \u010dez 5,0, ki pa po besedah italijanskega premierja Paola Gentilonija niso zahtevali smrtnih \u017ertev. Dostop pomo\u010di do prizadetih obmo\u010dij sicer ovira debela sne\u017ena odeja.<\/p>\n","protected":false},"author":7,"featured_media":194542,"comment_status":"closed","ping_status":"closed","sticky":false,"template":"","format":"standard","meta":{"footnotes":""},"categories":[1179],"tags":[1760,4306,3718],"source":[4511],"supertag":[],"acf":[],"yoast_head":"<!-- This site is optimized with the Yoast SEO plugin v21.3 - https:\/\/yoast.com\/wordpress\/plugins\/seo\/ -->\n<title>Niz potresov v Italiji ni zahteval smrtnih \u017ertev - Hudo Slovenija<\/title>\n<meta name=\"robots\" content=\"index, follow, max-snippet:-1, max-image-preview:large, max-video-preview:-1\" \/>\n<link rel=\"canonical\" href=\"https:\/\/hudo.com\/si\/aktualno\/niz-potresov-v-italiji-ni-zahteval-smrtnih-zrtev\/\" \/>\n<meta property=\"og:locale\" content=\"sl_SI\" \/>\n<meta property=\"og:type\" content=\"article\" \/>\n<meta property=\"og:title\" content=\"Niz potresov v Italiji ni zahteval smrtnih \u017ertev - Hudo Slovenija\" \/>\n<meta property=\"og:description\" content=\"Osrednjo Italijo so danes stresli \u0161tirje potresni sunki z magnitudo nekaj \u010dez 5,0, ki pa po besedah italijanskega premierja Paola Gentilonija niso zahtevali smrtnih \u017ertev. Dostop pomo\u010di do prizadetih obmo\u010dij sicer ovira debela sne\u017ena odeja.\" \/>\n<meta property=\"og:url\" content=\"https:\/\/hudo.com\/si\/aktualno\/niz-potresov-v-italiji-ni-zahteval-smrtnih-zrtev\/\" \/>\n<meta property=\"og:site_name\" content=\"Hudo Slovenija\" \/>\n<meta property=\"article:publisher\" content=\"https:\/\/www.facebook.com\/hudo.si\" \/>\n<meta property=\"article:published_time\" content=\"2017-01-18T15:45:26+00:00\" \/>\n<meta property=\"og:image\" content=\"https:\/\/hudo.com\/si\/wp-content\/uploads\/sites\/2\/2017\/01\/profimedia-0194900725.jpg\" \/>\n\t<meta property=\"og:image:width\" content=\"1250\" \/>\n\t<meta property=\"og:image:height\" content=\"833\" \/>\n\t<meta property=\"og:image:type\" content=\"image\/jpeg\" \/>\n<meta name=\"author\" content=\"A. P., STA\" \/>\n<meta name=\"twitter:card\" content=\"summary_large_image\" \/>\n<meta name=\"twitter:creator\" content=\"@hudo_si\" \/>\n<meta name=\"twitter:site\" content=\"@hudo_si\" \/>\n<meta name=\"twitter:label1\" content=\"Written by\" \/>\n\t<meta name=\"twitter:data1\" content=\"A. P., STA\" \/>\n\t<meta name=\"twitter:label2\" content=\"Est. reading time\" \/>\n\t<meta name=\"twitter:data2\" content=\"2 minuti\" \/>\n<script type=\"application\/ld+json\" class=\"yoast-schema-graph\">{\"@context\":\"https:\/\/schema.org\",\"@graph\":[{\"@type\":\"Article\",\"@id\":\"https:\/\/hudo.com\/si\/aktualno\/niz-potresov-v-italiji-ni-zahteval-smrtnih-zrtev\/#article\",\"isPartOf\":{\"@id\":\"https:\/\/hudo.com\/si\/aktualno\/niz-potresov-v-italiji-ni-zahteval-smrtnih-zrtev\/\"},\"author\":{\"name\":\"A. P., STA\",\"@id\":\"https:\/\/hudo.com\/si\/#\/schema\/person\/18f09c02475ba9e606e941a565b80cff\"},\"headline\":\"Niz potresov v Italiji ni zahteval smrtnih \u017ertev\",\"datePublished\":\"2017-01-18T15:45:26+00:00\",\"dateModified\":\"2017-01-18T15:45:26+00:00\",\"mainEntityOfPage\":{\"@id\":\"https:\/\/hudo.com\/si\/aktualno\/niz-potresov-v-italiji-ni-zahteval-smrtnih-zrtev\/\"},\"wordCount\":387,\"publisher\":{\"@id\":\"https:\/\/hudo.com\/si\/#organization\"},\"keywords\":[\"italija\",\"naravne katastrofe\",\"potres\"],\"articleSection\":[\"Aktualno\"],\"inLanguage\":\"sl-SI\"},{\"@type\":\"WebPage\",\"@id\":\"https:\/\/hudo.com\/si\/aktualno\/niz-potresov-v-italiji-ni-zahteval-smrtnih-zrtev\/\",\"url\":\"https:\/\/hudo.com\/si\/aktualno\/niz-potresov-v-italiji-ni-zahteval-smrtnih-zrtev\/\",\"name\":\"Niz potresov v Italiji ni zahteval smrtnih \u017ertev - Hudo Slovenija\",\"isPartOf\":{\"@id\":\"https:\/\/hudo.com\/si\/#website\"},\"datePublished\":\"2017-01-18T15:45:26+00:00\",\"dateModified\":\"2017-01-18T15:45:26+00:00\",\"breadcrumb\":{\"@id\":\"https:\/\/hudo.com\/si\/aktualno\/niz-potresov-v-italiji-ni-zahteval-smrtnih-zrtev\/#breadcrumb\"},\"inLanguage\":\"sl-SI\",\"potentialAction\":[{\"@type\":\"ReadAction\",\"target\":[\"https:\/\/hudo.com\/si\/aktualno\/niz-potresov-v-italiji-ni-zahteval-smrtnih-zrtev\/\"]}]},{\"@type\":\"BreadcrumbList\",\"@id\":\"https:\/\/hudo.com\/si\/aktualno\/niz-potresov-v-italiji-ni-zahteval-smrtnih-zrtev\/#breadcrumb\",\"itemListElement\":[{\"@type\":\"ListItem\",\"position\":1,\"name\":\"Home\",\"item\":\"https:\/\/hudo.com\/si\/\"},{\"@type\":\"ListItem\",\"position\":2,\"name\":\"Niz potresov v Italiji ni zahteval smrtnih \u017ertev\"}]},{\"@type\":\"WebSite\",\"@id\":\"https:\/\/hudo.com\/si\/#website\",\"url\":\"https:\/\/hudo.com\/si\/\",\"name\":\"Hudo Slovenija\",\"description\":\"Vse novice iz Slovenije in sveta\",\"publisher\":{\"@id\":\"https:\/\/hudo.com\/si\/#organization\"},\"potentialAction\":[{\"@type\":\"SearchAction\",\"target\":{\"@type\":\"EntryPoint\",\"urlTemplate\":\"https:\/\/hudo.com\/si\/?s={search_term_string}\"},\"query-input\":\"required name=search_term_string\"}],\"inLanguage\":\"sl-SI\"},{\"@type\":\"Organization\",\"@id\":\"https:\/\/hudo.com\/si\/#organization\",\"name\":\"VSN Media\",\"url\":\"https:\/\/hudo.com\/si\/\",\"logo\":{\"@type\":\"ImageObject\",\"inLanguage\":\"sl-SI\",\"@id\":\"https:\/\/hudo.com\/si\/#\/schema\/logo\/image\/\",\"url\":\"https:\/\/hudo.com\/si\/wp-content\/uploads\/sites\/2\/2021\/03\/hudo-app-2.png\",\"contentUrl\":\"https:\/\/hudo.com\/si\/wp-content\/uploads\/sites\/2\/2021\/03\/hudo-app-2.png\",\"width\":2185,\"height\":2167,\"caption\":\"VSN Media\"},\"image\":{\"@id\":\"https:\/\/hudo.com\/si\/#\/schema\/logo\/image\/\"},\"sameAs\":[\"https:\/\/www.facebook.com\/hudo.si\",\"https:\/\/twitter.com\/hudo_si\"]},{\"@type\":\"Person\",\"@id\":\"https:\/\/hudo.com\/si\/#\/schema\/person\/18f09c02475ba9e606e941a565b80cff\",\"name\":\"A. P., STA\",\"image\":{\"@type\":\"ImageObject\",\"inLanguage\":\"sl-SI\",\"@id\":\"https:\/\/hudo.com\/si\/#\/schema\/person\/image\/\",\"url\":\"https:\/\/secure.gravatar.com\/avatar\/03eac8e609f5f04383125d80eaeaaf3e?s=96&d=mm&r=g\",\"contentUrl\":\"https:\/\/secure.gravatar.com\/avatar\/03eac8e609f5f04383125d80eaeaaf3e?s=96&d=mm&r=g\",\"caption\":\"A. P., STA\"},\"url\":\"https:\/\/hudo.com\/si\/author\/lubu\/\"}]}<\/script>\n<!-- \/ Yoast SEO plugin. -->","yoast_head_json":{"title":"Niz potresov v Italiji ni zahteval smrtnih \u017ertev - Hudo Slovenija","robots":{"index":"index","follow":"follow","max-snippet":"max-snippet:-1","max-image-preview":"max-image-preview:large","max-video-preview":"max-video-preview:-1"},"canonical":"https:\/\/hudo.com\/si\/aktualno\/niz-potresov-v-italiji-ni-zahteval-smrtnih-zrtev\/","og_locale":"sl_SI","og_type":"article","og_title":"Niz potresov v Italiji ni zahteval smrtnih \u017ertev - Hudo Slovenija","og_description":"Osrednjo Italijo so danes stresli \u0161tirje potresni sunki z magnitudo nekaj \u010dez 5,0, ki pa po besedah italijanskega premierja Paola Gentilonija niso zahtevali smrtnih \u017ertev. Dostop pomo\u010di do prizadetih obmo\u010dij sicer ovira debela sne\u017ena odeja.","og_url":"https:\/\/hudo.com\/si\/aktualno\/niz-potresov-v-italiji-ni-zahteval-smrtnih-zrtev\/","og_site_name":"Hudo Slovenija","article_publisher":"https:\/\/www.facebook.com\/hudo.si","article_published_time":"2017-01-18T15:45:26+00:00","og_image":[{"width":1250,"height":833,"url":"https:\/\/hudo.com\/si\/wp-content\/uploads\/sites\/2\/2017\/01\/profimedia-0194900725.jpg","type":"image\/jpeg"}],"author":"A. P., STA","twitter_card":"summary_large_image","twitter_creator":"@hudo_si","twitter_site":"@hudo_si","twitter_misc":{"Written by":"A. P., STA","Est. reading time":"2 minuti"},"schema":{"@context":"https:\/\/schema.org","@graph":[{"@type":"Article","@id":"https:\/\/hudo.com\/si\/aktualno\/niz-potresov-v-italiji-ni-zahteval-smrtnih-zrtev\/#article","isPartOf":{"@id":"https:\/\/hudo.com\/si\/aktualno\/niz-potresov-v-italiji-ni-zahteval-smrtnih-zrtev\/"},"author":{"name":"A. P., STA","@id":"https:\/\/hudo.com\/si\/#\/schema\/person\/18f09c02475ba9e606e941a565b80cff"},"headline":"Niz potresov v Italiji ni zahteval smrtnih \u017ertev","datePublished":"2017-01-18T15:45:26+00:00","dateModified":"2017-01-18T15:45:26+00:00","mainEntityOfPage":{"@id":"https:\/\/hudo.com\/si\/aktualno\/niz-potresov-v-italiji-ni-zahteval-smrtnih-zrtev\/"},"wordCount":387,"publisher":{"@id":"https:\/\/hudo.com\/si\/#organization"},"keywords":["italija","naravne katastrofe","potres"],"articleSection":["Aktualno"],"inLanguage":"sl-SI"},{"@type":"WebPage","@id":"https:\/\/hudo.com\/si\/aktualno\/niz-potresov-v-italiji-ni-zahteval-smrtnih-zrtev\/","url":"https:\/\/hudo.com\/si\/aktualno\/niz-potresov-v-italiji-ni-zahteval-smrtnih-zrtev\/","name":"Niz potresov v Italiji ni zahteval smrtnih \u017ertev - Hudo Slovenija","isPartOf":{"@id":"https:\/\/hudo.com\/si\/#website"},"datePublished":"2017-01-18T15:45:26+00:00","dateModified":"2017-01-18T15:45:26+00:00","breadcrumb":{"@id":"https:\/\/hudo.com\/si\/aktualno\/niz-potresov-v-italiji-ni-zahteval-smrtnih-zrtev\/#breadcrumb"},"inLanguage":"sl-SI","potentialAction":[{"@type":"ReadAction","target":["https:\/\/hudo.com\/si\/aktualno\/niz-potresov-v-italiji-ni-zahteval-smrtnih-zrtev\/"]}]},{"@type":"BreadcrumbList","@id":"https:\/\/hudo.com\/si\/aktualno\/niz-potresov-v-italiji-ni-zahteval-smrtnih-zrtev\/#breadcrumb","itemListElement":[{"@type":"ListItem","position":1,"name":"Home","item":"https:\/\/hudo.com\/si\/"},{"@type":"ListItem","position":2,"name":"Niz potresov v Italiji ni zahteval smrtnih \u017ertev"}]},{"@type":"WebSite","@id":"https:\/\/hudo.com\/si\/#website","url":"https:\/\/hudo.com\/si\/","name":"Hudo Slovenija","description":"Vse novice iz Slovenije in sveta","publisher":{"@id":"https:\/\/hudo.com\/si\/#organization"},"potentialAction":[{"@type":"SearchAction","target":{"@type":"EntryPoint","urlTemplate":"https:\/\/hudo.com\/si\/?s={search_term_string}"},"query-input":"required name=search_term_string"}],"inLanguage":"sl-SI"},{"@type":"Organization","@id":"https:\/\/hudo.com\/si\/#organization","name":"VSN Media","url":"https:\/\/hudo.com\/si\/","logo":{"@type":"ImageObject","inLanguage":"sl-SI","@id":"https:\/\/hudo.com\/si\/#\/schema\/logo\/image\/","url":"https:\/\/hudo.com\/si\/wp-content\/uploads\/sites\/2\/2021\/03\/hudo-app-2.png","contentUrl":"https:\/\/hudo.com\/si\/wp-content\/uploads\/sites\/2\/2021\/03\/hudo-app-2.png","width":2185,"height":2167,"caption":"VSN Media"},"image":{"@id":"https:\/\/hudo.com\/si\/#\/schema\/logo\/image\/"},"sameAs":["https:\/\/www.facebook.com\/hudo.si","https:\/\/twitter.com\/hudo_si"]},{"@type":"Person","@id":"https:\/\/hudo.com\/si\/#\/schema\/person\/18f09c02475ba9e606e941a565b80cff","name":"A. P., STA","image":{"@type":"ImageObject","inLanguage":"sl-SI","@id":"https:\/\/hudo.com\/si\/#\/schema\/person\/image\/","url":"https:\/\/secure.gravatar.com\/avatar\/03eac8e609f5f04383125d80eaeaaf3e?s=96&d=mm&r=g","contentUrl":"https:\/\/secure.gravatar.com\/avatar\/03eac8e609f5f04383125d80eaeaaf3e?s=96&d=mm&r=g","caption":"A. P., STA"},"url":"https:\/\/hudo.com\/si\/author\/lubu\/"}]}},"amp_enabled":true,"_links":{"self":[{"href":"https:\/\/hudo.com\/si\/wp-json\/wp\/v2\/posts\/194541"}],"collection":[{"href":"https:\/\/hudo.com\/si\/wp-json\/wp\/v2\/posts"}],"about":[{"href":"https:\/\/hudo.com\/si\/wp-json\/wp\/v2\/types\/post"}],"author":[{"embeddable":true,"href":"https:\/\/hudo.com\/si\/wp-json\/wp\/v2\/users\/7"}],"replies":[{"embeddable":true,"href":"https:\/\/hudo.com\/si\/wp-json\/wp\/v2\/comments?post=194541"}],"version-history":[{"count":1,"href":"https:\/\/hudo.com\/si\/wp-json\/wp\/v2\/posts\/194541\/revisions"}],"predecessor-version":[{"id":194543,"href":"https:\/\/hudo.com\/si\/wp-json\/wp\/v2\/posts\/194541\/revisions\/194543"}],"wp:featuredmedia":[{"embeddable":true,"href":"https:\/\/hudo.com\/si\/wp-json\/wp\/v2\/media\/194542"}],"wp:attachment":[{"href":"https:\/\/hudo.com\/si\/wp-json\/wp\/v2\/media?parent=194541"}],"wp:term":[{"taxonomy":"category","embeddable":true,"href":"https:\/\/hudo.com\/si\/wp-json\/wp\/v2\/categories?post=194541"},{"taxonomy":"post_tag","embeddable":true,"href":"https:\/\/hudo.com\/si\/wp-json\/wp\/v2\/tags?post=194541"},{"taxonomy":"source","embeddable":true,"href":"https:\/\/hudo.com\/si\/wp-json\/wp\/v2\/source?post=194541"},{"taxonomy":"supertag","embeddable":true,"href":"https:\/\/hudo.com\/si\/wp-json\/wp\/v2\/supertag?post=194541"}],"curies":[{"name":"wp","href":"https:\/\/api.w.org\/{rel}","templated":true}]}}