{"id":194633,"date":"2017-01-18T16:45:00","date_gmt":"2017-01-18T15:45:00","guid":{"rendered":"http:\/\/hudo.com\/si\/2017\/01\/18\/odstopil-predsednik-uprave-slovenske-industrije-jekla\/"},"modified":"2017-01-18T23:41:39","modified_gmt":"2017-01-18T22:41:39","slug":"odstopil-predsednik-uprave-slovenske-industrije-jekla","status":"publish","type":"post","link":"https:\/\/hudo.com\/si\/aktualno\/odstopil-predsednik-uprave-slovenske-industrije-jekla\/","title":{"rendered":"Odstopil predsednik uprave Slovenske industrije jekla"},"content":{"rendered":"<p>Predsednik uprave skupine SIJ &#8211; Slovenska industrija jekla Anton \u010cernih je iz osebnih razlogov odstopil, nadzorni svet SIJ pa je njegov odstop na dana\u0161nji seji sprejel, tako da se mu je mandat z dana\u0161njim dnem iztekel. Mesto predsednika uprave je za\u010dasno, za najve\u010d pol leta, prevzel Andrej Zubitski, doslej predsednik nadzornega sveta, ki mu ta funkcija zdaj miruje. \u010clan uprave je odslej tudi Denis Mancevi\u010d, dosedanji nadzornik in doslej tudi direktor za korporativno komuniciranje v SIJ. \u010clan uprave v SIJ ostaja \u0161e finan\u010dni direktor Igor Malevanov.  Skupina SIJ je v prvih devetih mesecih leta 2016 ustvarila 637,9 milijona prihodkov od prodaje, kar je 20,6 odstotno ve\u010d v primerjavi z enakim obdobjem lani, poslovni izid iz poslovanja pred amortizacijo (Ebidta) v vi\u0161ini 82,5 milijona evrov (48 odstotna rast v primerjavi z enakim obdobjem lani) in \u010disti poslovni izid v vi\u0161ini 28,5 milijona evrov. Nadzorni svet se je danes seznanil tudi z rezultati poslovanja.Gospodarstvo<\/p>\n","protected":false},"excerpt":{"rendered":"<p>Predsednik uprave skupine SIJ &#8211; Slovenska industrija jekla Anton \u010cernih je iz osebnih razlogov odstopil, nadzorni svet SIJ pa je njegov odstop na dana\u0161nji seji sprejel, tako da se mu je mandat z dana\u0161njim dnem iztekel. Mesto predsednika uprave je za\u010dasno, za najve\u010d pol leta, prevzel Andrej Zubitski, doslej predsednik nadzornega sveta, ki mu ta funkcija zdaj miruje. \u010clan uprave je odslej tudi Denis Mancevi\u010d, dosedanji nadzornik in doslej tudi direktor za korporativno komuniciranje v SIJ. \u010clan uprave v SIJ ostaja \u0161e finan\u010dni direktor Igor Malevanov.  Skupina SIJ je v prvih devetih mesecih leta 2016 ustvarila 637,9 milijona prihodkov od prodaje, kar je 20,6 odstotno ve\u010d v primerjavi z enakim obdobjem lani, poslovni izid iz poslovanja pred amortizacijo (Ebidta) v vi\u0161ini 82,5 milijona evrov (48 odstotna rast v primerjavi z enakim obdobjem lani) in \u010disti poslovni izid v vi\u0161ini 28,5 milijona evrov. Nadzorni svet se je danes seznanil tudi z rezultati poslovanja.Gospodarstvo<\/p>\n","protected":false},"author":1,"featured_media":0,"comment_status":"closed","ping_status":"closed","sticky":false,"template":"","format":"standard","meta":{"footnotes":""},"categories":[1179],"tags":[],"source":[1711],"supertag":[],"acf":[],"yoast_head":"<!-- This site is optimized with the Yoast SEO plugin v21.3 - https:\/\/yoast.com\/wordpress\/plugins\/seo\/ -->\n<title>Odstopil predsednik uprave Slovenske industrije jekla - Hudo Slovenija<\/title>\n<meta name=\"robots\" content=\"index, follow, max-snippet:-1, max-image-preview:large, max-video-preview:-1\" \/>\n<link rel=\"canonical\" href=\"https:\/\/hudo.com\/si\/aktualno\/odstopil-predsednik-uprave-slovenske-industrije-jekla\/\" \/>\n<meta property=\"og:locale\" content=\"sl_SI\" \/>\n<meta property=\"og:type\" content=\"article\" \/>\n<meta property=\"og:title\" content=\"Odstopil predsednik uprave Slovenske industrije jekla - Hudo Slovenija\" \/>\n<meta property=\"og:description\" content=\"Predsednik uprave skupine SIJ - Slovenska industrija jekla Anton \u010cernih je iz osebnih razlogov odstopil, nadzorni svet SIJ pa je njegov odstop na dana\u0161nji seji sprejel, tako da se mu je mandat z dana\u0161njim dnem iztekel. Mesto predsednika uprave je za\u010dasno, za najve\u010d pol leta, prevzel Andrej Zubitski, doslej predsednik nadzornega sveta, ki mu ta funkcija zdaj miruje. \u010clan uprave je odslej tudi Denis Mancevi\u010d, dosedanji nadzornik in doslej tudi direktor za korporativno komuniciranje v SIJ. \u010clan uprave v SIJ ostaja \u0161e finan\u010dni direktor Igor Malevanov. Skupina SIJ je v prvih devetih mesecih leta 2016 ustvarila 637,9 milijona prihodkov od prodaje, kar je 20,6 odstotno ve\u010d v primerjavi z enakim obdobjem lani, poslovni izid iz poslovanja pred amortizacijo (Ebidta) v vi\u0161ini 82,5 milijona evrov (48 odstotna rast v primerjavi z enakim obdobjem lani) in \u010disti poslovni izid v vi\u0161ini 28,5 milijona evrov. Nadzorni svet se je danes seznanil tudi z rezultati poslovanja.Gospodarstvo\" \/>\n<meta property=\"og:url\" content=\"https:\/\/hudo.com\/si\/aktualno\/odstopil-predsednik-uprave-slovenske-industrije-jekla\/\" \/>\n<meta property=\"og:site_name\" content=\"Hudo Slovenija\" \/>\n<meta property=\"article:publisher\" content=\"https:\/\/www.facebook.com\/hudo.si\" \/>\n<meta property=\"article:published_time\" content=\"2017-01-18T15:45:00+00:00\" \/>\n<meta property=\"article:modified_time\" content=\"2017-01-18T22:41:39+00:00\" \/>\n<meta property=\"og:image\" content=\"https:\/\/hudo.com\/si\/wp-content\/uploads\/sites\/2\/2017\/01\/01277016F-300.jpg\" \/>\n\t<meta property=\"og:image:width\" content=\"450\" \/>\n\t<meta property=\"og:image:height\" content=\"300\" \/>\n\t<meta property=\"og:image:type\" content=\"image\/jpeg\" \/>\n<meta name=\"author\" content=\"hudo\" \/>\n<meta name=\"twitter:card\" content=\"summary_large_image\" \/>\n<meta name=\"twitter:creator\" content=\"@hudo_si\" \/>\n<meta name=\"twitter:site\" content=\"@hudo_si\" \/>\n<meta name=\"twitter:label1\" content=\"Written by\" \/>\n\t<meta name=\"twitter:data1\" content=\"hudo\" \/>\n\t<meta name=\"twitter:label2\" content=\"Est. reading time\" \/>\n\t<meta name=\"twitter:data2\" content=\"1 minuta\" \/>\n<script type=\"application\/ld+json\" class=\"yoast-schema-graph\">{\"@context\":\"https:\/\/schema.org\",\"@graph\":[{\"@type\":\"Article\",\"@id\":\"https:\/\/hudo.com\/si\/aktualno\/odstopil-predsednik-uprave-slovenske-industrije-jekla\/#article\",\"isPartOf\":{\"@id\":\"https:\/\/hudo.com\/si\/aktualno\/odstopil-predsednik-uprave-slovenske-industrije-jekla\/\"},\"author\":{\"name\":\"hudo\",\"@id\":\"https:\/\/hudo.com\/si\/#\/schema\/person\/601cf3379633985b20f7e50f2bb47707\"},\"headline\":\"Odstopil predsednik uprave Slovenske industrije jekla\",\"datePublished\":\"2017-01-18T15:45:00+00:00\",\"dateModified\":\"2017-01-18T22:41:39+00:00\",\"mainEntityOfPage\":{\"@id\":\"https:\/\/hudo.com\/si\/aktualno\/odstopil-predsednik-uprave-slovenske-industrije-jekla\/\"},\"wordCount\":159,\"publisher\":{\"@id\":\"https:\/\/hudo.com\/si\/#organization\"},\"articleSection\":[\"Aktualno\"],\"inLanguage\":\"sl-SI\"},{\"@type\":\"WebPage\",\"@id\":\"https:\/\/hudo.com\/si\/aktualno\/odstopil-predsednik-uprave-slovenske-industrije-jekla\/\",\"url\":\"https:\/\/hudo.com\/si\/aktualno\/odstopil-predsednik-uprave-slovenske-industrije-jekla\/\",\"name\":\"Odstopil predsednik uprave Slovenske industrije jekla - Hudo Slovenija\",\"isPartOf\":{\"@id\":\"https:\/\/hudo.com\/si\/#website\"},\"datePublished\":\"2017-01-18T15:45:00+00:00\",\"dateModified\":\"2017-01-18T22:41:39+00:00\",\"breadcrumb\":{\"@id\":\"https:\/\/hudo.com\/si\/aktualno\/odstopil-predsednik-uprave-slovenske-industrije-jekla\/#breadcrumb\"},\"inLanguage\":\"sl-SI\",\"potentialAction\":[{\"@type\":\"ReadAction\",\"target\":[\"https:\/\/hudo.com\/si\/aktualno\/odstopil-predsednik-uprave-slovenske-industrije-jekla\/\"]}]},{\"@type\":\"BreadcrumbList\",\"@id\":\"https:\/\/hudo.com\/si\/aktualno\/odstopil-predsednik-uprave-slovenske-industrije-jekla\/#breadcrumb\",\"itemListElement\":[{\"@type\":\"ListItem\",\"position\":1,\"name\":\"Home\",\"item\":\"https:\/\/hudo.com\/si\/\"},{\"@type\":\"ListItem\",\"position\":2,\"name\":\"Odstopil predsednik uprave Slovenske industrije jekla\"}]},{\"@type\":\"WebSite\",\"@id\":\"https:\/\/hudo.com\/si\/#website\",\"url\":\"https:\/\/hudo.com\/si\/\",\"name\":\"Hudo Slovenija\",\"description\":\"Vse novice iz Slovenije in sveta\",\"publisher\":{\"@id\":\"https:\/\/hudo.com\/si\/#organization\"},\"potentialAction\":[{\"@type\":\"SearchAction\",\"target\":{\"@type\":\"EntryPoint\",\"urlTemplate\":\"https:\/\/hudo.com\/si\/?s={search_term_string}\"},\"query-input\":\"required name=search_term_string\"}],\"inLanguage\":\"sl-SI\"},{\"@type\":\"Organization\",\"@id\":\"https:\/\/hudo.com\/si\/#organization\",\"name\":\"VSN Media\",\"url\":\"https:\/\/hudo.com\/si\/\",\"logo\":{\"@type\":\"ImageObject\",\"inLanguage\":\"sl-SI\",\"@id\":\"https:\/\/hudo.com\/si\/#\/schema\/logo\/image\/\",\"url\":\"https:\/\/hudo.com\/si\/wp-content\/uploads\/sites\/2\/2021\/03\/hudo-app-2.png\",\"contentUrl\":\"https:\/\/hudo.com\/si\/wp-content\/uploads\/sites\/2\/2021\/03\/hudo-app-2.png\",\"width\":2185,\"height\":2167,\"caption\":\"VSN Media\"},\"image\":{\"@id\":\"https:\/\/hudo.com\/si\/#\/schema\/logo\/image\/\"},\"sameAs\":[\"https:\/\/www.facebook.com\/hudo.si\",\"https:\/\/twitter.com\/hudo_si\"]},{\"@type\":\"Person\",\"@id\":\"https:\/\/hudo.com\/si\/#\/schema\/person\/601cf3379633985b20f7e50f2bb47707\",\"name\":\"hudo\",\"image\":{\"@type\":\"ImageObject\",\"inLanguage\":\"sl-SI\",\"@id\":\"https:\/\/hudo.com\/si\/#\/schema\/person\/image\/\",\"url\":\"https:\/\/secure.gravatar.com\/avatar\/c4ca25fa72cace7a696b52ff5db9e095?s=96&d=mm&r=g\",\"contentUrl\":\"https:\/\/secure.gravatar.com\/avatar\/c4ca25fa72cace7a696b52ff5db9e095?s=96&d=mm&r=g\",\"caption\":\"hudo\"},\"url\":\"https:\/\/hudo.com\/si\/author\/hudo\/\"}]}<\/script>\n<!-- \/ Yoast SEO plugin. -->","yoast_head_json":{"title":"Odstopil predsednik uprave Slovenske industrije jekla - Hudo Slovenija","robots":{"index":"index","follow":"follow","max-snippet":"max-snippet:-1","max-image-preview":"max-image-preview:large","max-video-preview":"max-video-preview:-1"},"canonical":"https:\/\/hudo.com\/si\/aktualno\/odstopil-predsednik-uprave-slovenske-industrije-jekla\/","og_locale":"sl_SI","og_type":"article","og_title":"Odstopil predsednik uprave Slovenske industrije jekla - Hudo Slovenija","og_description":"Predsednik uprave skupine SIJ - Slovenska industrija jekla Anton \u010cernih je iz osebnih razlogov odstopil, nadzorni svet SIJ pa je njegov odstop na dana\u0161nji seji sprejel, tako da se mu je mandat z dana\u0161njim dnem iztekel. Mesto predsednika uprave je za\u010dasno, za najve\u010d pol leta, prevzel Andrej Zubitski, doslej predsednik nadzornega sveta, ki mu ta funkcija zdaj miruje. \u010clan uprave je odslej tudi Denis Mancevi\u010d, dosedanji nadzornik in doslej tudi direktor za korporativno komuniciranje v SIJ. \u010clan uprave v SIJ ostaja \u0161e finan\u010dni direktor Igor Malevanov. Skupina SIJ je v prvih devetih mesecih leta 2016 ustvarila 637,9 milijona prihodkov od prodaje, kar je 20,6 odstotno ve\u010d v primerjavi z enakim obdobjem lani, poslovni izid iz poslovanja pred amortizacijo (Ebidta) v vi\u0161ini 82,5 milijona evrov (48 odstotna rast v primerjavi z enakim obdobjem lani) in \u010disti poslovni izid v vi\u0161ini 28,5 milijona evrov. Nadzorni svet se je danes seznanil tudi z rezultati poslovanja.Gospodarstvo","og_url":"https:\/\/hudo.com\/si\/aktualno\/odstopil-predsednik-uprave-slovenske-industrije-jekla\/","og_site_name":"Hudo Slovenija","article_publisher":"https:\/\/www.facebook.com\/hudo.si","article_published_time":"2017-01-18T15:45:00+00:00","article_modified_time":"2017-01-18T22:41:39+00:00","og_image":[{"width":450,"height":300,"url":"https:\/\/hudo.com\/si\/wp-content\/uploads\/sites\/2\/2017\/01\/01277016F-300.jpg","type":"image\/jpeg"}],"author":"hudo","twitter_card":"summary_large_image","twitter_creator":"@hudo_si","twitter_site":"@hudo_si","twitter_misc":{"Written by":"hudo","Est. reading time":"1 minuta"},"schema":{"@context":"https:\/\/schema.org","@graph":[{"@type":"Article","@id":"https:\/\/hudo.com\/si\/aktualno\/odstopil-predsednik-uprave-slovenske-industrije-jekla\/#article","isPartOf":{"@id":"https:\/\/hudo.com\/si\/aktualno\/odstopil-predsednik-uprave-slovenske-industrije-jekla\/"},"author":{"name":"hudo","@id":"https:\/\/hudo.com\/si\/#\/schema\/person\/601cf3379633985b20f7e50f2bb47707"},"headline":"Odstopil predsednik uprave Slovenske industrije jekla","datePublished":"2017-01-18T15:45:00+00:00","dateModified":"2017-01-18T22:41:39+00:00","mainEntityOfPage":{"@id":"https:\/\/hudo.com\/si\/aktualno\/odstopil-predsednik-uprave-slovenske-industrije-jekla\/"},"wordCount":159,"publisher":{"@id":"https:\/\/hudo.com\/si\/#organization"},"articleSection":["Aktualno"],"inLanguage":"sl-SI"},{"@type":"WebPage","@id":"https:\/\/hudo.com\/si\/aktualno\/odstopil-predsednik-uprave-slovenske-industrije-jekla\/","url":"https:\/\/hudo.com\/si\/aktualno\/odstopil-predsednik-uprave-slovenske-industrije-jekla\/","name":"Odstopil predsednik uprave Slovenske industrije jekla - Hudo Slovenija","isPartOf":{"@id":"https:\/\/hudo.com\/si\/#website"},"datePublished":"2017-01-18T15:45:00+00:00","dateModified":"2017-01-18T22:41:39+00:00","breadcrumb":{"@id":"https:\/\/hudo.com\/si\/aktualno\/odstopil-predsednik-uprave-slovenske-industrije-jekla\/#breadcrumb"},"inLanguage":"sl-SI","potentialAction":[{"@type":"ReadAction","target":["https:\/\/hudo.com\/si\/aktualno\/odstopil-predsednik-uprave-slovenske-industrije-jekla\/"]}]},{"@type":"BreadcrumbList","@id":"https:\/\/hudo.com\/si\/aktualno\/odstopil-predsednik-uprave-slovenske-industrije-jekla\/#breadcrumb","itemListElement":[{"@type":"ListItem","position":1,"name":"Home","item":"https:\/\/hudo.com\/si\/"},{"@type":"ListItem","position":2,"name":"Odstopil predsednik uprave Slovenske industrije jekla"}]},{"@type":"WebSite","@id":"https:\/\/hudo.com\/si\/#website","url":"https:\/\/hudo.com\/si\/","name":"Hudo Slovenija","description":"Vse novice iz Slovenije in sveta","publisher":{"@id":"https:\/\/hudo.com\/si\/#organization"},"potentialAction":[{"@type":"SearchAction","target":{"@type":"EntryPoint","urlTemplate":"https:\/\/hudo.com\/si\/?s={search_term_string}"},"query-input":"required name=search_term_string"}],"inLanguage":"sl-SI"},{"@type":"Organization","@id":"https:\/\/hudo.com\/si\/#organization","name":"VSN Media","url":"https:\/\/hudo.com\/si\/","logo":{"@type":"ImageObject","inLanguage":"sl-SI","@id":"https:\/\/hudo.com\/si\/#\/schema\/logo\/image\/","url":"https:\/\/hudo.com\/si\/wp-content\/uploads\/sites\/2\/2021\/03\/hudo-app-2.png","contentUrl":"https:\/\/hudo.com\/si\/wp-content\/uploads\/sites\/2\/2021\/03\/hudo-app-2.png","width":2185,"height":2167,"caption":"VSN Media"},"image":{"@id":"https:\/\/hudo.com\/si\/#\/schema\/logo\/image\/"},"sameAs":["https:\/\/www.facebook.com\/hudo.si","https:\/\/twitter.com\/hudo_si"]},{"@type":"Person","@id":"https:\/\/hudo.com\/si\/#\/schema\/person\/601cf3379633985b20f7e50f2bb47707","name":"hudo","image":{"@type":"ImageObject","inLanguage":"sl-SI","@id":"https:\/\/hudo.com\/si\/#\/schema\/person\/image\/","url":"https:\/\/secure.gravatar.com\/avatar\/c4ca25fa72cace7a696b52ff5db9e095?s=96&d=mm&r=g","contentUrl":"https:\/\/secure.gravatar.com\/avatar\/c4ca25fa72cace7a696b52ff5db9e095?s=96&d=mm&r=g","caption":"hudo"},"url":"https:\/\/hudo.com\/si\/author\/hudo\/"}]}},"amp_enabled":true,"_links":{"self":[{"href":"https:\/\/hudo.com\/si\/wp-json\/wp\/v2\/posts\/194633"}],"collection":[{"href":"https:\/\/hudo.com\/si\/wp-json\/wp\/v2\/posts"}],"about":[{"href":"https:\/\/hudo.com\/si\/wp-json\/wp\/v2\/types\/post"}],"author":[{"embeddable":true,"href":"https:\/\/hudo.com\/si\/wp-json\/wp\/v2\/users\/1"}],"replies":[{"embeddable":true,"href":"https:\/\/hudo.com\/si\/wp-json\/wp\/v2\/comments?post=194633"}],"version-history":[{"count":1,"href":"https:\/\/hudo.com\/si\/wp-json\/wp\/v2\/posts\/194633\/revisions"}],"predecessor-version":[{"id":194701,"href":"https:\/\/hudo.com\/si\/wp-json\/wp\/v2\/posts\/194633\/revisions\/194701"}],"wp:attachment":[{"href":"https:\/\/hudo.com\/si\/wp-json\/wp\/v2\/media?parent=194633"}],"wp:term":[{"taxonomy":"category","embeddable":true,"href":"https:\/\/hudo.com\/si\/wp-json\/wp\/v2\/categories?post=194633"},{"taxonomy":"post_tag","embeddable":true,"href":"https:\/\/hudo.com\/si\/wp-json\/wp\/v2\/tags?post=194633"},{"taxonomy":"source","embeddable":true,"href":"https:\/\/hudo.com\/si\/wp-json\/wp\/v2\/source?post=194633"},{"taxonomy":"supertag","embeddable":true,"href":"https:\/\/hudo.com\/si\/wp-json\/wp\/v2\/supertag?post=194633"}],"curies":[{"name":"wp","href":"https:\/\/api.w.org\/{rel}","templated":true}]}}