{"id":195884,"date":"2017-01-20T09:25:00","date_gmt":"2017-01-20T08:25:00","guid":{"rendered":"http:\/\/hudo.com\/si\/2017\/01\/20\/v-sevnici-pripravili-dneve-odprtih-vrat\/"},"modified":"2017-01-20T09:25:00","modified_gmt":"2017-01-20T08:25:00","slug":"v-sevnici-pripravili-dneve-odprtih-vrat","status":"publish","type":"post","link":"https:\/\/hudo.com\/si\/aktualno\/v-sevnici-pripravili-dneve-odprtih-vrat\/","title":{"rendered":"V Sevnici pripravili dneve odprtih vrat"},"content":{"rendered":"<p>Kategorija: Slovenija Fri, 20 Jan 2017 10:25:00 +0100  Sevnica &#8211; V Sevnici ob dana\u0161nji prisegi Donalda Trumpa za novega ameri\u0161kega predsednika oziroma v po\u010dastitev njegove \u017eene in sevni\u0161ke rojakinje Melanie Trump pripravljajo tridnevne Dneve odprtih vrat Sevnice. To posavsko mesto \u017eelijo z njimi \u010dim bolj predstaviti doma\u010di in tuji javnosti, najve\u010d tridnevnega dogajanja pa se bo odvijalo na sevni\u0161kem gradu. Sevni\u0161ki \u017eupan Sre\u010dko Ocvirk je za STA povedal, da so dneve odprtih vrat pripravili, ker v rojstnem kraju nove ameri\u0161ke prve dame pri\u010dakujejo okrepljen obisk razli\u010dnih gostov in \u0161e ve\u010dje medijsko ter zanimanje potovalnih agencij. Dneve odprtih vrat bodo danes ob 11. uri za\u010deli s krajevnim turisti\u010dnim vodenjem, ki so ga poimenovali Sevnica, zakladnica do\u017eivetij. Na gradu Sevnica bodo nato nadaljevali s predstavitvijo sevni\u0161ke turisti\u010dne ponudbe in tamkaj\u0161njih blagovnih znamk. Grad Sevnica. Foto: Leon Vidic\/Delo V soboto ob krajevnem turisti\u010dnem vodstvu pripravljajo\u00a0&#8230;<\/p>\n","protected":false},"excerpt":{"rendered":"<p>Kategorija: Slovenija Fri, 20 Jan 2017 10:25:00 +0100  Sevnica &#8211; V Sevnici ob dana\u0161nji prisegi Donalda Trumpa za novega ameri\u0161kega predsednika oziroma v po\u010dastitev njegove \u017eene in sevni\u0161ke rojakinje Melanie Trump pripravljajo tridnevne Dneve odprtih vrat Sevnice. To posavsko mesto \u017eelijo z njimi \u010dim bolj predstaviti doma\u010di in tuji javnosti, najve\u010d tridnevnega dogajanja pa se bo odvijalo na sevni\u0161kem gradu. Sevni\u0161ki \u017eupan Sre\u010dko Ocvirk je za STA povedal, da so dneve odprtih vrat pripravili, ker v rojstnem kraju nove ameri\u0161ke prve dame pri\u010dakujejo okrepljen obisk razli\u010dnih gostov in \u0161e ve\u010dje medijsko ter zanimanje potovalnih agencij. Dneve odprtih vrat bodo danes ob 11. uri za\u010deli s krajevnim turisti\u010dnim vodenjem, ki so ga poimenovali Sevnica, zakladnica do\u017eivetij. Na gradu Sevnica bodo nato nadaljevali s predstavitvijo sevni\u0161ke turisti\u010dne ponudbe in tamkaj\u0161njih blagovnih znamk. Grad Sevnica. Foto: Leon Vidic\/Delo V soboto ob krajevnem turisti\u010dnem vodstvu pripravljajo\u00a0&#8230;<\/p>\n","protected":false},"author":1,"featured_media":0,"comment_status":"closed","ping_status":"closed","sticky":false,"template":"","format":"standard","meta":{"footnotes":""},"categories":[1179],"tags":[],"source":[1703],"supertag":[],"acf":[],"yoast_head":"<!-- This site is optimized with the Yoast SEO plugin v21.3 - https:\/\/yoast.com\/wordpress\/plugins\/seo\/ -->\n<title>V Sevnici pripravili dneve odprtih vrat - Hudo Slovenija<\/title>\n<meta name=\"robots\" content=\"index, follow, max-snippet:-1, max-image-preview:large, max-video-preview:-1\" \/>\n<link rel=\"canonical\" href=\"https:\/\/hudo.com\/si\/aktualno\/v-sevnici-pripravili-dneve-odprtih-vrat\/\" \/>\n<meta property=\"og:locale\" content=\"sl_SI\" \/>\n<meta property=\"og:type\" content=\"article\" \/>\n<meta property=\"og:title\" content=\"V Sevnici pripravili dneve odprtih vrat - Hudo Slovenija\" \/>\n<meta property=\"og:description\" content=\"Kategorija: Slovenija Fri, 20 Jan 2017 10:25:00 +0100 Sevnica - V Sevnici ob dana\u0161nji prisegi Donalda Trumpa za novega ameri\u0161kega predsednika oziroma v po\u010dastitev njegove \u017eene in sevni\u0161ke rojakinje Melanie Trump pripravljajo tridnevne Dneve odprtih vrat Sevnice. To posavsko mesto \u017eelijo z njimi \u010dim bolj predstaviti doma\u010di in tuji javnosti, najve\u010d tridnevnega dogajanja pa se bo odvijalo na sevni\u0161kem gradu. Sevni\u0161ki \u017eupan Sre\u010dko Ocvirk je za STA povedal, da so dneve odprtih vrat pripravili, ker v rojstnem kraju nove ameri\u0161ke prve dame pri\u010dakujejo okrepljen obisk razli\u010dnih gostov in \u0161e ve\u010dje medijsko ter zanimanje potovalnih agencij. Dneve odprtih vrat bodo danes ob 11. uri za\u010deli s krajevnim turisti\u010dnim vodenjem, ki so ga poimenovali Sevnica, zakladnica do\u017eivetij. Na gradu Sevnica bodo nato nadaljevali s predstavitvijo sevni\u0161ke turisti\u010dne ponudbe in tamkaj\u0161njih blagovnih znamk. Grad Sevnica. Foto: Leon Vidic\/Delo V soboto ob krajevnem turisti\u010dnem vodstvu pripravljajo\u00a0...\" \/>\n<meta property=\"og:url\" content=\"https:\/\/hudo.com\/si\/aktualno\/v-sevnici-pripravili-dneve-odprtih-vrat\/\" \/>\n<meta property=\"og:site_name\" content=\"Hudo Slovenija\" \/>\n<meta property=\"article:publisher\" content=\"https:\/\/www.facebook.com\/hudo.si\" \/>\n<meta property=\"article:published_time\" content=\"2017-01-20T08:25:00+00:00\" \/>\n<meta property=\"og:image\" content=\"https:\/\/hudo.com\/si\/wp-content\/uploads\/sites\/2\/2017\/01\/480x290_djvu_2460448_cakaricn_vidic-sevnica.jpeg\" \/>\n\t<meta property=\"og:image:width\" content=\"480\" \/>\n\t<meta property=\"og:image:height\" content=\"290\" \/>\n\t<meta property=\"og:image:type\" content=\"image\/jpeg\" \/>\n<meta name=\"author\" content=\"hudo\" \/>\n<meta name=\"twitter:card\" content=\"summary_large_image\" \/>\n<meta name=\"twitter:creator\" content=\"@hudo_si\" \/>\n<meta name=\"twitter:site\" content=\"@hudo_si\" \/>\n<meta name=\"twitter:label1\" content=\"Written by\" \/>\n\t<meta name=\"twitter:data1\" content=\"hudo\" \/>\n\t<meta name=\"twitter:label2\" content=\"Est. reading time\" \/>\n\t<meta name=\"twitter:data2\" content=\"1 minuta\" \/>\n<script type=\"application\/ld+json\" class=\"yoast-schema-graph\">{\"@context\":\"https:\/\/schema.org\",\"@graph\":[{\"@type\":\"Article\",\"@id\":\"https:\/\/hudo.com\/si\/aktualno\/v-sevnici-pripravili-dneve-odprtih-vrat\/#article\",\"isPartOf\":{\"@id\":\"https:\/\/hudo.com\/si\/aktualno\/v-sevnici-pripravili-dneve-odprtih-vrat\/\"},\"author\":{\"name\":\"hudo\",\"@id\":\"https:\/\/hudo.com\/si\/#\/schema\/person\/601cf3379633985b20f7e50f2bb47707\"},\"headline\":\"V Sevnici pripravili dneve odprtih vrat\",\"datePublished\":\"2017-01-20T08:25:00+00:00\",\"dateModified\":\"2017-01-20T08:25:00+00:00\",\"mainEntityOfPage\":{\"@id\":\"https:\/\/hudo.com\/si\/aktualno\/v-sevnici-pripravili-dneve-odprtih-vrat\/\"},\"wordCount\":163,\"publisher\":{\"@id\":\"https:\/\/hudo.com\/si\/#organization\"},\"articleSection\":[\"Aktualno\"],\"inLanguage\":\"sl-SI\"},{\"@type\":\"WebPage\",\"@id\":\"https:\/\/hudo.com\/si\/aktualno\/v-sevnici-pripravili-dneve-odprtih-vrat\/\",\"url\":\"https:\/\/hudo.com\/si\/aktualno\/v-sevnici-pripravili-dneve-odprtih-vrat\/\",\"name\":\"V Sevnici pripravili dneve odprtih vrat - Hudo Slovenija\",\"isPartOf\":{\"@id\":\"https:\/\/hudo.com\/si\/#website\"},\"datePublished\":\"2017-01-20T08:25:00+00:00\",\"dateModified\":\"2017-01-20T08:25:00+00:00\",\"breadcrumb\":{\"@id\":\"https:\/\/hudo.com\/si\/aktualno\/v-sevnici-pripravili-dneve-odprtih-vrat\/#breadcrumb\"},\"inLanguage\":\"sl-SI\",\"potentialAction\":[{\"@type\":\"ReadAction\",\"target\":[\"https:\/\/hudo.com\/si\/aktualno\/v-sevnici-pripravili-dneve-odprtih-vrat\/\"]}]},{\"@type\":\"BreadcrumbList\",\"@id\":\"https:\/\/hudo.com\/si\/aktualno\/v-sevnici-pripravili-dneve-odprtih-vrat\/#breadcrumb\",\"itemListElement\":[{\"@type\":\"ListItem\",\"position\":1,\"name\":\"Home\",\"item\":\"https:\/\/hudo.com\/si\/\"},{\"@type\":\"ListItem\",\"position\":2,\"name\":\"V Sevnici pripravili dneve odprtih vrat\"}]},{\"@type\":\"WebSite\",\"@id\":\"https:\/\/hudo.com\/si\/#website\",\"url\":\"https:\/\/hudo.com\/si\/\",\"name\":\"Hudo Slovenija\",\"description\":\"Vse novice iz Slovenije in sveta\",\"publisher\":{\"@id\":\"https:\/\/hudo.com\/si\/#organization\"},\"potentialAction\":[{\"@type\":\"SearchAction\",\"target\":{\"@type\":\"EntryPoint\",\"urlTemplate\":\"https:\/\/hudo.com\/si\/?s={search_term_string}\"},\"query-input\":\"required name=search_term_string\"}],\"inLanguage\":\"sl-SI\"},{\"@type\":\"Organization\",\"@id\":\"https:\/\/hudo.com\/si\/#organization\",\"name\":\"VSN Media\",\"url\":\"https:\/\/hudo.com\/si\/\",\"logo\":{\"@type\":\"ImageObject\",\"inLanguage\":\"sl-SI\",\"@id\":\"https:\/\/hudo.com\/si\/#\/schema\/logo\/image\/\",\"url\":\"https:\/\/hudo.com\/si\/wp-content\/uploads\/sites\/2\/2021\/03\/hudo-app-2.png\",\"contentUrl\":\"https:\/\/hudo.com\/si\/wp-content\/uploads\/sites\/2\/2021\/03\/hudo-app-2.png\",\"width\":2185,\"height\":2167,\"caption\":\"VSN Media\"},\"image\":{\"@id\":\"https:\/\/hudo.com\/si\/#\/schema\/logo\/image\/\"},\"sameAs\":[\"https:\/\/www.facebook.com\/hudo.si\",\"https:\/\/twitter.com\/hudo_si\"]},{\"@type\":\"Person\",\"@id\":\"https:\/\/hudo.com\/si\/#\/schema\/person\/601cf3379633985b20f7e50f2bb47707\",\"name\":\"hudo\",\"image\":{\"@type\":\"ImageObject\",\"inLanguage\":\"sl-SI\",\"@id\":\"https:\/\/hudo.com\/si\/#\/schema\/person\/image\/\",\"url\":\"https:\/\/secure.gravatar.com\/avatar\/c4ca25fa72cace7a696b52ff5db9e095?s=96&d=mm&r=g\",\"contentUrl\":\"https:\/\/secure.gravatar.com\/avatar\/c4ca25fa72cace7a696b52ff5db9e095?s=96&d=mm&r=g\",\"caption\":\"hudo\"},\"url\":\"https:\/\/hudo.com\/si\/author\/hudo\/\"}]}<\/script>\n<!-- \/ Yoast SEO plugin. -->","yoast_head_json":{"title":"V Sevnici pripravili dneve odprtih vrat - Hudo Slovenija","robots":{"index":"index","follow":"follow","max-snippet":"max-snippet:-1","max-image-preview":"max-image-preview:large","max-video-preview":"max-video-preview:-1"},"canonical":"https:\/\/hudo.com\/si\/aktualno\/v-sevnici-pripravili-dneve-odprtih-vrat\/","og_locale":"sl_SI","og_type":"article","og_title":"V Sevnici pripravili dneve odprtih vrat - Hudo Slovenija","og_description":"Kategorija: Slovenija Fri, 20 Jan 2017 10:25:00 +0100 Sevnica - V Sevnici ob dana\u0161nji prisegi Donalda Trumpa za novega ameri\u0161kega predsednika oziroma v po\u010dastitev njegove \u017eene in sevni\u0161ke rojakinje Melanie Trump pripravljajo tridnevne Dneve odprtih vrat Sevnice. To posavsko mesto \u017eelijo z njimi \u010dim bolj predstaviti doma\u010di in tuji javnosti, najve\u010d tridnevnega dogajanja pa se bo odvijalo na sevni\u0161kem gradu. Sevni\u0161ki \u017eupan Sre\u010dko Ocvirk je za STA povedal, da so dneve odprtih vrat pripravili, ker v rojstnem kraju nove ameri\u0161ke prve dame pri\u010dakujejo okrepljen obisk razli\u010dnih gostov in \u0161e ve\u010dje medijsko ter zanimanje potovalnih agencij. Dneve odprtih vrat bodo danes ob 11. uri za\u010deli s krajevnim turisti\u010dnim vodenjem, ki so ga poimenovali Sevnica, zakladnica do\u017eivetij. Na gradu Sevnica bodo nato nadaljevali s predstavitvijo sevni\u0161ke turisti\u010dne ponudbe in tamkaj\u0161njih blagovnih znamk. Grad Sevnica. Foto: Leon Vidic\/Delo V soboto ob krajevnem turisti\u010dnem vodstvu pripravljajo\u00a0...","og_url":"https:\/\/hudo.com\/si\/aktualno\/v-sevnici-pripravili-dneve-odprtih-vrat\/","og_site_name":"Hudo Slovenija","article_publisher":"https:\/\/www.facebook.com\/hudo.si","article_published_time":"2017-01-20T08:25:00+00:00","og_image":[{"width":480,"height":290,"url":"https:\/\/hudo.com\/si\/wp-content\/uploads\/sites\/2\/2017\/01\/480x290_djvu_2460448_cakaricn_vidic-sevnica.jpeg","type":"image\/jpeg"}],"author":"hudo","twitter_card":"summary_large_image","twitter_creator":"@hudo_si","twitter_site":"@hudo_si","twitter_misc":{"Written by":"hudo","Est. reading time":"1 minuta"},"schema":{"@context":"https:\/\/schema.org","@graph":[{"@type":"Article","@id":"https:\/\/hudo.com\/si\/aktualno\/v-sevnici-pripravili-dneve-odprtih-vrat\/#article","isPartOf":{"@id":"https:\/\/hudo.com\/si\/aktualno\/v-sevnici-pripravili-dneve-odprtih-vrat\/"},"author":{"name":"hudo","@id":"https:\/\/hudo.com\/si\/#\/schema\/person\/601cf3379633985b20f7e50f2bb47707"},"headline":"V Sevnici pripravili dneve odprtih vrat","datePublished":"2017-01-20T08:25:00+00:00","dateModified":"2017-01-20T08:25:00+00:00","mainEntityOfPage":{"@id":"https:\/\/hudo.com\/si\/aktualno\/v-sevnici-pripravili-dneve-odprtih-vrat\/"},"wordCount":163,"publisher":{"@id":"https:\/\/hudo.com\/si\/#organization"},"articleSection":["Aktualno"],"inLanguage":"sl-SI"},{"@type":"WebPage","@id":"https:\/\/hudo.com\/si\/aktualno\/v-sevnici-pripravili-dneve-odprtih-vrat\/","url":"https:\/\/hudo.com\/si\/aktualno\/v-sevnici-pripravili-dneve-odprtih-vrat\/","name":"V Sevnici pripravili dneve odprtih vrat - Hudo Slovenija","isPartOf":{"@id":"https:\/\/hudo.com\/si\/#website"},"datePublished":"2017-01-20T08:25:00+00:00","dateModified":"2017-01-20T08:25:00+00:00","breadcrumb":{"@id":"https:\/\/hudo.com\/si\/aktualno\/v-sevnici-pripravili-dneve-odprtih-vrat\/#breadcrumb"},"inLanguage":"sl-SI","potentialAction":[{"@type":"ReadAction","target":["https:\/\/hudo.com\/si\/aktualno\/v-sevnici-pripravili-dneve-odprtih-vrat\/"]}]},{"@type":"BreadcrumbList","@id":"https:\/\/hudo.com\/si\/aktualno\/v-sevnici-pripravili-dneve-odprtih-vrat\/#breadcrumb","itemListElement":[{"@type":"ListItem","position":1,"name":"Home","item":"https:\/\/hudo.com\/si\/"},{"@type":"ListItem","position":2,"name":"V Sevnici pripravili dneve odprtih vrat"}]},{"@type":"WebSite","@id":"https:\/\/hudo.com\/si\/#website","url":"https:\/\/hudo.com\/si\/","name":"Hudo Slovenija","description":"Vse novice iz Slovenije in sveta","publisher":{"@id":"https:\/\/hudo.com\/si\/#organization"},"potentialAction":[{"@type":"SearchAction","target":{"@type":"EntryPoint","urlTemplate":"https:\/\/hudo.com\/si\/?s={search_term_string}"},"query-input":"required name=search_term_string"}],"inLanguage":"sl-SI"},{"@type":"Organization","@id":"https:\/\/hudo.com\/si\/#organization","name":"VSN Media","url":"https:\/\/hudo.com\/si\/","logo":{"@type":"ImageObject","inLanguage":"sl-SI","@id":"https:\/\/hudo.com\/si\/#\/schema\/logo\/image\/","url":"https:\/\/hudo.com\/si\/wp-content\/uploads\/sites\/2\/2021\/03\/hudo-app-2.png","contentUrl":"https:\/\/hudo.com\/si\/wp-content\/uploads\/sites\/2\/2021\/03\/hudo-app-2.png","width":2185,"height":2167,"caption":"VSN Media"},"image":{"@id":"https:\/\/hudo.com\/si\/#\/schema\/logo\/image\/"},"sameAs":["https:\/\/www.facebook.com\/hudo.si","https:\/\/twitter.com\/hudo_si"]},{"@type":"Person","@id":"https:\/\/hudo.com\/si\/#\/schema\/person\/601cf3379633985b20f7e50f2bb47707","name":"hudo","image":{"@type":"ImageObject","inLanguage":"sl-SI","@id":"https:\/\/hudo.com\/si\/#\/schema\/person\/image\/","url":"https:\/\/secure.gravatar.com\/avatar\/c4ca25fa72cace7a696b52ff5db9e095?s=96&d=mm&r=g","contentUrl":"https:\/\/secure.gravatar.com\/avatar\/c4ca25fa72cace7a696b52ff5db9e095?s=96&d=mm&r=g","caption":"hudo"},"url":"https:\/\/hudo.com\/si\/author\/hudo\/"}]}},"amp_enabled":true,"_links":{"self":[{"href":"https:\/\/hudo.com\/si\/wp-json\/wp\/v2\/posts\/195884"}],"collection":[{"href":"https:\/\/hudo.com\/si\/wp-json\/wp\/v2\/posts"}],"about":[{"href":"https:\/\/hudo.com\/si\/wp-json\/wp\/v2\/types\/post"}],"author":[{"embeddable":true,"href":"https:\/\/hudo.com\/si\/wp-json\/wp\/v2\/users\/1"}],"replies":[{"embeddable":true,"href":"https:\/\/hudo.com\/si\/wp-json\/wp\/v2\/comments?post=195884"}],"version-history":[{"count":0,"href":"https:\/\/hudo.com\/si\/wp-json\/wp\/v2\/posts\/195884\/revisions"}],"wp:attachment":[{"href":"https:\/\/hudo.com\/si\/wp-json\/wp\/v2\/media?parent=195884"}],"wp:term":[{"taxonomy":"category","embeddable":true,"href":"https:\/\/hudo.com\/si\/wp-json\/wp\/v2\/categories?post=195884"},{"taxonomy":"post_tag","embeddable":true,"href":"https:\/\/hudo.com\/si\/wp-json\/wp\/v2\/tags?post=195884"},{"taxonomy":"source","embeddable":true,"href":"https:\/\/hudo.com\/si\/wp-json\/wp\/v2\/source?post=195884"},{"taxonomy":"supertag","embeddable":true,"href":"https:\/\/hudo.com\/si\/wp-json\/wp\/v2\/supertag?post=195884"}],"curies":[{"name":"wp","href":"https:\/\/api.w.org\/{rel}","templated":true}]}}