{"id":196272,"date":"2017-01-20T20:00:00","date_gmt":"2017-01-20T19:00:00","guid":{"rendered":"http:\/\/hudo.com\/si\/2017\/01\/20\/najprej-amerika\/"},"modified":"2017-01-21T03:41:54","modified_gmt":"2017-01-21T02:41:54","slug":"najprej-amerika","status":"publish","type":"post","link":"https:\/\/hudo.com\/si\/aktualno\/najprej-amerika\/","title":{"rendered":"\u00bbNajprej Amerika\u00ab"},"content":{"rendered":"<p>Kategorija: Komentarji Fri, 20 Jan 2017 21:00:00 +0100  Prvi govor Donalda J. Trumpa po slovesni prisegi na stopni\u0161\u010du Kapitolskega gri\u010da, s katero je uradno postal 45. ameri\u0161ki predsednik, ni bil ni\u010d drugega kot nadaljevanje njegovih nastopov iz predvolilnega obdobja. Govor, na katerega so vsi \u010dakali, saj naj bi, kot veleva tradicija, novi predsednik v njem dolo\u010dil smernice svojega predsednikovanja v prihodnjih \u0161tirih letih, je bil ena sama puhlica, brez prave vsebinske vrednosti. Povedal je tisto, kar so pri\u010dakovali njegovi volivci. Revna, \u00bbbela in jezna Amerika\u00ab je sli\u0161ala, da bodo pod oblastjo \u00bbThe Donalda\u00ab, kot z vzdevkom imenujejo novega predsednika ZDA, njegova skrb oni, ne elita v Washingtonu, ki da jih je do zdaj izkori\u0161\u010dala in jim \u017eivljenje naredila brezperspektivno. Ni pozabil omeniti niti, da so prav v Washingtonu zakrivili odhod ameri\u0161kih tovarn v tujino, prihod \u0161tevilnih emigrantov in\u00a0&#8230;<\/p>\n","protected":false},"excerpt":{"rendered":"<p>Kategorija: Komentarji Fri, 20 Jan 2017 21:00:00 +0100  Prvi govor Donalda J. Trumpa po slovesni prisegi na stopni\u0161\u010du Kapitolskega gri\u010da, s katero je uradno postal 45. ameri\u0161ki predsednik, ni bil ni\u010d drugega kot nadaljevanje njegovih nastopov iz predvolilnega obdobja. Govor, na katerega so vsi \u010dakali, saj naj bi, kot veleva tradicija, novi predsednik v njem dolo\u010dil smernice svojega predsednikovanja v prihodnjih \u0161tirih letih, je bil ena sama puhlica, brez prave vsebinske vrednosti. Povedal je tisto, kar so pri\u010dakovali njegovi volivci. Revna, \u00bbbela in jezna Amerika\u00ab je sli\u0161ala, da bodo pod oblastjo \u00bbThe Donalda\u00ab, kot z vzdevkom imenujejo novega predsednika ZDA, njegova skrb oni, ne elita v Washingtonu, ki da jih je do zdaj izkori\u0161\u010dala in jim \u017eivljenje naredila brezperspektivno. Ni pozabil omeniti niti, da so prav v Washingtonu zakrivili odhod ameri\u0161kih tovarn v tujino, prihod \u0161tevilnih emigrantov in\u00a0&#8230;<\/p>\n","protected":false},"author":1,"featured_media":0,"comment_status":"closed","ping_status":"closed","sticky":false,"template":"","format":"standard","meta":{"footnotes":""},"categories":[1179],"tags":[],"source":[1703],"supertag":[],"acf":[],"yoast_head":"<!-- This site is optimized with the Yoast SEO plugin v21.3 - https:\/\/yoast.com\/wordpress\/plugins\/seo\/ -->\n<title>\u00bbNajprej Amerika\u00ab - Hudo Slovenija<\/title>\n<meta name=\"robots\" content=\"index, follow, max-snippet:-1, max-image-preview:large, max-video-preview:-1\" \/>\n<link rel=\"canonical\" href=\"https:\/\/hudo.com\/si\/aktualno\/najprej-amerika\/\" \/>\n<meta property=\"og:locale\" content=\"sl_SI\" \/>\n<meta property=\"og:type\" content=\"article\" \/>\n<meta property=\"og:title\" content=\"\u00bbNajprej Amerika\u00ab - Hudo Slovenija\" \/>\n<meta property=\"og:description\" content=\"Kategorija: Komentarji Fri, 20 Jan 2017 21:00:00 +0100 Prvi govor Donalda J. Trumpa po slovesni prisegi na stopni\u0161\u010du Kapitolskega gri\u010da, s katero je uradno postal 45. ameri\u0161ki predsednik, ni bil ni\u010d drugega kot nadaljevanje njegovih nastopov iz predvolilnega obdobja. Govor, na katerega so vsi \u010dakali, saj naj bi, kot veleva tradicija, novi predsednik v njem dolo\u010dil smernice svojega predsednikovanja v prihodnjih \u0161tirih letih, je bil ena sama puhlica, brez prave vsebinske vrednosti. Povedal je tisto, kar so pri\u010dakovali njegovi volivci. Revna, \u00bbbela in jezna Amerika\u00ab je sli\u0161ala, da bodo pod oblastjo \u00bbThe Donalda\u00ab, kot z vzdevkom imenujejo novega predsednika ZDA, njegova skrb oni, ne elita v Washingtonu, ki da jih je do zdaj izkori\u0161\u010dala in jim \u017eivljenje naredila brezperspektivno. Ni pozabil omeniti niti, da so prav v Washingtonu zakrivili odhod ameri\u0161kih tovarn v tujino, prihod \u0161tevilnih emigrantov in\u00a0...\" \/>\n<meta property=\"og:url\" content=\"https:\/\/hudo.com\/si\/aktualno\/najprej-amerika\/\" \/>\n<meta property=\"og:site_name\" content=\"Hudo Slovenija\" \/>\n<meta property=\"article:publisher\" content=\"https:\/\/www.facebook.com\/hudo.si\" \/>\n<meta property=\"article:published_time\" content=\"2017-01-20T19:00:00+00:00\" \/>\n<meta property=\"article:modified_time\" content=\"2017-01-21T02:41:54+00:00\" \/>\n<meta property=\"og:image\" content=\"https:\/\/hudo.com\/si\/wp-content\/uploads\/sites\/2\/2017\/01\/480x290_1_stran__Delo_Foto_2017012020copy.jpeg\" \/>\n\t<meta property=\"og:image:width\" content=\"480\" \/>\n\t<meta property=\"og:image:height\" content=\"290\" \/>\n\t<meta property=\"og:image:type\" content=\"image\/jpeg\" \/>\n<meta name=\"author\" content=\"hudo\" \/>\n<meta name=\"twitter:card\" content=\"summary_large_image\" \/>\n<meta name=\"twitter:creator\" content=\"@hudo_si\" \/>\n<meta name=\"twitter:site\" content=\"@hudo_si\" \/>\n<meta name=\"twitter:label1\" content=\"Written by\" \/>\n\t<meta name=\"twitter:data1\" content=\"hudo\" \/>\n\t<meta name=\"twitter:label2\" content=\"Est. reading time\" \/>\n\t<meta name=\"twitter:data2\" content=\"1 minuta\" \/>\n<script type=\"application\/ld+json\" class=\"yoast-schema-graph\">{\"@context\":\"https:\/\/schema.org\",\"@graph\":[{\"@type\":\"Article\",\"@id\":\"https:\/\/hudo.com\/si\/aktualno\/najprej-amerika\/#article\",\"isPartOf\":{\"@id\":\"https:\/\/hudo.com\/si\/aktualno\/najprej-amerika\/\"},\"author\":{\"name\":\"hudo\",\"@id\":\"https:\/\/hudo.com\/si\/#\/schema\/person\/601cf3379633985b20f7e50f2bb47707\"},\"headline\":\"\u00bbNajprej Amerika\u00ab\",\"datePublished\":\"2017-01-20T19:00:00+00:00\",\"dateModified\":\"2017-01-21T02:41:54+00:00\",\"mainEntityOfPage\":{\"@id\":\"https:\/\/hudo.com\/si\/aktualno\/najprej-amerika\/\"},\"wordCount\":143,\"publisher\":{\"@id\":\"https:\/\/hudo.com\/si\/#organization\"},\"articleSection\":[\"Aktualno\"],\"inLanguage\":\"sl-SI\"},{\"@type\":\"WebPage\",\"@id\":\"https:\/\/hudo.com\/si\/aktualno\/najprej-amerika\/\",\"url\":\"https:\/\/hudo.com\/si\/aktualno\/najprej-amerika\/\",\"name\":\"\u00bbNajprej Amerika\u00ab - Hudo Slovenija\",\"isPartOf\":{\"@id\":\"https:\/\/hudo.com\/si\/#website\"},\"datePublished\":\"2017-01-20T19:00:00+00:00\",\"dateModified\":\"2017-01-21T02:41:54+00:00\",\"breadcrumb\":{\"@id\":\"https:\/\/hudo.com\/si\/aktualno\/najprej-amerika\/#breadcrumb\"},\"inLanguage\":\"sl-SI\",\"potentialAction\":[{\"@type\":\"ReadAction\",\"target\":[\"https:\/\/hudo.com\/si\/aktualno\/najprej-amerika\/\"]}]},{\"@type\":\"BreadcrumbList\",\"@id\":\"https:\/\/hudo.com\/si\/aktualno\/najprej-amerika\/#breadcrumb\",\"itemListElement\":[{\"@type\":\"ListItem\",\"position\":1,\"name\":\"Home\",\"item\":\"https:\/\/hudo.com\/si\/\"},{\"@type\":\"ListItem\",\"position\":2,\"name\":\"\u00bbNajprej Amerika\u00ab\"}]},{\"@type\":\"WebSite\",\"@id\":\"https:\/\/hudo.com\/si\/#website\",\"url\":\"https:\/\/hudo.com\/si\/\",\"name\":\"Hudo Slovenija\",\"description\":\"Vse novice iz Slovenije in sveta\",\"publisher\":{\"@id\":\"https:\/\/hudo.com\/si\/#organization\"},\"potentialAction\":[{\"@type\":\"SearchAction\",\"target\":{\"@type\":\"EntryPoint\",\"urlTemplate\":\"https:\/\/hudo.com\/si\/?s={search_term_string}\"},\"query-input\":\"required name=search_term_string\"}],\"inLanguage\":\"sl-SI\"},{\"@type\":\"Organization\",\"@id\":\"https:\/\/hudo.com\/si\/#organization\",\"name\":\"VSN Media\",\"url\":\"https:\/\/hudo.com\/si\/\",\"logo\":{\"@type\":\"ImageObject\",\"inLanguage\":\"sl-SI\",\"@id\":\"https:\/\/hudo.com\/si\/#\/schema\/logo\/image\/\",\"url\":\"https:\/\/hudo.com\/si\/wp-content\/uploads\/sites\/2\/2021\/03\/hudo-app-2.png\",\"contentUrl\":\"https:\/\/hudo.com\/si\/wp-content\/uploads\/sites\/2\/2021\/03\/hudo-app-2.png\",\"width\":2185,\"height\":2167,\"caption\":\"VSN Media\"},\"image\":{\"@id\":\"https:\/\/hudo.com\/si\/#\/schema\/logo\/image\/\"},\"sameAs\":[\"https:\/\/www.facebook.com\/hudo.si\",\"https:\/\/twitter.com\/hudo_si\"]},{\"@type\":\"Person\",\"@id\":\"https:\/\/hudo.com\/si\/#\/schema\/person\/601cf3379633985b20f7e50f2bb47707\",\"name\":\"hudo\",\"image\":{\"@type\":\"ImageObject\",\"inLanguage\":\"sl-SI\",\"@id\":\"https:\/\/hudo.com\/si\/#\/schema\/person\/image\/\",\"url\":\"https:\/\/secure.gravatar.com\/avatar\/c4ca25fa72cace7a696b52ff5db9e095?s=96&d=mm&r=g\",\"contentUrl\":\"https:\/\/secure.gravatar.com\/avatar\/c4ca25fa72cace7a696b52ff5db9e095?s=96&d=mm&r=g\",\"caption\":\"hudo\"},\"url\":\"https:\/\/hudo.com\/si\/author\/hudo\/\"}]}<\/script>\n<!-- \/ Yoast SEO plugin. -->","yoast_head_json":{"title":"\u00bbNajprej Amerika\u00ab - Hudo Slovenija","robots":{"index":"index","follow":"follow","max-snippet":"max-snippet:-1","max-image-preview":"max-image-preview:large","max-video-preview":"max-video-preview:-1"},"canonical":"https:\/\/hudo.com\/si\/aktualno\/najprej-amerika\/","og_locale":"sl_SI","og_type":"article","og_title":"\u00bbNajprej Amerika\u00ab - Hudo Slovenija","og_description":"Kategorija: Komentarji Fri, 20 Jan 2017 21:00:00 +0100 Prvi govor Donalda J. Trumpa po slovesni prisegi na stopni\u0161\u010du Kapitolskega gri\u010da, s katero je uradno postal 45. ameri\u0161ki predsednik, ni bil ni\u010d drugega kot nadaljevanje njegovih nastopov iz predvolilnega obdobja. Govor, na katerega so vsi \u010dakali, saj naj bi, kot veleva tradicija, novi predsednik v njem dolo\u010dil smernice svojega predsednikovanja v prihodnjih \u0161tirih letih, je bil ena sama puhlica, brez prave vsebinske vrednosti. Povedal je tisto, kar so pri\u010dakovali njegovi volivci. Revna, \u00bbbela in jezna Amerika\u00ab je sli\u0161ala, da bodo pod oblastjo \u00bbThe Donalda\u00ab, kot z vzdevkom imenujejo novega predsednika ZDA, njegova skrb oni, ne elita v Washingtonu, ki da jih je do zdaj izkori\u0161\u010dala in jim \u017eivljenje naredila brezperspektivno. Ni pozabil omeniti niti, da so prav v Washingtonu zakrivili odhod ameri\u0161kih tovarn v tujino, prihod \u0161tevilnih emigrantov in\u00a0...","og_url":"https:\/\/hudo.com\/si\/aktualno\/najprej-amerika\/","og_site_name":"Hudo Slovenija","article_publisher":"https:\/\/www.facebook.com\/hudo.si","article_published_time":"2017-01-20T19:00:00+00:00","article_modified_time":"2017-01-21T02:41:54+00:00","og_image":[{"width":480,"height":290,"url":"https:\/\/hudo.com\/si\/wp-content\/uploads\/sites\/2\/2017\/01\/480x290_1_stran__Delo_Foto_2017012020copy.jpeg","type":"image\/jpeg"}],"author":"hudo","twitter_card":"summary_large_image","twitter_creator":"@hudo_si","twitter_site":"@hudo_si","twitter_misc":{"Written by":"hudo","Est. reading time":"1 minuta"},"schema":{"@context":"https:\/\/schema.org","@graph":[{"@type":"Article","@id":"https:\/\/hudo.com\/si\/aktualno\/najprej-amerika\/#article","isPartOf":{"@id":"https:\/\/hudo.com\/si\/aktualno\/najprej-amerika\/"},"author":{"name":"hudo","@id":"https:\/\/hudo.com\/si\/#\/schema\/person\/601cf3379633985b20f7e50f2bb47707"},"headline":"\u00bbNajprej Amerika\u00ab","datePublished":"2017-01-20T19:00:00+00:00","dateModified":"2017-01-21T02:41:54+00:00","mainEntityOfPage":{"@id":"https:\/\/hudo.com\/si\/aktualno\/najprej-amerika\/"},"wordCount":143,"publisher":{"@id":"https:\/\/hudo.com\/si\/#organization"},"articleSection":["Aktualno"],"inLanguage":"sl-SI"},{"@type":"WebPage","@id":"https:\/\/hudo.com\/si\/aktualno\/najprej-amerika\/","url":"https:\/\/hudo.com\/si\/aktualno\/najprej-amerika\/","name":"\u00bbNajprej Amerika\u00ab - Hudo Slovenija","isPartOf":{"@id":"https:\/\/hudo.com\/si\/#website"},"datePublished":"2017-01-20T19:00:00+00:00","dateModified":"2017-01-21T02:41:54+00:00","breadcrumb":{"@id":"https:\/\/hudo.com\/si\/aktualno\/najprej-amerika\/#breadcrumb"},"inLanguage":"sl-SI","potentialAction":[{"@type":"ReadAction","target":["https:\/\/hudo.com\/si\/aktualno\/najprej-amerika\/"]}]},{"@type":"BreadcrumbList","@id":"https:\/\/hudo.com\/si\/aktualno\/najprej-amerika\/#breadcrumb","itemListElement":[{"@type":"ListItem","position":1,"name":"Home","item":"https:\/\/hudo.com\/si\/"},{"@type":"ListItem","position":2,"name":"\u00bbNajprej Amerika\u00ab"}]},{"@type":"WebSite","@id":"https:\/\/hudo.com\/si\/#website","url":"https:\/\/hudo.com\/si\/","name":"Hudo Slovenija","description":"Vse novice iz Slovenije in sveta","publisher":{"@id":"https:\/\/hudo.com\/si\/#organization"},"potentialAction":[{"@type":"SearchAction","target":{"@type":"EntryPoint","urlTemplate":"https:\/\/hudo.com\/si\/?s={search_term_string}"},"query-input":"required name=search_term_string"}],"inLanguage":"sl-SI"},{"@type":"Organization","@id":"https:\/\/hudo.com\/si\/#organization","name":"VSN Media","url":"https:\/\/hudo.com\/si\/","logo":{"@type":"ImageObject","inLanguage":"sl-SI","@id":"https:\/\/hudo.com\/si\/#\/schema\/logo\/image\/","url":"https:\/\/hudo.com\/si\/wp-content\/uploads\/sites\/2\/2021\/03\/hudo-app-2.png","contentUrl":"https:\/\/hudo.com\/si\/wp-content\/uploads\/sites\/2\/2021\/03\/hudo-app-2.png","width":2185,"height":2167,"caption":"VSN Media"},"image":{"@id":"https:\/\/hudo.com\/si\/#\/schema\/logo\/image\/"},"sameAs":["https:\/\/www.facebook.com\/hudo.si","https:\/\/twitter.com\/hudo_si"]},{"@type":"Person","@id":"https:\/\/hudo.com\/si\/#\/schema\/person\/601cf3379633985b20f7e50f2bb47707","name":"hudo","image":{"@type":"ImageObject","inLanguage":"sl-SI","@id":"https:\/\/hudo.com\/si\/#\/schema\/person\/image\/","url":"https:\/\/secure.gravatar.com\/avatar\/c4ca25fa72cace7a696b52ff5db9e095?s=96&d=mm&r=g","contentUrl":"https:\/\/secure.gravatar.com\/avatar\/c4ca25fa72cace7a696b52ff5db9e095?s=96&d=mm&r=g","caption":"hudo"},"url":"https:\/\/hudo.com\/si\/author\/hudo\/"}]}},"amp_enabled":true,"_links":{"self":[{"href":"https:\/\/hudo.com\/si\/wp-json\/wp\/v2\/posts\/196272"}],"collection":[{"href":"https:\/\/hudo.com\/si\/wp-json\/wp\/v2\/posts"}],"about":[{"href":"https:\/\/hudo.com\/si\/wp-json\/wp\/v2\/types\/post"}],"author":[{"embeddable":true,"href":"https:\/\/hudo.com\/si\/wp-json\/wp\/v2\/users\/1"}],"replies":[{"embeddable":true,"href":"https:\/\/hudo.com\/si\/wp-json\/wp\/v2\/comments?post=196272"}],"version-history":[{"count":1,"href":"https:\/\/hudo.com\/si\/wp-json\/wp\/v2\/posts\/196272\/revisions"}],"predecessor-version":[{"id":196343,"href":"https:\/\/hudo.com\/si\/wp-json\/wp\/v2\/posts\/196272\/revisions\/196343"}],"wp:attachment":[{"href":"https:\/\/hudo.com\/si\/wp-json\/wp\/v2\/media?parent=196272"}],"wp:term":[{"taxonomy":"category","embeddable":true,"href":"https:\/\/hudo.com\/si\/wp-json\/wp\/v2\/categories?post=196272"},{"taxonomy":"post_tag","embeddable":true,"href":"https:\/\/hudo.com\/si\/wp-json\/wp\/v2\/tags?post=196272"},{"taxonomy":"source","embeddable":true,"href":"https:\/\/hudo.com\/si\/wp-json\/wp\/v2\/source?post=196272"},{"taxonomy":"supertag","embeddable":true,"href":"https:\/\/hudo.com\/si\/wp-json\/wp\/v2\/supertag?post=196272"}],"curies":[{"name":"wp","href":"https:\/\/api.w.org\/{rel}","templated":true}]}}