{"id":196276,"date":"2017-01-20T19:31:00","date_gmt":"2017-01-20T18:31:00","guid":{"rendered":"http:\/\/hudo.com\/si\/2017\/01\/20\/o-teranu-tudi-na-berlinskem-zelenem-tednu\/"},"modified":"2017-01-20T19:31:00","modified_gmt":"2017-01-20T18:31:00","slug":"o-teranu-tudi-na-berlinskem-zelenem-tednu","status":"publish","type":"post","link":"https:\/\/hudo.com\/si\/aktualno\/o-teranu-tudi-na-berlinskem-zelenem-tednu\/","title":{"rendered":"O teranu tudi na berlinskem Zelenem tednu"},"content":{"rendered":"<p>Kategorija: Kmetijstvo Fri, 20 Jan 2017 20:31:00 +0100  Berlin &#8211; \u00bbZa Slovenijo je to nesprejemljivo,\u00ab je ob obisku Zelenega tedna v Berlinu slovenski minister za kmetijstvo Dejan \u017didan ocenil predlog evropskega komisarja za kmetijstvo v \u010dlanku za Delo, da je teran sicer slovensko vino, pri ozna\u010devanju pa misli pod dolo\u010denimi pogoji dati izjemo tudi Hrva\u0161ki. \u00bbNesprejemljivo je zato, ker se prvi\u010d posku\u0161a narediti izjema od dosedanjih pravil,\u00ab verjame slovenski minister. Ta jasno dolo\u010dajo, da lahko do izjem pride samo v \u010dasu pogajanj o pristopu, ko so vzpostavlja za\u0161\u010dita, komisar pa je v \u010dlanku v Delu sam povedal, da je za\u0161\u010dita slovenskega terana povsem legitimna. \u00bbDa zdaj i\u0161\u010dejo na\u010dine za legalizacijo nezakonite prakse do sosednje dr\u017eave prek podrejenega pravnega akta, s katerim je mogo\u010de re\u0161evati samo manj pomembne, nepoliti\u010dne stvari, bi bil za Evropo precedens. Na\u0161i pravniki verjamejo &#8211; in\u00a0&#8230;<\/p>\n","protected":false},"excerpt":{"rendered":"<p>Kategorija: Kmetijstvo Fri, 20 Jan 2017 20:31:00 +0100  Berlin &#8211; \u00bbZa Slovenijo je to nesprejemljivo,\u00ab je ob obisku Zelenega tedna v Berlinu slovenski minister za kmetijstvo Dejan \u017didan ocenil predlog evropskega komisarja za kmetijstvo v \u010dlanku za Delo, da je teran sicer slovensko vino, pri ozna\u010devanju pa misli pod dolo\u010denimi pogoji dati izjemo tudi Hrva\u0161ki. \u00bbNesprejemljivo je zato, ker se prvi\u010d posku\u0161a narediti izjema od dosedanjih pravil,\u00ab verjame slovenski minister. Ta jasno dolo\u010dajo, da lahko do izjem pride samo v \u010dasu pogajanj o pristopu, ko so vzpostavlja za\u0161\u010dita, komisar pa je v \u010dlanku v Delu sam povedal, da je za\u0161\u010dita slovenskega terana povsem legitimna. \u00bbDa zdaj i\u0161\u010dejo na\u010dine za legalizacijo nezakonite prakse do sosednje dr\u017eave prek podrejenega pravnega akta, s katerim je mogo\u010de re\u0161evati samo manj pomembne, nepoliti\u010dne stvari, bi bil za Evropo precedens. Na\u0161i pravniki verjamejo &#8211; in\u00a0&#8230;<\/p>\n","protected":false},"author":1,"featured_media":0,"comment_status":"closed","ping_status":"closed","sticky":false,"template":"","format":"standard","meta":{"footnotes":""},"categories":[1179],"tags":[],"source":[1703],"supertag":[],"acf":[],"yoast_head":"<!-- This site is optimized with the Yoast SEO plugin v21.3 - https:\/\/yoast.com\/wordpress\/plugins\/seo\/ -->\n<title>O teranu tudi na berlinskem Zelenem tednu - Hudo Slovenija<\/title>\n<meta name=\"robots\" content=\"index, follow, max-snippet:-1, max-image-preview:large, max-video-preview:-1\" \/>\n<link rel=\"canonical\" href=\"https:\/\/hudo.com\/si\/aktualno\/o-teranu-tudi-na-berlinskem-zelenem-tednu\/\" \/>\n<meta property=\"og:locale\" content=\"sl_SI\" \/>\n<meta property=\"og:type\" content=\"article\" \/>\n<meta property=\"og:title\" content=\"O teranu tudi na berlinskem Zelenem tednu - Hudo Slovenija\" \/>\n<meta property=\"og:description\" content=\"Kategorija: Kmetijstvo Fri, 20 Jan 2017 20:31:00 +0100 Berlin - \u00bbZa Slovenijo je to nesprejemljivo,\u00ab je ob obisku Zelenega tedna v Berlinu slovenski minister za kmetijstvo Dejan \u017didan ocenil predlog evropskega komisarja za kmetijstvo v \u010dlanku za Delo, da je teran sicer slovensko vino, pri ozna\u010devanju pa misli pod dolo\u010denimi pogoji dati izjemo tudi Hrva\u0161ki. \u00bbNesprejemljivo je zato, ker se prvi\u010d posku\u0161a narediti izjema od dosedanjih pravil,\u00ab verjame slovenski minister. Ta jasno dolo\u010dajo, da lahko do izjem pride samo v \u010dasu pogajanj o pristopu, ko so vzpostavlja za\u0161\u010dita, komisar pa je v \u010dlanku v Delu sam povedal, da je za\u0161\u010dita slovenskega terana povsem legitimna. \u00bbDa zdaj i\u0161\u010dejo na\u010dine za legalizacijo nezakonite prakse do sosednje dr\u017eave prek podrejenega pravnega akta, s katerim je mogo\u010de re\u0161evati samo manj pomembne, nepoliti\u010dne stvari, bi bil za Evropo precedens. Na\u0161i pravniki verjamejo - in\u00a0...\" \/>\n<meta property=\"og:url\" content=\"https:\/\/hudo.com\/si\/aktualno\/o-teranu-tudi-na-berlinskem-zelenem-tednu\/\" \/>\n<meta property=\"og:site_name\" content=\"Hudo Slovenija\" \/>\n<meta property=\"article:publisher\" content=\"https:\/\/www.facebook.com\/hudo.si\" \/>\n<meta property=\"article:published_time\" content=\"2017-01-20T18:31:00+00:00\" \/>\n<meta property=\"og:image\" content=\"https:\/\/hudo.com\/si\/wp-content\/uploads\/sites\/2\/2017\/01\/480x290_teran_kozarec_vino.jpeg\" \/>\n\t<meta property=\"og:image:width\" content=\"479\" \/>\n\t<meta property=\"og:image:height\" content=\"290\" \/>\n\t<meta property=\"og:image:type\" content=\"image\/jpeg\" \/>\n<meta name=\"author\" content=\"hudo\" \/>\n<meta name=\"twitter:card\" content=\"summary_large_image\" \/>\n<meta name=\"twitter:creator\" content=\"@hudo_si\" \/>\n<meta name=\"twitter:site\" content=\"@hudo_si\" \/>\n<meta name=\"twitter:label1\" content=\"Written by\" \/>\n\t<meta name=\"twitter:data1\" content=\"hudo\" \/>\n\t<meta name=\"twitter:label2\" content=\"Est. reading time\" \/>\n\t<meta name=\"twitter:data2\" content=\"1 minuta\" \/>\n<script type=\"application\/ld+json\" class=\"yoast-schema-graph\">{\"@context\":\"https:\/\/schema.org\",\"@graph\":[{\"@type\":\"Article\",\"@id\":\"https:\/\/hudo.com\/si\/aktualno\/o-teranu-tudi-na-berlinskem-zelenem-tednu\/#article\",\"isPartOf\":{\"@id\":\"https:\/\/hudo.com\/si\/aktualno\/o-teranu-tudi-na-berlinskem-zelenem-tednu\/\"},\"author\":{\"name\":\"hudo\",\"@id\":\"https:\/\/hudo.com\/si\/#\/schema\/person\/601cf3379633985b20f7e50f2bb47707\"},\"headline\":\"O teranu tudi na berlinskem Zelenem tednu\",\"datePublished\":\"2017-01-20T18:31:00+00:00\",\"dateModified\":\"2017-01-20T18:31:00+00:00\",\"mainEntityOfPage\":{\"@id\":\"https:\/\/hudo.com\/si\/aktualno\/o-teranu-tudi-na-berlinskem-zelenem-tednu\/\"},\"wordCount\":156,\"publisher\":{\"@id\":\"https:\/\/hudo.com\/si\/#organization\"},\"articleSection\":[\"Aktualno\"],\"inLanguage\":\"sl-SI\"},{\"@type\":\"WebPage\",\"@id\":\"https:\/\/hudo.com\/si\/aktualno\/o-teranu-tudi-na-berlinskem-zelenem-tednu\/\",\"url\":\"https:\/\/hudo.com\/si\/aktualno\/o-teranu-tudi-na-berlinskem-zelenem-tednu\/\",\"name\":\"O teranu tudi na berlinskem Zelenem tednu - Hudo Slovenija\",\"isPartOf\":{\"@id\":\"https:\/\/hudo.com\/si\/#website\"},\"datePublished\":\"2017-01-20T18:31:00+00:00\",\"dateModified\":\"2017-01-20T18:31:00+00:00\",\"breadcrumb\":{\"@id\":\"https:\/\/hudo.com\/si\/aktualno\/o-teranu-tudi-na-berlinskem-zelenem-tednu\/#breadcrumb\"},\"inLanguage\":\"sl-SI\",\"potentialAction\":[{\"@type\":\"ReadAction\",\"target\":[\"https:\/\/hudo.com\/si\/aktualno\/o-teranu-tudi-na-berlinskem-zelenem-tednu\/\"]}]},{\"@type\":\"BreadcrumbList\",\"@id\":\"https:\/\/hudo.com\/si\/aktualno\/o-teranu-tudi-na-berlinskem-zelenem-tednu\/#breadcrumb\",\"itemListElement\":[{\"@type\":\"ListItem\",\"position\":1,\"name\":\"Home\",\"item\":\"https:\/\/hudo.com\/si\/\"},{\"@type\":\"ListItem\",\"position\":2,\"name\":\"O teranu tudi na berlinskem Zelenem tednu\"}]},{\"@type\":\"WebSite\",\"@id\":\"https:\/\/hudo.com\/si\/#website\",\"url\":\"https:\/\/hudo.com\/si\/\",\"name\":\"Hudo Slovenija\",\"description\":\"Vse novice iz Slovenije in sveta\",\"publisher\":{\"@id\":\"https:\/\/hudo.com\/si\/#organization\"},\"potentialAction\":[{\"@type\":\"SearchAction\",\"target\":{\"@type\":\"EntryPoint\",\"urlTemplate\":\"https:\/\/hudo.com\/si\/?s={search_term_string}\"},\"query-input\":\"required name=search_term_string\"}],\"inLanguage\":\"sl-SI\"},{\"@type\":\"Organization\",\"@id\":\"https:\/\/hudo.com\/si\/#organization\",\"name\":\"VSN Media\",\"url\":\"https:\/\/hudo.com\/si\/\",\"logo\":{\"@type\":\"ImageObject\",\"inLanguage\":\"sl-SI\",\"@id\":\"https:\/\/hudo.com\/si\/#\/schema\/logo\/image\/\",\"url\":\"https:\/\/hudo.com\/si\/wp-content\/uploads\/sites\/2\/2021\/03\/hudo-app-2.png\",\"contentUrl\":\"https:\/\/hudo.com\/si\/wp-content\/uploads\/sites\/2\/2021\/03\/hudo-app-2.png\",\"width\":2185,\"height\":2167,\"caption\":\"VSN Media\"},\"image\":{\"@id\":\"https:\/\/hudo.com\/si\/#\/schema\/logo\/image\/\"},\"sameAs\":[\"https:\/\/www.facebook.com\/hudo.si\",\"https:\/\/twitter.com\/hudo_si\"]},{\"@type\":\"Person\",\"@id\":\"https:\/\/hudo.com\/si\/#\/schema\/person\/601cf3379633985b20f7e50f2bb47707\",\"name\":\"hudo\",\"image\":{\"@type\":\"ImageObject\",\"inLanguage\":\"sl-SI\",\"@id\":\"https:\/\/hudo.com\/si\/#\/schema\/person\/image\/\",\"url\":\"https:\/\/secure.gravatar.com\/avatar\/c4ca25fa72cace7a696b52ff5db9e095?s=96&d=mm&r=g\",\"contentUrl\":\"https:\/\/secure.gravatar.com\/avatar\/c4ca25fa72cace7a696b52ff5db9e095?s=96&d=mm&r=g\",\"caption\":\"hudo\"},\"url\":\"https:\/\/hudo.com\/si\/author\/hudo\/\"}]}<\/script>\n<!-- \/ Yoast SEO plugin. -->","yoast_head_json":{"title":"O teranu tudi na berlinskem Zelenem tednu - Hudo Slovenija","robots":{"index":"index","follow":"follow","max-snippet":"max-snippet:-1","max-image-preview":"max-image-preview:large","max-video-preview":"max-video-preview:-1"},"canonical":"https:\/\/hudo.com\/si\/aktualno\/o-teranu-tudi-na-berlinskem-zelenem-tednu\/","og_locale":"sl_SI","og_type":"article","og_title":"O teranu tudi na berlinskem Zelenem tednu - Hudo Slovenija","og_description":"Kategorija: Kmetijstvo Fri, 20 Jan 2017 20:31:00 +0100 Berlin - \u00bbZa Slovenijo je to nesprejemljivo,\u00ab je ob obisku Zelenega tedna v Berlinu slovenski minister za kmetijstvo Dejan \u017didan ocenil predlog evropskega komisarja za kmetijstvo v \u010dlanku za Delo, da je teran sicer slovensko vino, pri ozna\u010devanju pa misli pod dolo\u010denimi pogoji dati izjemo tudi Hrva\u0161ki. \u00bbNesprejemljivo je zato, ker se prvi\u010d posku\u0161a narediti izjema od dosedanjih pravil,\u00ab verjame slovenski minister. Ta jasno dolo\u010dajo, da lahko do izjem pride samo v \u010dasu pogajanj o pristopu, ko so vzpostavlja za\u0161\u010dita, komisar pa je v \u010dlanku v Delu sam povedal, da je za\u0161\u010dita slovenskega terana povsem legitimna. \u00bbDa zdaj i\u0161\u010dejo na\u010dine za legalizacijo nezakonite prakse do sosednje dr\u017eave prek podrejenega pravnega akta, s katerim je mogo\u010de re\u0161evati samo manj pomembne, nepoliti\u010dne stvari, bi bil za Evropo precedens. Na\u0161i pravniki verjamejo - in\u00a0...","og_url":"https:\/\/hudo.com\/si\/aktualno\/o-teranu-tudi-na-berlinskem-zelenem-tednu\/","og_site_name":"Hudo Slovenija","article_publisher":"https:\/\/www.facebook.com\/hudo.si","article_published_time":"2017-01-20T18:31:00+00:00","og_image":[{"width":479,"height":290,"url":"https:\/\/hudo.com\/si\/wp-content\/uploads\/sites\/2\/2017\/01\/480x290_teran_kozarec_vino.jpeg","type":"image\/jpeg"}],"author":"hudo","twitter_card":"summary_large_image","twitter_creator":"@hudo_si","twitter_site":"@hudo_si","twitter_misc":{"Written by":"hudo","Est. reading time":"1 minuta"},"schema":{"@context":"https:\/\/schema.org","@graph":[{"@type":"Article","@id":"https:\/\/hudo.com\/si\/aktualno\/o-teranu-tudi-na-berlinskem-zelenem-tednu\/#article","isPartOf":{"@id":"https:\/\/hudo.com\/si\/aktualno\/o-teranu-tudi-na-berlinskem-zelenem-tednu\/"},"author":{"name":"hudo","@id":"https:\/\/hudo.com\/si\/#\/schema\/person\/601cf3379633985b20f7e50f2bb47707"},"headline":"O teranu tudi na berlinskem Zelenem tednu","datePublished":"2017-01-20T18:31:00+00:00","dateModified":"2017-01-20T18:31:00+00:00","mainEntityOfPage":{"@id":"https:\/\/hudo.com\/si\/aktualno\/o-teranu-tudi-na-berlinskem-zelenem-tednu\/"},"wordCount":156,"publisher":{"@id":"https:\/\/hudo.com\/si\/#organization"},"articleSection":["Aktualno"],"inLanguage":"sl-SI"},{"@type":"WebPage","@id":"https:\/\/hudo.com\/si\/aktualno\/o-teranu-tudi-na-berlinskem-zelenem-tednu\/","url":"https:\/\/hudo.com\/si\/aktualno\/o-teranu-tudi-na-berlinskem-zelenem-tednu\/","name":"O teranu tudi na berlinskem Zelenem tednu - Hudo Slovenija","isPartOf":{"@id":"https:\/\/hudo.com\/si\/#website"},"datePublished":"2017-01-20T18:31:00+00:00","dateModified":"2017-01-20T18:31:00+00:00","breadcrumb":{"@id":"https:\/\/hudo.com\/si\/aktualno\/o-teranu-tudi-na-berlinskem-zelenem-tednu\/#breadcrumb"},"inLanguage":"sl-SI","potentialAction":[{"@type":"ReadAction","target":["https:\/\/hudo.com\/si\/aktualno\/o-teranu-tudi-na-berlinskem-zelenem-tednu\/"]}]},{"@type":"BreadcrumbList","@id":"https:\/\/hudo.com\/si\/aktualno\/o-teranu-tudi-na-berlinskem-zelenem-tednu\/#breadcrumb","itemListElement":[{"@type":"ListItem","position":1,"name":"Home","item":"https:\/\/hudo.com\/si\/"},{"@type":"ListItem","position":2,"name":"O teranu tudi na berlinskem Zelenem tednu"}]},{"@type":"WebSite","@id":"https:\/\/hudo.com\/si\/#website","url":"https:\/\/hudo.com\/si\/","name":"Hudo Slovenija","description":"Vse novice iz Slovenije in sveta","publisher":{"@id":"https:\/\/hudo.com\/si\/#organization"},"potentialAction":[{"@type":"SearchAction","target":{"@type":"EntryPoint","urlTemplate":"https:\/\/hudo.com\/si\/?s={search_term_string}"},"query-input":"required name=search_term_string"}],"inLanguage":"sl-SI"},{"@type":"Organization","@id":"https:\/\/hudo.com\/si\/#organization","name":"VSN Media","url":"https:\/\/hudo.com\/si\/","logo":{"@type":"ImageObject","inLanguage":"sl-SI","@id":"https:\/\/hudo.com\/si\/#\/schema\/logo\/image\/","url":"https:\/\/hudo.com\/si\/wp-content\/uploads\/sites\/2\/2021\/03\/hudo-app-2.png","contentUrl":"https:\/\/hudo.com\/si\/wp-content\/uploads\/sites\/2\/2021\/03\/hudo-app-2.png","width":2185,"height":2167,"caption":"VSN Media"},"image":{"@id":"https:\/\/hudo.com\/si\/#\/schema\/logo\/image\/"},"sameAs":["https:\/\/www.facebook.com\/hudo.si","https:\/\/twitter.com\/hudo_si"]},{"@type":"Person","@id":"https:\/\/hudo.com\/si\/#\/schema\/person\/601cf3379633985b20f7e50f2bb47707","name":"hudo","image":{"@type":"ImageObject","inLanguage":"sl-SI","@id":"https:\/\/hudo.com\/si\/#\/schema\/person\/image\/","url":"https:\/\/secure.gravatar.com\/avatar\/c4ca25fa72cace7a696b52ff5db9e095?s=96&d=mm&r=g","contentUrl":"https:\/\/secure.gravatar.com\/avatar\/c4ca25fa72cace7a696b52ff5db9e095?s=96&d=mm&r=g","caption":"hudo"},"url":"https:\/\/hudo.com\/si\/author\/hudo\/"}]}},"amp_enabled":true,"_links":{"self":[{"href":"https:\/\/hudo.com\/si\/wp-json\/wp\/v2\/posts\/196276"}],"collection":[{"href":"https:\/\/hudo.com\/si\/wp-json\/wp\/v2\/posts"}],"about":[{"href":"https:\/\/hudo.com\/si\/wp-json\/wp\/v2\/types\/post"}],"author":[{"embeddable":true,"href":"https:\/\/hudo.com\/si\/wp-json\/wp\/v2\/users\/1"}],"replies":[{"embeddable":true,"href":"https:\/\/hudo.com\/si\/wp-json\/wp\/v2\/comments?post=196276"}],"version-history":[{"count":0,"href":"https:\/\/hudo.com\/si\/wp-json\/wp\/v2\/posts\/196276\/revisions"}],"wp:attachment":[{"href":"https:\/\/hudo.com\/si\/wp-json\/wp\/v2\/media?parent=196276"}],"wp:term":[{"taxonomy":"category","embeddable":true,"href":"https:\/\/hudo.com\/si\/wp-json\/wp\/v2\/categories?post=196276"},{"taxonomy":"post_tag","embeddable":true,"href":"https:\/\/hudo.com\/si\/wp-json\/wp\/v2\/tags?post=196276"},{"taxonomy":"source","embeddable":true,"href":"https:\/\/hudo.com\/si\/wp-json\/wp\/v2\/source?post=196276"},{"taxonomy":"supertag","embeddable":true,"href":"https:\/\/hudo.com\/si\/wp-json\/wp\/v2\/supertag?post=196276"}],"curies":[{"name":"wp","href":"https:\/\/api.w.org\/{rel}","templated":true}]}}