{"id":196361,"date":"2017-01-20T23:00:00","date_gmt":"2017-01-20T22:00:00","guid":{"rendered":"http:\/\/hudo.com\/si\/2017\/01\/20\/kdo-bi-odgovarjal-za-zrtve-na-cesti\/"},"modified":"2017-01-21T08:07:59","modified_gmt":"2017-01-21T07:07:59","slug":"kdo-bi-odgovarjal-za-zrtve-na-cesti","status":"publish","type":"post","link":"https:\/\/hudo.com\/si\/aktualno\/kdo-bi-odgovarjal-za-zrtve-na-cesti\/","title":{"rendered":"Kdo bi odgovarjal za \u017ertve na cesti?"},"content":{"rendered":"<p>Odnesli smo jo z nepopravljivo gospodarsko \u0161kodo, a hkrati imeli veliko sre\u010do, da se ni ve\u010durni zastoj tragi\u010dno kon\u010dal z izgubo \u010dlove\u0161kih \u017eivljenj, je ena od klju\u010dnih ugotovitev v\u010deraj\u0161nje debate na ob\u010dini Ravne, sklicane z namenom analize popolnega prometnega kolapsa na koro\u0161kih cestah ob mo\u010dnem sne\u017eenju v petek, 13. Razpravo med predstavniki ob\u010din, dru\u017eb za vzdr\u017eevanje in plu\u017eenje cest, direkcije za ceste, policije, civilne za\u0161\u010dite, gasilcev in regijskih podjetni\u0161ko-obrtnih zdru\u017eenj je predsednik sveta koro\u0161ke regije ravenski \u017eupan Toma\u017e Ro\u017een spodbudil predvsem zato, da bi analizirali vzroke in posledice izrednih razmer na cesti, predvsem pa, da bi iz negativne izku\u0161nje potegnili nauk in usmeritve za ustreznej\u0161e ukrepanje na cestah v prihodnje. Najve\u010d kritik med razpravljavci je bilo usmerjenih v podjetja, ki v regiji skrbijo za plu\u017eenje in posipanje cest, kot tudi na dr\u017eavno raven z izpostavljanjem nujnega zagotavljanja bolj\u0161ih pogojev za vzdr\u017eevanje cest in skrbi za varnej\u0161e ceste v regiji. \u017dupan Mute Mirko Vo\u0161ner je sicer poudaril, da ni namen iskati krivce, da pa se morajo dokopati do vzrokov in s tem spoznanj, kaj bi morali narediti, da bi bile posledice manj\u0161e. Plugi obti\u010dali v zastojih, le devet vozil za vso regijoKritiki neustreznega odpravljanja kaosa na cestah zlasti iz podjetni\u0161kih, pa tudi iz ob\u010dinskih vrst so se med drugim strinjali, da je zgolj devet plu\u017enih vozil, s katerimi razpolagajo v VOC &#8211; Cestno-vzdr\u017eevalni bazi (CVB) v Oti\u0161kem Vrhu, ob izrednih razmerah premalo, ne glede na njihova sklicevanja na veljavne standarde. Poleg tega se je pokazalo, da je bilo na najbolj kriti\u010dnem delu med Oti\u0161kim Vrhom in Hudo luknjo v petek dopoldne na delu le eno vozilo. Nadaljnje plu\u017eenje in posipanje cest je bilo povsem prekinjeno, potem ko so vozila, ki bi morala zagotoviti posipanje in plu\u017eenje, obti\u010dala v prometu. Vodja CVB Oti\u0161ki Vrh Aleksander Celan je bil ogor\u010den, ker jim je Ro\u017een o\u010dital malomarno delo in jim pri tem prenesel predvsem kritike ob\u010danov. Ce<\/p>\n","protected":false},"excerpt":{"rendered":"<p>Odnesli smo jo z nepopravljivo gospodarsko \u0161kodo, a hkrati imeli veliko sre\u010do, da se ni ve\u010durni zastoj tragi\u010dno kon\u010dal z izgubo \u010dlove\u0161kih \u017eivljenj, je ena od klju\u010dnih ugotovitev v\u010deraj\u0161nje debate na ob\u010dini Ravne, sklicane z namenom analize popolnega prometnega kolapsa na koro\u0161kih cestah ob mo\u010dnem sne\u017eenju v petek, 13. Razpravo med predstavniki ob\u010din, dru\u017eb za vzdr\u017eevanje in plu\u017eenje cest, direkcije za ceste, policije, civilne za\u0161\u010dite, gasilcev in regijskih podjetni\u0161ko-obrtnih zdru\u017eenj je predsednik sveta koro\u0161ke regije ravenski \u017eupan Toma\u017e Ro\u017een spodbudil predvsem zato, da bi analizirali vzroke in posledice izrednih razmer na cesti, predvsem pa, da bi iz negativne izku\u0161nje potegnili nauk in usmeritve za ustreznej\u0161e ukrepanje na cestah v prihodnje. Najve\u010d kritik med razpravljavci je bilo usmerjenih v podjetja, ki v regiji skrbijo za plu\u017eenje in posipanje cest, kot tudi na dr\u017eavno raven z izpostavljanjem nujnega zagotavljanja bolj\u0161ih pogojev za vzdr\u017eevanje cest in skrbi za varnej\u0161e ceste v regiji. \u017dupan Mute Mirko Vo\u0161ner je sicer poudaril, da ni namen iskati krivce, da pa se morajo dokopati do vzrokov in s tem spoznanj, kaj bi morali narediti, da bi bile posledice manj\u0161e. Plugi obti\u010dali v zastojih, le devet vozil za vso regijoKritiki neustreznega odpravljanja kaosa na cestah zlasti iz podjetni\u0161kih, pa tudi iz ob\u010dinskih vrst so se med drugim strinjali, da je zgolj devet plu\u017enih vozil, s katerimi razpolagajo v VOC &#8211; Cestno-vzdr\u017eevalni bazi (CVB) v Oti\u0161kem Vrhu, ob izrednih razmerah premalo, ne glede na njihova sklicevanja na veljavne standarde. Poleg tega se je pokazalo, da je bilo na najbolj kriti\u010dnem delu med Oti\u0161kim Vrhom in Hudo luknjo v petek dopoldne na delu le eno vozilo. Nadaljnje plu\u017eenje in posipanje cest je bilo povsem prekinjeno, potem ko so vozila, ki bi morala zagotoviti posipanje in plu\u017eenje, obti\u010dala v prometu. Vodja CVB Oti\u0161ki Vrh Aleksander Celan je bil ogor\u010den, ker jim je Ro\u017een o\u010dital malomarno delo in jim pri tem prenesel predvsem kritike ob\u010danov. Ce<\/p>\n","protected":false},"author":1,"featured_media":0,"comment_status":"closed","ping_status":"closed","sticky":false,"template":"","format":"standard","meta":{"footnotes":""},"categories":[1179],"tags":[],"source":[1711],"supertag":[],"acf":[],"yoast_head":"<!-- This site is optimized with the Yoast SEO plugin v21.3 - https:\/\/yoast.com\/wordpress\/plugins\/seo\/ -->\n<title>Kdo bi odgovarjal za \u017ertve na cesti? - Hudo Slovenija<\/title>\n<meta name=\"robots\" content=\"index, follow, max-snippet:-1, max-image-preview:large, max-video-preview:-1\" \/>\n<link rel=\"canonical\" href=\"https:\/\/hudo.com\/si\/aktualno\/kdo-bi-odgovarjal-za-zrtve-na-cesti\/\" \/>\n<meta property=\"og:locale\" content=\"sl_SI\" \/>\n<meta property=\"og:type\" content=\"article\" \/>\n<meta property=\"og:title\" content=\"Kdo bi odgovarjal za \u017ertve na cesti? - Hudo Slovenija\" \/>\n<meta property=\"og:description\" content=\"Odnesli smo jo z nepopravljivo gospodarsko \u0161kodo, a hkrati imeli veliko sre\u010do, da se ni ve\u010durni zastoj tragi\u010dno kon\u010dal z izgubo \u010dlove\u0161kih \u017eivljenj, je ena od klju\u010dnih ugotovitev v\u010deraj\u0161nje debate na ob\u010dini Ravne, sklicane z namenom analize popolnega prometnega kolapsa na koro\u0161kih cestah ob mo\u010dnem sne\u017eenju v petek, 13. Razpravo med predstavniki ob\u010din, dru\u017eb za vzdr\u017eevanje in plu\u017eenje cest, direkcije za ceste, policije, civilne za\u0161\u010dite, gasilcev in regijskih podjetni\u0161ko-obrtnih zdru\u017eenj je predsednik sveta koro\u0161ke regije ravenski \u017eupan Toma\u017e Ro\u017een spodbudil predvsem zato, da bi analizirali vzroke in posledice izrednih razmer na cesti, predvsem pa, da bi iz negativne izku\u0161nje potegnili nauk in usmeritve za ustreznej\u0161e ukrepanje na cestah v prihodnje. Najve\u010d kritik med razpravljavci je bilo usmerjenih v podjetja, ki v regiji skrbijo za plu\u017eenje in posipanje cest, kot tudi na dr\u017eavno raven z izpostavljanjem nujnega zagotavljanja bolj\u0161ih pogojev za vzdr\u017eevanje cest in skrbi za varnej\u0161e ceste v regiji. \u017dupan Mute Mirko Vo\u0161ner je sicer poudaril, da ni namen iskati krivce, da pa se morajo dokopati do vzrokov in s tem spoznanj, kaj bi morali narediti, da bi bile posledice manj\u0161e. Plugi obti\u010dali v zastojih, le devet vozil za vso regijoKritiki neustreznega odpravljanja kaosa na cestah zlasti iz podjetni\u0161kih, pa tudi iz ob\u010dinskih vrst so se med drugim strinjali, da je zgolj devet plu\u017enih vozil, s katerimi razpolagajo v VOC - Cestno-vzdr\u017eevalni bazi (CVB) v Oti\u0161kem Vrhu, ob izrednih razmerah premalo, ne glede na njihova sklicevanja na veljavne standarde. Poleg tega se je pokazalo, da je bilo na najbolj kriti\u010dnem delu med Oti\u0161kim Vrhom in Hudo luknjo v petek dopoldne na delu le eno vozilo. Nadaljnje plu\u017eenje in posipanje cest je bilo povsem prekinjeno, potem ko so vozila, ki bi morala zagotoviti posipanje in plu\u017eenje, obti\u010dala v prometu. Vodja CVB Oti\u0161ki Vrh Aleksander Celan je bil ogor\u010den, ker jim je Ro\u017een o\u010dital malomarno delo in jim pri tem prenesel predvsem kritike ob\u010danov. Ce\" \/>\n<meta property=\"og:url\" content=\"https:\/\/hudo.com\/si\/aktualno\/kdo-bi-odgovarjal-za-zrtve-na-cesti\/\" \/>\n<meta property=\"og:site_name\" content=\"Hudo Slovenija\" \/>\n<meta property=\"article:publisher\" content=\"https:\/\/www.facebook.com\/hudo.si\" \/>\n<meta property=\"article:published_time\" content=\"2017-01-20T22:00:00+00:00\" \/>\n<meta property=\"article:modified_time\" content=\"2017-01-21T07:07:59+00:00\" \/>\n<meta property=\"og:image\" content=\"https:\/\/hudo.com\/si\/wp-content\/uploads\/sites\/2\/2017\/01\/img_20170113_133108-300.jpg\" \/>\n\t<meta property=\"og:image:width\" content=\"450\" \/>\n\t<meta property=\"og:image:height\" content=\"253\" \/>\n\t<meta property=\"og:image:type\" content=\"image\/jpeg\" \/>\n<meta name=\"author\" content=\"hudo\" \/>\n<meta name=\"twitter:card\" content=\"summary_large_image\" \/>\n<meta name=\"twitter:creator\" content=\"@hudo_si\" \/>\n<meta name=\"twitter:site\" content=\"@hudo_si\" \/>\n<meta name=\"twitter:label1\" content=\"Written by\" \/>\n\t<meta name=\"twitter:data1\" content=\"hudo\" \/>\n\t<meta name=\"twitter:label2\" content=\"Est. reading time\" \/>\n\t<meta name=\"twitter:data2\" content=\"2 minuti\" \/>\n<script type=\"application\/ld+json\" class=\"yoast-schema-graph\">{\"@context\":\"https:\/\/schema.org\",\"@graph\":[{\"@type\":\"Article\",\"@id\":\"https:\/\/hudo.com\/si\/aktualno\/kdo-bi-odgovarjal-za-zrtve-na-cesti\/#article\",\"isPartOf\":{\"@id\":\"https:\/\/hudo.com\/si\/aktualno\/kdo-bi-odgovarjal-za-zrtve-na-cesti\/\"},\"author\":{\"name\":\"hudo\",\"@id\":\"https:\/\/hudo.com\/si\/#\/schema\/person\/601cf3379633985b20f7e50f2bb47707\"},\"headline\":\"Kdo bi odgovarjal za \u017ertve na cesti?\",\"datePublished\":\"2017-01-20T22:00:00+00:00\",\"dateModified\":\"2017-01-21T07:07:59+00:00\",\"mainEntityOfPage\":{\"@id\":\"https:\/\/hudo.com\/si\/aktualno\/kdo-bi-odgovarjal-za-zrtve-na-cesti\/\"},\"wordCount\":365,\"publisher\":{\"@id\":\"https:\/\/hudo.com\/si\/#organization\"},\"articleSection\":[\"Aktualno\"],\"inLanguage\":\"sl-SI\"},{\"@type\":\"WebPage\",\"@id\":\"https:\/\/hudo.com\/si\/aktualno\/kdo-bi-odgovarjal-za-zrtve-na-cesti\/\",\"url\":\"https:\/\/hudo.com\/si\/aktualno\/kdo-bi-odgovarjal-za-zrtve-na-cesti\/\",\"name\":\"Kdo bi odgovarjal za \u017ertve na cesti? - Hudo Slovenija\",\"isPartOf\":{\"@id\":\"https:\/\/hudo.com\/si\/#website\"},\"datePublished\":\"2017-01-20T22:00:00+00:00\",\"dateModified\":\"2017-01-21T07:07:59+00:00\",\"breadcrumb\":{\"@id\":\"https:\/\/hudo.com\/si\/aktualno\/kdo-bi-odgovarjal-za-zrtve-na-cesti\/#breadcrumb\"},\"inLanguage\":\"sl-SI\",\"potentialAction\":[{\"@type\":\"ReadAction\",\"target\":[\"https:\/\/hudo.com\/si\/aktualno\/kdo-bi-odgovarjal-za-zrtve-na-cesti\/\"]}]},{\"@type\":\"BreadcrumbList\",\"@id\":\"https:\/\/hudo.com\/si\/aktualno\/kdo-bi-odgovarjal-za-zrtve-na-cesti\/#breadcrumb\",\"itemListElement\":[{\"@type\":\"ListItem\",\"position\":1,\"name\":\"Home\",\"item\":\"https:\/\/hudo.com\/si\/\"},{\"@type\":\"ListItem\",\"position\":2,\"name\":\"Kdo bi odgovarjal za \u017ertve na cesti?\"}]},{\"@type\":\"WebSite\",\"@id\":\"https:\/\/hudo.com\/si\/#website\",\"url\":\"https:\/\/hudo.com\/si\/\",\"name\":\"Hudo Slovenija\",\"description\":\"Vse novice iz Slovenije in sveta\",\"publisher\":{\"@id\":\"https:\/\/hudo.com\/si\/#organization\"},\"potentialAction\":[{\"@type\":\"SearchAction\",\"target\":{\"@type\":\"EntryPoint\",\"urlTemplate\":\"https:\/\/hudo.com\/si\/?s={search_term_string}\"},\"query-input\":\"required name=search_term_string\"}],\"inLanguage\":\"sl-SI\"},{\"@type\":\"Organization\",\"@id\":\"https:\/\/hudo.com\/si\/#organization\",\"name\":\"VSN Media\",\"url\":\"https:\/\/hudo.com\/si\/\",\"logo\":{\"@type\":\"ImageObject\",\"inLanguage\":\"sl-SI\",\"@id\":\"https:\/\/hudo.com\/si\/#\/schema\/logo\/image\/\",\"url\":\"https:\/\/hudo.com\/si\/wp-content\/uploads\/sites\/2\/2021\/03\/hudo-app-2.png\",\"contentUrl\":\"https:\/\/hudo.com\/si\/wp-content\/uploads\/sites\/2\/2021\/03\/hudo-app-2.png\",\"width\":2185,\"height\":2167,\"caption\":\"VSN Media\"},\"image\":{\"@id\":\"https:\/\/hudo.com\/si\/#\/schema\/logo\/image\/\"},\"sameAs\":[\"https:\/\/www.facebook.com\/hudo.si\",\"https:\/\/twitter.com\/hudo_si\"]},{\"@type\":\"Person\",\"@id\":\"https:\/\/hudo.com\/si\/#\/schema\/person\/601cf3379633985b20f7e50f2bb47707\",\"name\":\"hudo\",\"image\":{\"@type\":\"ImageObject\",\"inLanguage\":\"sl-SI\",\"@id\":\"https:\/\/hudo.com\/si\/#\/schema\/person\/image\/\",\"url\":\"https:\/\/secure.gravatar.com\/avatar\/c4ca25fa72cace7a696b52ff5db9e095?s=96&d=mm&r=g\",\"contentUrl\":\"https:\/\/secure.gravatar.com\/avatar\/c4ca25fa72cace7a696b52ff5db9e095?s=96&d=mm&r=g\",\"caption\":\"hudo\"},\"url\":\"https:\/\/hudo.com\/si\/author\/hudo\/\"}]}<\/script>\n<!-- \/ Yoast SEO plugin. -->","yoast_head_json":{"title":"Kdo bi odgovarjal za \u017ertve na cesti? - Hudo Slovenija","robots":{"index":"index","follow":"follow","max-snippet":"max-snippet:-1","max-image-preview":"max-image-preview:large","max-video-preview":"max-video-preview:-1"},"canonical":"https:\/\/hudo.com\/si\/aktualno\/kdo-bi-odgovarjal-za-zrtve-na-cesti\/","og_locale":"sl_SI","og_type":"article","og_title":"Kdo bi odgovarjal za \u017ertve na cesti? - Hudo Slovenija","og_description":"Odnesli smo jo z nepopravljivo gospodarsko \u0161kodo, a hkrati imeli veliko sre\u010do, da se ni ve\u010durni zastoj tragi\u010dno kon\u010dal z izgubo \u010dlove\u0161kih \u017eivljenj, je ena od klju\u010dnih ugotovitev v\u010deraj\u0161nje debate na ob\u010dini Ravne, sklicane z namenom analize popolnega prometnega kolapsa na koro\u0161kih cestah ob mo\u010dnem sne\u017eenju v petek, 13. Razpravo med predstavniki ob\u010din, dru\u017eb za vzdr\u017eevanje in plu\u017eenje cest, direkcije za ceste, policije, civilne za\u0161\u010dite, gasilcev in regijskih podjetni\u0161ko-obrtnih zdru\u017eenj je predsednik sveta koro\u0161ke regije ravenski \u017eupan Toma\u017e Ro\u017een spodbudil predvsem zato, da bi analizirali vzroke in posledice izrednih razmer na cesti, predvsem pa, da bi iz negativne izku\u0161nje potegnili nauk in usmeritve za ustreznej\u0161e ukrepanje na cestah v prihodnje. Najve\u010d kritik med razpravljavci je bilo usmerjenih v podjetja, ki v regiji skrbijo za plu\u017eenje in posipanje cest, kot tudi na dr\u017eavno raven z izpostavljanjem nujnega zagotavljanja bolj\u0161ih pogojev za vzdr\u017eevanje cest in skrbi za varnej\u0161e ceste v regiji. \u017dupan Mute Mirko Vo\u0161ner je sicer poudaril, da ni namen iskati krivce, da pa se morajo dokopati do vzrokov in s tem spoznanj, kaj bi morali narediti, da bi bile posledice manj\u0161e. Plugi obti\u010dali v zastojih, le devet vozil za vso regijoKritiki neustreznega odpravljanja kaosa na cestah zlasti iz podjetni\u0161kih, pa tudi iz ob\u010dinskih vrst so se med drugim strinjali, da je zgolj devet plu\u017enih vozil, s katerimi razpolagajo v VOC - Cestno-vzdr\u017eevalni bazi (CVB) v Oti\u0161kem Vrhu, ob izrednih razmerah premalo, ne glede na njihova sklicevanja na veljavne standarde. Poleg tega se je pokazalo, da je bilo na najbolj kriti\u010dnem delu med Oti\u0161kim Vrhom in Hudo luknjo v petek dopoldne na delu le eno vozilo. Nadaljnje plu\u017eenje in posipanje cest je bilo povsem prekinjeno, potem ko so vozila, ki bi morala zagotoviti posipanje in plu\u017eenje, obti\u010dala v prometu. Vodja CVB Oti\u0161ki Vrh Aleksander Celan je bil ogor\u010den, ker jim je Ro\u017een o\u010dital malomarno delo in jim pri tem prenesel predvsem kritike ob\u010danov. Ce","og_url":"https:\/\/hudo.com\/si\/aktualno\/kdo-bi-odgovarjal-za-zrtve-na-cesti\/","og_site_name":"Hudo Slovenija","article_publisher":"https:\/\/www.facebook.com\/hudo.si","article_published_time":"2017-01-20T22:00:00+00:00","article_modified_time":"2017-01-21T07:07:59+00:00","og_image":[{"width":450,"height":253,"url":"https:\/\/hudo.com\/si\/wp-content\/uploads\/sites\/2\/2017\/01\/img_20170113_133108-300.jpg","type":"image\/jpeg"}],"author":"hudo","twitter_card":"summary_large_image","twitter_creator":"@hudo_si","twitter_site":"@hudo_si","twitter_misc":{"Written by":"hudo","Est. reading time":"2 minuti"},"schema":{"@context":"https:\/\/schema.org","@graph":[{"@type":"Article","@id":"https:\/\/hudo.com\/si\/aktualno\/kdo-bi-odgovarjal-za-zrtve-na-cesti\/#article","isPartOf":{"@id":"https:\/\/hudo.com\/si\/aktualno\/kdo-bi-odgovarjal-za-zrtve-na-cesti\/"},"author":{"name":"hudo","@id":"https:\/\/hudo.com\/si\/#\/schema\/person\/601cf3379633985b20f7e50f2bb47707"},"headline":"Kdo bi odgovarjal za \u017ertve na cesti?","datePublished":"2017-01-20T22:00:00+00:00","dateModified":"2017-01-21T07:07:59+00:00","mainEntityOfPage":{"@id":"https:\/\/hudo.com\/si\/aktualno\/kdo-bi-odgovarjal-za-zrtve-na-cesti\/"},"wordCount":365,"publisher":{"@id":"https:\/\/hudo.com\/si\/#organization"},"articleSection":["Aktualno"],"inLanguage":"sl-SI"},{"@type":"WebPage","@id":"https:\/\/hudo.com\/si\/aktualno\/kdo-bi-odgovarjal-za-zrtve-na-cesti\/","url":"https:\/\/hudo.com\/si\/aktualno\/kdo-bi-odgovarjal-za-zrtve-na-cesti\/","name":"Kdo bi odgovarjal za \u017ertve na cesti? - Hudo Slovenija","isPartOf":{"@id":"https:\/\/hudo.com\/si\/#website"},"datePublished":"2017-01-20T22:00:00+00:00","dateModified":"2017-01-21T07:07:59+00:00","breadcrumb":{"@id":"https:\/\/hudo.com\/si\/aktualno\/kdo-bi-odgovarjal-za-zrtve-na-cesti\/#breadcrumb"},"inLanguage":"sl-SI","potentialAction":[{"@type":"ReadAction","target":["https:\/\/hudo.com\/si\/aktualno\/kdo-bi-odgovarjal-za-zrtve-na-cesti\/"]}]},{"@type":"BreadcrumbList","@id":"https:\/\/hudo.com\/si\/aktualno\/kdo-bi-odgovarjal-za-zrtve-na-cesti\/#breadcrumb","itemListElement":[{"@type":"ListItem","position":1,"name":"Home","item":"https:\/\/hudo.com\/si\/"},{"@type":"ListItem","position":2,"name":"Kdo bi odgovarjal za \u017ertve na cesti?"}]},{"@type":"WebSite","@id":"https:\/\/hudo.com\/si\/#website","url":"https:\/\/hudo.com\/si\/","name":"Hudo Slovenija","description":"Vse novice iz Slovenije in sveta","publisher":{"@id":"https:\/\/hudo.com\/si\/#organization"},"potentialAction":[{"@type":"SearchAction","target":{"@type":"EntryPoint","urlTemplate":"https:\/\/hudo.com\/si\/?s={search_term_string}"},"query-input":"required name=search_term_string"}],"inLanguage":"sl-SI"},{"@type":"Organization","@id":"https:\/\/hudo.com\/si\/#organization","name":"VSN Media","url":"https:\/\/hudo.com\/si\/","logo":{"@type":"ImageObject","inLanguage":"sl-SI","@id":"https:\/\/hudo.com\/si\/#\/schema\/logo\/image\/","url":"https:\/\/hudo.com\/si\/wp-content\/uploads\/sites\/2\/2021\/03\/hudo-app-2.png","contentUrl":"https:\/\/hudo.com\/si\/wp-content\/uploads\/sites\/2\/2021\/03\/hudo-app-2.png","width":2185,"height":2167,"caption":"VSN Media"},"image":{"@id":"https:\/\/hudo.com\/si\/#\/schema\/logo\/image\/"},"sameAs":["https:\/\/www.facebook.com\/hudo.si","https:\/\/twitter.com\/hudo_si"]},{"@type":"Person","@id":"https:\/\/hudo.com\/si\/#\/schema\/person\/601cf3379633985b20f7e50f2bb47707","name":"hudo","image":{"@type":"ImageObject","inLanguage":"sl-SI","@id":"https:\/\/hudo.com\/si\/#\/schema\/person\/image\/","url":"https:\/\/secure.gravatar.com\/avatar\/c4ca25fa72cace7a696b52ff5db9e095?s=96&d=mm&r=g","contentUrl":"https:\/\/secure.gravatar.com\/avatar\/c4ca25fa72cace7a696b52ff5db9e095?s=96&d=mm&r=g","caption":"hudo"},"url":"https:\/\/hudo.com\/si\/author\/hudo\/"}]}},"amp_enabled":true,"_links":{"self":[{"href":"https:\/\/hudo.com\/si\/wp-json\/wp\/v2\/posts\/196361"}],"collection":[{"href":"https:\/\/hudo.com\/si\/wp-json\/wp\/v2\/posts"}],"about":[{"href":"https:\/\/hudo.com\/si\/wp-json\/wp\/v2\/types\/post"}],"author":[{"embeddable":true,"href":"https:\/\/hudo.com\/si\/wp-json\/wp\/v2\/users\/1"}],"replies":[{"embeddable":true,"href":"https:\/\/hudo.com\/si\/wp-json\/wp\/v2\/comments?post=196361"}],"version-history":[{"count":1,"href":"https:\/\/hudo.com\/si\/wp-json\/wp\/v2\/posts\/196361\/revisions"}],"predecessor-version":[{"id":196403,"href":"https:\/\/hudo.com\/si\/wp-json\/wp\/v2\/posts\/196361\/revisions\/196403"}],"wp:attachment":[{"href":"https:\/\/hudo.com\/si\/wp-json\/wp\/v2\/media?parent=196361"}],"wp:term":[{"taxonomy":"category","embeddable":true,"href":"https:\/\/hudo.com\/si\/wp-json\/wp\/v2\/categories?post=196361"},{"taxonomy":"post_tag","embeddable":true,"href":"https:\/\/hudo.com\/si\/wp-json\/wp\/v2\/tags?post=196361"},{"taxonomy":"source","embeddable":true,"href":"https:\/\/hudo.com\/si\/wp-json\/wp\/v2\/source?post=196361"},{"taxonomy":"supertag","embeddable":true,"href":"https:\/\/hudo.com\/si\/wp-json\/wp\/v2\/supertag?post=196361"}],"curies":[{"name":"wp","href":"https:\/\/api.w.org\/{rel}","templated":true}]}}