{"id":196479,"date":"2017-01-21T09:00:00","date_gmt":"2017-01-21T08:00:00","guid":{"rendered":"http:\/\/hudo.com\/si\/2017\/01\/21\/pozar-zacasno-ustavil-skrivnostno-predelavo-avtobusa\/"},"modified":"2017-01-21T18:52:03","modified_gmt":"2017-01-21T17:52:03","slug":"pozar-zacasno-ustavil-skrivnostno-predelavo-avtobusa","status":"publish","type":"post","link":"https:\/\/hudo.com\/si\/aktualno\/pozar-zacasno-ustavil-skrivnostno-predelavo-avtobusa\/","title":{"rendered":"Po\u017ear za\u010dasno ustavil skrivnostno predelavo avtobusa"},"content":{"rendered":"<p>Kategorija: Ljubljana Sat, 21 Jan 2017 10:00:00 +0100  Ljubljana \u2013 Na policiji \u0161e vedno preiskujejo, kaj je povzro\u010dilo po\u017ear v delavnici LPP konec minulega tedna. Mi pa smo preverili, kaj je v ozadju prvega in edinega elektri\u010dnega avtobusa tega javnega podjetja, ki je klavrno kon\u010dal v pepelu in podjetju povzro\u010dil za okoli pol milijona evrov \u0161kode. Kot smo \u017ee pisali, je imel Ljubljanski potni\u0161ki promet v svoji floti elektri\u010dnih vozil doslej \u0161tiri elektri\u010dne kavalirje za vo\u017enjo po obmo\u010djih za pe\u0161ce, elektri\u010dni vlakec za turisti\u010dne vo\u017enje, ki so ga kupili lani, in dvajset elektri\u010dnih osebnih vozil, namenjenih prevozu na klic, ki so jih prav tako kupili lani, a \u0161e ne obratujejo. Pri zagorelem avtobusu pa ni \u0161lo za novo elektri\u010dno vozilo, temve\u010d za pet let star dizelski avtobus, ki so ga v LPP predelali. Direktor javnega podjetja\u00a0&#8230;<\/p>\n","protected":false},"excerpt":{"rendered":"<p>Kategorija: Ljubljana Sat, 21 Jan 2017 10:00:00 +0100  Ljubljana \u2013 Na policiji \u0161e vedno preiskujejo, kaj je povzro\u010dilo po\u017ear v delavnici LPP konec minulega tedna. Mi pa smo preverili, kaj je v ozadju prvega in edinega elektri\u010dnega avtobusa tega javnega podjetja, ki je klavrno kon\u010dal v pepelu in podjetju povzro\u010dil za okoli pol milijona evrov \u0161kode. Kot smo \u017ee pisali, je imel Ljubljanski potni\u0161ki promet v svoji floti elektri\u010dnih vozil doslej \u0161tiri elektri\u010dne kavalirje za vo\u017enjo po obmo\u010djih za pe\u0161ce, elektri\u010dni vlakec za turisti\u010dne vo\u017enje, ki so ga kupili lani, in dvajset elektri\u010dnih osebnih vozil, namenjenih prevozu na klic, ki so jih prav tako kupili lani, a \u0161e ne obratujejo. Pri zagorelem avtobusu pa ni \u0161lo za novo elektri\u010dno vozilo, temve\u010d za pet let star dizelski avtobus, ki so ga v LPP predelali. Direktor javnega podjetja\u00a0&#8230;<\/p>\n","protected":false},"author":1,"featured_media":0,"comment_status":"closed","ping_status":"closed","sticky":false,"template":"","format":"standard","meta":{"footnotes":""},"categories":[1179],"tags":[],"source":[1703],"supertag":[],"acf":[],"yoast_head":"<!-- This site is optimized with the Yoast SEO plugin v21.3 - https:\/\/yoast.com\/wordpress\/plugins\/seo\/ -->\n<title>Po\u017ear za\u010dasno ustavil skrivnostno predelavo avtobusa - Hudo Slovenija<\/title>\n<meta name=\"robots\" content=\"index, follow, max-snippet:-1, max-image-preview:large, max-video-preview:-1\" \/>\n<link rel=\"canonical\" href=\"https:\/\/hudo.com\/si\/aktualno\/pozar-zacasno-ustavil-skrivnostno-predelavo-avtobusa\/\" \/>\n<meta property=\"og:locale\" content=\"sl_SI\" \/>\n<meta property=\"og:type\" content=\"article\" \/>\n<meta property=\"og:title\" content=\"Po\u017ear za\u010dasno ustavil skrivnostno predelavo avtobusa - Hudo Slovenija\" \/>\n<meta property=\"og:description\" content=\"Kategorija: Ljubljana Sat, 21 Jan 2017 10:00:00 +0100 Ljubljana \u2013 Na policiji \u0161e vedno preiskujejo, kaj je povzro\u010dilo po\u017ear v delavnici LPP konec minulega tedna. Mi pa smo preverili, kaj je v ozadju prvega in edinega elektri\u010dnega avtobusa tega javnega podjetja, ki je klavrno kon\u010dal v pepelu in podjetju povzro\u010dil za okoli pol milijona evrov \u0161kode. Kot smo \u017ee pisali, je imel Ljubljanski potni\u0161ki promet v svoji floti elektri\u010dnih vozil doslej \u0161tiri elektri\u010dne kavalirje za vo\u017enjo po obmo\u010djih za pe\u0161ce, elektri\u010dni vlakec za turisti\u010dne vo\u017enje, ki so ga kupili lani, in dvajset elektri\u010dnih osebnih vozil, namenjenih prevozu na klic, ki so jih prav tako kupili lani, a \u0161e ne obratujejo. Pri zagorelem avtobusu pa ni \u0161lo za novo elektri\u010dno vozilo, temve\u010d za pet let star dizelski avtobus, ki so ga v LPP predelali. Direktor javnega podjetja\u00a0...\" \/>\n<meta property=\"og:url\" content=\"https:\/\/hudo.com\/si\/aktualno\/pozar-zacasno-ustavil-skrivnostno-predelavo-avtobusa\/\" \/>\n<meta property=\"og:site_name\" content=\"Hudo Slovenija\" \/>\n<meta property=\"article:publisher\" content=\"https:\/\/www.facebook.com\/hudo.si\" \/>\n<meta property=\"article:published_time\" content=\"2017-01-21T08:00:00+00:00\" \/>\n<meta property=\"article:modified_time\" content=\"2017-01-21T17:52:03+00:00\" \/>\n<meta property=\"og:image\" content=\"https:\/\/hudo.com\/si\/wp-content\/uploads\/sites\/2\/2017\/01\/480x290_Ljubljanska__djvu_2458117_p_hires0.jpeg\" \/>\n\t<meta property=\"og:image:width\" content=\"480\" \/>\n\t<meta property=\"og:image:height\" content=\"290\" \/>\n\t<meta property=\"og:image:type\" content=\"image\/jpeg\" \/>\n<meta name=\"author\" content=\"hudo\" \/>\n<meta name=\"twitter:card\" content=\"summary_large_image\" \/>\n<meta name=\"twitter:creator\" content=\"@hudo_si\" \/>\n<meta name=\"twitter:site\" content=\"@hudo_si\" \/>\n<meta name=\"twitter:label1\" content=\"Written by\" \/>\n\t<meta name=\"twitter:data1\" content=\"hudo\" \/>\n\t<meta name=\"twitter:label2\" content=\"Est. reading time\" \/>\n\t<meta name=\"twitter:data2\" content=\"1 minuta\" \/>\n<script type=\"application\/ld+json\" class=\"yoast-schema-graph\">{\"@context\":\"https:\/\/schema.org\",\"@graph\":[{\"@type\":\"Article\",\"@id\":\"https:\/\/hudo.com\/si\/aktualno\/pozar-zacasno-ustavil-skrivnostno-predelavo-avtobusa\/#article\",\"isPartOf\":{\"@id\":\"https:\/\/hudo.com\/si\/aktualno\/pozar-zacasno-ustavil-skrivnostno-predelavo-avtobusa\/\"},\"author\":{\"name\":\"hudo\",\"@id\":\"https:\/\/hudo.com\/si\/#\/schema\/person\/601cf3379633985b20f7e50f2bb47707\"},\"headline\":\"Po\u017ear za\u010dasno ustavil skrivnostno predelavo avtobusa\",\"datePublished\":\"2017-01-21T08:00:00+00:00\",\"dateModified\":\"2017-01-21T17:52:03+00:00\",\"mainEntityOfPage\":{\"@id\":\"https:\/\/hudo.com\/si\/aktualno\/pozar-zacasno-ustavil-skrivnostno-predelavo-avtobusa\/\"},\"wordCount\":155,\"publisher\":{\"@id\":\"https:\/\/hudo.com\/si\/#organization\"},\"articleSection\":[\"Aktualno\"],\"inLanguage\":\"sl-SI\"},{\"@type\":\"WebPage\",\"@id\":\"https:\/\/hudo.com\/si\/aktualno\/pozar-zacasno-ustavil-skrivnostno-predelavo-avtobusa\/\",\"url\":\"https:\/\/hudo.com\/si\/aktualno\/pozar-zacasno-ustavil-skrivnostno-predelavo-avtobusa\/\",\"name\":\"Po\u017ear za\u010dasno ustavil skrivnostno predelavo avtobusa - Hudo Slovenija\",\"isPartOf\":{\"@id\":\"https:\/\/hudo.com\/si\/#website\"},\"datePublished\":\"2017-01-21T08:00:00+00:00\",\"dateModified\":\"2017-01-21T17:52:03+00:00\",\"breadcrumb\":{\"@id\":\"https:\/\/hudo.com\/si\/aktualno\/pozar-zacasno-ustavil-skrivnostno-predelavo-avtobusa\/#breadcrumb\"},\"inLanguage\":\"sl-SI\",\"potentialAction\":[{\"@type\":\"ReadAction\",\"target\":[\"https:\/\/hudo.com\/si\/aktualno\/pozar-zacasno-ustavil-skrivnostno-predelavo-avtobusa\/\"]}]},{\"@type\":\"BreadcrumbList\",\"@id\":\"https:\/\/hudo.com\/si\/aktualno\/pozar-zacasno-ustavil-skrivnostno-predelavo-avtobusa\/#breadcrumb\",\"itemListElement\":[{\"@type\":\"ListItem\",\"position\":1,\"name\":\"Home\",\"item\":\"https:\/\/hudo.com\/si\/\"},{\"@type\":\"ListItem\",\"position\":2,\"name\":\"Po\u017ear za\u010dasno ustavil skrivnostno predelavo avtobusa\"}]},{\"@type\":\"WebSite\",\"@id\":\"https:\/\/hudo.com\/si\/#website\",\"url\":\"https:\/\/hudo.com\/si\/\",\"name\":\"Hudo Slovenija\",\"description\":\"Vse novice iz Slovenije in sveta\",\"publisher\":{\"@id\":\"https:\/\/hudo.com\/si\/#organization\"},\"potentialAction\":[{\"@type\":\"SearchAction\",\"target\":{\"@type\":\"EntryPoint\",\"urlTemplate\":\"https:\/\/hudo.com\/si\/?s={search_term_string}\"},\"query-input\":\"required name=search_term_string\"}],\"inLanguage\":\"sl-SI\"},{\"@type\":\"Organization\",\"@id\":\"https:\/\/hudo.com\/si\/#organization\",\"name\":\"VSN Media\",\"url\":\"https:\/\/hudo.com\/si\/\",\"logo\":{\"@type\":\"ImageObject\",\"inLanguage\":\"sl-SI\",\"@id\":\"https:\/\/hudo.com\/si\/#\/schema\/logo\/image\/\",\"url\":\"https:\/\/hudo.com\/si\/wp-content\/uploads\/sites\/2\/2021\/03\/hudo-app-2.png\",\"contentUrl\":\"https:\/\/hudo.com\/si\/wp-content\/uploads\/sites\/2\/2021\/03\/hudo-app-2.png\",\"width\":2185,\"height\":2167,\"caption\":\"VSN Media\"},\"image\":{\"@id\":\"https:\/\/hudo.com\/si\/#\/schema\/logo\/image\/\"},\"sameAs\":[\"https:\/\/www.facebook.com\/hudo.si\",\"https:\/\/twitter.com\/hudo_si\"]},{\"@type\":\"Person\",\"@id\":\"https:\/\/hudo.com\/si\/#\/schema\/person\/601cf3379633985b20f7e50f2bb47707\",\"name\":\"hudo\",\"image\":{\"@type\":\"ImageObject\",\"inLanguage\":\"sl-SI\",\"@id\":\"https:\/\/hudo.com\/si\/#\/schema\/person\/image\/\",\"url\":\"https:\/\/secure.gravatar.com\/avatar\/c4ca25fa72cace7a696b52ff5db9e095?s=96&d=mm&r=g\",\"contentUrl\":\"https:\/\/secure.gravatar.com\/avatar\/c4ca25fa72cace7a696b52ff5db9e095?s=96&d=mm&r=g\",\"caption\":\"hudo\"},\"url\":\"https:\/\/hudo.com\/si\/author\/hudo\/\"}]}<\/script>\n<!-- \/ Yoast SEO plugin. -->","yoast_head_json":{"title":"Po\u017ear za\u010dasno ustavil skrivnostno predelavo avtobusa - Hudo Slovenija","robots":{"index":"index","follow":"follow","max-snippet":"max-snippet:-1","max-image-preview":"max-image-preview:large","max-video-preview":"max-video-preview:-1"},"canonical":"https:\/\/hudo.com\/si\/aktualno\/pozar-zacasno-ustavil-skrivnostno-predelavo-avtobusa\/","og_locale":"sl_SI","og_type":"article","og_title":"Po\u017ear za\u010dasno ustavil skrivnostno predelavo avtobusa - Hudo Slovenija","og_description":"Kategorija: Ljubljana Sat, 21 Jan 2017 10:00:00 +0100 Ljubljana \u2013 Na policiji \u0161e vedno preiskujejo, kaj je povzro\u010dilo po\u017ear v delavnici LPP konec minulega tedna. Mi pa smo preverili, kaj je v ozadju prvega in edinega elektri\u010dnega avtobusa tega javnega podjetja, ki je klavrno kon\u010dal v pepelu in podjetju povzro\u010dil za okoli pol milijona evrov \u0161kode. Kot smo \u017ee pisali, je imel Ljubljanski potni\u0161ki promet v svoji floti elektri\u010dnih vozil doslej \u0161tiri elektri\u010dne kavalirje za vo\u017enjo po obmo\u010djih za pe\u0161ce, elektri\u010dni vlakec za turisti\u010dne vo\u017enje, ki so ga kupili lani, in dvajset elektri\u010dnih osebnih vozil, namenjenih prevozu na klic, ki so jih prav tako kupili lani, a \u0161e ne obratujejo. Pri zagorelem avtobusu pa ni \u0161lo za novo elektri\u010dno vozilo, temve\u010d za pet let star dizelski avtobus, ki so ga v LPP predelali. Direktor javnega podjetja\u00a0...","og_url":"https:\/\/hudo.com\/si\/aktualno\/pozar-zacasno-ustavil-skrivnostno-predelavo-avtobusa\/","og_site_name":"Hudo Slovenija","article_publisher":"https:\/\/www.facebook.com\/hudo.si","article_published_time":"2017-01-21T08:00:00+00:00","article_modified_time":"2017-01-21T17:52:03+00:00","og_image":[{"width":480,"height":290,"url":"https:\/\/hudo.com\/si\/wp-content\/uploads\/sites\/2\/2017\/01\/480x290_Ljubljanska__djvu_2458117_p_hires0.jpeg","type":"image\/jpeg"}],"author":"hudo","twitter_card":"summary_large_image","twitter_creator":"@hudo_si","twitter_site":"@hudo_si","twitter_misc":{"Written by":"hudo","Est. reading time":"1 minuta"},"schema":{"@context":"https:\/\/schema.org","@graph":[{"@type":"Article","@id":"https:\/\/hudo.com\/si\/aktualno\/pozar-zacasno-ustavil-skrivnostno-predelavo-avtobusa\/#article","isPartOf":{"@id":"https:\/\/hudo.com\/si\/aktualno\/pozar-zacasno-ustavil-skrivnostno-predelavo-avtobusa\/"},"author":{"name":"hudo","@id":"https:\/\/hudo.com\/si\/#\/schema\/person\/601cf3379633985b20f7e50f2bb47707"},"headline":"Po\u017ear za\u010dasno ustavil skrivnostno predelavo avtobusa","datePublished":"2017-01-21T08:00:00+00:00","dateModified":"2017-01-21T17:52:03+00:00","mainEntityOfPage":{"@id":"https:\/\/hudo.com\/si\/aktualno\/pozar-zacasno-ustavil-skrivnostno-predelavo-avtobusa\/"},"wordCount":155,"publisher":{"@id":"https:\/\/hudo.com\/si\/#organization"},"articleSection":["Aktualno"],"inLanguage":"sl-SI"},{"@type":"WebPage","@id":"https:\/\/hudo.com\/si\/aktualno\/pozar-zacasno-ustavil-skrivnostno-predelavo-avtobusa\/","url":"https:\/\/hudo.com\/si\/aktualno\/pozar-zacasno-ustavil-skrivnostno-predelavo-avtobusa\/","name":"Po\u017ear za\u010dasno ustavil skrivnostno predelavo avtobusa - Hudo Slovenija","isPartOf":{"@id":"https:\/\/hudo.com\/si\/#website"},"datePublished":"2017-01-21T08:00:00+00:00","dateModified":"2017-01-21T17:52:03+00:00","breadcrumb":{"@id":"https:\/\/hudo.com\/si\/aktualno\/pozar-zacasno-ustavil-skrivnostno-predelavo-avtobusa\/#breadcrumb"},"inLanguage":"sl-SI","potentialAction":[{"@type":"ReadAction","target":["https:\/\/hudo.com\/si\/aktualno\/pozar-zacasno-ustavil-skrivnostno-predelavo-avtobusa\/"]}]},{"@type":"BreadcrumbList","@id":"https:\/\/hudo.com\/si\/aktualno\/pozar-zacasno-ustavil-skrivnostno-predelavo-avtobusa\/#breadcrumb","itemListElement":[{"@type":"ListItem","position":1,"name":"Home","item":"https:\/\/hudo.com\/si\/"},{"@type":"ListItem","position":2,"name":"Po\u017ear za\u010dasno ustavil skrivnostno predelavo avtobusa"}]},{"@type":"WebSite","@id":"https:\/\/hudo.com\/si\/#website","url":"https:\/\/hudo.com\/si\/","name":"Hudo Slovenija","description":"Vse novice iz Slovenije in sveta","publisher":{"@id":"https:\/\/hudo.com\/si\/#organization"},"potentialAction":[{"@type":"SearchAction","target":{"@type":"EntryPoint","urlTemplate":"https:\/\/hudo.com\/si\/?s={search_term_string}"},"query-input":"required name=search_term_string"}],"inLanguage":"sl-SI"},{"@type":"Organization","@id":"https:\/\/hudo.com\/si\/#organization","name":"VSN Media","url":"https:\/\/hudo.com\/si\/","logo":{"@type":"ImageObject","inLanguage":"sl-SI","@id":"https:\/\/hudo.com\/si\/#\/schema\/logo\/image\/","url":"https:\/\/hudo.com\/si\/wp-content\/uploads\/sites\/2\/2021\/03\/hudo-app-2.png","contentUrl":"https:\/\/hudo.com\/si\/wp-content\/uploads\/sites\/2\/2021\/03\/hudo-app-2.png","width":2185,"height":2167,"caption":"VSN Media"},"image":{"@id":"https:\/\/hudo.com\/si\/#\/schema\/logo\/image\/"},"sameAs":["https:\/\/www.facebook.com\/hudo.si","https:\/\/twitter.com\/hudo_si"]},{"@type":"Person","@id":"https:\/\/hudo.com\/si\/#\/schema\/person\/601cf3379633985b20f7e50f2bb47707","name":"hudo","image":{"@type":"ImageObject","inLanguage":"sl-SI","@id":"https:\/\/hudo.com\/si\/#\/schema\/person\/image\/","url":"https:\/\/secure.gravatar.com\/avatar\/c4ca25fa72cace7a696b52ff5db9e095?s=96&d=mm&r=g","contentUrl":"https:\/\/secure.gravatar.com\/avatar\/c4ca25fa72cace7a696b52ff5db9e095?s=96&d=mm&r=g","caption":"hudo"},"url":"https:\/\/hudo.com\/si\/author\/hudo\/"}]}},"amp_enabled":true,"_links":{"self":[{"href":"https:\/\/hudo.com\/si\/wp-json\/wp\/v2\/posts\/196479"}],"collection":[{"href":"https:\/\/hudo.com\/si\/wp-json\/wp\/v2\/posts"}],"about":[{"href":"https:\/\/hudo.com\/si\/wp-json\/wp\/v2\/types\/post"}],"author":[{"embeddable":true,"href":"https:\/\/hudo.com\/si\/wp-json\/wp\/v2\/users\/1"}],"replies":[{"embeddable":true,"href":"https:\/\/hudo.com\/si\/wp-json\/wp\/v2\/comments?post=196479"}],"version-history":[{"count":1,"href":"https:\/\/hudo.com\/si\/wp-json\/wp\/v2\/posts\/196479\/revisions"}],"predecessor-version":[{"id":196491,"href":"https:\/\/hudo.com\/si\/wp-json\/wp\/v2\/posts\/196479\/revisions\/196491"}],"wp:attachment":[{"href":"https:\/\/hudo.com\/si\/wp-json\/wp\/v2\/media?parent=196479"}],"wp:term":[{"taxonomy":"category","embeddable":true,"href":"https:\/\/hudo.com\/si\/wp-json\/wp\/v2\/categories?post=196479"},{"taxonomy":"post_tag","embeddable":true,"href":"https:\/\/hudo.com\/si\/wp-json\/wp\/v2\/tags?post=196479"},{"taxonomy":"source","embeddable":true,"href":"https:\/\/hudo.com\/si\/wp-json\/wp\/v2\/source?post=196479"},{"taxonomy":"supertag","embeddable":true,"href":"https:\/\/hudo.com\/si\/wp-json\/wp\/v2\/supertag?post=196479"}],"curies":[{"name":"wp","href":"https:\/\/api.w.org\/{rel}","templated":true}]}}