{"id":196507,"date":"2017-01-21T08:29:40","date_gmt":"2017-01-21T07:29:40","guid":{"rendered":"http:\/\/hudo.com\/si\/2017\/01\/21\/nocoj-v-sezani-ze-dvanajsti-izbor-osebnosti-primorske\/"},"modified":"2017-01-21T13:53:32","modified_gmt":"2017-01-21T12:53:32","slug":"nocoj-v-sezani-ze-dvanajsti-izbor-osebnosti-primorske","status":"publish","type":"post","link":"https:\/\/hudo.com\/si\/aktualno\/nocoj-v-sezani-ze-dvanajsti-izbor-osebnosti-primorske\/","title":{"rendered":"Nocoj v Se\u017eani \u017ee dvanajsti izbor Osebnosti Primorske"},"content":{"rendered":"<p>Osebnosti Primorske so povsem obi\u010dajni ljudje, ki s svojo energi\u010dnostjo, zagnanostjo in pozitivno naravnanostjo pomagajo malemu \u010dloveku. Iz povpre\u010dja izstopajo s svojimi dejanji v poklicnem ali zasebnem \u017eivljenju ali pa kar v obeh. Doslej so bralci, poslu\u0161alci in gledalci Primorskih novic, Radia Koper in Televizije Koper ter komisija vseh treh medijev izbrali \u017ee enajst osebnosti Primorske. Kdo bo dvanajsta, bo znano nocoj na prireditvi v Kosovelovem domu v Se\u017eani, ki se bo za\u010dela ob 20. uri.<\/p>\n","protected":false},"excerpt":{"rendered":"<p>Osebnosti Primorske so povsem obi\u010dajni ljudje, ki s svojo energi\u010dnostjo, zagnanostjo in pozitivno naravnanostjo pomagajo malemu \u010dloveku. Iz povpre\u010dja izstopajo s svojimi dejanji v poklicnem ali zasebnem \u017eivljenju ali pa kar v obeh. Doslej so bralci, poslu\u0161alci in gledalci Primorskih novic, Radia Koper in Televizije Koper ter komisija vseh treh medijev izbrali \u017ee enajst osebnosti Primorske. Kdo bo dvanajsta, bo znano nocoj na prireditvi v Kosovelovem domu v Se\u017eani, ki se bo za\u010dela ob 20. uri.<\/p>\n","protected":false},"author":1,"featured_media":0,"comment_status":"closed","ping_status":"closed","sticky":false,"template":"","format":"standard","meta":{"footnotes":""},"categories":[1179],"tags":[],"source":[1707],"supertag":[],"acf":[],"yoast_head":"<!-- This site is optimized with the Yoast SEO plugin v21.3 - https:\/\/yoast.com\/wordpress\/plugins\/seo\/ -->\n<title>Nocoj v Se\u017eani \u017ee dvanajsti izbor Osebnosti Primorske - Hudo Slovenija<\/title>\n<meta name=\"robots\" content=\"index, follow, max-snippet:-1, max-image-preview:large, max-video-preview:-1\" \/>\n<link rel=\"canonical\" href=\"https:\/\/hudo.com\/si\/aktualno\/nocoj-v-sezani-ze-dvanajsti-izbor-osebnosti-primorske\/\" \/>\n<meta property=\"og:locale\" content=\"sl_SI\" \/>\n<meta property=\"og:type\" content=\"article\" \/>\n<meta property=\"og:title\" content=\"Nocoj v Se\u017eani \u017ee dvanajsti izbor Osebnosti Primorske - Hudo Slovenija\" \/>\n<meta property=\"og:description\" content=\"Osebnosti Primorske so povsem obi\u010dajni ljudje, ki s svojo energi\u010dnostjo, zagnanostjo in pozitivno naravnanostjo pomagajo malemu \u010dloveku. Iz povpre\u010dja izstopajo s svojimi dejanji v poklicnem ali zasebnem \u017eivljenju ali pa kar v obeh. Doslej so bralci, poslu\u0161alci in gledalci Primorskih novic, Radia Koper in Televizije Koper ter komisija vseh treh medijev izbrali \u017ee enajst osebnosti Primorske. Kdo bo dvanajsta, bo znano nocoj na prireditvi v Kosovelovem domu v Se\u017eani, ki se bo za\u010dela ob 20. uri.\" \/>\n<meta property=\"og:url\" content=\"https:\/\/hudo.com\/si\/aktualno\/nocoj-v-sezani-ze-dvanajsti-izbor-osebnosti-primorske\/\" \/>\n<meta property=\"og:site_name\" content=\"Hudo Slovenija\" \/>\n<meta property=\"article:publisher\" content=\"https:\/\/www.facebook.com\/hudo.si\" \/>\n<meta property=\"article:published_time\" content=\"2017-01-21T07:29:40+00:00\" \/>\n<meta property=\"article:modified_time\" content=\"2017-01-21T12:53:32+00:00\" \/>\n<meta property=\"og:image\" content=\"https:\/\/hudo.com\/si\/wp-content\/uploads\/sites\/2\/2017\/01\/017-nina_kapelj2014.jpg\" \/>\n\t<meta property=\"og:image:width\" content=\"620\" \/>\n\t<meta property=\"og:image:height\" content=\"409\" \/>\n\t<meta property=\"og:image:type\" content=\"image\/jpeg\" \/>\n<meta name=\"author\" content=\"hudo\" \/>\n<meta name=\"twitter:card\" content=\"summary_large_image\" \/>\n<meta name=\"twitter:creator\" content=\"@hudo_si\" \/>\n<meta name=\"twitter:site\" content=\"@hudo_si\" \/>\n<meta name=\"twitter:label1\" content=\"Written by\" \/>\n\t<meta name=\"twitter:data1\" content=\"hudo\" \/>\n<script type=\"application\/ld+json\" class=\"yoast-schema-graph\">{\"@context\":\"https:\/\/schema.org\",\"@graph\":[{\"@type\":\"Article\",\"@id\":\"https:\/\/hudo.com\/si\/aktualno\/nocoj-v-sezani-ze-dvanajsti-izbor-osebnosti-primorske\/#article\",\"isPartOf\":{\"@id\":\"https:\/\/hudo.com\/si\/aktualno\/nocoj-v-sezani-ze-dvanajsti-izbor-osebnosti-primorske\/\"},\"author\":{\"name\":\"hudo\",\"@id\":\"https:\/\/hudo.com\/si\/#\/schema\/person\/601cf3379633985b20f7e50f2bb47707\"},\"headline\":\"Nocoj v Se\u017eani \u017ee dvanajsti izbor Osebnosti Primorske\",\"datePublished\":\"2017-01-21T07:29:40+00:00\",\"dateModified\":\"2017-01-21T12:53:32+00:00\",\"mainEntityOfPage\":{\"@id\":\"https:\/\/hudo.com\/si\/aktualno\/nocoj-v-sezani-ze-dvanajsti-izbor-osebnosti-primorske\/\"},\"wordCount\":90,\"publisher\":{\"@id\":\"https:\/\/hudo.com\/si\/#organization\"},\"articleSection\":[\"Aktualno\"],\"inLanguage\":\"sl-SI\"},{\"@type\":\"WebPage\",\"@id\":\"https:\/\/hudo.com\/si\/aktualno\/nocoj-v-sezani-ze-dvanajsti-izbor-osebnosti-primorske\/\",\"url\":\"https:\/\/hudo.com\/si\/aktualno\/nocoj-v-sezani-ze-dvanajsti-izbor-osebnosti-primorske\/\",\"name\":\"Nocoj v Se\u017eani \u017ee dvanajsti izbor Osebnosti Primorske - Hudo Slovenija\",\"isPartOf\":{\"@id\":\"https:\/\/hudo.com\/si\/#website\"},\"datePublished\":\"2017-01-21T07:29:40+00:00\",\"dateModified\":\"2017-01-21T12:53:32+00:00\",\"breadcrumb\":{\"@id\":\"https:\/\/hudo.com\/si\/aktualno\/nocoj-v-sezani-ze-dvanajsti-izbor-osebnosti-primorske\/#breadcrumb\"},\"inLanguage\":\"sl-SI\",\"potentialAction\":[{\"@type\":\"ReadAction\",\"target\":[\"https:\/\/hudo.com\/si\/aktualno\/nocoj-v-sezani-ze-dvanajsti-izbor-osebnosti-primorske\/\"]}]},{\"@type\":\"BreadcrumbList\",\"@id\":\"https:\/\/hudo.com\/si\/aktualno\/nocoj-v-sezani-ze-dvanajsti-izbor-osebnosti-primorske\/#breadcrumb\",\"itemListElement\":[{\"@type\":\"ListItem\",\"position\":1,\"name\":\"Home\",\"item\":\"https:\/\/hudo.com\/si\/\"},{\"@type\":\"ListItem\",\"position\":2,\"name\":\"Nocoj v Se\u017eani \u017ee dvanajsti izbor Osebnosti Primorske\"}]},{\"@type\":\"WebSite\",\"@id\":\"https:\/\/hudo.com\/si\/#website\",\"url\":\"https:\/\/hudo.com\/si\/\",\"name\":\"Hudo Slovenija\",\"description\":\"Vse novice iz Slovenije in sveta\",\"publisher\":{\"@id\":\"https:\/\/hudo.com\/si\/#organization\"},\"potentialAction\":[{\"@type\":\"SearchAction\",\"target\":{\"@type\":\"EntryPoint\",\"urlTemplate\":\"https:\/\/hudo.com\/si\/?s={search_term_string}\"},\"query-input\":\"required name=search_term_string\"}],\"inLanguage\":\"sl-SI\"},{\"@type\":\"Organization\",\"@id\":\"https:\/\/hudo.com\/si\/#organization\",\"name\":\"VSN Media\",\"url\":\"https:\/\/hudo.com\/si\/\",\"logo\":{\"@type\":\"ImageObject\",\"inLanguage\":\"sl-SI\",\"@id\":\"https:\/\/hudo.com\/si\/#\/schema\/logo\/image\/\",\"url\":\"https:\/\/hudo.com\/si\/wp-content\/uploads\/sites\/2\/2021\/03\/hudo-app-2.png\",\"contentUrl\":\"https:\/\/hudo.com\/si\/wp-content\/uploads\/sites\/2\/2021\/03\/hudo-app-2.png\",\"width\":2185,\"height\":2167,\"caption\":\"VSN Media\"},\"image\":{\"@id\":\"https:\/\/hudo.com\/si\/#\/schema\/logo\/image\/\"},\"sameAs\":[\"https:\/\/www.facebook.com\/hudo.si\",\"https:\/\/twitter.com\/hudo_si\"]},{\"@type\":\"Person\",\"@id\":\"https:\/\/hudo.com\/si\/#\/schema\/person\/601cf3379633985b20f7e50f2bb47707\",\"name\":\"hudo\",\"image\":{\"@type\":\"ImageObject\",\"inLanguage\":\"sl-SI\",\"@id\":\"https:\/\/hudo.com\/si\/#\/schema\/person\/image\/\",\"url\":\"https:\/\/secure.gravatar.com\/avatar\/c4ca25fa72cace7a696b52ff5db9e095?s=96&d=mm&r=g\",\"contentUrl\":\"https:\/\/secure.gravatar.com\/avatar\/c4ca25fa72cace7a696b52ff5db9e095?s=96&d=mm&r=g\",\"caption\":\"hudo\"},\"url\":\"https:\/\/hudo.com\/si\/author\/hudo\/\"}]}<\/script>\n<!-- \/ Yoast SEO plugin. -->","yoast_head_json":{"title":"Nocoj v Se\u017eani \u017ee dvanajsti izbor Osebnosti Primorske - Hudo Slovenija","robots":{"index":"index","follow":"follow","max-snippet":"max-snippet:-1","max-image-preview":"max-image-preview:large","max-video-preview":"max-video-preview:-1"},"canonical":"https:\/\/hudo.com\/si\/aktualno\/nocoj-v-sezani-ze-dvanajsti-izbor-osebnosti-primorske\/","og_locale":"sl_SI","og_type":"article","og_title":"Nocoj v Se\u017eani \u017ee dvanajsti izbor Osebnosti Primorske - Hudo Slovenija","og_description":"Osebnosti Primorske so povsem obi\u010dajni ljudje, ki s svojo energi\u010dnostjo, zagnanostjo in pozitivno naravnanostjo pomagajo malemu \u010dloveku. Iz povpre\u010dja izstopajo s svojimi dejanji v poklicnem ali zasebnem \u017eivljenju ali pa kar v obeh. Doslej so bralci, poslu\u0161alci in gledalci Primorskih novic, Radia Koper in Televizije Koper ter komisija vseh treh medijev izbrali \u017ee enajst osebnosti Primorske. Kdo bo dvanajsta, bo znano nocoj na prireditvi v Kosovelovem domu v Se\u017eani, ki se bo za\u010dela ob 20. uri.","og_url":"https:\/\/hudo.com\/si\/aktualno\/nocoj-v-sezani-ze-dvanajsti-izbor-osebnosti-primorske\/","og_site_name":"Hudo Slovenija","article_publisher":"https:\/\/www.facebook.com\/hudo.si","article_published_time":"2017-01-21T07:29:40+00:00","article_modified_time":"2017-01-21T12:53:32+00:00","og_image":[{"width":620,"height":409,"url":"https:\/\/hudo.com\/si\/wp-content\/uploads\/sites\/2\/2017\/01\/017-nina_kapelj2014.jpg","type":"image\/jpeg"}],"author":"hudo","twitter_card":"summary_large_image","twitter_creator":"@hudo_si","twitter_site":"@hudo_si","twitter_misc":{"Written by":"hudo"},"schema":{"@context":"https:\/\/schema.org","@graph":[{"@type":"Article","@id":"https:\/\/hudo.com\/si\/aktualno\/nocoj-v-sezani-ze-dvanajsti-izbor-osebnosti-primorske\/#article","isPartOf":{"@id":"https:\/\/hudo.com\/si\/aktualno\/nocoj-v-sezani-ze-dvanajsti-izbor-osebnosti-primorske\/"},"author":{"name":"hudo","@id":"https:\/\/hudo.com\/si\/#\/schema\/person\/601cf3379633985b20f7e50f2bb47707"},"headline":"Nocoj v Se\u017eani \u017ee dvanajsti izbor Osebnosti Primorske","datePublished":"2017-01-21T07:29:40+00:00","dateModified":"2017-01-21T12:53:32+00:00","mainEntityOfPage":{"@id":"https:\/\/hudo.com\/si\/aktualno\/nocoj-v-sezani-ze-dvanajsti-izbor-osebnosti-primorske\/"},"wordCount":90,"publisher":{"@id":"https:\/\/hudo.com\/si\/#organization"},"articleSection":["Aktualno"],"inLanguage":"sl-SI"},{"@type":"WebPage","@id":"https:\/\/hudo.com\/si\/aktualno\/nocoj-v-sezani-ze-dvanajsti-izbor-osebnosti-primorske\/","url":"https:\/\/hudo.com\/si\/aktualno\/nocoj-v-sezani-ze-dvanajsti-izbor-osebnosti-primorske\/","name":"Nocoj v Se\u017eani \u017ee dvanajsti izbor Osebnosti Primorske - Hudo Slovenija","isPartOf":{"@id":"https:\/\/hudo.com\/si\/#website"},"datePublished":"2017-01-21T07:29:40+00:00","dateModified":"2017-01-21T12:53:32+00:00","breadcrumb":{"@id":"https:\/\/hudo.com\/si\/aktualno\/nocoj-v-sezani-ze-dvanajsti-izbor-osebnosti-primorske\/#breadcrumb"},"inLanguage":"sl-SI","potentialAction":[{"@type":"ReadAction","target":["https:\/\/hudo.com\/si\/aktualno\/nocoj-v-sezani-ze-dvanajsti-izbor-osebnosti-primorske\/"]}]},{"@type":"BreadcrumbList","@id":"https:\/\/hudo.com\/si\/aktualno\/nocoj-v-sezani-ze-dvanajsti-izbor-osebnosti-primorske\/#breadcrumb","itemListElement":[{"@type":"ListItem","position":1,"name":"Home","item":"https:\/\/hudo.com\/si\/"},{"@type":"ListItem","position":2,"name":"Nocoj v Se\u017eani \u017ee dvanajsti izbor Osebnosti Primorske"}]},{"@type":"WebSite","@id":"https:\/\/hudo.com\/si\/#website","url":"https:\/\/hudo.com\/si\/","name":"Hudo Slovenija","description":"Vse novice iz Slovenije in sveta","publisher":{"@id":"https:\/\/hudo.com\/si\/#organization"},"potentialAction":[{"@type":"SearchAction","target":{"@type":"EntryPoint","urlTemplate":"https:\/\/hudo.com\/si\/?s={search_term_string}"},"query-input":"required name=search_term_string"}],"inLanguage":"sl-SI"},{"@type":"Organization","@id":"https:\/\/hudo.com\/si\/#organization","name":"VSN Media","url":"https:\/\/hudo.com\/si\/","logo":{"@type":"ImageObject","inLanguage":"sl-SI","@id":"https:\/\/hudo.com\/si\/#\/schema\/logo\/image\/","url":"https:\/\/hudo.com\/si\/wp-content\/uploads\/sites\/2\/2021\/03\/hudo-app-2.png","contentUrl":"https:\/\/hudo.com\/si\/wp-content\/uploads\/sites\/2\/2021\/03\/hudo-app-2.png","width":2185,"height":2167,"caption":"VSN Media"},"image":{"@id":"https:\/\/hudo.com\/si\/#\/schema\/logo\/image\/"},"sameAs":["https:\/\/www.facebook.com\/hudo.si","https:\/\/twitter.com\/hudo_si"]},{"@type":"Person","@id":"https:\/\/hudo.com\/si\/#\/schema\/person\/601cf3379633985b20f7e50f2bb47707","name":"hudo","image":{"@type":"ImageObject","inLanguage":"sl-SI","@id":"https:\/\/hudo.com\/si\/#\/schema\/person\/image\/","url":"https:\/\/secure.gravatar.com\/avatar\/c4ca25fa72cace7a696b52ff5db9e095?s=96&d=mm&r=g","contentUrl":"https:\/\/secure.gravatar.com\/avatar\/c4ca25fa72cace7a696b52ff5db9e095?s=96&d=mm&r=g","caption":"hudo"},"url":"https:\/\/hudo.com\/si\/author\/hudo\/"}]}},"amp_enabled":true,"_links":{"self":[{"href":"https:\/\/hudo.com\/si\/wp-json\/wp\/v2\/posts\/196507"}],"collection":[{"href":"https:\/\/hudo.com\/si\/wp-json\/wp\/v2\/posts"}],"about":[{"href":"https:\/\/hudo.com\/si\/wp-json\/wp\/v2\/types\/post"}],"author":[{"embeddable":true,"href":"https:\/\/hudo.com\/si\/wp-json\/wp\/v2\/users\/1"}],"replies":[{"embeddable":true,"href":"https:\/\/hudo.com\/si\/wp-json\/wp\/v2\/comments?post=196507"}],"version-history":[{"count":1,"href":"https:\/\/hudo.com\/si\/wp-json\/wp\/v2\/posts\/196507\/revisions"}],"predecessor-version":[{"id":196667,"href":"https:\/\/hudo.com\/si\/wp-json\/wp\/v2\/posts\/196507\/revisions\/196667"}],"wp:attachment":[{"href":"https:\/\/hudo.com\/si\/wp-json\/wp\/v2\/media?parent=196507"}],"wp:term":[{"taxonomy":"category","embeddable":true,"href":"https:\/\/hudo.com\/si\/wp-json\/wp\/v2\/categories?post=196507"},{"taxonomy":"post_tag","embeddable":true,"href":"https:\/\/hudo.com\/si\/wp-json\/wp\/v2\/tags?post=196507"},{"taxonomy":"source","embeddable":true,"href":"https:\/\/hudo.com\/si\/wp-json\/wp\/v2\/source?post=196507"},{"taxonomy":"supertag","embeddable":true,"href":"https:\/\/hudo.com\/si\/wp-json\/wp\/v2\/supertag?post=196507"}],"curies":[{"name":"wp","href":"https:\/\/api.w.org\/{rel}","templated":true}]}}