{"id":196527,"date":"2017-01-21T07:26:00","date_gmt":"2017-01-21T06:26:00","guid":{"rendered":"http:\/\/hudo.com\/si\/2017\/01\/21\/v-nesreci-avtobusa-z-madzarskimi-dijaki-v-italiji-stevilne-zrtve\/"},"modified":"2017-01-21T13:53:42","modified_gmt":"2017-01-21T12:53:42","slug":"v-nesreci-avtobusa-z-madzarskimi-dijaki-v-italiji-stevilne-zrtve","status":"publish","type":"post","link":"https:\/\/hudo.com\/si\/aktualno\/v-nesreci-avtobusa-z-madzarskimi-dijaki-v-italiji-stevilne-zrtve\/","title":{"rendered":"V nesre\u010di avtobusa z mad\u017earskimi dijaki v Italiji \u0161tevilne \u017ertve"},"content":{"rendered":"<p>Na avtocesti na severu Italije blizu Verone se je v petek zve\u010der zgodila nesre\u010da, ko se je mad\u017earski avtobus zaletel v steber in zagorel. Po podatkih gasilcev je umrlo najmanj 16 ljudi, 39 je ranjenih. Na avtobusu so bili ve\u010dinoma mad\u017earski najstniki, stari med 16 in 18 let. Na avtobusu, ki se je vra\u010dal iz Francije na Mad\u017earsko, so bili ve\u010dinoma dijaki, nesre\u010da pa se je zgodila malo pred polno\u010djo, je poro\u010dala italijanska tiskovna agencija Ansa. Po\u0161kodovane so odpeljali v bolni\u0161nico v Verono. Med \u017ertvami bi lahko bil tudi francoski voznik avtobusa s svojo dru\u017eino, je poro\u010dala italijanska tiskovna agencija Agi. Ta je tudi poro\u010dala, da naj bi se dijaki vra\u010dali s \u0161olskega izleta v Franciji. Gasilci so povedali, da je bilo na avtobusu okoli 50 ljudi. Vzrok nesre\u010de za zdaj \u0161e ni znan.Svet<\/p>\n","protected":false},"excerpt":{"rendered":"<p>Na avtocesti na severu Italije blizu Verone se je v petek zve\u010der zgodila nesre\u010da, ko se je mad\u017earski avtobus zaletel v steber in zagorel. Po podatkih gasilcev je umrlo najmanj 16 ljudi, 39 je ranjenih. Na avtobusu so bili ve\u010dinoma mad\u017earski najstniki, stari med 16 in 18 let. Na avtobusu, ki se je vra\u010dal iz Francije na Mad\u017earsko, so bili ve\u010dinoma dijaki, nesre\u010da pa se je zgodila malo pred polno\u010djo, je poro\u010dala italijanska tiskovna agencija Ansa. Po\u0161kodovane so odpeljali v bolni\u0161nico v Verono. Med \u017ertvami bi lahko bil tudi francoski voznik avtobusa s svojo dru\u017eino, je poro\u010dala italijanska tiskovna agencija Agi. Ta je tudi poro\u010dala, da naj bi se dijaki vra\u010dali s \u0161olskega izleta v Franciji. Gasilci so povedali, da je bilo na avtobusu okoli 50 ljudi. Vzrok nesre\u010de za zdaj \u0161e ni znan.Svet<\/p>\n","protected":false},"author":1,"featured_media":0,"comment_status":"closed","ping_status":"closed","sticky":false,"template":"","format":"standard","meta":{"footnotes":""},"categories":[1179],"tags":[],"source":[1711],"supertag":[],"acf":[],"yoast_head":"<!-- This site is optimized with the Yoast SEO plugin v21.3 - https:\/\/yoast.com\/wordpress\/plugins\/seo\/ -->\n<title>V nesre\u010di avtobusa z mad\u017earskimi dijaki v Italiji \u0161tevilne \u017ertve - Hudo Slovenija<\/title>\n<meta name=\"robots\" content=\"index, follow, max-snippet:-1, max-image-preview:large, max-video-preview:-1\" \/>\n<link rel=\"canonical\" href=\"https:\/\/hudo.com\/si\/aktualno\/v-nesreci-avtobusa-z-madzarskimi-dijaki-v-italiji-stevilne-zrtve\/\" \/>\n<meta property=\"og:locale\" content=\"sl_SI\" \/>\n<meta property=\"og:type\" content=\"article\" \/>\n<meta property=\"og:title\" content=\"V nesre\u010di avtobusa z mad\u017earskimi dijaki v Italiji \u0161tevilne \u017ertve - Hudo Slovenija\" \/>\n<meta property=\"og:description\" content=\"Na avtocesti na severu Italije blizu Verone se je v petek zve\u010der zgodila nesre\u010da, ko se je mad\u017earski avtobus zaletel v steber in zagorel. Po podatkih gasilcev je umrlo najmanj 16 ljudi, 39 je ranjenih. Na avtobusu so bili ve\u010dinoma mad\u017earski najstniki, stari med 16 in 18 let. Na avtobusu, ki se je vra\u010dal iz Francije na Mad\u017earsko, so bili ve\u010dinoma dijaki, nesre\u010da pa se je zgodila malo pred polno\u010djo, je poro\u010dala italijanska tiskovna agencija Ansa. Po\u0161kodovane so odpeljali v bolni\u0161nico v Verono. Med \u017ertvami bi lahko bil tudi francoski voznik avtobusa s svojo dru\u017eino, je poro\u010dala italijanska tiskovna agencija Agi. Ta je tudi poro\u010dala, da naj bi se dijaki vra\u010dali s \u0161olskega izleta v Franciji. Gasilci so povedali, da je bilo na avtobusu okoli 50 ljudi. Vzrok nesre\u010de za zdaj \u0161e ni znan.Svet\" \/>\n<meta property=\"og:url\" content=\"https:\/\/hudo.com\/si\/aktualno\/v-nesreci-avtobusa-z-madzarskimi-dijaki-v-italiji-stevilne-zrtve\/\" \/>\n<meta property=\"og:site_name\" content=\"Hudo Slovenija\" \/>\n<meta property=\"article:publisher\" content=\"https:\/\/www.facebook.com\/hudo.si\" \/>\n<meta property=\"article:published_time\" content=\"2017-01-21T06:26:00+00:00\" \/>\n<meta property=\"article:modified_time\" content=\"2017-01-21T12:53:42+00:00\" \/>\n<meta property=\"og:image\" content=\"https:\/\/hudo.com\/si\/wp-content\/uploads\/sites\/2\/2017\/01\/roadwallpaper30-300.jpg\" \/>\n\t<meta property=\"og:image:width\" content=\"450\" \/>\n\t<meta property=\"og:image:height\" content=\"253\" \/>\n\t<meta property=\"og:image:type\" content=\"image\/jpeg\" \/>\n<meta name=\"author\" content=\"hudo\" \/>\n<meta name=\"twitter:card\" content=\"summary_large_image\" \/>\n<meta name=\"twitter:creator\" content=\"@hudo_si\" \/>\n<meta name=\"twitter:site\" content=\"@hudo_si\" \/>\n<meta name=\"twitter:label1\" content=\"Written by\" \/>\n\t<meta name=\"twitter:data1\" content=\"hudo\" \/>\n\t<meta name=\"twitter:label2\" content=\"Est. reading time\" \/>\n\t<meta name=\"twitter:data2\" content=\"1 minuta\" \/>\n<script type=\"application\/ld+json\" class=\"yoast-schema-graph\">{\"@context\":\"https:\/\/schema.org\",\"@graph\":[{\"@type\":\"Article\",\"@id\":\"https:\/\/hudo.com\/si\/aktualno\/v-nesreci-avtobusa-z-madzarskimi-dijaki-v-italiji-stevilne-zrtve\/#article\",\"isPartOf\":{\"@id\":\"https:\/\/hudo.com\/si\/aktualno\/v-nesreci-avtobusa-z-madzarskimi-dijaki-v-italiji-stevilne-zrtve\/\"},\"author\":{\"name\":\"hudo\",\"@id\":\"https:\/\/hudo.com\/si\/#\/schema\/person\/601cf3379633985b20f7e50f2bb47707\"},\"headline\":\"V nesre\u010di avtobusa z mad\u017earskimi dijaki v Italiji \u0161tevilne \u017ertve\",\"datePublished\":\"2017-01-21T06:26:00+00:00\",\"dateModified\":\"2017-01-21T12:53:42+00:00\",\"mainEntityOfPage\":{\"@id\":\"https:\/\/hudo.com\/si\/aktualno\/v-nesreci-avtobusa-z-madzarskimi-dijaki-v-italiji-stevilne-zrtve\/\"},\"wordCount\":160,\"publisher\":{\"@id\":\"https:\/\/hudo.com\/si\/#organization\"},\"articleSection\":[\"Aktualno\"],\"inLanguage\":\"sl-SI\"},{\"@type\":\"WebPage\",\"@id\":\"https:\/\/hudo.com\/si\/aktualno\/v-nesreci-avtobusa-z-madzarskimi-dijaki-v-italiji-stevilne-zrtve\/\",\"url\":\"https:\/\/hudo.com\/si\/aktualno\/v-nesreci-avtobusa-z-madzarskimi-dijaki-v-italiji-stevilne-zrtve\/\",\"name\":\"V nesre\u010di avtobusa z mad\u017earskimi dijaki v Italiji \u0161tevilne \u017ertve - Hudo Slovenija\",\"isPartOf\":{\"@id\":\"https:\/\/hudo.com\/si\/#website\"},\"datePublished\":\"2017-01-21T06:26:00+00:00\",\"dateModified\":\"2017-01-21T12:53:42+00:00\",\"breadcrumb\":{\"@id\":\"https:\/\/hudo.com\/si\/aktualno\/v-nesreci-avtobusa-z-madzarskimi-dijaki-v-italiji-stevilne-zrtve\/#breadcrumb\"},\"inLanguage\":\"sl-SI\",\"potentialAction\":[{\"@type\":\"ReadAction\",\"target\":[\"https:\/\/hudo.com\/si\/aktualno\/v-nesreci-avtobusa-z-madzarskimi-dijaki-v-italiji-stevilne-zrtve\/\"]}]},{\"@type\":\"BreadcrumbList\",\"@id\":\"https:\/\/hudo.com\/si\/aktualno\/v-nesreci-avtobusa-z-madzarskimi-dijaki-v-italiji-stevilne-zrtve\/#breadcrumb\",\"itemListElement\":[{\"@type\":\"ListItem\",\"position\":1,\"name\":\"Home\",\"item\":\"https:\/\/hudo.com\/si\/\"},{\"@type\":\"ListItem\",\"position\":2,\"name\":\"V nesre\u010di avtobusa z mad\u017earskimi dijaki v Italiji \u0161tevilne \u017ertve\"}]},{\"@type\":\"WebSite\",\"@id\":\"https:\/\/hudo.com\/si\/#website\",\"url\":\"https:\/\/hudo.com\/si\/\",\"name\":\"Hudo Slovenija\",\"description\":\"Vse novice iz Slovenije in sveta\",\"publisher\":{\"@id\":\"https:\/\/hudo.com\/si\/#organization\"},\"potentialAction\":[{\"@type\":\"SearchAction\",\"target\":{\"@type\":\"EntryPoint\",\"urlTemplate\":\"https:\/\/hudo.com\/si\/?s={search_term_string}\"},\"query-input\":\"required name=search_term_string\"}],\"inLanguage\":\"sl-SI\"},{\"@type\":\"Organization\",\"@id\":\"https:\/\/hudo.com\/si\/#organization\",\"name\":\"VSN Media\",\"url\":\"https:\/\/hudo.com\/si\/\",\"logo\":{\"@type\":\"ImageObject\",\"inLanguage\":\"sl-SI\",\"@id\":\"https:\/\/hudo.com\/si\/#\/schema\/logo\/image\/\",\"url\":\"https:\/\/hudo.com\/si\/wp-content\/uploads\/sites\/2\/2021\/03\/hudo-app-2.png\",\"contentUrl\":\"https:\/\/hudo.com\/si\/wp-content\/uploads\/sites\/2\/2021\/03\/hudo-app-2.png\",\"width\":2185,\"height\":2167,\"caption\":\"VSN Media\"},\"image\":{\"@id\":\"https:\/\/hudo.com\/si\/#\/schema\/logo\/image\/\"},\"sameAs\":[\"https:\/\/www.facebook.com\/hudo.si\",\"https:\/\/twitter.com\/hudo_si\"]},{\"@type\":\"Person\",\"@id\":\"https:\/\/hudo.com\/si\/#\/schema\/person\/601cf3379633985b20f7e50f2bb47707\",\"name\":\"hudo\",\"image\":{\"@type\":\"ImageObject\",\"inLanguage\":\"sl-SI\",\"@id\":\"https:\/\/hudo.com\/si\/#\/schema\/person\/image\/\",\"url\":\"https:\/\/secure.gravatar.com\/avatar\/c4ca25fa72cace7a696b52ff5db9e095?s=96&d=mm&r=g\",\"contentUrl\":\"https:\/\/secure.gravatar.com\/avatar\/c4ca25fa72cace7a696b52ff5db9e095?s=96&d=mm&r=g\",\"caption\":\"hudo\"},\"url\":\"https:\/\/hudo.com\/si\/author\/hudo\/\"}]}<\/script>\n<!-- \/ Yoast SEO plugin. -->","yoast_head_json":{"title":"V nesre\u010di avtobusa z mad\u017earskimi dijaki v Italiji \u0161tevilne \u017ertve - Hudo Slovenija","robots":{"index":"index","follow":"follow","max-snippet":"max-snippet:-1","max-image-preview":"max-image-preview:large","max-video-preview":"max-video-preview:-1"},"canonical":"https:\/\/hudo.com\/si\/aktualno\/v-nesreci-avtobusa-z-madzarskimi-dijaki-v-italiji-stevilne-zrtve\/","og_locale":"sl_SI","og_type":"article","og_title":"V nesre\u010di avtobusa z mad\u017earskimi dijaki v Italiji \u0161tevilne \u017ertve - Hudo Slovenija","og_description":"Na avtocesti na severu Italije blizu Verone se je v petek zve\u010der zgodila nesre\u010da, ko se je mad\u017earski avtobus zaletel v steber in zagorel. Po podatkih gasilcev je umrlo najmanj 16 ljudi, 39 je ranjenih. Na avtobusu so bili ve\u010dinoma mad\u017earski najstniki, stari med 16 in 18 let. Na avtobusu, ki se je vra\u010dal iz Francije na Mad\u017earsko, so bili ve\u010dinoma dijaki, nesre\u010da pa se je zgodila malo pred polno\u010djo, je poro\u010dala italijanska tiskovna agencija Ansa. Po\u0161kodovane so odpeljali v bolni\u0161nico v Verono. Med \u017ertvami bi lahko bil tudi francoski voznik avtobusa s svojo dru\u017eino, je poro\u010dala italijanska tiskovna agencija Agi. Ta je tudi poro\u010dala, da naj bi se dijaki vra\u010dali s \u0161olskega izleta v Franciji. Gasilci so povedali, da je bilo na avtobusu okoli 50 ljudi. Vzrok nesre\u010de za zdaj \u0161e ni znan.Svet","og_url":"https:\/\/hudo.com\/si\/aktualno\/v-nesreci-avtobusa-z-madzarskimi-dijaki-v-italiji-stevilne-zrtve\/","og_site_name":"Hudo Slovenija","article_publisher":"https:\/\/www.facebook.com\/hudo.si","article_published_time":"2017-01-21T06:26:00+00:00","article_modified_time":"2017-01-21T12:53:42+00:00","og_image":[{"width":450,"height":253,"url":"https:\/\/hudo.com\/si\/wp-content\/uploads\/sites\/2\/2017\/01\/roadwallpaper30-300.jpg","type":"image\/jpeg"}],"author":"hudo","twitter_card":"summary_large_image","twitter_creator":"@hudo_si","twitter_site":"@hudo_si","twitter_misc":{"Written by":"hudo","Est. reading time":"1 minuta"},"schema":{"@context":"https:\/\/schema.org","@graph":[{"@type":"Article","@id":"https:\/\/hudo.com\/si\/aktualno\/v-nesreci-avtobusa-z-madzarskimi-dijaki-v-italiji-stevilne-zrtve\/#article","isPartOf":{"@id":"https:\/\/hudo.com\/si\/aktualno\/v-nesreci-avtobusa-z-madzarskimi-dijaki-v-italiji-stevilne-zrtve\/"},"author":{"name":"hudo","@id":"https:\/\/hudo.com\/si\/#\/schema\/person\/601cf3379633985b20f7e50f2bb47707"},"headline":"V nesre\u010di avtobusa z mad\u017earskimi dijaki v Italiji \u0161tevilne \u017ertve","datePublished":"2017-01-21T06:26:00+00:00","dateModified":"2017-01-21T12:53:42+00:00","mainEntityOfPage":{"@id":"https:\/\/hudo.com\/si\/aktualno\/v-nesreci-avtobusa-z-madzarskimi-dijaki-v-italiji-stevilne-zrtve\/"},"wordCount":160,"publisher":{"@id":"https:\/\/hudo.com\/si\/#organization"},"articleSection":["Aktualno"],"inLanguage":"sl-SI"},{"@type":"WebPage","@id":"https:\/\/hudo.com\/si\/aktualno\/v-nesreci-avtobusa-z-madzarskimi-dijaki-v-italiji-stevilne-zrtve\/","url":"https:\/\/hudo.com\/si\/aktualno\/v-nesreci-avtobusa-z-madzarskimi-dijaki-v-italiji-stevilne-zrtve\/","name":"V nesre\u010di avtobusa z mad\u017earskimi dijaki v Italiji \u0161tevilne \u017ertve - Hudo Slovenija","isPartOf":{"@id":"https:\/\/hudo.com\/si\/#website"},"datePublished":"2017-01-21T06:26:00+00:00","dateModified":"2017-01-21T12:53:42+00:00","breadcrumb":{"@id":"https:\/\/hudo.com\/si\/aktualno\/v-nesreci-avtobusa-z-madzarskimi-dijaki-v-italiji-stevilne-zrtve\/#breadcrumb"},"inLanguage":"sl-SI","potentialAction":[{"@type":"ReadAction","target":["https:\/\/hudo.com\/si\/aktualno\/v-nesreci-avtobusa-z-madzarskimi-dijaki-v-italiji-stevilne-zrtve\/"]}]},{"@type":"BreadcrumbList","@id":"https:\/\/hudo.com\/si\/aktualno\/v-nesreci-avtobusa-z-madzarskimi-dijaki-v-italiji-stevilne-zrtve\/#breadcrumb","itemListElement":[{"@type":"ListItem","position":1,"name":"Home","item":"https:\/\/hudo.com\/si\/"},{"@type":"ListItem","position":2,"name":"V nesre\u010di avtobusa z mad\u017earskimi dijaki v Italiji \u0161tevilne \u017ertve"}]},{"@type":"WebSite","@id":"https:\/\/hudo.com\/si\/#website","url":"https:\/\/hudo.com\/si\/","name":"Hudo Slovenija","description":"Vse novice iz Slovenije in sveta","publisher":{"@id":"https:\/\/hudo.com\/si\/#organization"},"potentialAction":[{"@type":"SearchAction","target":{"@type":"EntryPoint","urlTemplate":"https:\/\/hudo.com\/si\/?s={search_term_string}"},"query-input":"required name=search_term_string"}],"inLanguage":"sl-SI"},{"@type":"Organization","@id":"https:\/\/hudo.com\/si\/#organization","name":"VSN Media","url":"https:\/\/hudo.com\/si\/","logo":{"@type":"ImageObject","inLanguage":"sl-SI","@id":"https:\/\/hudo.com\/si\/#\/schema\/logo\/image\/","url":"https:\/\/hudo.com\/si\/wp-content\/uploads\/sites\/2\/2021\/03\/hudo-app-2.png","contentUrl":"https:\/\/hudo.com\/si\/wp-content\/uploads\/sites\/2\/2021\/03\/hudo-app-2.png","width":2185,"height":2167,"caption":"VSN Media"},"image":{"@id":"https:\/\/hudo.com\/si\/#\/schema\/logo\/image\/"},"sameAs":["https:\/\/www.facebook.com\/hudo.si","https:\/\/twitter.com\/hudo_si"]},{"@type":"Person","@id":"https:\/\/hudo.com\/si\/#\/schema\/person\/601cf3379633985b20f7e50f2bb47707","name":"hudo","image":{"@type":"ImageObject","inLanguage":"sl-SI","@id":"https:\/\/hudo.com\/si\/#\/schema\/person\/image\/","url":"https:\/\/secure.gravatar.com\/avatar\/c4ca25fa72cace7a696b52ff5db9e095?s=96&d=mm&r=g","contentUrl":"https:\/\/secure.gravatar.com\/avatar\/c4ca25fa72cace7a696b52ff5db9e095?s=96&d=mm&r=g","caption":"hudo"},"url":"https:\/\/hudo.com\/si\/author\/hudo\/"}]}},"amp_enabled":true,"_links":{"self":[{"href":"https:\/\/hudo.com\/si\/wp-json\/wp\/v2\/posts\/196527"}],"collection":[{"href":"https:\/\/hudo.com\/si\/wp-json\/wp\/v2\/posts"}],"about":[{"href":"https:\/\/hudo.com\/si\/wp-json\/wp\/v2\/types\/post"}],"author":[{"embeddable":true,"href":"https:\/\/hudo.com\/si\/wp-json\/wp\/v2\/users\/1"}],"replies":[{"embeddable":true,"href":"https:\/\/hudo.com\/si\/wp-json\/wp\/v2\/comments?post=196527"}],"version-history":[{"count":1,"href":"https:\/\/hudo.com\/si\/wp-json\/wp\/v2\/posts\/196527\/revisions"}],"predecessor-version":[{"id":196673,"href":"https:\/\/hudo.com\/si\/wp-json\/wp\/v2\/posts\/196527\/revisions\/196673"}],"wp:attachment":[{"href":"https:\/\/hudo.com\/si\/wp-json\/wp\/v2\/media?parent=196527"}],"wp:term":[{"taxonomy":"category","embeddable":true,"href":"https:\/\/hudo.com\/si\/wp-json\/wp\/v2\/categories?post=196527"},{"taxonomy":"post_tag","embeddable":true,"href":"https:\/\/hudo.com\/si\/wp-json\/wp\/v2\/tags?post=196527"},{"taxonomy":"source","embeddable":true,"href":"https:\/\/hudo.com\/si\/wp-json\/wp\/v2\/source?post=196527"},{"taxonomy":"supertag","embeddable":true,"href":"https:\/\/hudo.com\/si\/wp-json\/wp\/v2\/supertag?post=196527"}],"curies":[{"name":"wp","href":"https:\/\/api.w.org\/{rel}","templated":true}]}}