{"id":196567,"date":"2017-01-21T05:05:00","date_gmt":"2017-01-21T04:05:00","guid":{"rendered":"http:\/\/hudo.com\/si\/2017\/01\/21\/trzacani-so-burjo-ujeli-v-muzej\/"},"modified":"2017-01-21T05:05:00","modified_gmt":"2017-01-21T04:05:00","slug":"trzacani-so-burjo-ujeli-v-muzej","status":"publish","type":"post","link":"https:\/\/hudo.com\/si\/aktualno\/trzacani-so-burjo-ujeli-v-muzej\/","title":{"rendered":"Tr\u017ea\u010dani so burjo ujeli v muzej"},"content":{"rendered":"<p>Minuli teden je v Trstu pihala zelo mo\u010dna burja, a so bile zime, ko so bili njeni sunki \u0161e mo\u010dnej\u0161i. Tr\u017ea\u010dani so na ta mo\u010dan veter, ki sicer vselej za seboj pusti manj\u0161e ali ve\u010dje razdejanje, navajeni in pripravljeni. Po ulicah in trgih imajo posebno prirejeno urbano opremo, na morju valobrane, v trgovinah pa pisane palete pokrival. Ker je torej Trst mesto \u201cta prave\u201d burje, so se domislili, da jo &#8211; tako in druga\u010de &#8211; predstavijo na enem mestu. Svoje zamisli so polni navdu\u0161enja &#8211; kot pravi italijanski frazem &#8211; \u201cvrgli v veter\u201d (buttare le idee al vento) in pred 13 leti odprli mali zasebni muzej burje.<\/p>\n","protected":false},"excerpt":{"rendered":"<p>Minuli teden je v Trstu pihala zelo mo\u010dna burja, a so bile zime, ko so bili njeni sunki \u0161e mo\u010dnej\u0161i. Tr\u017ea\u010dani so na ta mo\u010dan veter, ki sicer vselej za seboj pusti manj\u0161e ali ve\u010dje razdejanje, navajeni in pripravljeni. Po ulicah in trgih imajo posebno prirejeno urbano opremo, na morju valobrane, v trgovinah pa pisane palete pokrival. Ker je torej Trst mesto \u201cta prave\u201d burje, so se domislili, da jo &#8211; tako in druga\u010de &#8211; predstavijo na enem mestu. Svoje zamisli so polni navdu\u0161enja &#8211; kot pravi italijanski frazem &#8211; \u201cvrgli v veter\u201d (buttare le idee al vento) in pred 13 leti odprli mali zasebni muzej burje.<\/p>\n","protected":false},"author":1,"featured_media":0,"comment_status":"closed","ping_status":"closed","sticky":false,"template":"","format":"standard","meta":{"footnotes":""},"categories":[1179],"tags":[],"source":[1707],"supertag":[],"acf":[],"yoast_head":"<!-- This site is optimized with the Yoast SEO plugin v21.3 - https:\/\/yoast.com\/wordpress\/plugins\/seo\/ -->\n<title>Tr\u017ea\u010dani so burjo ujeli v muzej - Hudo Slovenija<\/title>\n<meta name=\"robots\" content=\"index, follow, max-snippet:-1, max-image-preview:large, max-video-preview:-1\" \/>\n<link rel=\"canonical\" href=\"https:\/\/hudo.com\/si\/aktualno\/trzacani-so-burjo-ujeli-v-muzej\/\" \/>\n<meta property=\"og:locale\" content=\"sl_SI\" \/>\n<meta property=\"og:type\" content=\"article\" \/>\n<meta property=\"og:title\" content=\"Tr\u017ea\u010dani so burjo ujeli v muzej - Hudo Slovenija\" \/>\n<meta property=\"og:description\" content=\"Minuli teden je v Trstu pihala zelo mo\u010dna burja, a so bile zime, ko so bili njeni sunki \u0161e mo\u010dnej\u0161i. Tr\u017ea\u010dani so na ta mo\u010dan veter, ki sicer vselej za seboj pusti manj\u0161e ali ve\u010dje razdejanje, navajeni in pripravljeni. Po ulicah in trgih imajo posebno prirejeno urbano opremo, na morju valobrane, v trgovinah pa pisane palete pokrival. Ker je torej Trst mesto \u201cta prave\u201d burje, so se domislili, da jo - tako in druga\u010de - predstavijo na enem mestu. Svoje zamisli so polni navdu\u0161enja - kot pravi italijanski frazem - \u201cvrgli v veter\u201d (buttare le idee al vento) in pred 13 leti odprli mali zasebni muzej burje.\" \/>\n<meta property=\"og:url\" content=\"https:\/\/hudo.com\/si\/aktualno\/trzacani-so-burjo-ujeli-v-muzej\/\" \/>\n<meta property=\"og:site_name\" content=\"Hudo Slovenija\" \/>\n<meta property=\"article:publisher\" content=\"https:\/\/www.facebook.com\/hudo.si\" \/>\n<meta property=\"article:published_time\" content=\"2017-01-21T04:05:00+00:00\" \/>\n<meta property=\"og:image\" content=\"https:\/\/hudo.com\/si\/wp-content\/uploads\/sites\/2\/2017\/01\/017-BURJA_TRST1-1.jpg\" \/>\n\t<meta property=\"og:image:width\" content=\"620\" \/>\n\t<meta property=\"og:image:height\" content=\"414\" \/>\n\t<meta property=\"og:image:type\" content=\"image\/jpeg\" \/>\n<meta name=\"author\" content=\"hudo\" \/>\n<meta name=\"twitter:card\" content=\"summary_large_image\" \/>\n<meta name=\"twitter:creator\" content=\"@hudo_si\" \/>\n<meta name=\"twitter:site\" content=\"@hudo_si\" \/>\n<meta name=\"twitter:label1\" content=\"Written by\" \/>\n\t<meta name=\"twitter:data1\" content=\"hudo\" \/>\n\t<meta name=\"twitter:label2\" content=\"Est. reading time\" \/>\n\t<meta name=\"twitter:data2\" content=\"1 minuta\" \/>\n<script type=\"application\/ld+json\" class=\"yoast-schema-graph\">{\"@context\":\"https:\/\/schema.org\",\"@graph\":[{\"@type\":\"Article\",\"@id\":\"https:\/\/hudo.com\/si\/aktualno\/trzacani-so-burjo-ujeli-v-muzej\/#article\",\"isPartOf\":{\"@id\":\"https:\/\/hudo.com\/si\/aktualno\/trzacani-so-burjo-ujeli-v-muzej\/\"},\"author\":{\"name\":\"hudo\",\"@id\":\"https:\/\/hudo.com\/si\/#\/schema\/person\/601cf3379633985b20f7e50f2bb47707\"},\"headline\":\"Tr\u017ea\u010dani so burjo ujeli v muzej\",\"datePublished\":\"2017-01-21T04:05:00+00:00\",\"dateModified\":\"2017-01-21T04:05:00+00:00\",\"mainEntityOfPage\":{\"@id\":\"https:\/\/hudo.com\/si\/aktualno\/trzacani-so-burjo-ujeli-v-muzej\/\"},\"wordCount\":124,\"publisher\":{\"@id\":\"https:\/\/hudo.com\/si\/#organization\"},\"articleSection\":[\"Aktualno\"],\"inLanguage\":\"sl-SI\"},{\"@type\":\"WebPage\",\"@id\":\"https:\/\/hudo.com\/si\/aktualno\/trzacani-so-burjo-ujeli-v-muzej\/\",\"url\":\"https:\/\/hudo.com\/si\/aktualno\/trzacani-so-burjo-ujeli-v-muzej\/\",\"name\":\"Tr\u017ea\u010dani so burjo ujeli v muzej - Hudo Slovenija\",\"isPartOf\":{\"@id\":\"https:\/\/hudo.com\/si\/#website\"},\"datePublished\":\"2017-01-21T04:05:00+00:00\",\"dateModified\":\"2017-01-21T04:05:00+00:00\",\"breadcrumb\":{\"@id\":\"https:\/\/hudo.com\/si\/aktualno\/trzacani-so-burjo-ujeli-v-muzej\/#breadcrumb\"},\"inLanguage\":\"sl-SI\",\"potentialAction\":[{\"@type\":\"ReadAction\",\"target\":[\"https:\/\/hudo.com\/si\/aktualno\/trzacani-so-burjo-ujeli-v-muzej\/\"]}]},{\"@type\":\"BreadcrumbList\",\"@id\":\"https:\/\/hudo.com\/si\/aktualno\/trzacani-so-burjo-ujeli-v-muzej\/#breadcrumb\",\"itemListElement\":[{\"@type\":\"ListItem\",\"position\":1,\"name\":\"Home\",\"item\":\"https:\/\/hudo.com\/si\/\"},{\"@type\":\"ListItem\",\"position\":2,\"name\":\"Tr\u017ea\u010dani so burjo ujeli v muzej\"}]},{\"@type\":\"WebSite\",\"@id\":\"https:\/\/hudo.com\/si\/#website\",\"url\":\"https:\/\/hudo.com\/si\/\",\"name\":\"Hudo Slovenija\",\"description\":\"Vse novice iz Slovenije in sveta\",\"publisher\":{\"@id\":\"https:\/\/hudo.com\/si\/#organization\"},\"potentialAction\":[{\"@type\":\"SearchAction\",\"target\":{\"@type\":\"EntryPoint\",\"urlTemplate\":\"https:\/\/hudo.com\/si\/?s={search_term_string}\"},\"query-input\":\"required name=search_term_string\"}],\"inLanguage\":\"sl-SI\"},{\"@type\":\"Organization\",\"@id\":\"https:\/\/hudo.com\/si\/#organization\",\"name\":\"VSN Media\",\"url\":\"https:\/\/hudo.com\/si\/\",\"logo\":{\"@type\":\"ImageObject\",\"inLanguage\":\"sl-SI\",\"@id\":\"https:\/\/hudo.com\/si\/#\/schema\/logo\/image\/\",\"url\":\"https:\/\/hudo.com\/si\/wp-content\/uploads\/sites\/2\/2021\/03\/hudo-app-2.png\",\"contentUrl\":\"https:\/\/hudo.com\/si\/wp-content\/uploads\/sites\/2\/2021\/03\/hudo-app-2.png\",\"width\":2185,\"height\":2167,\"caption\":\"VSN Media\"},\"image\":{\"@id\":\"https:\/\/hudo.com\/si\/#\/schema\/logo\/image\/\"},\"sameAs\":[\"https:\/\/www.facebook.com\/hudo.si\",\"https:\/\/twitter.com\/hudo_si\"]},{\"@type\":\"Person\",\"@id\":\"https:\/\/hudo.com\/si\/#\/schema\/person\/601cf3379633985b20f7e50f2bb47707\",\"name\":\"hudo\",\"image\":{\"@type\":\"ImageObject\",\"inLanguage\":\"sl-SI\",\"@id\":\"https:\/\/hudo.com\/si\/#\/schema\/person\/image\/\",\"url\":\"https:\/\/secure.gravatar.com\/avatar\/c4ca25fa72cace7a696b52ff5db9e095?s=96&d=mm&r=g\",\"contentUrl\":\"https:\/\/secure.gravatar.com\/avatar\/c4ca25fa72cace7a696b52ff5db9e095?s=96&d=mm&r=g\",\"caption\":\"hudo\"},\"url\":\"https:\/\/hudo.com\/si\/author\/hudo\/\"}]}<\/script>\n<!-- \/ Yoast SEO plugin. -->","yoast_head_json":{"title":"Tr\u017ea\u010dani so burjo ujeli v muzej - Hudo Slovenija","robots":{"index":"index","follow":"follow","max-snippet":"max-snippet:-1","max-image-preview":"max-image-preview:large","max-video-preview":"max-video-preview:-1"},"canonical":"https:\/\/hudo.com\/si\/aktualno\/trzacani-so-burjo-ujeli-v-muzej\/","og_locale":"sl_SI","og_type":"article","og_title":"Tr\u017ea\u010dani so burjo ujeli v muzej - Hudo Slovenija","og_description":"Minuli teden je v Trstu pihala zelo mo\u010dna burja, a so bile zime, ko so bili njeni sunki \u0161e mo\u010dnej\u0161i. Tr\u017ea\u010dani so na ta mo\u010dan veter, ki sicer vselej za seboj pusti manj\u0161e ali ve\u010dje razdejanje, navajeni in pripravljeni. Po ulicah in trgih imajo posebno prirejeno urbano opremo, na morju valobrane, v trgovinah pa pisane palete pokrival. Ker je torej Trst mesto \u201cta prave\u201d burje, so se domislili, da jo - tako in druga\u010de - predstavijo na enem mestu. Svoje zamisli so polni navdu\u0161enja - kot pravi italijanski frazem - \u201cvrgli v veter\u201d (buttare le idee al vento) in pred 13 leti odprli mali zasebni muzej burje.","og_url":"https:\/\/hudo.com\/si\/aktualno\/trzacani-so-burjo-ujeli-v-muzej\/","og_site_name":"Hudo Slovenija","article_publisher":"https:\/\/www.facebook.com\/hudo.si","article_published_time":"2017-01-21T04:05:00+00:00","og_image":[{"width":620,"height":414,"url":"https:\/\/hudo.com\/si\/wp-content\/uploads\/sites\/2\/2017\/01\/017-BURJA_TRST1-1.jpg","type":"image\/jpeg"}],"author":"hudo","twitter_card":"summary_large_image","twitter_creator":"@hudo_si","twitter_site":"@hudo_si","twitter_misc":{"Written by":"hudo","Est. reading time":"1 minuta"},"schema":{"@context":"https:\/\/schema.org","@graph":[{"@type":"Article","@id":"https:\/\/hudo.com\/si\/aktualno\/trzacani-so-burjo-ujeli-v-muzej\/#article","isPartOf":{"@id":"https:\/\/hudo.com\/si\/aktualno\/trzacani-so-burjo-ujeli-v-muzej\/"},"author":{"name":"hudo","@id":"https:\/\/hudo.com\/si\/#\/schema\/person\/601cf3379633985b20f7e50f2bb47707"},"headline":"Tr\u017ea\u010dani so burjo ujeli v muzej","datePublished":"2017-01-21T04:05:00+00:00","dateModified":"2017-01-21T04:05:00+00:00","mainEntityOfPage":{"@id":"https:\/\/hudo.com\/si\/aktualno\/trzacani-so-burjo-ujeli-v-muzej\/"},"wordCount":124,"publisher":{"@id":"https:\/\/hudo.com\/si\/#organization"},"articleSection":["Aktualno"],"inLanguage":"sl-SI"},{"@type":"WebPage","@id":"https:\/\/hudo.com\/si\/aktualno\/trzacani-so-burjo-ujeli-v-muzej\/","url":"https:\/\/hudo.com\/si\/aktualno\/trzacani-so-burjo-ujeli-v-muzej\/","name":"Tr\u017ea\u010dani so burjo ujeli v muzej - Hudo Slovenija","isPartOf":{"@id":"https:\/\/hudo.com\/si\/#website"},"datePublished":"2017-01-21T04:05:00+00:00","dateModified":"2017-01-21T04:05:00+00:00","breadcrumb":{"@id":"https:\/\/hudo.com\/si\/aktualno\/trzacani-so-burjo-ujeli-v-muzej\/#breadcrumb"},"inLanguage":"sl-SI","potentialAction":[{"@type":"ReadAction","target":["https:\/\/hudo.com\/si\/aktualno\/trzacani-so-burjo-ujeli-v-muzej\/"]}]},{"@type":"BreadcrumbList","@id":"https:\/\/hudo.com\/si\/aktualno\/trzacani-so-burjo-ujeli-v-muzej\/#breadcrumb","itemListElement":[{"@type":"ListItem","position":1,"name":"Home","item":"https:\/\/hudo.com\/si\/"},{"@type":"ListItem","position":2,"name":"Tr\u017ea\u010dani so burjo ujeli v muzej"}]},{"@type":"WebSite","@id":"https:\/\/hudo.com\/si\/#website","url":"https:\/\/hudo.com\/si\/","name":"Hudo Slovenija","description":"Vse novice iz Slovenije in sveta","publisher":{"@id":"https:\/\/hudo.com\/si\/#organization"},"potentialAction":[{"@type":"SearchAction","target":{"@type":"EntryPoint","urlTemplate":"https:\/\/hudo.com\/si\/?s={search_term_string}"},"query-input":"required name=search_term_string"}],"inLanguage":"sl-SI"},{"@type":"Organization","@id":"https:\/\/hudo.com\/si\/#organization","name":"VSN Media","url":"https:\/\/hudo.com\/si\/","logo":{"@type":"ImageObject","inLanguage":"sl-SI","@id":"https:\/\/hudo.com\/si\/#\/schema\/logo\/image\/","url":"https:\/\/hudo.com\/si\/wp-content\/uploads\/sites\/2\/2021\/03\/hudo-app-2.png","contentUrl":"https:\/\/hudo.com\/si\/wp-content\/uploads\/sites\/2\/2021\/03\/hudo-app-2.png","width":2185,"height":2167,"caption":"VSN Media"},"image":{"@id":"https:\/\/hudo.com\/si\/#\/schema\/logo\/image\/"},"sameAs":["https:\/\/www.facebook.com\/hudo.si","https:\/\/twitter.com\/hudo_si"]},{"@type":"Person","@id":"https:\/\/hudo.com\/si\/#\/schema\/person\/601cf3379633985b20f7e50f2bb47707","name":"hudo","image":{"@type":"ImageObject","inLanguage":"sl-SI","@id":"https:\/\/hudo.com\/si\/#\/schema\/person\/image\/","url":"https:\/\/secure.gravatar.com\/avatar\/c4ca25fa72cace7a696b52ff5db9e095?s=96&d=mm&r=g","contentUrl":"https:\/\/secure.gravatar.com\/avatar\/c4ca25fa72cace7a696b52ff5db9e095?s=96&d=mm&r=g","caption":"hudo"},"url":"https:\/\/hudo.com\/si\/author\/hudo\/"}]}},"amp_enabled":true,"_links":{"self":[{"href":"https:\/\/hudo.com\/si\/wp-json\/wp\/v2\/posts\/196567"}],"collection":[{"href":"https:\/\/hudo.com\/si\/wp-json\/wp\/v2\/posts"}],"about":[{"href":"https:\/\/hudo.com\/si\/wp-json\/wp\/v2\/types\/post"}],"author":[{"embeddable":true,"href":"https:\/\/hudo.com\/si\/wp-json\/wp\/v2\/users\/1"}],"replies":[{"embeddable":true,"href":"https:\/\/hudo.com\/si\/wp-json\/wp\/v2\/comments?post=196567"}],"version-history":[{"count":0,"href":"https:\/\/hudo.com\/si\/wp-json\/wp\/v2\/posts\/196567\/revisions"}],"wp:attachment":[{"href":"https:\/\/hudo.com\/si\/wp-json\/wp\/v2\/media?parent=196567"}],"wp:term":[{"taxonomy":"category","embeddable":true,"href":"https:\/\/hudo.com\/si\/wp-json\/wp\/v2\/categories?post=196567"},{"taxonomy":"post_tag","embeddable":true,"href":"https:\/\/hudo.com\/si\/wp-json\/wp\/v2\/tags?post=196567"},{"taxonomy":"source","embeddable":true,"href":"https:\/\/hudo.com\/si\/wp-json\/wp\/v2\/source?post=196567"},{"taxonomy":"supertag","embeddable":true,"href":"https:\/\/hudo.com\/si\/wp-json\/wp\/v2\/supertag?post=196567"}],"curies":[{"name":"wp","href":"https:\/\/api.w.org\/{rel}","templated":true}]}}