{"id":196649,"date":"2017-01-21T09:19:00","date_gmt":"2017-01-21T08:19:00","guid":{"rendered":"http:\/\/hudo.com\/si\/2017\/01\/21\/erdogan-utrjuje-politicno-moc-2\/"},"modified":"2017-01-21T09:19:00","modified_gmt":"2017-01-21T08:19:00","slug":"erdogan-utrjuje-politicno-moc-2","status":"publish","type":"post","link":"https:\/\/hudo.com\/si\/aktualno\/erdogan-utrjuje-politicno-moc-2\/","title":{"rendered":"Erdogan utrjuje politi\u010dno mo\u010d"},"content":{"rendered":"<p>Kategorija: Globalno Sat, 21 Jan 2017 10:19:00 +0100  Tur\u0161ki poslanci, med katerimi so v dnevih \u017eol\u010dnih debat o spremembah ustave celo zapele pesti, so s 339 glasovi za in 142 glasovi danes zarana izglasovali sporni predlog ter poslali Tur\u010dijo \u0161e korak dlje po poti iz parlamentarne v predsedni\u0161ko ureditev. O spremembi dveh \u010dlenov ustave in podelitvi dodatnih pooblastil predsedniku Recepu Tayyipu Erdo\u011fanu se bo predvidoma aprila na referendumu moralo izre\u010di tur\u0161ko ljudstvo, saj predlagane spremembe niso dobile zadostne podpore za njihovo nemudno uveljavitev (367 glasov). Med novimi predsednikovimi pooblastili je imenovanje in odstavljanje najvi\u0161jih predstavnikov dr\u017eave, vklju\u010dno z ministri. Izbral bo tudi enega ali ve\u010d podpredsednikov, medtem ko bo premierski polo\u017eaj odpravljen. Spremembe se obetajo tudi v parlamentu, v katerem se bo \u0161tevilo poslancev s 550 povi\u0161alo na 600. Parlamentarne volitve bodo potekale vsakih pet in ne ve\u010d na \u0161tiri\u00a0&#8230;<\/p>\n","protected":false},"excerpt":{"rendered":"<p>Kategorija: Globalno Sat, 21 Jan 2017 10:19:00 +0100  Tur\u0161ki poslanci, med katerimi so v dnevih \u017eol\u010dnih debat o spremembah ustave celo zapele pesti, so s 339 glasovi za in 142 glasovi danes zarana izglasovali sporni predlog ter poslali Tur\u010dijo \u0161e korak dlje po poti iz parlamentarne v predsedni\u0161ko ureditev. O spremembi dveh \u010dlenov ustave in podelitvi dodatnih pooblastil predsedniku Recepu Tayyipu Erdo\u011fanu se bo predvidoma aprila na referendumu moralo izre\u010di tur\u0161ko ljudstvo, saj predlagane spremembe niso dobile zadostne podpore za njihovo nemudno uveljavitev (367 glasov). Med novimi predsednikovimi pooblastili je imenovanje in odstavljanje najvi\u0161jih predstavnikov dr\u017eave, vklju\u010dno z ministri. Izbral bo tudi enega ali ve\u010d podpredsednikov, medtem ko bo premierski polo\u017eaj odpravljen. Spremembe se obetajo tudi v parlamentu, v katerem se bo \u0161tevilo poslancev s 550 povi\u0161alo na 600. Parlamentarne volitve bodo potekale vsakih pet in ne ve\u010d na \u0161tiri\u00a0&#8230;<\/p>\n","protected":false},"author":1,"featured_media":0,"comment_status":"closed","ping_status":"closed","sticky":false,"template":"","format":"standard","meta":{"footnotes":""},"categories":[1179],"tags":[],"source":[1703],"supertag":[],"acf":[],"yoast_head":"<!-- This site is optimized with the Yoast SEO plugin v21.3 - https:\/\/yoast.com\/wordpress\/plugins\/seo\/ -->\n<title>Erdogan utrjuje politi\u010dno mo\u010d - Hudo Slovenija<\/title>\n<meta name=\"robots\" content=\"index, follow, max-snippet:-1, max-image-preview:large, max-video-preview:-1\" \/>\n<link rel=\"canonical\" href=\"https:\/\/hudo.com\/si\/aktualno\/erdogan-utrjuje-politicno-moc-2\/\" \/>\n<meta property=\"og:locale\" content=\"sl_SI\" \/>\n<meta property=\"og:type\" content=\"article\" \/>\n<meta property=\"og:title\" content=\"Erdogan utrjuje politi\u010dno mo\u010d - Hudo Slovenija\" \/>\n<meta property=\"og:description\" content=\"Kategorija: Globalno Sat, 21 Jan 2017 10:19:00 +0100 Tur\u0161ki poslanci, med katerimi so v dnevih \u017eol\u010dnih debat o spremembah ustave celo zapele pesti, so s 339 glasovi za in 142 glasovi danes zarana izglasovali sporni predlog ter poslali Tur\u010dijo \u0161e korak dlje po poti iz parlamentarne v predsedni\u0161ko ureditev. O spremembi dveh \u010dlenov ustave in podelitvi dodatnih pooblastil predsedniku Recepu Tayyipu Erdo\u011fanu se bo predvidoma aprila na referendumu moralo izre\u010di tur\u0161ko ljudstvo, saj predlagane spremembe niso dobile zadostne podpore za njihovo nemudno uveljavitev (367 glasov). Med novimi predsednikovimi pooblastili je imenovanje in odstavljanje najvi\u0161jih predstavnikov dr\u017eave, vklju\u010dno z ministri. Izbral bo tudi enega ali ve\u010d podpredsednikov, medtem ko bo premierski polo\u017eaj odpravljen. Spremembe se obetajo tudi v parlamentu, v katerem se bo \u0161tevilo poslancev s 550 povi\u0161alo na 600. Parlamentarne volitve bodo potekale vsakih pet in ne ve\u010d na \u0161tiri\u00a0...\" \/>\n<meta property=\"og:url\" content=\"https:\/\/hudo.com\/si\/aktualno\/erdogan-utrjuje-politicno-moc-2\/\" \/>\n<meta property=\"og:site_name\" content=\"Hudo Slovenija\" \/>\n<meta property=\"article:publisher\" content=\"https:\/\/www.facebook.com\/hudo.si\" \/>\n<meta property=\"article:published_time\" content=\"2017-01-21T08:19:00+00:00\" \/>\n<meta property=\"og:image\" content=\"https:\/\/hudo.com\/si\/wp-content\/uploads\/sites\/2\/2017\/01\/480x290_AP_Pictures-20161213181410-47810000.jpeg\" \/>\n\t<meta property=\"og:image:width\" content=\"480\" \/>\n\t<meta property=\"og:image:height\" content=\"290\" \/>\n\t<meta property=\"og:image:type\" content=\"image\/jpeg\" \/>\n<meta name=\"author\" content=\"hudo\" \/>\n<meta name=\"twitter:card\" content=\"summary_large_image\" \/>\n<meta name=\"twitter:creator\" content=\"@hudo_si\" \/>\n<meta name=\"twitter:site\" content=\"@hudo_si\" \/>\n<meta name=\"twitter:label1\" content=\"Written by\" \/>\n\t<meta name=\"twitter:data1\" content=\"hudo\" \/>\n\t<meta name=\"twitter:label2\" content=\"Est. reading time\" \/>\n\t<meta name=\"twitter:data2\" content=\"1 minuta\" \/>\n<script type=\"application\/ld+json\" class=\"yoast-schema-graph\">{\"@context\":\"https:\/\/schema.org\",\"@graph\":[{\"@type\":\"Article\",\"@id\":\"https:\/\/hudo.com\/si\/aktualno\/erdogan-utrjuje-politicno-moc-2\/#article\",\"isPartOf\":{\"@id\":\"https:\/\/hudo.com\/si\/aktualno\/erdogan-utrjuje-politicno-moc-2\/\"},\"author\":{\"name\":\"hudo\",\"@id\":\"https:\/\/hudo.com\/si\/#\/schema\/person\/601cf3379633985b20f7e50f2bb47707\"},\"headline\":\"Erdogan utrjuje politi\u010dno mo\u010d\",\"datePublished\":\"2017-01-21T08:19:00+00:00\",\"dateModified\":\"2017-01-21T08:19:00+00:00\",\"mainEntityOfPage\":{\"@id\":\"https:\/\/hudo.com\/si\/aktualno\/erdogan-utrjuje-politicno-moc-2\/\"},\"wordCount\":148,\"publisher\":{\"@id\":\"https:\/\/hudo.com\/si\/#organization\"},\"articleSection\":[\"Aktualno\"],\"inLanguage\":\"sl-SI\"},{\"@type\":\"WebPage\",\"@id\":\"https:\/\/hudo.com\/si\/aktualno\/erdogan-utrjuje-politicno-moc-2\/\",\"url\":\"https:\/\/hudo.com\/si\/aktualno\/erdogan-utrjuje-politicno-moc-2\/\",\"name\":\"Erdogan utrjuje politi\u010dno mo\u010d - Hudo Slovenija\",\"isPartOf\":{\"@id\":\"https:\/\/hudo.com\/si\/#website\"},\"datePublished\":\"2017-01-21T08:19:00+00:00\",\"dateModified\":\"2017-01-21T08:19:00+00:00\",\"breadcrumb\":{\"@id\":\"https:\/\/hudo.com\/si\/aktualno\/erdogan-utrjuje-politicno-moc-2\/#breadcrumb\"},\"inLanguage\":\"sl-SI\",\"potentialAction\":[{\"@type\":\"ReadAction\",\"target\":[\"https:\/\/hudo.com\/si\/aktualno\/erdogan-utrjuje-politicno-moc-2\/\"]}]},{\"@type\":\"BreadcrumbList\",\"@id\":\"https:\/\/hudo.com\/si\/aktualno\/erdogan-utrjuje-politicno-moc-2\/#breadcrumb\",\"itemListElement\":[{\"@type\":\"ListItem\",\"position\":1,\"name\":\"Home\",\"item\":\"https:\/\/hudo.com\/si\/\"},{\"@type\":\"ListItem\",\"position\":2,\"name\":\"Erdogan utrjuje politi\u010dno mo\u010d\"}]},{\"@type\":\"WebSite\",\"@id\":\"https:\/\/hudo.com\/si\/#website\",\"url\":\"https:\/\/hudo.com\/si\/\",\"name\":\"Hudo Slovenija\",\"description\":\"Vse novice iz Slovenije in sveta\",\"publisher\":{\"@id\":\"https:\/\/hudo.com\/si\/#organization\"},\"potentialAction\":[{\"@type\":\"SearchAction\",\"target\":{\"@type\":\"EntryPoint\",\"urlTemplate\":\"https:\/\/hudo.com\/si\/?s={search_term_string}\"},\"query-input\":\"required name=search_term_string\"}],\"inLanguage\":\"sl-SI\"},{\"@type\":\"Organization\",\"@id\":\"https:\/\/hudo.com\/si\/#organization\",\"name\":\"VSN Media\",\"url\":\"https:\/\/hudo.com\/si\/\",\"logo\":{\"@type\":\"ImageObject\",\"inLanguage\":\"sl-SI\",\"@id\":\"https:\/\/hudo.com\/si\/#\/schema\/logo\/image\/\",\"url\":\"https:\/\/hudo.com\/si\/wp-content\/uploads\/sites\/2\/2021\/03\/hudo-app-2.png\",\"contentUrl\":\"https:\/\/hudo.com\/si\/wp-content\/uploads\/sites\/2\/2021\/03\/hudo-app-2.png\",\"width\":2185,\"height\":2167,\"caption\":\"VSN Media\"},\"image\":{\"@id\":\"https:\/\/hudo.com\/si\/#\/schema\/logo\/image\/\"},\"sameAs\":[\"https:\/\/www.facebook.com\/hudo.si\",\"https:\/\/twitter.com\/hudo_si\"]},{\"@type\":\"Person\",\"@id\":\"https:\/\/hudo.com\/si\/#\/schema\/person\/601cf3379633985b20f7e50f2bb47707\",\"name\":\"hudo\",\"image\":{\"@type\":\"ImageObject\",\"inLanguage\":\"sl-SI\",\"@id\":\"https:\/\/hudo.com\/si\/#\/schema\/person\/image\/\",\"url\":\"https:\/\/secure.gravatar.com\/avatar\/c4ca25fa72cace7a696b52ff5db9e095?s=96&d=mm&r=g\",\"contentUrl\":\"https:\/\/secure.gravatar.com\/avatar\/c4ca25fa72cace7a696b52ff5db9e095?s=96&d=mm&r=g\",\"caption\":\"hudo\"},\"url\":\"https:\/\/hudo.com\/si\/author\/hudo\/\"}]}<\/script>\n<!-- \/ Yoast SEO plugin. -->","yoast_head_json":{"title":"Erdogan utrjuje politi\u010dno mo\u010d - Hudo Slovenija","robots":{"index":"index","follow":"follow","max-snippet":"max-snippet:-1","max-image-preview":"max-image-preview:large","max-video-preview":"max-video-preview:-1"},"canonical":"https:\/\/hudo.com\/si\/aktualno\/erdogan-utrjuje-politicno-moc-2\/","og_locale":"sl_SI","og_type":"article","og_title":"Erdogan utrjuje politi\u010dno mo\u010d - Hudo Slovenija","og_description":"Kategorija: Globalno Sat, 21 Jan 2017 10:19:00 +0100 Tur\u0161ki poslanci, med katerimi so v dnevih \u017eol\u010dnih debat o spremembah ustave celo zapele pesti, so s 339 glasovi za in 142 glasovi danes zarana izglasovali sporni predlog ter poslali Tur\u010dijo \u0161e korak dlje po poti iz parlamentarne v predsedni\u0161ko ureditev. O spremembi dveh \u010dlenov ustave in podelitvi dodatnih pooblastil predsedniku Recepu Tayyipu Erdo\u011fanu se bo predvidoma aprila na referendumu moralo izre\u010di tur\u0161ko ljudstvo, saj predlagane spremembe niso dobile zadostne podpore za njihovo nemudno uveljavitev (367 glasov). Med novimi predsednikovimi pooblastili je imenovanje in odstavljanje najvi\u0161jih predstavnikov dr\u017eave, vklju\u010dno z ministri. Izbral bo tudi enega ali ve\u010d podpredsednikov, medtem ko bo premierski polo\u017eaj odpravljen. Spremembe se obetajo tudi v parlamentu, v katerem se bo \u0161tevilo poslancev s 550 povi\u0161alo na 600. Parlamentarne volitve bodo potekale vsakih pet in ne ve\u010d na \u0161tiri\u00a0...","og_url":"https:\/\/hudo.com\/si\/aktualno\/erdogan-utrjuje-politicno-moc-2\/","og_site_name":"Hudo Slovenija","article_publisher":"https:\/\/www.facebook.com\/hudo.si","article_published_time":"2017-01-21T08:19:00+00:00","og_image":[{"width":480,"height":290,"url":"https:\/\/hudo.com\/si\/wp-content\/uploads\/sites\/2\/2017\/01\/480x290_AP_Pictures-20161213181410-47810000.jpeg","type":"image\/jpeg"}],"author":"hudo","twitter_card":"summary_large_image","twitter_creator":"@hudo_si","twitter_site":"@hudo_si","twitter_misc":{"Written by":"hudo","Est. reading time":"1 minuta"},"schema":{"@context":"https:\/\/schema.org","@graph":[{"@type":"Article","@id":"https:\/\/hudo.com\/si\/aktualno\/erdogan-utrjuje-politicno-moc-2\/#article","isPartOf":{"@id":"https:\/\/hudo.com\/si\/aktualno\/erdogan-utrjuje-politicno-moc-2\/"},"author":{"name":"hudo","@id":"https:\/\/hudo.com\/si\/#\/schema\/person\/601cf3379633985b20f7e50f2bb47707"},"headline":"Erdogan utrjuje politi\u010dno mo\u010d","datePublished":"2017-01-21T08:19:00+00:00","dateModified":"2017-01-21T08:19:00+00:00","mainEntityOfPage":{"@id":"https:\/\/hudo.com\/si\/aktualno\/erdogan-utrjuje-politicno-moc-2\/"},"wordCount":148,"publisher":{"@id":"https:\/\/hudo.com\/si\/#organization"},"articleSection":["Aktualno"],"inLanguage":"sl-SI"},{"@type":"WebPage","@id":"https:\/\/hudo.com\/si\/aktualno\/erdogan-utrjuje-politicno-moc-2\/","url":"https:\/\/hudo.com\/si\/aktualno\/erdogan-utrjuje-politicno-moc-2\/","name":"Erdogan utrjuje politi\u010dno mo\u010d - Hudo Slovenija","isPartOf":{"@id":"https:\/\/hudo.com\/si\/#website"},"datePublished":"2017-01-21T08:19:00+00:00","dateModified":"2017-01-21T08:19:00+00:00","breadcrumb":{"@id":"https:\/\/hudo.com\/si\/aktualno\/erdogan-utrjuje-politicno-moc-2\/#breadcrumb"},"inLanguage":"sl-SI","potentialAction":[{"@type":"ReadAction","target":["https:\/\/hudo.com\/si\/aktualno\/erdogan-utrjuje-politicno-moc-2\/"]}]},{"@type":"BreadcrumbList","@id":"https:\/\/hudo.com\/si\/aktualno\/erdogan-utrjuje-politicno-moc-2\/#breadcrumb","itemListElement":[{"@type":"ListItem","position":1,"name":"Home","item":"https:\/\/hudo.com\/si\/"},{"@type":"ListItem","position":2,"name":"Erdogan utrjuje politi\u010dno mo\u010d"}]},{"@type":"WebSite","@id":"https:\/\/hudo.com\/si\/#website","url":"https:\/\/hudo.com\/si\/","name":"Hudo Slovenija","description":"Vse novice iz Slovenije in sveta","publisher":{"@id":"https:\/\/hudo.com\/si\/#organization"},"potentialAction":[{"@type":"SearchAction","target":{"@type":"EntryPoint","urlTemplate":"https:\/\/hudo.com\/si\/?s={search_term_string}"},"query-input":"required name=search_term_string"}],"inLanguage":"sl-SI"},{"@type":"Organization","@id":"https:\/\/hudo.com\/si\/#organization","name":"VSN Media","url":"https:\/\/hudo.com\/si\/","logo":{"@type":"ImageObject","inLanguage":"sl-SI","@id":"https:\/\/hudo.com\/si\/#\/schema\/logo\/image\/","url":"https:\/\/hudo.com\/si\/wp-content\/uploads\/sites\/2\/2021\/03\/hudo-app-2.png","contentUrl":"https:\/\/hudo.com\/si\/wp-content\/uploads\/sites\/2\/2021\/03\/hudo-app-2.png","width":2185,"height":2167,"caption":"VSN Media"},"image":{"@id":"https:\/\/hudo.com\/si\/#\/schema\/logo\/image\/"},"sameAs":["https:\/\/www.facebook.com\/hudo.si","https:\/\/twitter.com\/hudo_si"]},{"@type":"Person","@id":"https:\/\/hudo.com\/si\/#\/schema\/person\/601cf3379633985b20f7e50f2bb47707","name":"hudo","image":{"@type":"ImageObject","inLanguage":"sl-SI","@id":"https:\/\/hudo.com\/si\/#\/schema\/person\/image\/","url":"https:\/\/secure.gravatar.com\/avatar\/c4ca25fa72cace7a696b52ff5db9e095?s=96&d=mm&r=g","contentUrl":"https:\/\/secure.gravatar.com\/avatar\/c4ca25fa72cace7a696b52ff5db9e095?s=96&d=mm&r=g","caption":"hudo"},"url":"https:\/\/hudo.com\/si\/author\/hudo\/"}]}},"amp_enabled":true,"_links":{"self":[{"href":"https:\/\/hudo.com\/si\/wp-json\/wp\/v2\/posts\/196649"}],"collection":[{"href":"https:\/\/hudo.com\/si\/wp-json\/wp\/v2\/posts"}],"about":[{"href":"https:\/\/hudo.com\/si\/wp-json\/wp\/v2\/types\/post"}],"author":[{"embeddable":true,"href":"https:\/\/hudo.com\/si\/wp-json\/wp\/v2\/users\/1"}],"replies":[{"embeddable":true,"href":"https:\/\/hudo.com\/si\/wp-json\/wp\/v2\/comments?post=196649"}],"version-history":[{"count":0,"href":"https:\/\/hudo.com\/si\/wp-json\/wp\/v2\/posts\/196649\/revisions"}],"wp:attachment":[{"href":"https:\/\/hudo.com\/si\/wp-json\/wp\/v2\/media?parent=196649"}],"wp:term":[{"taxonomy":"category","embeddable":true,"href":"https:\/\/hudo.com\/si\/wp-json\/wp\/v2\/categories?post=196649"},{"taxonomy":"post_tag","embeddable":true,"href":"https:\/\/hudo.com\/si\/wp-json\/wp\/v2\/tags?post=196649"},{"taxonomy":"source","embeddable":true,"href":"https:\/\/hudo.com\/si\/wp-json\/wp\/v2\/source?post=196649"},{"taxonomy":"supertag","embeddable":true,"href":"https:\/\/hudo.com\/si\/wp-json\/wp\/v2\/supertag?post=196649"}],"curies":[{"name":"wp","href":"https:\/\/api.w.org\/{rel}","templated":true}]}}