{"id":196926,"date":"2017-01-22T09:00:00","date_gmt":"2017-01-22T08:00:00","guid":{"rendered":"http:\/\/hudo.com\/si\/2017\/01\/22\/slovenka-leta-je-andreja-sterle-podobnik\/"},"modified":"2017-01-22T19:41:06","modified_gmt":"2017-01-22T18:41:06","slug":"slovenka-leta-je-andreja-sterle-podobnik","status":"publish","type":"post","link":"https:\/\/hudo.com\/si\/aktualno\/slovenka-leta-je-andreja-sterle-podobnik\/","title":{"rendered":"Slovenka leta je Andreja Sterle Podobnik"},"content":{"rendered":"<p>Kategorija: Slovenija Sun, 22 Jan 2017 10:00:00 +0100  Slovenka leta 2016 po izboru bralk in bralcev revije Jana je Andreja Sterle Podobnik, mened\u017eerka, v prostem \u010dasu pa ultramaratonka. Naziv so sino\u010di podelili \u017ee 28., prireditve pa se je udele\u017eil tudi predsednik republike Borut Pahor. \u00bbKjer je volja, tam je mo\u010d in vse je mogo\u010de, \u010de se ho\u010de. To je v bistvu moj na\u010din \u017eivljenja in mi\u0161ljenja. Kajti v \u017eivljenju so vzponi in padci, so strmine in tudi dolgo\u010dasne ravnine. So tudi ovire in te\u017eke preizku\u0161nje, ki nas naredijo mo\u010dnej\u0161e. Zato je pomembno vztrajati, imeti voljo in disciplino. \u0160e posebej pa strast in srce do dela, to je prava pot do sre\u010de,\u00ab je poudarila zmagovalka. Po nazivu Ona 2016, priznanju poslu\u0161alcev Radia 94 je torej postala \u0161e Slovenka leta. V Himalaji je med 6. in 18. novembrom in v\u00a0&#8230;<\/p>\n","protected":false},"excerpt":{"rendered":"<p>Kategorija: Slovenija Sun, 22 Jan 2017 10:00:00 +0100  Slovenka leta 2016 po izboru bralk in bralcev revije Jana je Andreja Sterle Podobnik, mened\u017eerka, v prostem \u010dasu pa ultramaratonka. Naziv so sino\u010di podelili \u017ee 28., prireditve pa se je udele\u017eil tudi predsednik republike Borut Pahor. \u00bbKjer je volja, tam je mo\u010d in vse je mogo\u010de, \u010de se ho\u010de. To je v bistvu moj na\u010din \u017eivljenja in mi\u0161ljenja. Kajti v \u017eivljenju so vzponi in padci, so strmine in tudi dolgo\u010dasne ravnine. So tudi ovire in te\u017eke preizku\u0161nje, ki nas naredijo mo\u010dnej\u0161e. Zato je pomembno vztrajati, imeti voljo in disciplino. \u0160e posebej pa strast in srce do dela, to je prava pot do sre\u010de,\u00ab je poudarila zmagovalka. Po nazivu Ona 2016, priznanju poslu\u0161alcev Radia 94 je torej postala \u0161e Slovenka leta. V Himalaji je med 6. in 18. novembrom in v\u00a0&#8230;<\/p>\n","protected":false},"author":1,"featured_media":0,"comment_status":"closed","ping_status":"closed","sticky":false,"template":"","format":"standard","meta":{"footnotes":""},"categories":[1179],"tags":[],"source":[1703],"supertag":[],"acf":[],"yoast_head":"<!-- This site is optimized with the Yoast SEO plugin v21.3 - https:\/\/yoast.com\/wordpress\/plugins\/seo\/ -->\n<title>Slovenka leta je Andreja Sterle Podobnik - Hudo Slovenija<\/title>\n<meta name=\"robots\" content=\"index, follow, max-snippet:-1, max-image-preview:large, max-video-preview:-1\" \/>\n<link rel=\"canonical\" href=\"https:\/\/hudo.com\/si\/aktualno\/slovenka-leta-je-andreja-sterle-podobnik\/\" \/>\n<meta property=\"og:locale\" content=\"sl_SI\" \/>\n<meta property=\"og:type\" content=\"article\" \/>\n<meta property=\"og:title\" content=\"Slovenka leta je Andreja Sterle Podobnik - Hudo Slovenija\" \/>\n<meta property=\"og:description\" content=\"Kategorija: Slovenija Sun, 22 Jan 2017 10:00:00 +0100 Slovenka leta 2016 po izboru bralk in bralcev revije Jana je Andreja Sterle Podobnik, mened\u017eerka, v prostem \u010dasu pa ultramaratonka. Naziv so sino\u010di podelili \u017ee 28., prireditve pa se je udele\u017eil tudi predsednik republike Borut Pahor. \u00bbKjer je volja, tam je mo\u010d in vse je mogo\u010de, \u010de se ho\u010de. To je v bistvu moj na\u010din \u017eivljenja in mi\u0161ljenja. Kajti v \u017eivljenju so vzponi in padci, so strmine in tudi dolgo\u010dasne ravnine. So tudi ovire in te\u017eke preizku\u0161nje, ki nas naredijo mo\u010dnej\u0161e. Zato je pomembno vztrajati, imeti voljo in disciplino. \u0160e posebej pa strast in srce do dela, to je prava pot do sre\u010de,\u00ab je poudarila zmagovalka. Po nazivu Ona 2016, priznanju poslu\u0161alcev Radia 94 je torej postala \u0161e Slovenka leta. V Himalaji je med 6. in 18. novembrom in v\u00a0...\" \/>\n<meta property=\"og:url\" content=\"https:\/\/hudo.com\/si\/aktualno\/slovenka-leta-je-andreja-sterle-podobnik\/\" \/>\n<meta property=\"og:site_name\" content=\"Hudo Slovenija\" \/>\n<meta property=\"article:publisher\" content=\"https:\/\/www.facebook.com\/hudo.si\" \/>\n<meta property=\"article:published_time\" content=\"2017-01-22T08:00:00+00:00\" \/>\n<meta property=\"article:modified_time\" content=\"2017-01-22T18:41:06+00:00\" \/>\n<meta property=\"og:image\" content=\"https:\/\/hudo.com\/si\/wp-content\/uploads\/sites\/2\/2017\/01\/480x290_djvu_2429721_ferliczb_ima-sterle-podobnik.jpeg\" \/>\n\t<meta property=\"og:image:width\" content=\"480\" \/>\n\t<meta property=\"og:image:height\" content=\"290\" \/>\n\t<meta property=\"og:image:type\" content=\"image\/jpeg\" \/>\n<meta name=\"author\" content=\"hudo\" \/>\n<meta name=\"twitter:card\" content=\"summary_large_image\" \/>\n<meta name=\"twitter:creator\" content=\"@hudo_si\" \/>\n<meta name=\"twitter:site\" content=\"@hudo_si\" \/>\n<meta name=\"twitter:label1\" content=\"Written by\" \/>\n\t<meta name=\"twitter:data1\" content=\"hudo\" \/>\n\t<meta name=\"twitter:label2\" content=\"Est. reading time\" \/>\n\t<meta name=\"twitter:data2\" content=\"1 minuta\" \/>\n<script type=\"application\/ld+json\" class=\"yoast-schema-graph\">{\"@context\":\"https:\/\/schema.org\",\"@graph\":[{\"@type\":\"Article\",\"@id\":\"https:\/\/hudo.com\/si\/aktualno\/slovenka-leta-je-andreja-sterle-podobnik\/#article\",\"isPartOf\":{\"@id\":\"https:\/\/hudo.com\/si\/aktualno\/slovenka-leta-je-andreja-sterle-podobnik\/\"},\"author\":{\"name\":\"hudo\",\"@id\":\"https:\/\/hudo.com\/si\/#\/schema\/person\/601cf3379633985b20f7e50f2bb47707\"},\"headline\":\"Slovenka leta je Andreja Sterle Podobnik\",\"datePublished\":\"2017-01-22T08:00:00+00:00\",\"dateModified\":\"2017-01-22T18:41:06+00:00\",\"mainEntityOfPage\":{\"@id\":\"https:\/\/hudo.com\/si\/aktualno\/slovenka-leta-je-andreja-sterle-podobnik\/\"},\"wordCount\":148,\"publisher\":{\"@id\":\"https:\/\/hudo.com\/si\/#organization\"},\"articleSection\":[\"Aktualno\"],\"inLanguage\":\"sl-SI\"},{\"@type\":\"WebPage\",\"@id\":\"https:\/\/hudo.com\/si\/aktualno\/slovenka-leta-je-andreja-sterle-podobnik\/\",\"url\":\"https:\/\/hudo.com\/si\/aktualno\/slovenka-leta-je-andreja-sterle-podobnik\/\",\"name\":\"Slovenka leta je Andreja Sterle Podobnik - Hudo Slovenija\",\"isPartOf\":{\"@id\":\"https:\/\/hudo.com\/si\/#website\"},\"datePublished\":\"2017-01-22T08:00:00+00:00\",\"dateModified\":\"2017-01-22T18:41:06+00:00\",\"breadcrumb\":{\"@id\":\"https:\/\/hudo.com\/si\/aktualno\/slovenka-leta-je-andreja-sterle-podobnik\/#breadcrumb\"},\"inLanguage\":\"sl-SI\",\"potentialAction\":[{\"@type\":\"ReadAction\",\"target\":[\"https:\/\/hudo.com\/si\/aktualno\/slovenka-leta-je-andreja-sterle-podobnik\/\"]}]},{\"@type\":\"BreadcrumbList\",\"@id\":\"https:\/\/hudo.com\/si\/aktualno\/slovenka-leta-je-andreja-sterle-podobnik\/#breadcrumb\",\"itemListElement\":[{\"@type\":\"ListItem\",\"position\":1,\"name\":\"Home\",\"item\":\"https:\/\/hudo.com\/si\/\"},{\"@type\":\"ListItem\",\"position\":2,\"name\":\"Slovenka leta je Andreja Sterle Podobnik\"}]},{\"@type\":\"WebSite\",\"@id\":\"https:\/\/hudo.com\/si\/#website\",\"url\":\"https:\/\/hudo.com\/si\/\",\"name\":\"Hudo Slovenija\",\"description\":\"Vse novice iz Slovenije in sveta\",\"publisher\":{\"@id\":\"https:\/\/hudo.com\/si\/#organization\"},\"potentialAction\":[{\"@type\":\"SearchAction\",\"target\":{\"@type\":\"EntryPoint\",\"urlTemplate\":\"https:\/\/hudo.com\/si\/?s={search_term_string}\"},\"query-input\":\"required name=search_term_string\"}],\"inLanguage\":\"sl-SI\"},{\"@type\":\"Organization\",\"@id\":\"https:\/\/hudo.com\/si\/#organization\",\"name\":\"VSN Media\",\"url\":\"https:\/\/hudo.com\/si\/\",\"logo\":{\"@type\":\"ImageObject\",\"inLanguage\":\"sl-SI\",\"@id\":\"https:\/\/hudo.com\/si\/#\/schema\/logo\/image\/\",\"url\":\"https:\/\/hudo.com\/si\/wp-content\/uploads\/sites\/2\/2021\/03\/hudo-app-2.png\",\"contentUrl\":\"https:\/\/hudo.com\/si\/wp-content\/uploads\/sites\/2\/2021\/03\/hudo-app-2.png\",\"width\":2185,\"height\":2167,\"caption\":\"VSN Media\"},\"image\":{\"@id\":\"https:\/\/hudo.com\/si\/#\/schema\/logo\/image\/\"},\"sameAs\":[\"https:\/\/www.facebook.com\/hudo.si\",\"https:\/\/twitter.com\/hudo_si\"]},{\"@type\":\"Person\",\"@id\":\"https:\/\/hudo.com\/si\/#\/schema\/person\/601cf3379633985b20f7e50f2bb47707\",\"name\":\"hudo\",\"image\":{\"@type\":\"ImageObject\",\"inLanguage\":\"sl-SI\",\"@id\":\"https:\/\/hudo.com\/si\/#\/schema\/person\/image\/\",\"url\":\"https:\/\/secure.gravatar.com\/avatar\/c4ca25fa72cace7a696b52ff5db9e095?s=96&d=mm&r=g\",\"contentUrl\":\"https:\/\/secure.gravatar.com\/avatar\/c4ca25fa72cace7a696b52ff5db9e095?s=96&d=mm&r=g\",\"caption\":\"hudo\"},\"url\":\"https:\/\/hudo.com\/si\/author\/hudo\/\"}]}<\/script>\n<!-- \/ Yoast SEO plugin. -->","yoast_head_json":{"title":"Slovenka leta je Andreja Sterle Podobnik - Hudo Slovenija","robots":{"index":"index","follow":"follow","max-snippet":"max-snippet:-1","max-image-preview":"max-image-preview:large","max-video-preview":"max-video-preview:-1"},"canonical":"https:\/\/hudo.com\/si\/aktualno\/slovenka-leta-je-andreja-sterle-podobnik\/","og_locale":"sl_SI","og_type":"article","og_title":"Slovenka leta je Andreja Sterle Podobnik - Hudo Slovenija","og_description":"Kategorija: Slovenija Sun, 22 Jan 2017 10:00:00 +0100 Slovenka leta 2016 po izboru bralk in bralcev revije Jana je Andreja Sterle Podobnik, mened\u017eerka, v prostem \u010dasu pa ultramaratonka. Naziv so sino\u010di podelili \u017ee 28., prireditve pa se je udele\u017eil tudi predsednik republike Borut Pahor. \u00bbKjer je volja, tam je mo\u010d in vse je mogo\u010de, \u010de se ho\u010de. To je v bistvu moj na\u010din \u017eivljenja in mi\u0161ljenja. Kajti v \u017eivljenju so vzponi in padci, so strmine in tudi dolgo\u010dasne ravnine. So tudi ovire in te\u017eke preizku\u0161nje, ki nas naredijo mo\u010dnej\u0161e. Zato je pomembno vztrajati, imeti voljo in disciplino. \u0160e posebej pa strast in srce do dela, to je prava pot do sre\u010de,\u00ab je poudarila zmagovalka. Po nazivu Ona 2016, priznanju poslu\u0161alcev Radia 94 je torej postala \u0161e Slovenka leta. V Himalaji je med 6. in 18. novembrom in v\u00a0...","og_url":"https:\/\/hudo.com\/si\/aktualno\/slovenka-leta-je-andreja-sterle-podobnik\/","og_site_name":"Hudo Slovenija","article_publisher":"https:\/\/www.facebook.com\/hudo.si","article_published_time":"2017-01-22T08:00:00+00:00","article_modified_time":"2017-01-22T18:41:06+00:00","og_image":[{"width":480,"height":290,"url":"https:\/\/hudo.com\/si\/wp-content\/uploads\/sites\/2\/2017\/01\/480x290_djvu_2429721_ferliczb_ima-sterle-podobnik.jpeg","type":"image\/jpeg"}],"author":"hudo","twitter_card":"summary_large_image","twitter_creator":"@hudo_si","twitter_site":"@hudo_si","twitter_misc":{"Written by":"hudo","Est. reading time":"1 minuta"},"schema":{"@context":"https:\/\/schema.org","@graph":[{"@type":"Article","@id":"https:\/\/hudo.com\/si\/aktualno\/slovenka-leta-je-andreja-sterle-podobnik\/#article","isPartOf":{"@id":"https:\/\/hudo.com\/si\/aktualno\/slovenka-leta-je-andreja-sterle-podobnik\/"},"author":{"name":"hudo","@id":"https:\/\/hudo.com\/si\/#\/schema\/person\/601cf3379633985b20f7e50f2bb47707"},"headline":"Slovenka leta je Andreja Sterle Podobnik","datePublished":"2017-01-22T08:00:00+00:00","dateModified":"2017-01-22T18:41:06+00:00","mainEntityOfPage":{"@id":"https:\/\/hudo.com\/si\/aktualno\/slovenka-leta-je-andreja-sterle-podobnik\/"},"wordCount":148,"publisher":{"@id":"https:\/\/hudo.com\/si\/#organization"},"articleSection":["Aktualno"],"inLanguage":"sl-SI"},{"@type":"WebPage","@id":"https:\/\/hudo.com\/si\/aktualno\/slovenka-leta-je-andreja-sterle-podobnik\/","url":"https:\/\/hudo.com\/si\/aktualno\/slovenka-leta-je-andreja-sterle-podobnik\/","name":"Slovenka leta je Andreja Sterle Podobnik - Hudo Slovenija","isPartOf":{"@id":"https:\/\/hudo.com\/si\/#website"},"datePublished":"2017-01-22T08:00:00+00:00","dateModified":"2017-01-22T18:41:06+00:00","breadcrumb":{"@id":"https:\/\/hudo.com\/si\/aktualno\/slovenka-leta-je-andreja-sterle-podobnik\/#breadcrumb"},"inLanguage":"sl-SI","potentialAction":[{"@type":"ReadAction","target":["https:\/\/hudo.com\/si\/aktualno\/slovenka-leta-je-andreja-sterle-podobnik\/"]}]},{"@type":"BreadcrumbList","@id":"https:\/\/hudo.com\/si\/aktualno\/slovenka-leta-je-andreja-sterle-podobnik\/#breadcrumb","itemListElement":[{"@type":"ListItem","position":1,"name":"Home","item":"https:\/\/hudo.com\/si\/"},{"@type":"ListItem","position":2,"name":"Slovenka leta je Andreja Sterle Podobnik"}]},{"@type":"WebSite","@id":"https:\/\/hudo.com\/si\/#website","url":"https:\/\/hudo.com\/si\/","name":"Hudo Slovenija","description":"Vse novice iz Slovenije in sveta","publisher":{"@id":"https:\/\/hudo.com\/si\/#organization"},"potentialAction":[{"@type":"SearchAction","target":{"@type":"EntryPoint","urlTemplate":"https:\/\/hudo.com\/si\/?s={search_term_string}"},"query-input":"required name=search_term_string"}],"inLanguage":"sl-SI"},{"@type":"Organization","@id":"https:\/\/hudo.com\/si\/#organization","name":"VSN Media","url":"https:\/\/hudo.com\/si\/","logo":{"@type":"ImageObject","inLanguage":"sl-SI","@id":"https:\/\/hudo.com\/si\/#\/schema\/logo\/image\/","url":"https:\/\/hudo.com\/si\/wp-content\/uploads\/sites\/2\/2021\/03\/hudo-app-2.png","contentUrl":"https:\/\/hudo.com\/si\/wp-content\/uploads\/sites\/2\/2021\/03\/hudo-app-2.png","width":2185,"height":2167,"caption":"VSN Media"},"image":{"@id":"https:\/\/hudo.com\/si\/#\/schema\/logo\/image\/"},"sameAs":["https:\/\/www.facebook.com\/hudo.si","https:\/\/twitter.com\/hudo_si"]},{"@type":"Person","@id":"https:\/\/hudo.com\/si\/#\/schema\/person\/601cf3379633985b20f7e50f2bb47707","name":"hudo","image":{"@type":"ImageObject","inLanguage":"sl-SI","@id":"https:\/\/hudo.com\/si\/#\/schema\/person\/image\/","url":"https:\/\/secure.gravatar.com\/avatar\/c4ca25fa72cace7a696b52ff5db9e095?s=96&d=mm&r=g","contentUrl":"https:\/\/secure.gravatar.com\/avatar\/c4ca25fa72cace7a696b52ff5db9e095?s=96&d=mm&r=g","caption":"hudo"},"url":"https:\/\/hudo.com\/si\/author\/hudo\/"}]}},"amp_enabled":true,"_links":{"self":[{"href":"https:\/\/hudo.com\/si\/wp-json\/wp\/v2\/posts\/196926"}],"collection":[{"href":"https:\/\/hudo.com\/si\/wp-json\/wp\/v2\/posts"}],"about":[{"href":"https:\/\/hudo.com\/si\/wp-json\/wp\/v2\/types\/post"}],"author":[{"embeddable":true,"href":"https:\/\/hudo.com\/si\/wp-json\/wp\/v2\/users\/1"}],"replies":[{"embeddable":true,"href":"https:\/\/hudo.com\/si\/wp-json\/wp\/v2\/comments?post=196926"}],"version-history":[{"count":1,"href":"https:\/\/hudo.com\/si\/wp-json\/wp\/v2\/posts\/196926\/revisions"}],"predecessor-version":[{"id":197045,"href":"https:\/\/hudo.com\/si\/wp-json\/wp\/v2\/posts\/196926\/revisions\/197045"}],"wp:attachment":[{"href":"https:\/\/hudo.com\/si\/wp-json\/wp\/v2\/media?parent=196926"}],"wp:term":[{"taxonomy":"category","embeddable":true,"href":"https:\/\/hudo.com\/si\/wp-json\/wp\/v2\/categories?post=196926"},{"taxonomy":"post_tag","embeddable":true,"href":"https:\/\/hudo.com\/si\/wp-json\/wp\/v2\/tags?post=196926"},{"taxonomy":"source","embeddable":true,"href":"https:\/\/hudo.com\/si\/wp-json\/wp\/v2\/source?post=196926"},{"taxonomy":"supertag","embeddable":true,"href":"https:\/\/hudo.com\/si\/wp-json\/wp\/v2\/supertag?post=196926"}],"curies":[{"name":"wp","href":"https:\/\/api.w.org\/{rel}","templated":true}]}}