{"id":19737,"date":"2016-04-04T11:30:00","date_gmt":"2016-04-04T10:30:00","guid":{"rendered":"http:\/\/master.hudo.com\/si\/2016\/04\/04\/balkanski-bojevnik-obravnava-se-nadaljuje-v-ponedeljek\/"},"modified":"2016-04-04T11:30:00","modified_gmt":"2016-04-04T10:30:00","slug":"balkanski-bojevnik-obravnava-se-nadaljuje-v-ponedeljek","status":"publish","type":"post","link":"https:\/\/hudo.com\/si\/aktualno\/balkanski-bojevnik-obravnava-se-nadaljuje-v-ponedeljek\/","title":{"rendered":"Balkanski bojevnik: obravnava se nadaljuje v ponedeljek"},"content":{"rendered":"<p>Kategorija: Kronika Mon, 04 Apr 2016 13:30:00 +0200  Ljubljana \u2212 Glavno obravnavo v zadevi Balkanski bojevnik je predsednica senata Andreja Sedej Gr\u010dar za danes prekinila, saj mora to\u017eilstvo do \u010detrtka na pro\u0161njo obrambe Dragana To\u0161i\u0107a dopolniti manj\u0161i del izreka obto\u017enice. Zaradi tega sta preklicani tudi obravnavi za torek in sredo, zadeva se nadaljuje v ponedeljek. To\u017eilstvo je danes namre\u010d prebralo obto\u017enico, ki 15 obto\u017eenih bremeni preprodaje mamil in hudodelskega zdru\u017eevanja. Obrambo To\u0161i\u0107a, ki naj bi vodil slovenski del mednarodne preprodajalske zdru\u017ebe, je zmotila formulacija v obto\u017enici \u00bbDragan To\u0161i\u0107 in drugi\u00ab, zato je od to\u017eilstva zahtevala pojasnila, kdo so ti \u00bbdrugi\u00ab. Sodi\u0161\u010de je pro\u0161nji obrambe prisluhnilo, to\u017eilki Blanka \u017dganjar in Mateja Gon\u010din morata dopolnitev pripraviti do \u010detrtka. \u010casa za to je dovolj, saj so imena \u017ee znana tako to\u017eilstvu kot obrambi, je \u017dgajnarjeva dejala v izjavi po dana\u0161nji obravnavi. \u00bbVendar obramba\u00a0&#8230;<\/p>\n","protected":false},"excerpt":{"rendered":"<p>Kategorija: Kronika Mon, 04 Apr 2016 13:30:00 +0200  Ljubljana \u2212 Glavno obravnavo v zadevi Balkanski bojevnik je predsednica senata Andreja Sedej Gr\u010dar za danes prekinila, saj mora to\u017eilstvo do \u010detrtka na pro\u0161njo obrambe Dragana To\u0161i\u0107a dopolniti manj\u0161i del izreka obto\u017enice. Zaradi tega sta preklicani tudi obravnavi za torek in sredo, zadeva se nadaljuje v ponedeljek. To\u017eilstvo je danes namre\u010d prebralo obto\u017enico, ki 15 obto\u017eenih bremeni preprodaje mamil in hudodelskega zdru\u017eevanja. Obrambo To\u0161i\u0107a, ki naj bi vodil slovenski del mednarodne preprodajalske zdru\u017ebe, je zmotila formulacija v obto\u017enici \u00bbDragan To\u0161i\u0107 in drugi\u00ab, zato je od to\u017eilstva zahtevala pojasnila, kdo so ti \u00bbdrugi\u00ab. Sodi\u0161\u010de je pro\u0161nji obrambe prisluhnilo, to\u017eilki Blanka \u017dganjar in Mateja Gon\u010din morata dopolnitev pripraviti do \u010detrtka. \u010casa za to je dovolj, saj so imena \u017ee znana tako to\u017eilstvu kot obrambi, je \u017dgajnarjeva dejala v izjavi po dana\u0161nji obravnavi. \u00bbVendar obramba\u00a0&#8230;<\/p>\n","protected":false},"author":1,"featured_media":0,"comment_status":"closed","ping_status":"closed","sticky":false,"template":"","format":"standard","meta":{"footnotes":""},"categories":[1179],"tags":[],"source":[4511],"supertag":[],"acf":[],"yoast_head":"<!-- This site is optimized with the Yoast SEO plugin v21.3 - https:\/\/yoast.com\/wordpress\/plugins\/seo\/ -->\n<title>Balkanski bojevnik: obravnava se nadaljuje v ponedeljek - Hudo Slovenija<\/title>\n<meta name=\"robots\" content=\"index, follow, max-snippet:-1, max-image-preview:large, max-video-preview:-1\" \/>\n<link rel=\"canonical\" href=\"https:\/\/hudo.com\/si\/aktualno\/balkanski-bojevnik-obravnava-se-nadaljuje-v-ponedeljek\/\" \/>\n<meta property=\"og:locale\" content=\"sl_SI\" \/>\n<meta property=\"og:type\" content=\"article\" \/>\n<meta property=\"og:title\" content=\"Balkanski bojevnik: obravnava se nadaljuje v ponedeljek - Hudo Slovenija\" \/>\n<meta property=\"og:description\" content=\"Kategorija: Kronika Mon, 04 Apr 2016 13:30:00 +0200 Ljubljana \u2212 Glavno obravnavo v zadevi Balkanski bojevnik je predsednica senata Andreja Sedej Gr\u010dar za danes prekinila, saj mora to\u017eilstvo do \u010detrtka na pro\u0161njo obrambe Dragana To\u0161i\u0107a dopolniti manj\u0161i del izreka obto\u017enice. Zaradi tega sta preklicani tudi obravnavi za torek in sredo, zadeva se nadaljuje v ponedeljek. To\u017eilstvo je danes namre\u010d prebralo obto\u017enico, ki 15 obto\u017eenih bremeni preprodaje mamil in hudodelskega zdru\u017eevanja. Obrambo To\u0161i\u0107a, ki naj bi vodil slovenski del mednarodne preprodajalske zdru\u017ebe, je zmotila formulacija v obto\u017enici \u00bbDragan To\u0161i\u0107 in drugi\u00ab, zato je od to\u017eilstva zahtevala pojasnila, kdo so ti \u00bbdrugi\u00ab. Sodi\u0161\u010de je pro\u0161nji obrambe prisluhnilo, to\u017eilki Blanka \u017dganjar in Mateja Gon\u010din morata dopolnitev pripraviti do \u010detrtka. \u010casa za to je dovolj, saj so imena \u017ee znana tako to\u017eilstvu kot obrambi, je \u017dgajnarjeva dejala v izjavi po dana\u0161nji obravnavi. \u00bbVendar obramba\u00a0...\" \/>\n<meta property=\"og:url\" content=\"https:\/\/hudo.com\/si\/aktualno\/balkanski-bojevnik-obravnava-se-nadaljuje-v-ponedeljek\/\" \/>\n<meta property=\"og:site_name\" content=\"Hudo Slovenija\" \/>\n<meta property=\"article:publisher\" content=\"https:\/\/www.facebook.com\/hudo.si\" \/>\n<meta property=\"article:published_time\" content=\"2016-04-04T10:30:00+00:00\" \/>\n<meta property=\"og:image\" content=\"https:\/\/hudo.com\/si\/wp-content\/uploads\/sites\/2\/2016\/04\/480x290_Delo_Foto-20160404111308-88095200.jpeg\" \/>\n\t<meta property=\"og:image:width\" content=\"480\" \/>\n\t<meta property=\"og:image:height\" content=\"290\" \/>\n\t<meta property=\"og:image:type\" content=\"image\/jpeg\" \/>\n<meta name=\"author\" content=\"hudo\" \/>\n<meta name=\"twitter:card\" content=\"summary_large_image\" \/>\n<meta name=\"twitter:creator\" content=\"@hudo_si\" \/>\n<meta name=\"twitter:site\" content=\"@hudo_si\" \/>\n<meta name=\"twitter:label1\" content=\"Written by\" \/>\n\t<meta name=\"twitter:data1\" content=\"hudo\" \/>\n\t<meta name=\"twitter:label2\" content=\"Est. reading time\" \/>\n\t<meta name=\"twitter:data2\" content=\"1 minuta\" \/>\n<script type=\"application\/ld+json\" class=\"yoast-schema-graph\">{\"@context\":\"https:\/\/schema.org\",\"@graph\":[{\"@type\":\"Article\",\"@id\":\"https:\/\/hudo.com\/si\/aktualno\/balkanski-bojevnik-obravnava-se-nadaljuje-v-ponedeljek\/#article\",\"isPartOf\":{\"@id\":\"https:\/\/hudo.com\/si\/aktualno\/balkanski-bojevnik-obravnava-se-nadaljuje-v-ponedeljek\/\"},\"author\":{\"name\":\"hudo\",\"@id\":\"https:\/\/hudo.com\/si\/#\/schema\/person\/601cf3379633985b20f7e50f2bb47707\"},\"headline\":\"Balkanski bojevnik: obravnava se nadaljuje v ponedeljek\",\"datePublished\":\"2016-04-04T10:30:00+00:00\",\"dateModified\":\"2016-04-04T10:30:00+00:00\",\"mainEntityOfPage\":{\"@id\":\"https:\/\/hudo.com\/si\/aktualno\/balkanski-bojevnik-obravnava-se-nadaljuje-v-ponedeljek\/\"},\"wordCount\":164,\"publisher\":{\"@id\":\"https:\/\/hudo.com\/si\/#organization\"},\"articleSection\":[\"Aktualno\"],\"inLanguage\":\"sl-SI\"},{\"@type\":\"WebPage\",\"@id\":\"https:\/\/hudo.com\/si\/aktualno\/balkanski-bojevnik-obravnava-se-nadaljuje-v-ponedeljek\/\",\"url\":\"https:\/\/hudo.com\/si\/aktualno\/balkanski-bojevnik-obravnava-se-nadaljuje-v-ponedeljek\/\",\"name\":\"Balkanski bojevnik: obravnava se nadaljuje v ponedeljek - Hudo Slovenija\",\"isPartOf\":{\"@id\":\"https:\/\/hudo.com\/si\/#website\"},\"datePublished\":\"2016-04-04T10:30:00+00:00\",\"dateModified\":\"2016-04-04T10:30:00+00:00\",\"breadcrumb\":{\"@id\":\"https:\/\/hudo.com\/si\/aktualno\/balkanski-bojevnik-obravnava-se-nadaljuje-v-ponedeljek\/#breadcrumb\"},\"inLanguage\":\"sl-SI\",\"potentialAction\":[{\"@type\":\"ReadAction\",\"target\":[\"https:\/\/hudo.com\/si\/aktualno\/balkanski-bojevnik-obravnava-se-nadaljuje-v-ponedeljek\/\"]}]},{\"@type\":\"BreadcrumbList\",\"@id\":\"https:\/\/hudo.com\/si\/aktualno\/balkanski-bojevnik-obravnava-se-nadaljuje-v-ponedeljek\/#breadcrumb\",\"itemListElement\":[{\"@type\":\"ListItem\",\"position\":1,\"name\":\"Home\",\"item\":\"https:\/\/hudo.com\/si\/\"},{\"@type\":\"ListItem\",\"position\":2,\"name\":\"Balkanski bojevnik: obravnava se nadaljuje v ponedeljek\"}]},{\"@type\":\"WebSite\",\"@id\":\"https:\/\/hudo.com\/si\/#website\",\"url\":\"https:\/\/hudo.com\/si\/\",\"name\":\"Hudo Slovenija\",\"description\":\"Vse novice iz Slovenije in sveta\",\"publisher\":{\"@id\":\"https:\/\/hudo.com\/si\/#organization\"},\"potentialAction\":[{\"@type\":\"SearchAction\",\"target\":{\"@type\":\"EntryPoint\",\"urlTemplate\":\"https:\/\/hudo.com\/si\/?s={search_term_string}\"},\"query-input\":\"required name=search_term_string\"}],\"inLanguage\":\"sl-SI\"},{\"@type\":\"Organization\",\"@id\":\"https:\/\/hudo.com\/si\/#organization\",\"name\":\"VSN Media\",\"url\":\"https:\/\/hudo.com\/si\/\",\"logo\":{\"@type\":\"ImageObject\",\"inLanguage\":\"sl-SI\",\"@id\":\"https:\/\/hudo.com\/si\/#\/schema\/logo\/image\/\",\"url\":\"https:\/\/hudo.com\/si\/wp-content\/uploads\/sites\/2\/2021\/03\/hudo-app-2.png\",\"contentUrl\":\"https:\/\/hudo.com\/si\/wp-content\/uploads\/sites\/2\/2021\/03\/hudo-app-2.png\",\"width\":2185,\"height\":2167,\"caption\":\"VSN Media\"},\"image\":{\"@id\":\"https:\/\/hudo.com\/si\/#\/schema\/logo\/image\/\"},\"sameAs\":[\"https:\/\/www.facebook.com\/hudo.si\",\"https:\/\/twitter.com\/hudo_si\"]},{\"@type\":\"Person\",\"@id\":\"https:\/\/hudo.com\/si\/#\/schema\/person\/601cf3379633985b20f7e50f2bb47707\",\"name\":\"hudo\",\"image\":{\"@type\":\"ImageObject\",\"inLanguage\":\"sl-SI\",\"@id\":\"https:\/\/hudo.com\/si\/#\/schema\/person\/image\/\",\"url\":\"https:\/\/secure.gravatar.com\/avatar\/c4ca25fa72cace7a696b52ff5db9e095?s=96&d=mm&r=g\",\"contentUrl\":\"https:\/\/secure.gravatar.com\/avatar\/c4ca25fa72cace7a696b52ff5db9e095?s=96&d=mm&r=g\",\"caption\":\"hudo\"},\"url\":\"https:\/\/hudo.com\/si\/author\/hudo\/\"}]}<\/script>\n<!-- \/ Yoast SEO plugin. -->","yoast_head_json":{"title":"Balkanski bojevnik: obravnava se nadaljuje v ponedeljek - Hudo Slovenija","robots":{"index":"index","follow":"follow","max-snippet":"max-snippet:-1","max-image-preview":"max-image-preview:large","max-video-preview":"max-video-preview:-1"},"canonical":"https:\/\/hudo.com\/si\/aktualno\/balkanski-bojevnik-obravnava-se-nadaljuje-v-ponedeljek\/","og_locale":"sl_SI","og_type":"article","og_title":"Balkanski bojevnik: obravnava se nadaljuje v ponedeljek - Hudo Slovenija","og_description":"Kategorija: Kronika Mon, 04 Apr 2016 13:30:00 +0200 Ljubljana \u2212 Glavno obravnavo v zadevi Balkanski bojevnik je predsednica senata Andreja Sedej Gr\u010dar za danes prekinila, saj mora to\u017eilstvo do \u010detrtka na pro\u0161njo obrambe Dragana To\u0161i\u0107a dopolniti manj\u0161i del izreka obto\u017enice. Zaradi tega sta preklicani tudi obravnavi za torek in sredo, zadeva se nadaljuje v ponedeljek. To\u017eilstvo je danes namre\u010d prebralo obto\u017enico, ki 15 obto\u017eenih bremeni preprodaje mamil in hudodelskega zdru\u017eevanja. Obrambo To\u0161i\u0107a, ki naj bi vodil slovenski del mednarodne preprodajalske zdru\u017ebe, je zmotila formulacija v obto\u017enici \u00bbDragan To\u0161i\u0107 in drugi\u00ab, zato je od to\u017eilstva zahtevala pojasnila, kdo so ti \u00bbdrugi\u00ab. Sodi\u0161\u010de je pro\u0161nji obrambe prisluhnilo, to\u017eilki Blanka \u017dganjar in Mateja Gon\u010din morata dopolnitev pripraviti do \u010detrtka. \u010casa za to je dovolj, saj so imena \u017ee znana tako to\u017eilstvu kot obrambi, je \u017dgajnarjeva dejala v izjavi po dana\u0161nji obravnavi. \u00bbVendar obramba\u00a0...","og_url":"https:\/\/hudo.com\/si\/aktualno\/balkanski-bojevnik-obravnava-se-nadaljuje-v-ponedeljek\/","og_site_name":"Hudo Slovenija","article_publisher":"https:\/\/www.facebook.com\/hudo.si","article_published_time":"2016-04-04T10:30:00+00:00","og_image":[{"width":480,"height":290,"url":"https:\/\/hudo.com\/si\/wp-content\/uploads\/sites\/2\/2016\/04\/480x290_Delo_Foto-20160404111308-88095200.jpeg","type":"image\/jpeg"}],"author":"hudo","twitter_card":"summary_large_image","twitter_creator":"@hudo_si","twitter_site":"@hudo_si","twitter_misc":{"Written by":"hudo","Est. reading time":"1 minuta"},"schema":{"@context":"https:\/\/schema.org","@graph":[{"@type":"Article","@id":"https:\/\/hudo.com\/si\/aktualno\/balkanski-bojevnik-obravnava-se-nadaljuje-v-ponedeljek\/#article","isPartOf":{"@id":"https:\/\/hudo.com\/si\/aktualno\/balkanski-bojevnik-obravnava-se-nadaljuje-v-ponedeljek\/"},"author":{"name":"hudo","@id":"https:\/\/hudo.com\/si\/#\/schema\/person\/601cf3379633985b20f7e50f2bb47707"},"headline":"Balkanski bojevnik: obravnava se nadaljuje v ponedeljek","datePublished":"2016-04-04T10:30:00+00:00","dateModified":"2016-04-04T10:30:00+00:00","mainEntityOfPage":{"@id":"https:\/\/hudo.com\/si\/aktualno\/balkanski-bojevnik-obravnava-se-nadaljuje-v-ponedeljek\/"},"wordCount":164,"publisher":{"@id":"https:\/\/hudo.com\/si\/#organization"},"articleSection":["Aktualno"],"inLanguage":"sl-SI"},{"@type":"WebPage","@id":"https:\/\/hudo.com\/si\/aktualno\/balkanski-bojevnik-obravnava-se-nadaljuje-v-ponedeljek\/","url":"https:\/\/hudo.com\/si\/aktualno\/balkanski-bojevnik-obravnava-se-nadaljuje-v-ponedeljek\/","name":"Balkanski bojevnik: obravnava se nadaljuje v ponedeljek - Hudo Slovenija","isPartOf":{"@id":"https:\/\/hudo.com\/si\/#website"},"datePublished":"2016-04-04T10:30:00+00:00","dateModified":"2016-04-04T10:30:00+00:00","breadcrumb":{"@id":"https:\/\/hudo.com\/si\/aktualno\/balkanski-bojevnik-obravnava-se-nadaljuje-v-ponedeljek\/#breadcrumb"},"inLanguage":"sl-SI","potentialAction":[{"@type":"ReadAction","target":["https:\/\/hudo.com\/si\/aktualno\/balkanski-bojevnik-obravnava-se-nadaljuje-v-ponedeljek\/"]}]},{"@type":"BreadcrumbList","@id":"https:\/\/hudo.com\/si\/aktualno\/balkanski-bojevnik-obravnava-se-nadaljuje-v-ponedeljek\/#breadcrumb","itemListElement":[{"@type":"ListItem","position":1,"name":"Home","item":"https:\/\/hudo.com\/si\/"},{"@type":"ListItem","position":2,"name":"Balkanski bojevnik: obravnava se nadaljuje v ponedeljek"}]},{"@type":"WebSite","@id":"https:\/\/hudo.com\/si\/#website","url":"https:\/\/hudo.com\/si\/","name":"Hudo Slovenija","description":"Vse novice iz Slovenije in sveta","publisher":{"@id":"https:\/\/hudo.com\/si\/#organization"},"potentialAction":[{"@type":"SearchAction","target":{"@type":"EntryPoint","urlTemplate":"https:\/\/hudo.com\/si\/?s={search_term_string}"},"query-input":"required name=search_term_string"}],"inLanguage":"sl-SI"},{"@type":"Organization","@id":"https:\/\/hudo.com\/si\/#organization","name":"VSN Media","url":"https:\/\/hudo.com\/si\/","logo":{"@type":"ImageObject","inLanguage":"sl-SI","@id":"https:\/\/hudo.com\/si\/#\/schema\/logo\/image\/","url":"https:\/\/hudo.com\/si\/wp-content\/uploads\/sites\/2\/2021\/03\/hudo-app-2.png","contentUrl":"https:\/\/hudo.com\/si\/wp-content\/uploads\/sites\/2\/2021\/03\/hudo-app-2.png","width":2185,"height":2167,"caption":"VSN Media"},"image":{"@id":"https:\/\/hudo.com\/si\/#\/schema\/logo\/image\/"},"sameAs":["https:\/\/www.facebook.com\/hudo.si","https:\/\/twitter.com\/hudo_si"]},{"@type":"Person","@id":"https:\/\/hudo.com\/si\/#\/schema\/person\/601cf3379633985b20f7e50f2bb47707","name":"hudo","image":{"@type":"ImageObject","inLanguage":"sl-SI","@id":"https:\/\/hudo.com\/si\/#\/schema\/person\/image\/","url":"https:\/\/secure.gravatar.com\/avatar\/c4ca25fa72cace7a696b52ff5db9e095?s=96&d=mm&r=g","contentUrl":"https:\/\/secure.gravatar.com\/avatar\/c4ca25fa72cace7a696b52ff5db9e095?s=96&d=mm&r=g","caption":"hudo"},"url":"https:\/\/hudo.com\/si\/author\/hudo\/"}]}},"amp_enabled":true,"_links":{"self":[{"href":"https:\/\/hudo.com\/si\/wp-json\/wp\/v2\/posts\/19737"}],"collection":[{"href":"https:\/\/hudo.com\/si\/wp-json\/wp\/v2\/posts"}],"about":[{"href":"https:\/\/hudo.com\/si\/wp-json\/wp\/v2\/types\/post"}],"author":[{"embeddable":true,"href":"https:\/\/hudo.com\/si\/wp-json\/wp\/v2\/users\/1"}],"replies":[{"embeddable":true,"href":"https:\/\/hudo.com\/si\/wp-json\/wp\/v2\/comments?post=19737"}],"version-history":[{"count":0,"href":"https:\/\/hudo.com\/si\/wp-json\/wp\/v2\/posts\/19737\/revisions"}],"wp:attachment":[{"href":"https:\/\/hudo.com\/si\/wp-json\/wp\/v2\/media?parent=19737"}],"wp:term":[{"taxonomy":"category","embeddable":true,"href":"https:\/\/hudo.com\/si\/wp-json\/wp\/v2\/categories?post=19737"},{"taxonomy":"post_tag","embeddable":true,"href":"https:\/\/hudo.com\/si\/wp-json\/wp\/v2\/tags?post=19737"},{"taxonomy":"source","embeddable":true,"href":"https:\/\/hudo.com\/si\/wp-json\/wp\/v2\/source?post=19737"},{"taxonomy":"supertag","embeddable":true,"href":"https:\/\/hudo.com\/si\/wp-json\/wp\/v2\/supertag?post=19737"}],"curies":[{"name":"wp","href":"https:\/\/api.w.org\/{rel}","templated":true}]}}