{"id":197657,"date":"2017-01-23T13:46:00","date_gmt":"2017-01-23T12:46:00","guid":{"rendered":"http:\/\/hudo.com\/si\/2017\/01\/23\/bodo-clani-programskega-sveta-generalnega-direktorja-rtv-izbirali-skriti-pred-javnostjo\/"},"modified":"2017-01-24T01:13:32","modified_gmt":"2017-01-24T00:13:32","slug":"bodo-clani-programskega-sveta-generalnega-direktorja-rtv-izbirali-skriti-pred-javnostjo","status":"publish","type":"post","link":"https:\/\/hudo.com\/si\/aktualno\/bodo-clani-programskega-sveta-generalnega-direktorja-rtv-izbirali-skriti-pred-javnostjo\/","title":{"rendered":"Bodo \u010dlani programskega sveta generalnega direktorja RTV izbirali skriti pred javnostjo?"},"content":{"rendered":"<p>V boju za stol\u010dek generalnega direktorja RTV Slovenija so Marko Filli, Uro\u0161 Grilc in Igor Rozman. Kako bodo \u010dlani programskega sveta glasovali, \u0161e ni jasno, izbor pa \u017eelijo opraviti brez nadzora javnosti.<\/p>\n","protected":false},"excerpt":{"rendered":"<p>V boju za stol\u010dek generalnega direktorja RTV Slovenija so Marko Filli, Uro\u0161 Grilc in Igor Rozman. Kako bodo \u010dlani programskega sveta glasovali, \u0161e ni jasno, izbor pa \u017eelijo opraviti brez nadzora javnosti.<\/p>\n","protected":false},"author":1,"featured_media":0,"comment_status":"closed","ping_status":"closed","sticky":false,"template":"","format":"standard","meta":{"footnotes":""},"categories":[1179],"tags":[],"source":[1717],"supertag":[],"acf":[],"yoast_head":"<!-- This site is optimized with the Yoast SEO plugin v21.3 - https:\/\/yoast.com\/wordpress\/plugins\/seo\/ -->\n<title>Bodo \u010dlani programskega sveta generalnega direktorja RTV izbirali skriti pred javnostjo? - Hudo Slovenija<\/title>\n<meta name=\"robots\" content=\"index, follow, max-snippet:-1, max-image-preview:large, max-video-preview:-1\" \/>\n<link rel=\"canonical\" href=\"https:\/\/hudo.com\/si\/aktualno\/bodo-clani-programskega-sveta-generalnega-direktorja-rtv-izbirali-skriti-pred-javnostjo\/\" \/>\n<meta property=\"og:locale\" content=\"sl_SI\" \/>\n<meta property=\"og:type\" content=\"article\" \/>\n<meta property=\"og:title\" content=\"Bodo \u010dlani programskega sveta generalnega direktorja RTV izbirali skriti pred javnostjo? - Hudo Slovenija\" \/>\n<meta property=\"og:description\" content=\"V boju za stol\u010dek generalnega direktorja RTV Slovenija so Marko Filli, Uro\u0161 Grilc in Igor Rozman. Kako bodo \u010dlani programskega sveta glasovali, \u0161e ni jasno, izbor pa \u017eelijo opraviti brez nadzora javnosti.\" \/>\n<meta property=\"og:url\" content=\"https:\/\/hudo.com\/si\/aktualno\/bodo-clani-programskega-sveta-generalnega-direktorja-rtv-izbirali-skriti-pred-javnostjo\/\" \/>\n<meta property=\"og:site_name\" content=\"Hudo Slovenija\" \/>\n<meta property=\"article:publisher\" content=\"https:\/\/www.facebook.com\/hudo.si\" \/>\n<meta property=\"article:published_time\" content=\"2017-01-23T12:46:00+00:00\" \/>\n<meta property=\"article:modified_time\" content=\"2017-01-24T00:13:32+00:00\" \/>\n<meta property=\"og:image\" content=\"https:\/\/hudo.com\/si\/wp-content\/uploads\/sites\/2\/2017\/01\/b4f845d7dcb95fddb289-2.jpeg\" \/>\n\t<meta property=\"og:image:width\" content=\"400\" \/>\n\t<meta property=\"og:image:height\" content=\"400\" \/>\n\t<meta property=\"og:image:type\" content=\"image\/jpeg\" \/>\n<meta name=\"author\" content=\"hudo\" \/>\n<meta name=\"twitter:card\" content=\"summary_large_image\" \/>\n<meta name=\"twitter:creator\" content=\"@hudo_si\" \/>\n<meta name=\"twitter:site\" content=\"@hudo_si\" \/>\n<meta name=\"twitter:label1\" content=\"Written by\" \/>\n\t<meta name=\"twitter:data1\" content=\"hudo\" \/>\n<script type=\"application\/ld+json\" class=\"yoast-schema-graph\">{\"@context\":\"https:\/\/schema.org\",\"@graph\":[{\"@type\":\"Article\",\"@id\":\"https:\/\/hudo.com\/si\/aktualno\/bodo-clani-programskega-sveta-generalnega-direktorja-rtv-izbirali-skriti-pred-javnostjo\/#article\",\"isPartOf\":{\"@id\":\"https:\/\/hudo.com\/si\/aktualno\/bodo-clani-programskega-sveta-generalnega-direktorja-rtv-izbirali-skriti-pred-javnostjo\/\"},\"author\":{\"name\":\"hudo\",\"@id\":\"https:\/\/hudo.com\/si\/#\/schema\/person\/601cf3379633985b20f7e50f2bb47707\"},\"headline\":\"Bodo \u010dlani programskega sveta generalnega direktorja RTV izbirali skriti pred javnostjo?\",\"datePublished\":\"2017-01-23T12:46:00+00:00\",\"dateModified\":\"2017-01-24T00:13:32+00:00\",\"mainEntityOfPage\":{\"@id\":\"https:\/\/hudo.com\/si\/aktualno\/bodo-clani-programskega-sveta-generalnega-direktorja-rtv-izbirali-skriti-pred-javnostjo\/\"},\"wordCount\":44,\"publisher\":{\"@id\":\"https:\/\/hudo.com\/si\/#organization\"},\"articleSection\":[\"Aktualno\"],\"inLanguage\":\"sl-SI\"},{\"@type\":\"WebPage\",\"@id\":\"https:\/\/hudo.com\/si\/aktualno\/bodo-clani-programskega-sveta-generalnega-direktorja-rtv-izbirali-skriti-pred-javnostjo\/\",\"url\":\"https:\/\/hudo.com\/si\/aktualno\/bodo-clani-programskega-sveta-generalnega-direktorja-rtv-izbirali-skriti-pred-javnostjo\/\",\"name\":\"Bodo \u010dlani programskega sveta generalnega direktorja RTV izbirali skriti pred javnostjo? - Hudo Slovenija\",\"isPartOf\":{\"@id\":\"https:\/\/hudo.com\/si\/#website\"},\"datePublished\":\"2017-01-23T12:46:00+00:00\",\"dateModified\":\"2017-01-24T00:13:32+00:00\",\"breadcrumb\":{\"@id\":\"https:\/\/hudo.com\/si\/aktualno\/bodo-clani-programskega-sveta-generalnega-direktorja-rtv-izbirali-skriti-pred-javnostjo\/#breadcrumb\"},\"inLanguage\":\"sl-SI\",\"potentialAction\":[{\"@type\":\"ReadAction\",\"target\":[\"https:\/\/hudo.com\/si\/aktualno\/bodo-clani-programskega-sveta-generalnega-direktorja-rtv-izbirali-skriti-pred-javnostjo\/\"]}]},{\"@type\":\"BreadcrumbList\",\"@id\":\"https:\/\/hudo.com\/si\/aktualno\/bodo-clani-programskega-sveta-generalnega-direktorja-rtv-izbirali-skriti-pred-javnostjo\/#breadcrumb\",\"itemListElement\":[{\"@type\":\"ListItem\",\"position\":1,\"name\":\"Home\",\"item\":\"https:\/\/hudo.com\/si\/\"},{\"@type\":\"ListItem\",\"position\":2,\"name\":\"Bodo \u010dlani programskega sveta generalnega direktorja RTV izbirali skriti pred javnostjo?\"}]},{\"@type\":\"WebSite\",\"@id\":\"https:\/\/hudo.com\/si\/#website\",\"url\":\"https:\/\/hudo.com\/si\/\",\"name\":\"Hudo Slovenija\",\"description\":\"Vse novice iz Slovenije in sveta\",\"publisher\":{\"@id\":\"https:\/\/hudo.com\/si\/#organization\"},\"potentialAction\":[{\"@type\":\"SearchAction\",\"target\":{\"@type\":\"EntryPoint\",\"urlTemplate\":\"https:\/\/hudo.com\/si\/?s={search_term_string}\"},\"query-input\":\"required name=search_term_string\"}],\"inLanguage\":\"sl-SI\"},{\"@type\":\"Organization\",\"@id\":\"https:\/\/hudo.com\/si\/#organization\",\"name\":\"VSN Media\",\"url\":\"https:\/\/hudo.com\/si\/\",\"logo\":{\"@type\":\"ImageObject\",\"inLanguage\":\"sl-SI\",\"@id\":\"https:\/\/hudo.com\/si\/#\/schema\/logo\/image\/\",\"url\":\"https:\/\/hudo.com\/si\/wp-content\/uploads\/sites\/2\/2021\/03\/hudo-app-2.png\",\"contentUrl\":\"https:\/\/hudo.com\/si\/wp-content\/uploads\/sites\/2\/2021\/03\/hudo-app-2.png\",\"width\":2185,\"height\":2167,\"caption\":\"VSN Media\"},\"image\":{\"@id\":\"https:\/\/hudo.com\/si\/#\/schema\/logo\/image\/\"},\"sameAs\":[\"https:\/\/www.facebook.com\/hudo.si\",\"https:\/\/twitter.com\/hudo_si\"]},{\"@type\":\"Person\",\"@id\":\"https:\/\/hudo.com\/si\/#\/schema\/person\/601cf3379633985b20f7e50f2bb47707\",\"name\":\"hudo\",\"image\":{\"@type\":\"ImageObject\",\"inLanguage\":\"sl-SI\",\"@id\":\"https:\/\/hudo.com\/si\/#\/schema\/person\/image\/\",\"url\":\"https:\/\/secure.gravatar.com\/avatar\/c4ca25fa72cace7a696b52ff5db9e095?s=96&d=mm&r=g\",\"contentUrl\":\"https:\/\/secure.gravatar.com\/avatar\/c4ca25fa72cace7a696b52ff5db9e095?s=96&d=mm&r=g\",\"caption\":\"hudo\"},\"url\":\"https:\/\/hudo.com\/si\/author\/hudo\/\"}]}<\/script>\n<!-- \/ Yoast SEO plugin. -->","yoast_head_json":{"title":"Bodo \u010dlani programskega sveta generalnega direktorja RTV izbirali skriti pred javnostjo? - Hudo Slovenija","robots":{"index":"index","follow":"follow","max-snippet":"max-snippet:-1","max-image-preview":"max-image-preview:large","max-video-preview":"max-video-preview:-1"},"canonical":"https:\/\/hudo.com\/si\/aktualno\/bodo-clani-programskega-sveta-generalnega-direktorja-rtv-izbirali-skriti-pred-javnostjo\/","og_locale":"sl_SI","og_type":"article","og_title":"Bodo \u010dlani programskega sveta generalnega direktorja RTV izbirali skriti pred javnostjo? - Hudo Slovenija","og_description":"V boju za stol\u010dek generalnega direktorja RTV Slovenija so Marko Filli, Uro\u0161 Grilc in Igor Rozman. Kako bodo \u010dlani programskega sveta glasovali, \u0161e ni jasno, izbor pa \u017eelijo opraviti brez nadzora javnosti.","og_url":"https:\/\/hudo.com\/si\/aktualno\/bodo-clani-programskega-sveta-generalnega-direktorja-rtv-izbirali-skriti-pred-javnostjo\/","og_site_name":"Hudo Slovenija","article_publisher":"https:\/\/www.facebook.com\/hudo.si","article_published_time":"2017-01-23T12:46:00+00:00","article_modified_time":"2017-01-24T00:13:32+00:00","og_image":[{"width":400,"height":400,"url":"https:\/\/hudo.com\/si\/wp-content\/uploads\/sites\/2\/2017\/01\/b4f845d7dcb95fddb289-2.jpeg","type":"image\/jpeg"}],"author":"hudo","twitter_card":"summary_large_image","twitter_creator":"@hudo_si","twitter_site":"@hudo_si","twitter_misc":{"Written by":"hudo"},"schema":{"@context":"https:\/\/schema.org","@graph":[{"@type":"Article","@id":"https:\/\/hudo.com\/si\/aktualno\/bodo-clani-programskega-sveta-generalnega-direktorja-rtv-izbirali-skriti-pred-javnostjo\/#article","isPartOf":{"@id":"https:\/\/hudo.com\/si\/aktualno\/bodo-clani-programskega-sveta-generalnega-direktorja-rtv-izbirali-skriti-pred-javnostjo\/"},"author":{"name":"hudo","@id":"https:\/\/hudo.com\/si\/#\/schema\/person\/601cf3379633985b20f7e50f2bb47707"},"headline":"Bodo \u010dlani programskega sveta generalnega direktorja RTV izbirali skriti pred javnostjo?","datePublished":"2017-01-23T12:46:00+00:00","dateModified":"2017-01-24T00:13:32+00:00","mainEntityOfPage":{"@id":"https:\/\/hudo.com\/si\/aktualno\/bodo-clani-programskega-sveta-generalnega-direktorja-rtv-izbirali-skriti-pred-javnostjo\/"},"wordCount":44,"publisher":{"@id":"https:\/\/hudo.com\/si\/#organization"},"articleSection":["Aktualno"],"inLanguage":"sl-SI"},{"@type":"WebPage","@id":"https:\/\/hudo.com\/si\/aktualno\/bodo-clani-programskega-sveta-generalnega-direktorja-rtv-izbirali-skriti-pred-javnostjo\/","url":"https:\/\/hudo.com\/si\/aktualno\/bodo-clani-programskega-sveta-generalnega-direktorja-rtv-izbirali-skriti-pred-javnostjo\/","name":"Bodo \u010dlani programskega sveta generalnega direktorja RTV izbirali skriti pred javnostjo? - Hudo Slovenija","isPartOf":{"@id":"https:\/\/hudo.com\/si\/#website"},"datePublished":"2017-01-23T12:46:00+00:00","dateModified":"2017-01-24T00:13:32+00:00","breadcrumb":{"@id":"https:\/\/hudo.com\/si\/aktualno\/bodo-clani-programskega-sveta-generalnega-direktorja-rtv-izbirali-skriti-pred-javnostjo\/#breadcrumb"},"inLanguage":"sl-SI","potentialAction":[{"@type":"ReadAction","target":["https:\/\/hudo.com\/si\/aktualno\/bodo-clani-programskega-sveta-generalnega-direktorja-rtv-izbirali-skriti-pred-javnostjo\/"]}]},{"@type":"BreadcrumbList","@id":"https:\/\/hudo.com\/si\/aktualno\/bodo-clani-programskega-sveta-generalnega-direktorja-rtv-izbirali-skriti-pred-javnostjo\/#breadcrumb","itemListElement":[{"@type":"ListItem","position":1,"name":"Home","item":"https:\/\/hudo.com\/si\/"},{"@type":"ListItem","position":2,"name":"Bodo \u010dlani programskega sveta generalnega direktorja RTV izbirali skriti pred javnostjo?"}]},{"@type":"WebSite","@id":"https:\/\/hudo.com\/si\/#website","url":"https:\/\/hudo.com\/si\/","name":"Hudo Slovenija","description":"Vse novice iz Slovenije in sveta","publisher":{"@id":"https:\/\/hudo.com\/si\/#organization"},"potentialAction":[{"@type":"SearchAction","target":{"@type":"EntryPoint","urlTemplate":"https:\/\/hudo.com\/si\/?s={search_term_string}"},"query-input":"required name=search_term_string"}],"inLanguage":"sl-SI"},{"@type":"Organization","@id":"https:\/\/hudo.com\/si\/#organization","name":"VSN Media","url":"https:\/\/hudo.com\/si\/","logo":{"@type":"ImageObject","inLanguage":"sl-SI","@id":"https:\/\/hudo.com\/si\/#\/schema\/logo\/image\/","url":"https:\/\/hudo.com\/si\/wp-content\/uploads\/sites\/2\/2021\/03\/hudo-app-2.png","contentUrl":"https:\/\/hudo.com\/si\/wp-content\/uploads\/sites\/2\/2021\/03\/hudo-app-2.png","width":2185,"height":2167,"caption":"VSN Media"},"image":{"@id":"https:\/\/hudo.com\/si\/#\/schema\/logo\/image\/"},"sameAs":["https:\/\/www.facebook.com\/hudo.si","https:\/\/twitter.com\/hudo_si"]},{"@type":"Person","@id":"https:\/\/hudo.com\/si\/#\/schema\/person\/601cf3379633985b20f7e50f2bb47707","name":"hudo","image":{"@type":"ImageObject","inLanguage":"sl-SI","@id":"https:\/\/hudo.com\/si\/#\/schema\/person\/image\/","url":"https:\/\/secure.gravatar.com\/avatar\/c4ca25fa72cace7a696b52ff5db9e095?s=96&d=mm&r=g","contentUrl":"https:\/\/secure.gravatar.com\/avatar\/c4ca25fa72cace7a696b52ff5db9e095?s=96&d=mm&r=g","caption":"hudo"},"url":"https:\/\/hudo.com\/si\/author\/hudo\/"}]}},"amp_enabled":true,"_links":{"self":[{"href":"https:\/\/hudo.com\/si\/wp-json\/wp\/v2\/posts\/197657"}],"collection":[{"href":"https:\/\/hudo.com\/si\/wp-json\/wp\/v2\/posts"}],"about":[{"href":"https:\/\/hudo.com\/si\/wp-json\/wp\/v2\/types\/post"}],"author":[{"embeddable":true,"href":"https:\/\/hudo.com\/si\/wp-json\/wp\/v2\/users\/1"}],"replies":[{"embeddable":true,"href":"https:\/\/hudo.com\/si\/wp-json\/wp\/v2\/comments?post=197657"}],"version-history":[{"count":1,"href":"https:\/\/hudo.com\/si\/wp-json\/wp\/v2\/posts\/197657\/revisions"}],"predecessor-version":[{"id":197662,"href":"https:\/\/hudo.com\/si\/wp-json\/wp\/v2\/posts\/197657\/revisions\/197662"}],"wp:attachment":[{"href":"https:\/\/hudo.com\/si\/wp-json\/wp\/v2\/media?parent=197657"}],"wp:term":[{"taxonomy":"category","embeddable":true,"href":"https:\/\/hudo.com\/si\/wp-json\/wp\/v2\/categories?post=197657"},{"taxonomy":"post_tag","embeddable":true,"href":"https:\/\/hudo.com\/si\/wp-json\/wp\/v2\/tags?post=197657"},{"taxonomy":"source","embeddable":true,"href":"https:\/\/hudo.com\/si\/wp-json\/wp\/v2\/source?post=197657"},{"taxonomy":"supertag","embeddable":true,"href":"https:\/\/hudo.com\/si\/wp-json\/wp\/v2\/supertag?post=197657"}],"curies":[{"name":"wp","href":"https:\/\/api.w.org\/{rel}","templated":true}]}}