{"id":197796,"date":"2017-01-23T17:51:00","date_gmt":"2017-01-23T16:51:00","guid":{"rendered":"http:\/\/hudo.com\/si\/2017\/01\/23\/video-hrvati-krasevcem-speljali-teran-minister-ziden-vseeno-zadovoljen\/"},"modified":"2017-01-24T06:51:30","modified_gmt":"2017-01-24T05:51:30","slug":"video-hrvati-krasevcem-speljali-teran-minister-ziden-vseeno-zadovoljen","status":"publish","type":"post","link":"https:\/\/hudo.com\/si\/aktualno\/video-hrvati-krasevcem-speljali-teran-minister-ziden-vseeno-zadovoljen\/","title":{"rendered":"[VIDEO] Hrvati Kra\u0161evcem speljali teran: Minister \u017diden vseeno zadovoljen"},"content":{"rendered":"<p>Evropska komisija bo kljub slovenskim pomislekom uresni\u010dila svoje na\u010drte in v torek spro\u017eila postopek za dodelitev izjeme Hrva\u0161ki pri uporabi imena teran. Kmetijski minister Dejan \u017didan kljub temu ocenjuje, da je cilj dose\u017een, saj je zanimanje za vpra\u0161anje pristojnosti komisije pri dodeljevanju izjem na podro\u010dju za\u0161\u010dite vin veliko.<\/p>\n","protected":false},"excerpt":{"rendered":"<p>Evropska komisija bo kljub slovenskim pomislekom uresni\u010dila svoje na\u010drte in v torek spro\u017eila postopek za dodelitev izjeme Hrva\u0161ki pri uporabi imena teran. Kmetijski minister Dejan \u017didan kljub temu ocenjuje, da je cilj dose\u017een, saj je zanimanje za vpra\u0161anje pristojnosti komisije pri dodeljevanju izjem na podro\u010dju za\u0161\u010dite vin veliko.<\/p>\n","protected":false},"author":1,"featured_media":0,"comment_status":"closed","ping_status":"closed","sticky":false,"template":"","format":"standard","meta":{"footnotes":""},"categories":[1179],"tags":[],"source":[1706],"supertag":[],"acf":[],"yoast_head":"<!-- This site is optimized with the Yoast SEO plugin v21.3 - https:\/\/yoast.com\/wordpress\/plugins\/seo\/ -->\n<title>[VIDEO] Hrvati Kra\u0161evcem speljali teran: Minister \u017diden vseeno zadovoljen - Hudo Slovenija<\/title>\n<meta name=\"robots\" content=\"index, follow, max-snippet:-1, max-image-preview:large, max-video-preview:-1\" \/>\n<link rel=\"canonical\" href=\"https:\/\/hudo.com\/si\/aktualno\/video-hrvati-krasevcem-speljali-teran-minister-ziden-vseeno-zadovoljen\/\" \/>\n<meta property=\"og:locale\" content=\"sl_SI\" \/>\n<meta property=\"og:type\" content=\"article\" \/>\n<meta property=\"og:title\" content=\"[VIDEO] Hrvati Kra\u0161evcem speljali teran: Minister \u017diden vseeno zadovoljen - Hudo Slovenija\" \/>\n<meta property=\"og:description\" content=\"Evropska komisija bo kljub slovenskim pomislekom uresni\u010dila svoje na\u010drte in v torek spro\u017eila postopek za dodelitev izjeme Hrva\u0161ki pri uporabi imena teran. Kmetijski minister Dejan \u017didan kljub temu ocenjuje, da je cilj dose\u017een, saj je zanimanje za vpra\u0161anje pristojnosti komisije pri dodeljevanju izjem na podro\u010dju za\u0161\u010dite vin veliko.\" \/>\n<meta property=\"og:url\" content=\"https:\/\/hudo.com\/si\/aktualno\/video-hrvati-krasevcem-speljali-teran-minister-ziden-vseeno-zadovoljen\/\" \/>\n<meta property=\"og:site_name\" content=\"Hudo Slovenija\" \/>\n<meta property=\"article:publisher\" content=\"https:\/\/www.facebook.com\/hudo.si\" \/>\n<meta property=\"article:published_time\" content=\"2017-01-23T16:51:00+00:00\" \/>\n<meta property=\"article:modified_time\" content=\"2017-01-24T05:51:30+00:00\" \/>\n<meta property=\"og:image\" content=\"https:\/\/hudo.com\/si\/wp-content\/uploads\/sites\/2\/2017\/01\/0868997o6QI.jpg\" \/>\n\t<meta property=\"og:image:width\" content=\"504\" \/>\n\t<meta property=\"og:image:height\" content=\"284\" \/>\n\t<meta property=\"og:image:type\" content=\"image\/jpeg\" \/>\n<meta name=\"author\" content=\"hudo\" \/>\n<meta name=\"twitter:card\" content=\"summary_large_image\" \/>\n<meta name=\"twitter:creator\" content=\"@hudo_si\" \/>\n<meta name=\"twitter:site\" content=\"@hudo_si\" \/>\n<meta name=\"twitter:label1\" content=\"Written by\" \/>\n\t<meta name=\"twitter:data1\" content=\"hudo\" \/>\n<script type=\"application\/ld+json\" class=\"yoast-schema-graph\">{\"@context\":\"https:\/\/schema.org\",\"@graph\":[{\"@type\":\"Article\",\"@id\":\"https:\/\/hudo.com\/si\/aktualno\/video-hrvati-krasevcem-speljali-teran-minister-ziden-vseeno-zadovoljen\/#article\",\"isPartOf\":{\"@id\":\"https:\/\/hudo.com\/si\/aktualno\/video-hrvati-krasevcem-speljali-teran-minister-ziden-vseeno-zadovoljen\/\"},\"author\":{\"name\":\"hudo\",\"@id\":\"https:\/\/hudo.com\/si\/#\/schema\/person\/601cf3379633985b20f7e50f2bb47707\"},\"headline\":\"[VIDEO] Hrvati Kra\u0161evcem speljali teran: Minister \u017diden vseeno zadovoljen\",\"datePublished\":\"2017-01-23T16:51:00+00:00\",\"dateModified\":\"2017-01-24T05:51:30+00:00\",\"mainEntityOfPage\":{\"@id\":\"https:\/\/hudo.com\/si\/aktualno\/video-hrvati-krasevcem-speljali-teran-minister-ziden-vseeno-zadovoljen\/\"},\"wordCount\":66,\"publisher\":{\"@id\":\"https:\/\/hudo.com\/si\/#organization\"},\"articleSection\":[\"Aktualno\"],\"inLanguage\":\"sl-SI\"},{\"@type\":\"WebPage\",\"@id\":\"https:\/\/hudo.com\/si\/aktualno\/video-hrvati-krasevcem-speljali-teran-minister-ziden-vseeno-zadovoljen\/\",\"url\":\"https:\/\/hudo.com\/si\/aktualno\/video-hrvati-krasevcem-speljali-teran-minister-ziden-vseeno-zadovoljen\/\",\"name\":\"[VIDEO] Hrvati Kra\u0161evcem speljali teran: Minister \u017diden vseeno zadovoljen - Hudo Slovenija\",\"isPartOf\":{\"@id\":\"https:\/\/hudo.com\/si\/#website\"},\"datePublished\":\"2017-01-23T16:51:00+00:00\",\"dateModified\":\"2017-01-24T05:51:30+00:00\",\"breadcrumb\":{\"@id\":\"https:\/\/hudo.com\/si\/aktualno\/video-hrvati-krasevcem-speljali-teran-minister-ziden-vseeno-zadovoljen\/#breadcrumb\"},\"inLanguage\":\"sl-SI\",\"potentialAction\":[{\"@type\":\"ReadAction\",\"target\":[\"https:\/\/hudo.com\/si\/aktualno\/video-hrvati-krasevcem-speljali-teran-minister-ziden-vseeno-zadovoljen\/\"]}]},{\"@type\":\"BreadcrumbList\",\"@id\":\"https:\/\/hudo.com\/si\/aktualno\/video-hrvati-krasevcem-speljali-teran-minister-ziden-vseeno-zadovoljen\/#breadcrumb\",\"itemListElement\":[{\"@type\":\"ListItem\",\"position\":1,\"name\":\"Home\",\"item\":\"https:\/\/hudo.com\/si\/\"},{\"@type\":\"ListItem\",\"position\":2,\"name\":\"[VIDEO] Hrvati Kra\u0161evcem speljali teran: Minister \u017diden vseeno zadovoljen\"}]},{\"@type\":\"WebSite\",\"@id\":\"https:\/\/hudo.com\/si\/#website\",\"url\":\"https:\/\/hudo.com\/si\/\",\"name\":\"Hudo Slovenija\",\"description\":\"Vse novice iz Slovenije in sveta\",\"publisher\":{\"@id\":\"https:\/\/hudo.com\/si\/#organization\"},\"potentialAction\":[{\"@type\":\"SearchAction\",\"target\":{\"@type\":\"EntryPoint\",\"urlTemplate\":\"https:\/\/hudo.com\/si\/?s={search_term_string}\"},\"query-input\":\"required name=search_term_string\"}],\"inLanguage\":\"sl-SI\"},{\"@type\":\"Organization\",\"@id\":\"https:\/\/hudo.com\/si\/#organization\",\"name\":\"VSN Media\",\"url\":\"https:\/\/hudo.com\/si\/\",\"logo\":{\"@type\":\"ImageObject\",\"inLanguage\":\"sl-SI\",\"@id\":\"https:\/\/hudo.com\/si\/#\/schema\/logo\/image\/\",\"url\":\"https:\/\/hudo.com\/si\/wp-content\/uploads\/sites\/2\/2021\/03\/hudo-app-2.png\",\"contentUrl\":\"https:\/\/hudo.com\/si\/wp-content\/uploads\/sites\/2\/2021\/03\/hudo-app-2.png\",\"width\":2185,\"height\":2167,\"caption\":\"VSN Media\"},\"image\":{\"@id\":\"https:\/\/hudo.com\/si\/#\/schema\/logo\/image\/\"},\"sameAs\":[\"https:\/\/www.facebook.com\/hudo.si\",\"https:\/\/twitter.com\/hudo_si\"]},{\"@type\":\"Person\",\"@id\":\"https:\/\/hudo.com\/si\/#\/schema\/person\/601cf3379633985b20f7e50f2bb47707\",\"name\":\"hudo\",\"image\":{\"@type\":\"ImageObject\",\"inLanguage\":\"sl-SI\",\"@id\":\"https:\/\/hudo.com\/si\/#\/schema\/person\/image\/\",\"url\":\"https:\/\/secure.gravatar.com\/avatar\/c4ca25fa72cace7a696b52ff5db9e095?s=96&d=mm&r=g\",\"contentUrl\":\"https:\/\/secure.gravatar.com\/avatar\/c4ca25fa72cace7a696b52ff5db9e095?s=96&d=mm&r=g\",\"caption\":\"hudo\"},\"url\":\"https:\/\/hudo.com\/si\/author\/hudo\/\"}]}<\/script>\n<!-- \/ Yoast SEO plugin. -->","yoast_head_json":{"title":"[VIDEO] Hrvati Kra\u0161evcem speljali teran: Minister \u017diden vseeno zadovoljen - Hudo Slovenija","robots":{"index":"index","follow":"follow","max-snippet":"max-snippet:-1","max-image-preview":"max-image-preview:large","max-video-preview":"max-video-preview:-1"},"canonical":"https:\/\/hudo.com\/si\/aktualno\/video-hrvati-krasevcem-speljali-teran-minister-ziden-vseeno-zadovoljen\/","og_locale":"sl_SI","og_type":"article","og_title":"[VIDEO] Hrvati Kra\u0161evcem speljali teran: Minister \u017diden vseeno zadovoljen - Hudo Slovenija","og_description":"Evropska komisija bo kljub slovenskim pomislekom uresni\u010dila svoje na\u010drte in v torek spro\u017eila postopek za dodelitev izjeme Hrva\u0161ki pri uporabi imena teran. Kmetijski minister Dejan \u017didan kljub temu ocenjuje, da je cilj dose\u017een, saj je zanimanje za vpra\u0161anje pristojnosti komisije pri dodeljevanju izjem na podro\u010dju za\u0161\u010dite vin veliko.","og_url":"https:\/\/hudo.com\/si\/aktualno\/video-hrvati-krasevcem-speljali-teran-minister-ziden-vseeno-zadovoljen\/","og_site_name":"Hudo Slovenija","article_publisher":"https:\/\/www.facebook.com\/hudo.si","article_published_time":"2017-01-23T16:51:00+00:00","article_modified_time":"2017-01-24T05:51:30+00:00","og_image":[{"width":504,"height":284,"url":"https:\/\/hudo.com\/si\/wp-content\/uploads\/sites\/2\/2017\/01\/0868997o6QI.jpg","type":"image\/jpeg"}],"author":"hudo","twitter_card":"summary_large_image","twitter_creator":"@hudo_si","twitter_site":"@hudo_si","twitter_misc":{"Written by":"hudo"},"schema":{"@context":"https:\/\/schema.org","@graph":[{"@type":"Article","@id":"https:\/\/hudo.com\/si\/aktualno\/video-hrvati-krasevcem-speljali-teran-minister-ziden-vseeno-zadovoljen\/#article","isPartOf":{"@id":"https:\/\/hudo.com\/si\/aktualno\/video-hrvati-krasevcem-speljali-teran-minister-ziden-vseeno-zadovoljen\/"},"author":{"name":"hudo","@id":"https:\/\/hudo.com\/si\/#\/schema\/person\/601cf3379633985b20f7e50f2bb47707"},"headline":"[VIDEO] Hrvati Kra\u0161evcem speljali teran: Minister \u017diden vseeno zadovoljen","datePublished":"2017-01-23T16:51:00+00:00","dateModified":"2017-01-24T05:51:30+00:00","mainEntityOfPage":{"@id":"https:\/\/hudo.com\/si\/aktualno\/video-hrvati-krasevcem-speljali-teran-minister-ziden-vseeno-zadovoljen\/"},"wordCount":66,"publisher":{"@id":"https:\/\/hudo.com\/si\/#organization"},"articleSection":["Aktualno"],"inLanguage":"sl-SI"},{"@type":"WebPage","@id":"https:\/\/hudo.com\/si\/aktualno\/video-hrvati-krasevcem-speljali-teran-minister-ziden-vseeno-zadovoljen\/","url":"https:\/\/hudo.com\/si\/aktualno\/video-hrvati-krasevcem-speljali-teran-minister-ziden-vseeno-zadovoljen\/","name":"[VIDEO] Hrvati Kra\u0161evcem speljali teran: Minister \u017diden vseeno zadovoljen - Hudo Slovenija","isPartOf":{"@id":"https:\/\/hudo.com\/si\/#website"},"datePublished":"2017-01-23T16:51:00+00:00","dateModified":"2017-01-24T05:51:30+00:00","breadcrumb":{"@id":"https:\/\/hudo.com\/si\/aktualno\/video-hrvati-krasevcem-speljali-teran-minister-ziden-vseeno-zadovoljen\/#breadcrumb"},"inLanguage":"sl-SI","potentialAction":[{"@type":"ReadAction","target":["https:\/\/hudo.com\/si\/aktualno\/video-hrvati-krasevcem-speljali-teran-minister-ziden-vseeno-zadovoljen\/"]}]},{"@type":"BreadcrumbList","@id":"https:\/\/hudo.com\/si\/aktualno\/video-hrvati-krasevcem-speljali-teran-minister-ziden-vseeno-zadovoljen\/#breadcrumb","itemListElement":[{"@type":"ListItem","position":1,"name":"Home","item":"https:\/\/hudo.com\/si\/"},{"@type":"ListItem","position":2,"name":"[VIDEO] Hrvati Kra\u0161evcem speljali teran: Minister \u017diden vseeno zadovoljen"}]},{"@type":"WebSite","@id":"https:\/\/hudo.com\/si\/#website","url":"https:\/\/hudo.com\/si\/","name":"Hudo Slovenija","description":"Vse novice iz Slovenije in sveta","publisher":{"@id":"https:\/\/hudo.com\/si\/#organization"},"potentialAction":[{"@type":"SearchAction","target":{"@type":"EntryPoint","urlTemplate":"https:\/\/hudo.com\/si\/?s={search_term_string}"},"query-input":"required name=search_term_string"}],"inLanguage":"sl-SI"},{"@type":"Organization","@id":"https:\/\/hudo.com\/si\/#organization","name":"VSN Media","url":"https:\/\/hudo.com\/si\/","logo":{"@type":"ImageObject","inLanguage":"sl-SI","@id":"https:\/\/hudo.com\/si\/#\/schema\/logo\/image\/","url":"https:\/\/hudo.com\/si\/wp-content\/uploads\/sites\/2\/2021\/03\/hudo-app-2.png","contentUrl":"https:\/\/hudo.com\/si\/wp-content\/uploads\/sites\/2\/2021\/03\/hudo-app-2.png","width":2185,"height":2167,"caption":"VSN Media"},"image":{"@id":"https:\/\/hudo.com\/si\/#\/schema\/logo\/image\/"},"sameAs":["https:\/\/www.facebook.com\/hudo.si","https:\/\/twitter.com\/hudo_si"]},{"@type":"Person","@id":"https:\/\/hudo.com\/si\/#\/schema\/person\/601cf3379633985b20f7e50f2bb47707","name":"hudo","image":{"@type":"ImageObject","inLanguage":"sl-SI","@id":"https:\/\/hudo.com\/si\/#\/schema\/person\/image\/","url":"https:\/\/secure.gravatar.com\/avatar\/c4ca25fa72cace7a696b52ff5db9e095?s=96&d=mm&r=g","contentUrl":"https:\/\/secure.gravatar.com\/avatar\/c4ca25fa72cace7a696b52ff5db9e095?s=96&d=mm&r=g","caption":"hudo"},"url":"https:\/\/hudo.com\/si\/author\/hudo\/"}]}},"amp_enabled":true,"_links":{"self":[{"href":"https:\/\/hudo.com\/si\/wp-json\/wp\/v2\/posts\/197796"}],"collection":[{"href":"https:\/\/hudo.com\/si\/wp-json\/wp\/v2\/posts"}],"about":[{"href":"https:\/\/hudo.com\/si\/wp-json\/wp\/v2\/types\/post"}],"author":[{"embeddable":true,"href":"https:\/\/hudo.com\/si\/wp-json\/wp\/v2\/users\/1"}],"replies":[{"embeddable":true,"href":"https:\/\/hudo.com\/si\/wp-json\/wp\/v2\/comments?post=197796"}],"version-history":[{"count":1,"href":"https:\/\/hudo.com\/si\/wp-json\/wp\/v2\/posts\/197796\/revisions"}],"predecessor-version":[{"id":197805,"href":"https:\/\/hudo.com\/si\/wp-json\/wp\/v2\/posts\/197796\/revisions\/197805"}],"wp:attachment":[{"href":"https:\/\/hudo.com\/si\/wp-json\/wp\/v2\/media?parent=197796"}],"wp:term":[{"taxonomy":"category","embeddable":true,"href":"https:\/\/hudo.com\/si\/wp-json\/wp\/v2\/categories?post=197796"},{"taxonomy":"post_tag","embeddable":true,"href":"https:\/\/hudo.com\/si\/wp-json\/wp\/v2\/tags?post=197796"},{"taxonomy":"source","embeddable":true,"href":"https:\/\/hudo.com\/si\/wp-json\/wp\/v2\/source?post=197796"},{"taxonomy":"supertag","embeddable":true,"href":"https:\/\/hudo.com\/si\/wp-json\/wp\/v2\/supertag?post=197796"}],"curies":[{"name":"wp","href":"https:\/\/api.w.org\/{rel}","templated":true}]}}