{"id":199153,"date":"2017-01-26T05:00:00","date_gmt":"2017-01-26T04:00:00","guid":{"rendered":"http:\/\/hudo.com\/si\/2017\/01\/26\/truplo-odvlekel-s-traktorjem-a-umor-zanika-2\/"},"modified":"2017-01-26T09:32:27","modified_gmt":"2017-01-26T08:32:27","slug":"truplo-odvlekel-s-traktorjem-a-umor-zanika-2","status":"publish","type":"post","link":"https:\/\/hudo.com\/si\/aktualno\/truplo-odvlekel-s-traktorjem-a-umor-zanika-2\/","title":{"rendered":"Truplo odvlekel s traktorjem, a umor zanika"},"content":{"rendered":"<p>Kategorija: Kronika Thu, 26 Jan 2017 06:00:00 +0100  Ljubljana &#8211; \u00bbOdlo\u010dno zanikam, da bi storil katero od o\u010ditanih kaznivih dejanj. Priznavam in zelo globoko pa ob\u017ealujem, da sem oskrunil truplo pokojnega Branimirja Bajdeta,\u00ab je svoj zagovor na sodi\u0161\u010du za\u010del Asmir Sulejmanovi\u0107, ki trdi, da ni kriv umora, temve\u010d da se je zgodila tragi\u010dna nesre\u010da. To\u017eilstvo je v\u010deraj prebralo obto\u017ebo, v kateri 29-letnemu Asmirju Sulejmanovi\u0107u, znanemu kot Janku, o\u010dita umor in odvzem motornega vozila. Na kmetiji 63-letnega Branimirja Bajdeta na Klju\u010devici pri Trbovljah naj bi namre\u010d lanskega julija na dovozni poti proti hi\u0161i s traktorjem zapeljal \u010dez Bajdetovo glavo, da je zaradi po\u0161kodb umrl. Potem je njegovo truplo privezal z verigo na traktor in ga odvlekel do gozda, kjer ga je odvrgel v globel, kjer ga je po nekaj dneh na\u0161la policija, pi\u0161e v obto\u017enici. Sulejmanovi\u0107 naj bi to storil\u00a0&#8230;<\/p>\n","protected":false},"excerpt":{"rendered":"<p>Kategorija: Kronika Thu, 26 Jan 2017 06:00:00 +0100  Ljubljana &#8211; \u00bbOdlo\u010dno zanikam, da bi storil katero od o\u010ditanih kaznivih dejanj. Priznavam in zelo globoko pa ob\u017ealujem, da sem oskrunil truplo pokojnega Branimirja Bajdeta,\u00ab je svoj zagovor na sodi\u0161\u010du za\u010del Asmir Sulejmanovi\u0107, ki trdi, da ni kriv umora, temve\u010d da se je zgodila tragi\u010dna nesre\u010da. To\u017eilstvo je v\u010deraj prebralo obto\u017ebo, v kateri 29-letnemu Asmirju Sulejmanovi\u0107u, znanemu kot Janku, o\u010dita umor in odvzem motornega vozila. Na kmetiji 63-letnega Branimirja Bajdeta na Klju\u010devici pri Trbovljah naj bi namre\u010d lanskega julija na dovozni poti proti hi\u0161i s traktorjem zapeljal \u010dez Bajdetovo glavo, da je zaradi po\u0161kodb umrl. Potem je njegovo truplo privezal z verigo na traktor in ga odvlekel do gozda, kjer ga je odvrgel v globel, kjer ga je po nekaj dneh na\u0161la policija, pi\u0161e v obto\u017enici. Sulejmanovi\u0107 naj bi to storil\u00a0&#8230;<\/p>\n","protected":false},"author":1,"featured_media":0,"comment_status":"closed","ping_status":"closed","sticky":false,"template":"","format":"standard","meta":{"footnotes":""},"categories":[1179],"tags":[],"source":[1703],"supertag":[],"acf":[],"yoast_head":"<!-- This site is optimized with the Yoast SEO plugin v21.3 - https:\/\/yoast.com\/wordpress\/plugins\/seo\/ -->\n<title>Truplo odvlekel s traktorjem, a umor zanika - Hudo Slovenija<\/title>\n<meta name=\"robots\" content=\"index, follow, max-snippet:-1, max-image-preview:large, max-video-preview:-1\" \/>\n<link rel=\"canonical\" href=\"https:\/\/hudo.com\/si\/aktualno\/truplo-odvlekel-s-traktorjem-a-umor-zanika-2\/\" \/>\n<meta property=\"og:locale\" content=\"sl_SI\" \/>\n<meta property=\"og:type\" content=\"article\" \/>\n<meta property=\"og:title\" content=\"Truplo odvlekel s traktorjem, a umor zanika - Hudo Slovenija\" \/>\n<meta property=\"og:description\" content=\"Kategorija: Kronika Thu, 26 Jan 2017 06:00:00 +0100 Ljubljana - \u00bbOdlo\u010dno zanikam, da bi storil katero od o\u010ditanih kaznivih dejanj. Priznavam in zelo globoko pa ob\u017ealujem, da sem oskrunil truplo pokojnega Branimirja Bajdeta,\u00ab je svoj zagovor na sodi\u0161\u010du za\u010del Asmir Sulejmanovi\u0107, ki trdi, da ni kriv umora, temve\u010d da se je zgodila tragi\u010dna nesre\u010da. To\u017eilstvo je v\u010deraj prebralo obto\u017ebo, v kateri 29-letnemu Asmirju Sulejmanovi\u0107u, znanemu kot Janku, o\u010dita umor in odvzem motornega vozila. Na kmetiji 63-letnega Branimirja Bajdeta na Klju\u010devici pri Trbovljah naj bi namre\u010d lanskega julija na dovozni poti proti hi\u0161i s traktorjem zapeljal \u010dez Bajdetovo glavo, da je zaradi po\u0161kodb umrl. Potem je njegovo truplo privezal z verigo na traktor in ga odvlekel do gozda, kjer ga je odvrgel v globel, kjer ga je po nekaj dneh na\u0161la policija, pi\u0161e v obto\u017enici. Sulejmanovi\u0107 naj bi to storil\u00a0...\" \/>\n<meta property=\"og:url\" content=\"https:\/\/hudo.com\/si\/aktualno\/truplo-odvlekel-s-traktorjem-a-umor-zanika-2\/\" \/>\n<meta property=\"og:site_name\" content=\"Hudo Slovenija\" \/>\n<meta property=\"article:publisher\" content=\"https:\/\/www.facebook.com\/hudo.si\" \/>\n<meta property=\"article:published_time\" content=\"2017-01-26T04:00:00+00:00\" \/>\n<meta property=\"article:modified_time\" content=\"2017-01-26T08:32:27+00:00\" \/>\n<meta property=\"og:image\" content=\"https:\/\/hudo.com\/si\/wp-content\/uploads\/sites\/2\/2017\/01\/480x290_Kronika__djvu_2453784_felcm_hires0.jpeg\" \/>\n\t<meta property=\"og:image:width\" content=\"480\" \/>\n\t<meta property=\"og:image:height\" content=\"290\" \/>\n\t<meta property=\"og:image:type\" content=\"image\/jpeg\" \/>\n<meta name=\"author\" content=\"hudo\" \/>\n<meta name=\"twitter:card\" content=\"summary_large_image\" \/>\n<meta name=\"twitter:creator\" content=\"@hudo_si\" \/>\n<meta name=\"twitter:site\" content=\"@hudo_si\" \/>\n<meta name=\"twitter:label1\" content=\"Written by\" \/>\n\t<meta name=\"twitter:data1\" content=\"hudo\" \/>\n\t<meta name=\"twitter:label2\" content=\"Est. reading time\" \/>\n\t<meta name=\"twitter:data2\" content=\"1 minuta\" \/>\n<script type=\"application\/ld+json\" class=\"yoast-schema-graph\">{\"@context\":\"https:\/\/schema.org\",\"@graph\":[{\"@type\":\"Article\",\"@id\":\"https:\/\/hudo.com\/si\/aktualno\/truplo-odvlekel-s-traktorjem-a-umor-zanika-2\/#article\",\"isPartOf\":{\"@id\":\"https:\/\/hudo.com\/si\/aktualno\/truplo-odvlekel-s-traktorjem-a-umor-zanika-2\/\"},\"author\":{\"name\":\"hudo\",\"@id\":\"https:\/\/hudo.com\/si\/#\/schema\/person\/601cf3379633985b20f7e50f2bb47707\"},\"headline\":\"Truplo odvlekel s traktorjem, a umor zanika\",\"datePublished\":\"2017-01-26T04:00:00+00:00\",\"dateModified\":\"2017-01-26T08:32:27+00:00\",\"mainEntityOfPage\":{\"@id\":\"https:\/\/hudo.com\/si\/aktualno\/truplo-odvlekel-s-traktorjem-a-umor-zanika-2\/\"},\"wordCount\":160,\"publisher\":{\"@id\":\"https:\/\/hudo.com\/si\/#organization\"},\"articleSection\":[\"Aktualno\"],\"inLanguage\":\"sl-SI\"},{\"@type\":\"WebPage\",\"@id\":\"https:\/\/hudo.com\/si\/aktualno\/truplo-odvlekel-s-traktorjem-a-umor-zanika-2\/\",\"url\":\"https:\/\/hudo.com\/si\/aktualno\/truplo-odvlekel-s-traktorjem-a-umor-zanika-2\/\",\"name\":\"Truplo odvlekel s traktorjem, a umor zanika - Hudo Slovenija\",\"isPartOf\":{\"@id\":\"https:\/\/hudo.com\/si\/#website\"},\"datePublished\":\"2017-01-26T04:00:00+00:00\",\"dateModified\":\"2017-01-26T08:32:27+00:00\",\"breadcrumb\":{\"@id\":\"https:\/\/hudo.com\/si\/aktualno\/truplo-odvlekel-s-traktorjem-a-umor-zanika-2\/#breadcrumb\"},\"inLanguage\":\"sl-SI\",\"potentialAction\":[{\"@type\":\"ReadAction\",\"target\":[\"https:\/\/hudo.com\/si\/aktualno\/truplo-odvlekel-s-traktorjem-a-umor-zanika-2\/\"]}]},{\"@type\":\"BreadcrumbList\",\"@id\":\"https:\/\/hudo.com\/si\/aktualno\/truplo-odvlekel-s-traktorjem-a-umor-zanika-2\/#breadcrumb\",\"itemListElement\":[{\"@type\":\"ListItem\",\"position\":1,\"name\":\"Home\",\"item\":\"https:\/\/hudo.com\/si\/\"},{\"@type\":\"ListItem\",\"position\":2,\"name\":\"Truplo odvlekel s traktorjem, a umor zanika\"}]},{\"@type\":\"WebSite\",\"@id\":\"https:\/\/hudo.com\/si\/#website\",\"url\":\"https:\/\/hudo.com\/si\/\",\"name\":\"Hudo Slovenija\",\"description\":\"Vse novice iz Slovenije in sveta\",\"publisher\":{\"@id\":\"https:\/\/hudo.com\/si\/#organization\"},\"potentialAction\":[{\"@type\":\"SearchAction\",\"target\":{\"@type\":\"EntryPoint\",\"urlTemplate\":\"https:\/\/hudo.com\/si\/?s={search_term_string}\"},\"query-input\":\"required name=search_term_string\"}],\"inLanguage\":\"sl-SI\"},{\"@type\":\"Organization\",\"@id\":\"https:\/\/hudo.com\/si\/#organization\",\"name\":\"VSN Media\",\"url\":\"https:\/\/hudo.com\/si\/\",\"logo\":{\"@type\":\"ImageObject\",\"inLanguage\":\"sl-SI\",\"@id\":\"https:\/\/hudo.com\/si\/#\/schema\/logo\/image\/\",\"url\":\"https:\/\/hudo.com\/si\/wp-content\/uploads\/sites\/2\/2021\/03\/hudo-app-2.png\",\"contentUrl\":\"https:\/\/hudo.com\/si\/wp-content\/uploads\/sites\/2\/2021\/03\/hudo-app-2.png\",\"width\":2185,\"height\":2167,\"caption\":\"VSN Media\"},\"image\":{\"@id\":\"https:\/\/hudo.com\/si\/#\/schema\/logo\/image\/\"},\"sameAs\":[\"https:\/\/www.facebook.com\/hudo.si\",\"https:\/\/twitter.com\/hudo_si\"]},{\"@type\":\"Person\",\"@id\":\"https:\/\/hudo.com\/si\/#\/schema\/person\/601cf3379633985b20f7e50f2bb47707\",\"name\":\"hudo\",\"image\":{\"@type\":\"ImageObject\",\"inLanguage\":\"sl-SI\",\"@id\":\"https:\/\/hudo.com\/si\/#\/schema\/person\/image\/\",\"url\":\"https:\/\/secure.gravatar.com\/avatar\/c4ca25fa72cace7a696b52ff5db9e095?s=96&d=mm&r=g\",\"contentUrl\":\"https:\/\/secure.gravatar.com\/avatar\/c4ca25fa72cace7a696b52ff5db9e095?s=96&d=mm&r=g\",\"caption\":\"hudo\"},\"url\":\"https:\/\/hudo.com\/si\/author\/hudo\/\"}]}<\/script>\n<!-- \/ Yoast SEO plugin. -->","yoast_head_json":{"title":"Truplo odvlekel s traktorjem, a umor zanika - Hudo Slovenija","robots":{"index":"index","follow":"follow","max-snippet":"max-snippet:-1","max-image-preview":"max-image-preview:large","max-video-preview":"max-video-preview:-1"},"canonical":"https:\/\/hudo.com\/si\/aktualno\/truplo-odvlekel-s-traktorjem-a-umor-zanika-2\/","og_locale":"sl_SI","og_type":"article","og_title":"Truplo odvlekel s traktorjem, a umor zanika - Hudo Slovenija","og_description":"Kategorija: Kronika Thu, 26 Jan 2017 06:00:00 +0100 Ljubljana - \u00bbOdlo\u010dno zanikam, da bi storil katero od o\u010ditanih kaznivih dejanj. Priznavam in zelo globoko pa ob\u017ealujem, da sem oskrunil truplo pokojnega Branimirja Bajdeta,\u00ab je svoj zagovor na sodi\u0161\u010du za\u010del Asmir Sulejmanovi\u0107, ki trdi, da ni kriv umora, temve\u010d da se je zgodila tragi\u010dna nesre\u010da. To\u017eilstvo je v\u010deraj prebralo obto\u017ebo, v kateri 29-letnemu Asmirju Sulejmanovi\u0107u, znanemu kot Janku, o\u010dita umor in odvzem motornega vozila. Na kmetiji 63-letnega Branimirja Bajdeta na Klju\u010devici pri Trbovljah naj bi namre\u010d lanskega julija na dovozni poti proti hi\u0161i s traktorjem zapeljal \u010dez Bajdetovo glavo, da je zaradi po\u0161kodb umrl. Potem je njegovo truplo privezal z verigo na traktor in ga odvlekel do gozda, kjer ga je odvrgel v globel, kjer ga je po nekaj dneh na\u0161la policija, pi\u0161e v obto\u017enici. Sulejmanovi\u0107 naj bi to storil\u00a0...","og_url":"https:\/\/hudo.com\/si\/aktualno\/truplo-odvlekel-s-traktorjem-a-umor-zanika-2\/","og_site_name":"Hudo Slovenija","article_publisher":"https:\/\/www.facebook.com\/hudo.si","article_published_time":"2017-01-26T04:00:00+00:00","article_modified_time":"2017-01-26T08:32:27+00:00","og_image":[{"width":480,"height":290,"url":"https:\/\/hudo.com\/si\/wp-content\/uploads\/sites\/2\/2017\/01\/480x290_Kronika__djvu_2453784_felcm_hires0.jpeg","type":"image\/jpeg"}],"author":"hudo","twitter_card":"summary_large_image","twitter_creator":"@hudo_si","twitter_site":"@hudo_si","twitter_misc":{"Written by":"hudo","Est. reading time":"1 minuta"},"schema":{"@context":"https:\/\/schema.org","@graph":[{"@type":"Article","@id":"https:\/\/hudo.com\/si\/aktualno\/truplo-odvlekel-s-traktorjem-a-umor-zanika-2\/#article","isPartOf":{"@id":"https:\/\/hudo.com\/si\/aktualno\/truplo-odvlekel-s-traktorjem-a-umor-zanika-2\/"},"author":{"name":"hudo","@id":"https:\/\/hudo.com\/si\/#\/schema\/person\/601cf3379633985b20f7e50f2bb47707"},"headline":"Truplo odvlekel s traktorjem, a umor zanika","datePublished":"2017-01-26T04:00:00+00:00","dateModified":"2017-01-26T08:32:27+00:00","mainEntityOfPage":{"@id":"https:\/\/hudo.com\/si\/aktualno\/truplo-odvlekel-s-traktorjem-a-umor-zanika-2\/"},"wordCount":160,"publisher":{"@id":"https:\/\/hudo.com\/si\/#organization"},"articleSection":["Aktualno"],"inLanguage":"sl-SI"},{"@type":"WebPage","@id":"https:\/\/hudo.com\/si\/aktualno\/truplo-odvlekel-s-traktorjem-a-umor-zanika-2\/","url":"https:\/\/hudo.com\/si\/aktualno\/truplo-odvlekel-s-traktorjem-a-umor-zanika-2\/","name":"Truplo odvlekel s traktorjem, a umor zanika - Hudo Slovenija","isPartOf":{"@id":"https:\/\/hudo.com\/si\/#website"},"datePublished":"2017-01-26T04:00:00+00:00","dateModified":"2017-01-26T08:32:27+00:00","breadcrumb":{"@id":"https:\/\/hudo.com\/si\/aktualno\/truplo-odvlekel-s-traktorjem-a-umor-zanika-2\/#breadcrumb"},"inLanguage":"sl-SI","potentialAction":[{"@type":"ReadAction","target":["https:\/\/hudo.com\/si\/aktualno\/truplo-odvlekel-s-traktorjem-a-umor-zanika-2\/"]}]},{"@type":"BreadcrumbList","@id":"https:\/\/hudo.com\/si\/aktualno\/truplo-odvlekel-s-traktorjem-a-umor-zanika-2\/#breadcrumb","itemListElement":[{"@type":"ListItem","position":1,"name":"Home","item":"https:\/\/hudo.com\/si\/"},{"@type":"ListItem","position":2,"name":"Truplo odvlekel s traktorjem, a umor zanika"}]},{"@type":"WebSite","@id":"https:\/\/hudo.com\/si\/#website","url":"https:\/\/hudo.com\/si\/","name":"Hudo Slovenija","description":"Vse novice iz Slovenije in sveta","publisher":{"@id":"https:\/\/hudo.com\/si\/#organization"},"potentialAction":[{"@type":"SearchAction","target":{"@type":"EntryPoint","urlTemplate":"https:\/\/hudo.com\/si\/?s={search_term_string}"},"query-input":"required name=search_term_string"}],"inLanguage":"sl-SI"},{"@type":"Organization","@id":"https:\/\/hudo.com\/si\/#organization","name":"VSN Media","url":"https:\/\/hudo.com\/si\/","logo":{"@type":"ImageObject","inLanguage":"sl-SI","@id":"https:\/\/hudo.com\/si\/#\/schema\/logo\/image\/","url":"https:\/\/hudo.com\/si\/wp-content\/uploads\/sites\/2\/2021\/03\/hudo-app-2.png","contentUrl":"https:\/\/hudo.com\/si\/wp-content\/uploads\/sites\/2\/2021\/03\/hudo-app-2.png","width":2185,"height":2167,"caption":"VSN Media"},"image":{"@id":"https:\/\/hudo.com\/si\/#\/schema\/logo\/image\/"},"sameAs":["https:\/\/www.facebook.com\/hudo.si","https:\/\/twitter.com\/hudo_si"]},{"@type":"Person","@id":"https:\/\/hudo.com\/si\/#\/schema\/person\/601cf3379633985b20f7e50f2bb47707","name":"hudo","image":{"@type":"ImageObject","inLanguage":"sl-SI","@id":"https:\/\/hudo.com\/si\/#\/schema\/person\/image\/","url":"https:\/\/secure.gravatar.com\/avatar\/c4ca25fa72cace7a696b52ff5db9e095?s=96&d=mm&r=g","contentUrl":"https:\/\/secure.gravatar.com\/avatar\/c4ca25fa72cace7a696b52ff5db9e095?s=96&d=mm&r=g","caption":"hudo"},"url":"https:\/\/hudo.com\/si\/author\/hudo\/"}]}},"amp_enabled":true,"_links":{"self":[{"href":"https:\/\/hudo.com\/si\/wp-json\/wp\/v2\/posts\/199153"}],"collection":[{"href":"https:\/\/hudo.com\/si\/wp-json\/wp\/v2\/posts"}],"about":[{"href":"https:\/\/hudo.com\/si\/wp-json\/wp\/v2\/types\/post"}],"author":[{"embeddable":true,"href":"https:\/\/hudo.com\/si\/wp-json\/wp\/v2\/users\/1"}],"replies":[{"embeddable":true,"href":"https:\/\/hudo.com\/si\/wp-json\/wp\/v2\/comments?post=199153"}],"version-history":[{"count":1,"href":"https:\/\/hudo.com\/si\/wp-json\/wp\/v2\/posts\/199153\/revisions"}],"predecessor-version":[{"id":199164,"href":"https:\/\/hudo.com\/si\/wp-json\/wp\/v2\/posts\/199153\/revisions\/199164"}],"wp:attachment":[{"href":"https:\/\/hudo.com\/si\/wp-json\/wp\/v2\/media?parent=199153"}],"wp:term":[{"taxonomy":"category","embeddable":true,"href":"https:\/\/hudo.com\/si\/wp-json\/wp\/v2\/categories?post=199153"},{"taxonomy":"post_tag","embeddable":true,"href":"https:\/\/hudo.com\/si\/wp-json\/wp\/v2\/tags?post=199153"},{"taxonomy":"source","embeddable":true,"href":"https:\/\/hudo.com\/si\/wp-json\/wp\/v2\/source?post=199153"},{"taxonomy":"supertag","embeddable":true,"href":"https:\/\/hudo.com\/si\/wp-json\/wp\/v2\/supertag?post=199153"}],"curies":[{"name":"wp","href":"https:\/\/api.w.org\/{rel}","templated":true}]}}