{"id":199272,"date":"2017-01-26T12:41:46","date_gmt":"2017-01-26T11:41:46","guid":{"rendered":"http:\/\/hudo.com\/si\/?p=199272"},"modified":"2017-01-26T12:41:46","modified_gmt":"2017-01-26T11:41:46","slug":"vlak-mami-pred-nosom-odpeljal-sedemmesecnega-sina","status":"publish","type":"post","link":"https:\/\/hudo.com\/si\/aktualno\/vlak-mami-pred-nosom-odpeljal-sedemmesecnega-sina\/","title":{"rendered":"Vlak mami pred nosom odpeljal sedemmese\u010dnega sina"},"content":{"rendered":"<p>Osemnajstletna mamica in njen leto starej\u0161i partner sta kratek postanek hitrega vlaka, ki je vozil na relaciji Lille-Nantes, \u017eelela izkoristiti za pote\u0161itev kadilske razvade.<\/p>\n<p>Ko je vlak speljal brez njiju, sta to opazili sopotnici v vagonu, kjer je ostal sedemmese\u010dni otrok, in aktivirali zvo\u010dni alarm.<\/p>\n<p>Zaradi varnosti in logisti\u010dnih razlogov se vlak ni mogel vrniti, zato je pot nadaljeval do naslednje \u017eelezni\u0161ke postaje v Angersu, ki je od Le Mansa oddaljen 100 kilometrov, par pa se je vkrcal na naslednji vlak.<\/p>\n<p>Vlogo varu\u0161ke otroka je prevzel eden izmed kontrolorjev na vlaku, so za AFP sporo\u010dili iz francoskih \u017eeleznic, ki podobnega primera ne pomnijo.<\/p>\n<p>Otroka so uslu\u017ebenci francoskih \u017eeleznic v Angersu predali materi, na kraj dogodka pa se je skupaj s svojo materjo pripeljal &#8211; saj je \u0161e mladoleten &#8211; sedemnajstletni o\u010de otroka, ki je proti paru vlo\u017eil prito\u017ebo o ogro\u017eanju varnosti in zdravja otroka.<\/p>\n","protected":false},"excerpt":{"rendered":"<p>Mlada mamica je skupaj s partnerjem na \u017eelezni\u0161ki postaji v Le Mansu \u017eelela izkoristiti kratek postanek vlaka za pri\u017eig cigarete, a se jima ni uspelo pravo\u010dasno vkrcati na vlak. Ta je skupaj z njenim sedemmese\u010dnim otrokom speljal, poro\u010dilo francoskih \u017eeleznic povzema francoska tiskovna agencija AFP.<\/p>\n","protected":false},"author":8,"featured_media":199273,"comment_status":"closed","ping_status":"closed","sticky":false,"template":"","format":"standard","meta":{"footnotes":""},"categories":[1179],"tags":[2018,6770,2000],"source":[4511],"supertag":[6103],"acf":[],"yoast_head":"<!-- This site is optimized with the Yoast SEO plugin v21.3 - https:\/\/yoast.com\/wordpress\/plugins\/seo\/ -->\n<title>Vlak mami pred nosom odpeljal sedemmese\u010dnega sina - Hudo Slovenija<\/title>\n<meta name=\"robots\" content=\"index, follow, max-snippet:-1, max-image-preview:large, max-video-preview:-1\" \/>\n<link rel=\"canonical\" href=\"https:\/\/hudo.com\/si\/aktualno\/vlak-mami-pred-nosom-odpeljal-sedemmesecnega-sina\/\" \/>\n<meta property=\"og:locale\" content=\"sl_SI\" \/>\n<meta property=\"og:type\" content=\"article\" \/>\n<meta property=\"og:title\" content=\"Vlak mami pred nosom odpeljal sedemmese\u010dnega sina - Hudo Slovenija\" \/>\n<meta property=\"og:description\" content=\"Mlada mamica je skupaj s partnerjem na \u017eelezni\u0161ki postaji v Le Mansu \u017eelela izkoristiti kratek postanek vlaka za pri\u017eig cigarete, a se jima ni uspelo pravo\u010dasno vkrcati na vlak. Ta je skupaj z njenim sedemmese\u010dnim otrokom speljal, poro\u010dilo francoskih \u017eeleznic povzema francoska tiskovna agencija AFP.\" \/>\n<meta property=\"og:url\" content=\"https:\/\/hudo.com\/si\/aktualno\/vlak-mami-pred-nosom-odpeljal-sedemmesecnega-sina\/\" \/>\n<meta property=\"og:site_name\" content=\"Hudo Slovenija\" \/>\n<meta property=\"article:publisher\" content=\"https:\/\/www.facebook.com\/hudo.si\" \/>\n<meta property=\"article:published_time\" content=\"2017-01-26T11:41:46+00:00\" \/>\n<meta property=\"og:image\" content=\"https:\/\/hudo.com\/si\/wp-content\/uploads\/sites\/2\/2017\/01\/profimedia-0258567497.jpg\" \/>\n\t<meta property=\"og:image:width\" content=\"1250\" \/>\n\t<meta property=\"og:image:height\" content=\"833\" \/>\n\t<meta property=\"og:image:type\" content=\"image\/jpeg\" \/>\n<meta name=\"author\" content=\"M. N., STA\" \/>\n<meta name=\"twitter:card\" content=\"summary_large_image\" \/>\n<meta name=\"twitter:creator\" content=\"@hudo_si\" \/>\n<meta name=\"twitter:site\" content=\"@hudo_si\" \/>\n<meta name=\"twitter:label1\" content=\"Written by\" \/>\n\t<meta name=\"twitter:data1\" content=\"M. N., STA\" \/>\n\t<meta name=\"twitter:label2\" content=\"Est. reading time\" \/>\n\t<meta name=\"twitter:data2\" content=\"1 minuta\" \/>\n<script type=\"application\/ld+json\" class=\"yoast-schema-graph\">{\"@context\":\"https:\/\/schema.org\",\"@graph\":[{\"@type\":\"Article\",\"@id\":\"https:\/\/hudo.com\/si\/aktualno\/vlak-mami-pred-nosom-odpeljal-sedemmesecnega-sina\/#article\",\"isPartOf\":{\"@id\":\"https:\/\/hudo.com\/si\/aktualno\/vlak-mami-pred-nosom-odpeljal-sedemmesecnega-sina\/\"},\"author\":{\"name\":\"M. N., STA\",\"@id\":\"https:\/\/hudo.com\/si\/#\/schema\/person\/c2f10ce65d2e6ede2aeda5be2a0611fa\"},\"headline\":\"Vlak mami pred nosom odpeljal sedemmese\u010dnega sina\",\"datePublished\":\"2017-01-26T11:41:46+00:00\",\"dateModified\":\"2017-01-26T11:41:46+00:00\",\"mainEntityOfPage\":{\"@id\":\"https:\/\/hudo.com\/si\/aktualno\/vlak-mami-pred-nosom-odpeljal-sedemmesecnega-sina\/\"},\"wordCount\":164,\"publisher\":{\"@id\":\"https:\/\/hudo.com\/si\/#organization\"},\"keywords\":[\"francija\",\"mama\",\"vlak\"],\"articleSection\":[\"Aktualno\"],\"inLanguage\":\"sl-SI\"},{\"@type\":\"WebPage\",\"@id\":\"https:\/\/hudo.com\/si\/aktualno\/vlak-mami-pred-nosom-odpeljal-sedemmesecnega-sina\/\",\"url\":\"https:\/\/hudo.com\/si\/aktualno\/vlak-mami-pred-nosom-odpeljal-sedemmesecnega-sina\/\",\"name\":\"Vlak mami pred nosom odpeljal sedemmese\u010dnega sina - Hudo Slovenija\",\"isPartOf\":{\"@id\":\"https:\/\/hudo.com\/si\/#website\"},\"datePublished\":\"2017-01-26T11:41:46+00:00\",\"dateModified\":\"2017-01-26T11:41:46+00:00\",\"breadcrumb\":{\"@id\":\"https:\/\/hudo.com\/si\/aktualno\/vlak-mami-pred-nosom-odpeljal-sedemmesecnega-sina\/#breadcrumb\"},\"inLanguage\":\"sl-SI\",\"potentialAction\":[{\"@type\":\"ReadAction\",\"target\":[\"https:\/\/hudo.com\/si\/aktualno\/vlak-mami-pred-nosom-odpeljal-sedemmesecnega-sina\/\"]}]},{\"@type\":\"BreadcrumbList\",\"@id\":\"https:\/\/hudo.com\/si\/aktualno\/vlak-mami-pred-nosom-odpeljal-sedemmesecnega-sina\/#breadcrumb\",\"itemListElement\":[{\"@type\":\"ListItem\",\"position\":1,\"name\":\"Home\",\"item\":\"https:\/\/hudo.com\/si\/\"},{\"@type\":\"ListItem\",\"position\":2,\"name\":\"Vlak mami pred nosom odpeljal sedemmese\u010dnega sina\"}]},{\"@type\":\"WebSite\",\"@id\":\"https:\/\/hudo.com\/si\/#website\",\"url\":\"https:\/\/hudo.com\/si\/\",\"name\":\"Hudo Slovenija\",\"description\":\"Vse novice iz Slovenije in sveta\",\"publisher\":{\"@id\":\"https:\/\/hudo.com\/si\/#organization\"},\"potentialAction\":[{\"@type\":\"SearchAction\",\"target\":{\"@type\":\"EntryPoint\",\"urlTemplate\":\"https:\/\/hudo.com\/si\/?s={search_term_string}\"},\"query-input\":\"required name=search_term_string\"}],\"inLanguage\":\"sl-SI\"},{\"@type\":\"Organization\",\"@id\":\"https:\/\/hudo.com\/si\/#organization\",\"name\":\"VSN Media\",\"url\":\"https:\/\/hudo.com\/si\/\",\"logo\":{\"@type\":\"ImageObject\",\"inLanguage\":\"sl-SI\",\"@id\":\"https:\/\/hudo.com\/si\/#\/schema\/logo\/image\/\",\"url\":\"https:\/\/hudo.com\/si\/wp-content\/uploads\/sites\/2\/2021\/03\/hudo-app-2.png\",\"contentUrl\":\"https:\/\/hudo.com\/si\/wp-content\/uploads\/sites\/2\/2021\/03\/hudo-app-2.png\",\"width\":2185,\"height\":2167,\"caption\":\"VSN Media\"},\"image\":{\"@id\":\"https:\/\/hudo.com\/si\/#\/schema\/logo\/image\/\"},\"sameAs\":[\"https:\/\/www.facebook.com\/hudo.si\",\"https:\/\/twitter.com\/hudo_si\"]},{\"@type\":\"Person\",\"@id\":\"https:\/\/hudo.com\/si\/#\/schema\/person\/c2f10ce65d2e6ede2aeda5be2a0611fa\",\"name\":\"M. N., STA\",\"image\":{\"@type\":\"ImageObject\",\"inLanguage\":\"sl-SI\",\"@id\":\"https:\/\/hudo.com\/si\/#\/schema\/person\/image\/\",\"url\":\"https:\/\/secure.gravatar.com\/avatar\/f370d38daa10467f755c5c766a4cac20?s=96&d=mm&r=g\",\"contentUrl\":\"https:\/\/secure.gravatar.com\/avatar\/f370d38daa10467f755c5c766a4cac20?s=96&d=mm&r=g\",\"caption\":\"M. N., STA\"},\"url\":\"https:\/\/hudo.com\/si\/author\/mana\/\"}]}<\/script>\n<!-- \/ Yoast SEO plugin. -->","yoast_head_json":{"title":"Vlak mami pred nosom odpeljal sedemmese\u010dnega sina - Hudo Slovenija","robots":{"index":"index","follow":"follow","max-snippet":"max-snippet:-1","max-image-preview":"max-image-preview:large","max-video-preview":"max-video-preview:-1"},"canonical":"https:\/\/hudo.com\/si\/aktualno\/vlak-mami-pred-nosom-odpeljal-sedemmesecnega-sina\/","og_locale":"sl_SI","og_type":"article","og_title":"Vlak mami pred nosom odpeljal sedemmese\u010dnega sina - Hudo Slovenija","og_description":"Mlada mamica je skupaj s partnerjem na \u017eelezni\u0161ki postaji v Le Mansu \u017eelela izkoristiti kratek postanek vlaka za pri\u017eig cigarete, a se jima ni uspelo pravo\u010dasno vkrcati na vlak. Ta je skupaj z njenim sedemmese\u010dnim otrokom speljal, poro\u010dilo francoskih \u017eeleznic povzema francoska tiskovna agencija AFP.","og_url":"https:\/\/hudo.com\/si\/aktualno\/vlak-mami-pred-nosom-odpeljal-sedemmesecnega-sina\/","og_site_name":"Hudo Slovenija","article_publisher":"https:\/\/www.facebook.com\/hudo.si","article_published_time":"2017-01-26T11:41:46+00:00","og_image":[{"width":1250,"height":833,"url":"https:\/\/hudo.com\/si\/wp-content\/uploads\/sites\/2\/2017\/01\/profimedia-0258567497.jpg","type":"image\/jpeg"}],"author":"M. N., STA","twitter_card":"summary_large_image","twitter_creator":"@hudo_si","twitter_site":"@hudo_si","twitter_misc":{"Written by":"M. N., STA","Est. reading time":"1 minuta"},"schema":{"@context":"https:\/\/schema.org","@graph":[{"@type":"Article","@id":"https:\/\/hudo.com\/si\/aktualno\/vlak-mami-pred-nosom-odpeljal-sedemmesecnega-sina\/#article","isPartOf":{"@id":"https:\/\/hudo.com\/si\/aktualno\/vlak-mami-pred-nosom-odpeljal-sedemmesecnega-sina\/"},"author":{"name":"M. N., STA","@id":"https:\/\/hudo.com\/si\/#\/schema\/person\/c2f10ce65d2e6ede2aeda5be2a0611fa"},"headline":"Vlak mami pred nosom odpeljal sedemmese\u010dnega sina","datePublished":"2017-01-26T11:41:46+00:00","dateModified":"2017-01-26T11:41:46+00:00","mainEntityOfPage":{"@id":"https:\/\/hudo.com\/si\/aktualno\/vlak-mami-pred-nosom-odpeljal-sedemmesecnega-sina\/"},"wordCount":164,"publisher":{"@id":"https:\/\/hudo.com\/si\/#organization"},"keywords":["francija","mama","vlak"],"articleSection":["Aktualno"],"inLanguage":"sl-SI"},{"@type":"WebPage","@id":"https:\/\/hudo.com\/si\/aktualno\/vlak-mami-pred-nosom-odpeljal-sedemmesecnega-sina\/","url":"https:\/\/hudo.com\/si\/aktualno\/vlak-mami-pred-nosom-odpeljal-sedemmesecnega-sina\/","name":"Vlak mami pred nosom odpeljal sedemmese\u010dnega sina - Hudo Slovenija","isPartOf":{"@id":"https:\/\/hudo.com\/si\/#website"},"datePublished":"2017-01-26T11:41:46+00:00","dateModified":"2017-01-26T11:41:46+00:00","breadcrumb":{"@id":"https:\/\/hudo.com\/si\/aktualno\/vlak-mami-pred-nosom-odpeljal-sedemmesecnega-sina\/#breadcrumb"},"inLanguage":"sl-SI","potentialAction":[{"@type":"ReadAction","target":["https:\/\/hudo.com\/si\/aktualno\/vlak-mami-pred-nosom-odpeljal-sedemmesecnega-sina\/"]}]},{"@type":"BreadcrumbList","@id":"https:\/\/hudo.com\/si\/aktualno\/vlak-mami-pred-nosom-odpeljal-sedemmesecnega-sina\/#breadcrumb","itemListElement":[{"@type":"ListItem","position":1,"name":"Home","item":"https:\/\/hudo.com\/si\/"},{"@type":"ListItem","position":2,"name":"Vlak mami pred nosom odpeljal sedemmese\u010dnega sina"}]},{"@type":"WebSite","@id":"https:\/\/hudo.com\/si\/#website","url":"https:\/\/hudo.com\/si\/","name":"Hudo Slovenija","description":"Vse novice iz Slovenije in sveta","publisher":{"@id":"https:\/\/hudo.com\/si\/#organization"},"potentialAction":[{"@type":"SearchAction","target":{"@type":"EntryPoint","urlTemplate":"https:\/\/hudo.com\/si\/?s={search_term_string}"},"query-input":"required name=search_term_string"}],"inLanguage":"sl-SI"},{"@type":"Organization","@id":"https:\/\/hudo.com\/si\/#organization","name":"VSN Media","url":"https:\/\/hudo.com\/si\/","logo":{"@type":"ImageObject","inLanguage":"sl-SI","@id":"https:\/\/hudo.com\/si\/#\/schema\/logo\/image\/","url":"https:\/\/hudo.com\/si\/wp-content\/uploads\/sites\/2\/2021\/03\/hudo-app-2.png","contentUrl":"https:\/\/hudo.com\/si\/wp-content\/uploads\/sites\/2\/2021\/03\/hudo-app-2.png","width":2185,"height":2167,"caption":"VSN Media"},"image":{"@id":"https:\/\/hudo.com\/si\/#\/schema\/logo\/image\/"},"sameAs":["https:\/\/www.facebook.com\/hudo.si","https:\/\/twitter.com\/hudo_si"]},{"@type":"Person","@id":"https:\/\/hudo.com\/si\/#\/schema\/person\/c2f10ce65d2e6ede2aeda5be2a0611fa","name":"M. N., STA","image":{"@type":"ImageObject","inLanguage":"sl-SI","@id":"https:\/\/hudo.com\/si\/#\/schema\/person\/image\/","url":"https:\/\/secure.gravatar.com\/avatar\/f370d38daa10467f755c5c766a4cac20?s=96&d=mm&r=g","contentUrl":"https:\/\/secure.gravatar.com\/avatar\/f370d38daa10467f755c5c766a4cac20?s=96&d=mm&r=g","caption":"M. N., STA"},"url":"https:\/\/hudo.com\/si\/author\/mana\/"}]}},"amp_enabled":true,"_links":{"self":[{"href":"https:\/\/hudo.com\/si\/wp-json\/wp\/v2\/posts\/199272"}],"collection":[{"href":"https:\/\/hudo.com\/si\/wp-json\/wp\/v2\/posts"}],"about":[{"href":"https:\/\/hudo.com\/si\/wp-json\/wp\/v2\/types\/post"}],"author":[{"embeddable":true,"href":"https:\/\/hudo.com\/si\/wp-json\/wp\/v2\/users\/8"}],"replies":[{"embeddable":true,"href":"https:\/\/hudo.com\/si\/wp-json\/wp\/v2\/comments?post=199272"}],"version-history":[{"count":1,"href":"https:\/\/hudo.com\/si\/wp-json\/wp\/v2\/posts\/199272\/revisions"}],"predecessor-version":[{"id":199275,"href":"https:\/\/hudo.com\/si\/wp-json\/wp\/v2\/posts\/199272\/revisions\/199275"}],"wp:featuredmedia":[{"embeddable":true,"href":"https:\/\/hudo.com\/si\/wp-json\/wp\/v2\/media\/199273"}],"wp:attachment":[{"href":"https:\/\/hudo.com\/si\/wp-json\/wp\/v2\/media?parent=199272"}],"wp:term":[{"taxonomy":"category","embeddable":true,"href":"https:\/\/hudo.com\/si\/wp-json\/wp\/v2\/categories?post=199272"},{"taxonomy":"post_tag","embeddable":true,"href":"https:\/\/hudo.com\/si\/wp-json\/wp\/v2\/tags?post=199272"},{"taxonomy":"source","embeddable":true,"href":"https:\/\/hudo.com\/si\/wp-json\/wp\/v2\/source?post=199272"},{"taxonomy":"supertag","embeddable":true,"href":"https:\/\/hudo.com\/si\/wp-json\/wp\/v2\/supertag?post=199272"}],"curies":[{"name":"wp","href":"https:\/\/api.w.org\/{rel}","templated":true}]}}