{"id":199779,"date":"2017-01-27T09:37:19","date_gmt":"2017-01-27T08:37:19","guid":{"rendered":"http:\/\/hudo.com\/si\/?p=199779"},"modified":"2017-01-27T09:37:19","modified_gmt":"2017-01-27T08:37:19","slug":"na-slovitem-brazilskem-stadionu-maracana-ugasnile-luci","status":"publish","type":"post","link":"https:\/\/hudo.com\/si\/aktualno\/na-slovitem-brazilskem-stadionu-maracana-ugasnile-luci\/","title":{"rendered":"Na slovitem brazilskem stadionu Maracana ugasnile lu\u010di"},"content":{"rendered":"<p>Nogometni stadion, ki je gostil tudi uvodno in sklepno slovesnost poletnih olimpijskih iger 2016, je nabral za 2,8 milijona realov (pribli\u017eno 822.000 evrov) nepla\u010danih ra\u010dunov za elektriko, je potrdilo lokalno podjetje Light.<\/p>\n<p>Prenovljeni stadion tako zaradi nenehnih konfliktov med podjetjem, ki s stadionom upravlja, ter organizatorji olimpijskih iger \u017ee nekaj mesecev po koncu iger propada.<\/p>\n<p>Brazilski nogometa\u0161i naj bi se sicer kmalu vrnili na Maracano, vendar pa je ta v zelo slabem stanju. Trava na nogometnem igri\u0161\u010du se je posu\u0161ila, okna so razbita, na tiso\u010de plasti\u010dnih stolov pa manjka ali je po\u0161kodovanih. Organizatorji iger so morali za obe slovesnosti ob za\u010detku in koncu iger stadion precej prilagoditi, podjetje, ki upravlja s stadionom, pa trdi, da ga ni nazaj dobilo v tak\u0161nem stanju, kot je bil prej.<\/p>\n<p>Medtem pa imajo organizatorji olimpijskih iger \u0161e naprej velike te\u017eave s pla\u010dilom preostalih ra\u010dunov, na pomo\u010d mesta pa se tudi ne morejo ve\u010d zana\u0161ati, saj je tudi Rio v resnih finan\u010dnih te\u017eavah.<\/p>\n","protected":false},"excerpt":{"rendered":"<p>Na slovitem brazilskem stadionu Maracana v Rio de Janeiru so zaradi spora, ki se je razplamtel zaradi nepla\u010danih ra\u010dunov za elektriko, ugasnile lu\u010di, danes pi\u0161e brazilski spletni portal O Globo.<\/p>\n","protected":false},"author":8,"featured_media":199803,"comment_status":"closed","ping_status":"closed","sticky":false,"template":"","format":"standard","meta":{"footnotes":""},"categories":[1179],"tags":[1671,7767,3600,5878,3754],"source":[4511],"supertag":[6103],"acf":[],"yoast_head":"<!-- This site is optimized with the Yoast SEO plugin v21.3 - https:\/\/yoast.com\/wordpress\/plugins\/seo\/ -->\n<title>Na slovitem brazilskem stadionu Maracana ugasnile lu\u010di - Hudo Slovenija<\/title>\n<meta name=\"robots\" content=\"index, follow, max-snippet:-1, max-image-preview:large, max-video-preview:-1\" \/>\n<link rel=\"canonical\" href=\"https:\/\/hudo.com\/si\/aktualno\/na-slovitem-brazilskem-stadionu-maracana-ugasnile-luci\/\" \/>\n<meta property=\"og:locale\" content=\"sl_SI\" \/>\n<meta property=\"og:type\" content=\"article\" \/>\n<meta property=\"og:title\" content=\"Na slovitem brazilskem stadionu Maracana ugasnile lu\u010di - Hudo Slovenija\" \/>\n<meta property=\"og:description\" content=\"Na slovitem brazilskem stadionu Maracana v Rio de Janeiru so zaradi spora, ki se je razplamtel zaradi nepla\u010danih ra\u010dunov za elektriko, ugasnile lu\u010di, danes pi\u0161e brazilski spletni portal O Globo.\" \/>\n<meta property=\"og:url\" content=\"https:\/\/hudo.com\/si\/aktualno\/na-slovitem-brazilskem-stadionu-maracana-ugasnile-luci\/\" \/>\n<meta property=\"og:site_name\" content=\"Hudo Slovenija\" \/>\n<meta property=\"article:publisher\" content=\"https:\/\/www.facebook.com\/hudo.si\" \/>\n<meta property=\"article:published_time\" content=\"2017-01-27T08:37:19+00:00\" \/>\n<meta property=\"og:image\" content=\"https:\/\/hudo.com\/si\/wp-content\/uploads\/sites\/2\/2017\/01\/profimedia-0233029530.jpg\" \/>\n\t<meta property=\"og:image:width\" content=\"1250\" \/>\n\t<meta property=\"og:image:height\" content=\"838\" \/>\n\t<meta property=\"og:image:type\" content=\"image\/jpeg\" \/>\n<meta name=\"author\" content=\"M. N., STA\" \/>\n<meta name=\"twitter:card\" content=\"summary_large_image\" \/>\n<meta name=\"twitter:creator\" content=\"@hudo_si\" \/>\n<meta name=\"twitter:site\" content=\"@hudo_si\" \/>\n<meta name=\"twitter:label1\" content=\"Written by\" \/>\n\t<meta name=\"twitter:data1\" content=\"M. N., STA\" \/>\n\t<meta name=\"twitter:label2\" content=\"Est. reading time\" \/>\n\t<meta name=\"twitter:data2\" content=\"1 minuta\" \/>\n<script type=\"application\/ld+json\" class=\"yoast-schema-graph\">{\"@context\":\"https:\/\/schema.org\",\"@graph\":[{\"@type\":\"Article\",\"@id\":\"https:\/\/hudo.com\/si\/aktualno\/na-slovitem-brazilskem-stadionu-maracana-ugasnile-luci\/#article\",\"isPartOf\":{\"@id\":\"https:\/\/hudo.com\/si\/aktualno\/na-slovitem-brazilskem-stadionu-maracana-ugasnile-luci\/\"},\"author\":{\"name\":\"M. N., STA\",\"@id\":\"https:\/\/hudo.com\/si\/#\/schema\/person\/c2f10ce65d2e6ede2aeda5be2a0611fa\"},\"headline\":\"Na slovitem brazilskem stadionu Maracana ugasnile lu\u010di\",\"datePublished\":\"2017-01-27T08:37:19+00:00\",\"dateModified\":\"2017-01-27T08:37:19+00:00\",\"mainEntityOfPage\":{\"@id\":\"https:\/\/hudo.com\/si\/aktualno\/na-slovitem-brazilskem-stadionu-maracana-ugasnile-luci\/\"},\"wordCount\":180,\"publisher\":{\"@id\":\"https:\/\/hudo.com\/si\/#organization\"},\"keywords\":[\"brazilija\",\"Maracana\",\"nogomet\",\"rio de janeiro\",\"\u0161port\"],\"articleSection\":[\"Aktualno\"],\"inLanguage\":\"sl-SI\"},{\"@type\":\"WebPage\",\"@id\":\"https:\/\/hudo.com\/si\/aktualno\/na-slovitem-brazilskem-stadionu-maracana-ugasnile-luci\/\",\"url\":\"https:\/\/hudo.com\/si\/aktualno\/na-slovitem-brazilskem-stadionu-maracana-ugasnile-luci\/\",\"name\":\"Na slovitem brazilskem stadionu Maracana ugasnile lu\u010di - Hudo Slovenija\",\"isPartOf\":{\"@id\":\"https:\/\/hudo.com\/si\/#website\"},\"datePublished\":\"2017-01-27T08:37:19+00:00\",\"dateModified\":\"2017-01-27T08:37:19+00:00\",\"breadcrumb\":{\"@id\":\"https:\/\/hudo.com\/si\/aktualno\/na-slovitem-brazilskem-stadionu-maracana-ugasnile-luci\/#breadcrumb\"},\"inLanguage\":\"sl-SI\",\"potentialAction\":[{\"@type\":\"ReadAction\",\"target\":[\"https:\/\/hudo.com\/si\/aktualno\/na-slovitem-brazilskem-stadionu-maracana-ugasnile-luci\/\"]}]},{\"@type\":\"BreadcrumbList\",\"@id\":\"https:\/\/hudo.com\/si\/aktualno\/na-slovitem-brazilskem-stadionu-maracana-ugasnile-luci\/#breadcrumb\",\"itemListElement\":[{\"@type\":\"ListItem\",\"position\":1,\"name\":\"Home\",\"item\":\"https:\/\/hudo.com\/si\/\"},{\"@type\":\"ListItem\",\"position\":2,\"name\":\"Na slovitem brazilskem stadionu Maracana ugasnile lu\u010di\"}]},{\"@type\":\"WebSite\",\"@id\":\"https:\/\/hudo.com\/si\/#website\",\"url\":\"https:\/\/hudo.com\/si\/\",\"name\":\"Hudo Slovenija\",\"description\":\"Vse novice iz Slovenije in sveta\",\"publisher\":{\"@id\":\"https:\/\/hudo.com\/si\/#organization\"},\"potentialAction\":[{\"@type\":\"SearchAction\",\"target\":{\"@type\":\"EntryPoint\",\"urlTemplate\":\"https:\/\/hudo.com\/si\/?s={search_term_string}\"},\"query-input\":\"required name=search_term_string\"}],\"inLanguage\":\"sl-SI\"},{\"@type\":\"Organization\",\"@id\":\"https:\/\/hudo.com\/si\/#organization\",\"name\":\"VSN Media\",\"url\":\"https:\/\/hudo.com\/si\/\",\"logo\":{\"@type\":\"ImageObject\",\"inLanguage\":\"sl-SI\",\"@id\":\"https:\/\/hudo.com\/si\/#\/schema\/logo\/image\/\",\"url\":\"https:\/\/hudo.com\/si\/wp-content\/uploads\/sites\/2\/2021\/03\/hudo-app-2.png\",\"contentUrl\":\"https:\/\/hudo.com\/si\/wp-content\/uploads\/sites\/2\/2021\/03\/hudo-app-2.png\",\"width\":2185,\"height\":2167,\"caption\":\"VSN Media\"},\"image\":{\"@id\":\"https:\/\/hudo.com\/si\/#\/schema\/logo\/image\/\"},\"sameAs\":[\"https:\/\/www.facebook.com\/hudo.si\",\"https:\/\/twitter.com\/hudo_si\"]},{\"@type\":\"Person\",\"@id\":\"https:\/\/hudo.com\/si\/#\/schema\/person\/c2f10ce65d2e6ede2aeda5be2a0611fa\",\"name\":\"M. N., STA\",\"image\":{\"@type\":\"ImageObject\",\"inLanguage\":\"sl-SI\",\"@id\":\"https:\/\/hudo.com\/si\/#\/schema\/person\/image\/\",\"url\":\"https:\/\/secure.gravatar.com\/avatar\/f370d38daa10467f755c5c766a4cac20?s=96&d=mm&r=g\",\"contentUrl\":\"https:\/\/secure.gravatar.com\/avatar\/f370d38daa10467f755c5c766a4cac20?s=96&d=mm&r=g\",\"caption\":\"M. N., STA\"},\"url\":\"https:\/\/hudo.com\/si\/author\/mana\/\"}]}<\/script>\n<!-- \/ Yoast SEO plugin. -->","yoast_head_json":{"title":"Na slovitem brazilskem stadionu Maracana ugasnile lu\u010di - Hudo Slovenija","robots":{"index":"index","follow":"follow","max-snippet":"max-snippet:-1","max-image-preview":"max-image-preview:large","max-video-preview":"max-video-preview:-1"},"canonical":"https:\/\/hudo.com\/si\/aktualno\/na-slovitem-brazilskem-stadionu-maracana-ugasnile-luci\/","og_locale":"sl_SI","og_type":"article","og_title":"Na slovitem brazilskem stadionu Maracana ugasnile lu\u010di - Hudo Slovenija","og_description":"Na slovitem brazilskem stadionu Maracana v Rio de Janeiru so zaradi spora, ki se je razplamtel zaradi nepla\u010danih ra\u010dunov za elektriko, ugasnile lu\u010di, danes pi\u0161e brazilski spletni portal O Globo.","og_url":"https:\/\/hudo.com\/si\/aktualno\/na-slovitem-brazilskem-stadionu-maracana-ugasnile-luci\/","og_site_name":"Hudo Slovenija","article_publisher":"https:\/\/www.facebook.com\/hudo.si","article_published_time":"2017-01-27T08:37:19+00:00","og_image":[{"width":1250,"height":838,"url":"https:\/\/hudo.com\/si\/wp-content\/uploads\/sites\/2\/2017\/01\/profimedia-0233029530.jpg","type":"image\/jpeg"}],"author":"M. N., STA","twitter_card":"summary_large_image","twitter_creator":"@hudo_si","twitter_site":"@hudo_si","twitter_misc":{"Written by":"M. N., STA","Est. reading time":"1 minuta"},"schema":{"@context":"https:\/\/schema.org","@graph":[{"@type":"Article","@id":"https:\/\/hudo.com\/si\/aktualno\/na-slovitem-brazilskem-stadionu-maracana-ugasnile-luci\/#article","isPartOf":{"@id":"https:\/\/hudo.com\/si\/aktualno\/na-slovitem-brazilskem-stadionu-maracana-ugasnile-luci\/"},"author":{"name":"M. N., STA","@id":"https:\/\/hudo.com\/si\/#\/schema\/person\/c2f10ce65d2e6ede2aeda5be2a0611fa"},"headline":"Na slovitem brazilskem stadionu Maracana ugasnile lu\u010di","datePublished":"2017-01-27T08:37:19+00:00","dateModified":"2017-01-27T08:37:19+00:00","mainEntityOfPage":{"@id":"https:\/\/hudo.com\/si\/aktualno\/na-slovitem-brazilskem-stadionu-maracana-ugasnile-luci\/"},"wordCount":180,"publisher":{"@id":"https:\/\/hudo.com\/si\/#organization"},"keywords":["brazilija","Maracana","nogomet","rio de janeiro","\u0161port"],"articleSection":["Aktualno"],"inLanguage":"sl-SI"},{"@type":"WebPage","@id":"https:\/\/hudo.com\/si\/aktualno\/na-slovitem-brazilskem-stadionu-maracana-ugasnile-luci\/","url":"https:\/\/hudo.com\/si\/aktualno\/na-slovitem-brazilskem-stadionu-maracana-ugasnile-luci\/","name":"Na slovitem brazilskem stadionu Maracana ugasnile lu\u010di - Hudo Slovenija","isPartOf":{"@id":"https:\/\/hudo.com\/si\/#website"},"datePublished":"2017-01-27T08:37:19+00:00","dateModified":"2017-01-27T08:37:19+00:00","breadcrumb":{"@id":"https:\/\/hudo.com\/si\/aktualno\/na-slovitem-brazilskem-stadionu-maracana-ugasnile-luci\/#breadcrumb"},"inLanguage":"sl-SI","potentialAction":[{"@type":"ReadAction","target":["https:\/\/hudo.com\/si\/aktualno\/na-slovitem-brazilskem-stadionu-maracana-ugasnile-luci\/"]}]},{"@type":"BreadcrumbList","@id":"https:\/\/hudo.com\/si\/aktualno\/na-slovitem-brazilskem-stadionu-maracana-ugasnile-luci\/#breadcrumb","itemListElement":[{"@type":"ListItem","position":1,"name":"Home","item":"https:\/\/hudo.com\/si\/"},{"@type":"ListItem","position":2,"name":"Na slovitem brazilskem stadionu Maracana ugasnile lu\u010di"}]},{"@type":"WebSite","@id":"https:\/\/hudo.com\/si\/#website","url":"https:\/\/hudo.com\/si\/","name":"Hudo Slovenija","description":"Vse novice iz Slovenije in sveta","publisher":{"@id":"https:\/\/hudo.com\/si\/#organization"},"potentialAction":[{"@type":"SearchAction","target":{"@type":"EntryPoint","urlTemplate":"https:\/\/hudo.com\/si\/?s={search_term_string}"},"query-input":"required name=search_term_string"}],"inLanguage":"sl-SI"},{"@type":"Organization","@id":"https:\/\/hudo.com\/si\/#organization","name":"VSN Media","url":"https:\/\/hudo.com\/si\/","logo":{"@type":"ImageObject","inLanguage":"sl-SI","@id":"https:\/\/hudo.com\/si\/#\/schema\/logo\/image\/","url":"https:\/\/hudo.com\/si\/wp-content\/uploads\/sites\/2\/2021\/03\/hudo-app-2.png","contentUrl":"https:\/\/hudo.com\/si\/wp-content\/uploads\/sites\/2\/2021\/03\/hudo-app-2.png","width":2185,"height":2167,"caption":"VSN Media"},"image":{"@id":"https:\/\/hudo.com\/si\/#\/schema\/logo\/image\/"},"sameAs":["https:\/\/www.facebook.com\/hudo.si","https:\/\/twitter.com\/hudo_si"]},{"@type":"Person","@id":"https:\/\/hudo.com\/si\/#\/schema\/person\/c2f10ce65d2e6ede2aeda5be2a0611fa","name":"M. N., STA","image":{"@type":"ImageObject","inLanguage":"sl-SI","@id":"https:\/\/hudo.com\/si\/#\/schema\/person\/image\/","url":"https:\/\/secure.gravatar.com\/avatar\/f370d38daa10467f755c5c766a4cac20?s=96&d=mm&r=g","contentUrl":"https:\/\/secure.gravatar.com\/avatar\/f370d38daa10467f755c5c766a4cac20?s=96&d=mm&r=g","caption":"M. N., STA"},"url":"https:\/\/hudo.com\/si\/author\/mana\/"}]}},"amp_enabled":true,"_links":{"self":[{"href":"https:\/\/hudo.com\/si\/wp-json\/wp\/v2\/posts\/199779"}],"collection":[{"href":"https:\/\/hudo.com\/si\/wp-json\/wp\/v2\/posts"}],"about":[{"href":"https:\/\/hudo.com\/si\/wp-json\/wp\/v2\/types\/post"}],"author":[{"embeddable":true,"href":"https:\/\/hudo.com\/si\/wp-json\/wp\/v2\/users\/8"}],"replies":[{"embeddable":true,"href":"https:\/\/hudo.com\/si\/wp-json\/wp\/v2\/comments?post=199779"}],"version-history":[{"count":1,"href":"https:\/\/hudo.com\/si\/wp-json\/wp\/v2\/posts\/199779\/revisions"}],"predecessor-version":[{"id":199804,"href":"https:\/\/hudo.com\/si\/wp-json\/wp\/v2\/posts\/199779\/revisions\/199804"}],"wp:featuredmedia":[{"embeddable":true,"href":"https:\/\/hudo.com\/si\/wp-json\/wp\/v2\/media\/199803"}],"wp:attachment":[{"href":"https:\/\/hudo.com\/si\/wp-json\/wp\/v2\/media?parent=199779"}],"wp:term":[{"taxonomy":"category","embeddable":true,"href":"https:\/\/hudo.com\/si\/wp-json\/wp\/v2\/categories?post=199779"},{"taxonomy":"post_tag","embeddable":true,"href":"https:\/\/hudo.com\/si\/wp-json\/wp\/v2\/tags?post=199779"},{"taxonomy":"source","embeddable":true,"href":"https:\/\/hudo.com\/si\/wp-json\/wp\/v2\/source?post=199779"},{"taxonomy":"supertag","embeddable":true,"href":"https:\/\/hudo.com\/si\/wp-json\/wp\/v2\/supertag?post=199779"}],"curies":[{"name":"wp","href":"https:\/\/api.w.org\/{rel}","templated":true}]}}