{"id":20019,"date":"2016-04-04T14:45:30","date_gmt":"2016-04-04T12:45:30","guid":{"rendered":"http:\/\/master.hudo.com\/si\/2016\/04\/04\/radanov-sef-ni-zelel-mednarodnega-skandala\/"},"modified":"2016-04-05T12:05:53","modified_gmt":"2016-04-05T10:05:53","slug":"radanov-sef-ni-zelel-mednarodnega-skandala","status":"publish","type":"post","link":"https:\/\/hudo.com\/si\/aktualno\/radanov-sef-ni-zelel-mednarodnega-skandala\/","title":{"rendered":"Radanov \u0161ef ni \u017eelel mednarodnega \u0161kandala"},"content":{"rendered":"<p>Minila je \u0161e ena obravnava sojenja zdravniku Ivanu Radanu. Kot pri\u010da je nastopil Marko No\u010d, predstojnik klini\u010dnega oddelka za intenzivno interno medicino Univerzitetnega klini\u010dnega centra (UKC) Ljubljana, kjer je delal Radan, preden je od\u0161el na nevrolo\u0161ko kliniko. Govoril je o domnevno ponarejenih zdravni\u0161kih dokumentih, s katerimi je Radan opravi\u010deval dalj\u0161o bolni\u0161ko odsotnost. Ve\u010d na Svet24.si<\/p>\n","protected":false},"excerpt":{"rendered":"<p>Minila je \u0161e ena obravnava sojenja zdravniku Ivanu Radanu. Kot pri\u010da je nastopil Marko No\u010d, predstojnik klini\u010dnega oddelka za intenzivno interno medicino Univerzitetnega klini\u010dnega centra (UKC) Ljubljana, kjer je delal Radan, preden je od\u0161el na nevrolo\u0161ko kliniko. Govoril je o domnevno ponarejenih zdravni\u0161kih dokumentih, s katerimi je Radan opravi\u010deval dalj\u0161o bolni\u0161ko odsotnost. Ve\u010d na Svet24.si<\/p>\n","protected":false},"author":1,"featured_media":0,"comment_status":"closed","ping_status":"closed","sticky":false,"template":"","format":"standard","meta":{"footnotes":""},"categories":[1179],"tags":[],"source":[1705],"supertag":[],"acf":[],"yoast_head":"<!-- This site is optimized with the Yoast SEO plugin v21.3 - https:\/\/yoast.com\/wordpress\/plugins\/seo\/ -->\n<title>Radanov \u0161ef ni \u017eelel mednarodnega \u0161kandala - Hudo Slovenija<\/title>\n<meta name=\"robots\" content=\"index, follow, max-snippet:-1, max-image-preview:large, max-video-preview:-1\" \/>\n<link rel=\"canonical\" href=\"https:\/\/hudo.com\/si\/aktualno\/radanov-sef-ni-zelel-mednarodnega-skandala\/\" \/>\n<meta property=\"og:locale\" content=\"sl_SI\" \/>\n<meta property=\"og:type\" content=\"article\" \/>\n<meta property=\"og:title\" content=\"Radanov \u0161ef ni \u017eelel mednarodnega \u0161kandala - Hudo Slovenija\" \/>\n<meta property=\"og:description\" content=\"Minila je \u0161e ena obravnava sojenja zdravniku Ivanu Radanu. Kot pri\u010da je nastopil Marko No\u010d, predstojnik klini\u010dnega oddelka za intenzivno interno medicino Univerzitetnega klini\u010dnega centra (UKC) Ljubljana, kjer je delal Radan, preden je od\u0161el na nevrolo\u0161ko kliniko. Govoril je o domnevno ponarejenih zdravni\u0161kih dokumentih, s katerimi je Radan opravi\u010deval dalj\u0161o bolni\u0161ko odsotnost. Ve\u010d na Svet24.si\" \/>\n<meta property=\"og:url\" content=\"https:\/\/hudo.com\/si\/aktualno\/radanov-sef-ni-zelel-mednarodnega-skandala\/\" \/>\n<meta property=\"og:site_name\" content=\"Hudo Slovenija\" \/>\n<meta property=\"article:publisher\" content=\"https:\/\/www.facebook.com\/hudo.si\" \/>\n<meta property=\"article:published_time\" content=\"2016-04-04T12:45:30+00:00\" \/>\n<meta property=\"article:modified_time\" content=\"2016-04-05T10:05:53+00:00\" \/>\n<meta property=\"og:image\" content=\"https:\/\/hudo.com\/si\/wp-content\/uploads\/sites\/2\/2016\/04\/0dc8daec8688fa04e90401075a12ee27.jpeg\" \/>\n\t<meta property=\"og:image:width\" content=\"800\" \/>\n\t<meta property=\"og:image:height\" content=\"600\" \/>\n\t<meta property=\"og:image:type\" content=\"image\/jpeg\" \/>\n<meta name=\"author\" content=\"hudo\" \/>\n<meta name=\"twitter:card\" content=\"summary_large_image\" \/>\n<meta name=\"twitter:creator\" content=\"@hudo_si\" \/>\n<meta name=\"twitter:site\" content=\"@hudo_si\" \/>\n<meta name=\"twitter:label1\" content=\"Written by\" \/>\n\t<meta name=\"twitter:data1\" content=\"hudo\" \/>\n<script type=\"application\/ld+json\" class=\"yoast-schema-graph\">{\"@context\":\"https:\/\/schema.org\",\"@graph\":[{\"@type\":\"Article\",\"@id\":\"https:\/\/hudo.com\/si\/aktualno\/radanov-sef-ni-zelel-mednarodnega-skandala\/#article\",\"isPartOf\":{\"@id\":\"https:\/\/hudo.com\/si\/aktualno\/radanov-sef-ni-zelel-mednarodnega-skandala\/\"},\"author\":{\"name\":\"hudo\",\"@id\":\"https:\/\/hudo.com\/si\/#\/schema\/person\/601cf3379633985b20f7e50f2bb47707\"},\"headline\":\"Radanov \u0161ef ni \u017eelel mednarodnega \u0161kandala\",\"datePublished\":\"2016-04-04T12:45:30+00:00\",\"dateModified\":\"2016-04-05T10:05:53+00:00\",\"mainEntityOfPage\":{\"@id\":\"https:\/\/hudo.com\/si\/aktualno\/radanov-sef-ni-zelel-mednarodnega-skandala\/\"},\"wordCount\":71,\"publisher\":{\"@id\":\"https:\/\/hudo.com\/si\/#organization\"},\"articleSection\":[\"Aktualno\"],\"inLanguage\":\"sl-SI\"},{\"@type\":\"WebPage\",\"@id\":\"https:\/\/hudo.com\/si\/aktualno\/radanov-sef-ni-zelel-mednarodnega-skandala\/\",\"url\":\"https:\/\/hudo.com\/si\/aktualno\/radanov-sef-ni-zelel-mednarodnega-skandala\/\",\"name\":\"Radanov \u0161ef ni \u017eelel mednarodnega \u0161kandala - Hudo Slovenija\",\"isPartOf\":{\"@id\":\"https:\/\/hudo.com\/si\/#website\"},\"datePublished\":\"2016-04-04T12:45:30+00:00\",\"dateModified\":\"2016-04-05T10:05:53+00:00\",\"breadcrumb\":{\"@id\":\"https:\/\/hudo.com\/si\/aktualno\/radanov-sef-ni-zelel-mednarodnega-skandala\/#breadcrumb\"},\"inLanguage\":\"sl-SI\",\"potentialAction\":[{\"@type\":\"ReadAction\",\"target\":[\"https:\/\/hudo.com\/si\/aktualno\/radanov-sef-ni-zelel-mednarodnega-skandala\/\"]}]},{\"@type\":\"BreadcrumbList\",\"@id\":\"https:\/\/hudo.com\/si\/aktualno\/radanov-sef-ni-zelel-mednarodnega-skandala\/#breadcrumb\",\"itemListElement\":[{\"@type\":\"ListItem\",\"position\":1,\"name\":\"Home\",\"item\":\"https:\/\/hudo.com\/si\/\"},{\"@type\":\"ListItem\",\"position\":2,\"name\":\"Radanov \u0161ef ni \u017eelel mednarodnega \u0161kandala\"}]},{\"@type\":\"WebSite\",\"@id\":\"https:\/\/hudo.com\/si\/#website\",\"url\":\"https:\/\/hudo.com\/si\/\",\"name\":\"Hudo Slovenija\",\"description\":\"Vse novice iz Slovenije in sveta\",\"publisher\":{\"@id\":\"https:\/\/hudo.com\/si\/#organization\"},\"potentialAction\":[{\"@type\":\"SearchAction\",\"target\":{\"@type\":\"EntryPoint\",\"urlTemplate\":\"https:\/\/hudo.com\/si\/?s={search_term_string}\"},\"query-input\":\"required name=search_term_string\"}],\"inLanguage\":\"sl-SI\"},{\"@type\":\"Organization\",\"@id\":\"https:\/\/hudo.com\/si\/#organization\",\"name\":\"VSN Media\",\"url\":\"https:\/\/hudo.com\/si\/\",\"logo\":{\"@type\":\"ImageObject\",\"inLanguage\":\"sl-SI\",\"@id\":\"https:\/\/hudo.com\/si\/#\/schema\/logo\/image\/\",\"url\":\"https:\/\/hudo.com\/si\/wp-content\/uploads\/sites\/2\/2021\/03\/hudo-app-2.png\",\"contentUrl\":\"https:\/\/hudo.com\/si\/wp-content\/uploads\/sites\/2\/2021\/03\/hudo-app-2.png\",\"width\":2185,\"height\":2167,\"caption\":\"VSN Media\"},\"image\":{\"@id\":\"https:\/\/hudo.com\/si\/#\/schema\/logo\/image\/\"},\"sameAs\":[\"https:\/\/www.facebook.com\/hudo.si\",\"https:\/\/twitter.com\/hudo_si\"]},{\"@type\":\"Person\",\"@id\":\"https:\/\/hudo.com\/si\/#\/schema\/person\/601cf3379633985b20f7e50f2bb47707\",\"name\":\"hudo\",\"image\":{\"@type\":\"ImageObject\",\"inLanguage\":\"sl-SI\",\"@id\":\"https:\/\/hudo.com\/si\/#\/schema\/person\/image\/\",\"url\":\"https:\/\/secure.gravatar.com\/avatar\/c4ca25fa72cace7a696b52ff5db9e095?s=96&d=mm&r=g\",\"contentUrl\":\"https:\/\/secure.gravatar.com\/avatar\/c4ca25fa72cace7a696b52ff5db9e095?s=96&d=mm&r=g\",\"caption\":\"hudo\"},\"url\":\"https:\/\/hudo.com\/si\/author\/hudo\/\"}]}<\/script>\n<!-- \/ Yoast SEO plugin. -->","yoast_head_json":{"title":"Radanov \u0161ef ni \u017eelel mednarodnega \u0161kandala - Hudo Slovenija","robots":{"index":"index","follow":"follow","max-snippet":"max-snippet:-1","max-image-preview":"max-image-preview:large","max-video-preview":"max-video-preview:-1"},"canonical":"https:\/\/hudo.com\/si\/aktualno\/radanov-sef-ni-zelel-mednarodnega-skandala\/","og_locale":"sl_SI","og_type":"article","og_title":"Radanov \u0161ef ni \u017eelel mednarodnega \u0161kandala - Hudo Slovenija","og_description":"Minila je \u0161e ena obravnava sojenja zdravniku Ivanu Radanu. Kot pri\u010da je nastopil Marko No\u010d, predstojnik klini\u010dnega oddelka za intenzivno interno medicino Univerzitetnega klini\u010dnega centra (UKC) Ljubljana, kjer je delal Radan, preden je od\u0161el na nevrolo\u0161ko kliniko. Govoril je o domnevno ponarejenih zdravni\u0161kih dokumentih, s katerimi je Radan opravi\u010deval dalj\u0161o bolni\u0161ko odsotnost. Ve\u010d na Svet24.si","og_url":"https:\/\/hudo.com\/si\/aktualno\/radanov-sef-ni-zelel-mednarodnega-skandala\/","og_site_name":"Hudo Slovenija","article_publisher":"https:\/\/www.facebook.com\/hudo.si","article_published_time":"2016-04-04T12:45:30+00:00","article_modified_time":"2016-04-05T10:05:53+00:00","og_image":[{"width":800,"height":600,"url":"https:\/\/hudo.com\/si\/wp-content\/uploads\/sites\/2\/2016\/04\/0dc8daec8688fa04e90401075a12ee27.jpeg","type":"image\/jpeg"}],"author":"hudo","twitter_card":"summary_large_image","twitter_creator":"@hudo_si","twitter_site":"@hudo_si","twitter_misc":{"Written by":"hudo"},"schema":{"@context":"https:\/\/schema.org","@graph":[{"@type":"Article","@id":"https:\/\/hudo.com\/si\/aktualno\/radanov-sef-ni-zelel-mednarodnega-skandala\/#article","isPartOf":{"@id":"https:\/\/hudo.com\/si\/aktualno\/radanov-sef-ni-zelel-mednarodnega-skandala\/"},"author":{"name":"hudo","@id":"https:\/\/hudo.com\/si\/#\/schema\/person\/601cf3379633985b20f7e50f2bb47707"},"headline":"Radanov \u0161ef ni \u017eelel mednarodnega \u0161kandala","datePublished":"2016-04-04T12:45:30+00:00","dateModified":"2016-04-05T10:05:53+00:00","mainEntityOfPage":{"@id":"https:\/\/hudo.com\/si\/aktualno\/radanov-sef-ni-zelel-mednarodnega-skandala\/"},"wordCount":71,"publisher":{"@id":"https:\/\/hudo.com\/si\/#organization"},"articleSection":["Aktualno"],"inLanguage":"sl-SI"},{"@type":"WebPage","@id":"https:\/\/hudo.com\/si\/aktualno\/radanov-sef-ni-zelel-mednarodnega-skandala\/","url":"https:\/\/hudo.com\/si\/aktualno\/radanov-sef-ni-zelel-mednarodnega-skandala\/","name":"Radanov \u0161ef ni \u017eelel mednarodnega \u0161kandala - Hudo Slovenija","isPartOf":{"@id":"https:\/\/hudo.com\/si\/#website"},"datePublished":"2016-04-04T12:45:30+00:00","dateModified":"2016-04-05T10:05:53+00:00","breadcrumb":{"@id":"https:\/\/hudo.com\/si\/aktualno\/radanov-sef-ni-zelel-mednarodnega-skandala\/#breadcrumb"},"inLanguage":"sl-SI","potentialAction":[{"@type":"ReadAction","target":["https:\/\/hudo.com\/si\/aktualno\/radanov-sef-ni-zelel-mednarodnega-skandala\/"]}]},{"@type":"BreadcrumbList","@id":"https:\/\/hudo.com\/si\/aktualno\/radanov-sef-ni-zelel-mednarodnega-skandala\/#breadcrumb","itemListElement":[{"@type":"ListItem","position":1,"name":"Home","item":"https:\/\/hudo.com\/si\/"},{"@type":"ListItem","position":2,"name":"Radanov \u0161ef ni \u017eelel mednarodnega \u0161kandala"}]},{"@type":"WebSite","@id":"https:\/\/hudo.com\/si\/#website","url":"https:\/\/hudo.com\/si\/","name":"Hudo Slovenija","description":"Vse novice iz Slovenije in sveta","publisher":{"@id":"https:\/\/hudo.com\/si\/#organization"},"potentialAction":[{"@type":"SearchAction","target":{"@type":"EntryPoint","urlTemplate":"https:\/\/hudo.com\/si\/?s={search_term_string}"},"query-input":"required name=search_term_string"}],"inLanguage":"sl-SI"},{"@type":"Organization","@id":"https:\/\/hudo.com\/si\/#organization","name":"VSN Media","url":"https:\/\/hudo.com\/si\/","logo":{"@type":"ImageObject","inLanguage":"sl-SI","@id":"https:\/\/hudo.com\/si\/#\/schema\/logo\/image\/","url":"https:\/\/hudo.com\/si\/wp-content\/uploads\/sites\/2\/2021\/03\/hudo-app-2.png","contentUrl":"https:\/\/hudo.com\/si\/wp-content\/uploads\/sites\/2\/2021\/03\/hudo-app-2.png","width":2185,"height":2167,"caption":"VSN Media"},"image":{"@id":"https:\/\/hudo.com\/si\/#\/schema\/logo\/image\/"},"sameAs":["https:\/\/www.facebook.com\/hudo.si","https:\/\/twitter.com\/hudo_si"]},{"@type":"Person","@id":"https:\/\/hudo.com\/si\/#\/schema\/person\/601cf3379633985b20f7e50f2bb47707","name":"hudo","image":{"@type":"ImageObject","inLanguage":"sl-SI","@id":"https:\/\/hudo.com\/si\/#\/schema\/person\/image\/","url":"https:\/\/secure.gravatar.com\/avatar\/c4ca25fa72cace7a696b52ff5db9e095?s=96&d=mm&r=g","contentUrl":"https:\/\/secure.gravatar.com\/avatar\/c4ca25fa72cace7a696b52ff5db9e095?s=96&d=mm&r=g","caption":"hudo"},"url":"https:\/\/hudo.com\/si\/author\/hudo\/"}]}},"amp_enabled":true,"_links":{"self":[{"href":"https:\/\/hudo.com\/si\/wp-json\/wp\/v2\/posts\/20019"}],"collection":[{"href":"https:\/\/hudo.com\/si\/wp-json\/wp\/v2\/posts"}],"about":[{"href":"https:\/\/hudo.com\/si\/wp-json\/wp\/v2\/types\/post"}],"author":[{"embeddable":true,"href":"https:\/\/hudo.com\/si\/wp-json\/wp\/v2\/users\/1"}],"replies":[{"embeddable":true,"href":"https:\/\/hudo.com\/si\/wp-json\/wp\/v2\/comments?post=20019"}],"version-history":[{"count":1,"href":"https:\/\/hudo.com\/si\/wp-json\/wp\/v2\/posts\/20019\/revisions"}],"predecessor-version":[{"id":20065,"href":"https:\/\/hudo.com\/si\/wp-json\/wp\/v2\/posts\/20019\/revisions\/20065"}],"wp:attachment":[{"href":"https:\/\/hudo.com\/si\/wp-json\/wp\/v2\/media?parent=20019"}],"wp:term":[{"taxonomy":"category","embeddable":true,"href":"https:\/\/hudo.com\/si\/wp-json\/wp\/v2\/categories?post=20019"},{"taxonomy":"post_tag","embeddable":true,"href":"https:\/\/hudo.com\/si\/wp-json\/wp\/v2\/tags?post=20019"},{"taxonomy":"source","embeddable":true,"href":"https:\/\/hudo.com\/si\/wp-json\/wp\/v2\/source?post=20019"},{"taxonomy":"supertag","embeddable":true,"href":"https:\/\/hudo.com\/si\/wp-json\/wp\/v2\/supertag?post=20019"}],"curies":[{"name":"wp","href":"https:\/\/api.w.org\/{rel}","templated":true}]}}