{"id":200226,"date":"2017-01-27T23:00:00","date_gmt":"2017-01-27T22:00:00","guid":{"rendered":"http:\/\/hudo.com\/si\/2017\/01\/27\/varstveno-delovni-center-murska-sobota-gradi-prizidek\/"},"modified":"2017-01-28T08:32:02","modified_gmt":"2017-01-28T07:32:02","slug":"varstveno-delovni-center-murska-sobota-gradi-prizidek","status":"publish","type":"post","link":"https:\/\/hudo.com\/si\/aktualno\/varstveno-delovni-center-murska-sobota-gradi-prizidek\/","title":{"rendered":"Varstveno-delovni center Murska Sobota gradi prizidek"},"content":{"rendered":"<p>Seznam \u010dakajo\u010dih na sprejem v dnevno varstvo murskosobo\u0161ke enote Varstveno-delovnega centra Murska Sobota (VDC) je narekoval, da so za\u010deli iskati re\u0161itve, kako priti do ve\u010djih prostorov. &#8220;Ko smo iskali mo\u017enosti, kako omogo\u010diti vsem, ki so upravi\u010deni do vklju\u010ditve v enoto, so nam na ministrstvu za delo, dru\u017eino, socialne zadeve in enake mo\u017enosti svetovali, naj najdemo najbolj razumno in var\u010dno re\u0161itev, kar ta prizidek tudi je,&#8221; je povedala direktorica zavoda Angela Benko Lang. Ob sedanjih prostorih enote namre\u010d gradijo prizidek, ki ga bodo predvidoma aprila uradno izro\u010dili v uporabo, nalo\u017ebe, ki bo vredna od 230 do 240 tiso\u010d evrov, pa so se lotili kar sami, saj so imeli privar\u010devani denar. \u010ce tega denarja ne bi imeli, bi s \u010dakanjem na dr\u017eavo, ki je lastnica sedanjih prostorov, veliko te\u017eje pri\u0161li do hitre re\u0161itve in primernih prostorov za delo in dru\u017eenje uporabnikov in zaposlenih. &#8220;Tako smo \u017ee lani sprejeli vse \u010dakajo\u010de in imamo zdaj 39 uporabnikov, z novimi prostori pa bodo to mo\u017enost imeli tudi preostali, ki si to \u017eelijo, saj bo skupaj z novim objektom prostor za 55 uporabnikov,&#8221; je povedala Benko Langova. Po lanski odobritvi so tudi zaposlili tri nove sodelavce, varuhinjo, voznika in tehnologinjo, ki bo opravljala storitve tudi za druge enote. Glede na \u0161tevilo oseb, ki bodo po kon\u010danem \u0161olanju v prihodnje potrebovale dnevno varstvo, bodo pove\u010dani prostori zadostovali vsaj \u0161e za pet let. Bo pa to precej odvisno tudi od ureditve bivalne enote v Murski Soboti, ki jo \u0161e imajo v na\u010drtu, in tega, ali se bodo iz drugih enot vrnili uporabniki z murskosobo\u0161kega obmo\u010dja, ki zdaj stanujejo v kateri od bivalnih enot v Gornji Radgoni, Ljutomeru in Lendavi. Stavba, kjer \u017ee \u0161estnajst let deluje murskosobo\u0161ka enota VDC in kjer ima prostore tudi uprava zavoda, meri 500 kvadratnih metrov, s prizidkom pa bo enota, ki ima zdaj na voljo 430 kvadratnih metrov povr\u0161ine, pridobila 135 kvadratnih metrov v pritli\u010dju novega objekta. V nadstropju bodo namre\u010d prostori za upravo in strokovne<\/p>\n","protected":false},"excerpt":{"rendered":"<p>Seznam \u010dakajo\u010dih na sprejem v dnevno varstvo murskosobo\u0161ke enote Varstveno-delovnega centra Murska Sobota (VDC) je narekoval, da so za\u010deli iskati re\u0161itve, kako priti do ve\u010djih prostorov. &#8220;Ko smo iskali mo\u017enosti, kako omogo\u010diti vsem, ki so upravi\u010deni do vklju\u010ditve v enoto, so nam na ministrstvu za delo, dru\u017eino, socialne zadeve in enake mo\u017enosti svetovali, naj najdemo najbolj razumno in var\u010dno re\u0161itev, kar ta prizidek tudi je,&#8221; je povedala direktorica zavoda Angela Benko Lang. Ob sedanjih prostorih enote namre\u010d gradijo prizidek, ki ga bodo predvidoma aprila uradno izro\u010dili v uporabo, nalo\u017ebe, ki bo vredna od 230 do 240 tiso\u010d evrov, pa so se lotili kar sami, saj so imeli privar\u010devani denar. \u010ce tega denarja ne bi imeli, bi s \u010dakanjem na dr\u017eavo, ki je lastnica sedanjih prostorov, veliko te\u017eje pri\u0161li do hitre re\u0161itve in primernih prostorov za delo in dru\u017eenje uporabnikov in zaposlenih. &#8220;Tako smo \u017ee lani sprejeli vse \u010dakajo\u010de in imamo zdaj 39 uporabnikov, z novimi prostori pa bodo to mo\u017enost imeli tudi preostali, ki si to \u017eelijo, saj bo skupaj z novim objektom prostor za 55 uporabnikov,&#8221; je povedala Benko Langova. Po lanski odobritvi so tudi zaposlili tri nove sodelavce, varuhinjo, voznika in tehnologinjo, ki bo opravljala storitve tudi za druge enote. Glede na \u0161tevilo oseb, ki bodo po kon\u010danem \u0161olanju v prihodnje potrebovale dnevno varstvo, bodo pove\u010dani prostori zadostovali vsaj \u0161e za pet let. Bo pa to precej odvisno tudi od ureditve bivalne enote v Murski Soboti, ki jo \u0161e imajo v na\u010drtu, in tega, ali se bodo iz drugih enot vrnili uporabniki z murskosobo\u0161kega obmo\u010dja, ki zdaj stanujejo v kateri od bivalnih enot v Gornji Radgoni, Ljutomeru in Lendavi. Stavba, kjer \u017ee \u0161estnajst let deluje murskosobo\u0161ka enota VDC in kjer ima prostore tudi uprava zavoda, meri 500 kvadratnih metrov, s prizidkom pa bo enota, ki ima zdaj na voljo 430 kvadratnih metrov povr\u0161ine, pridobila 135 kvadratnih metrov v pritli\u010dju novega objekta. V nadstropju bodo namre\u010d prostori za upravo in strokovne<\/p>\n","protected":false},"author":1,"featured_media":0,"comment_status":"closed","ping_status":"closed","sticky":false,"template":"","format":"standard","meta":{"footnotes":""},"categories":[1179],"tags":[],"source":[1711],"supertag":[],"acf":[],"yoast_head":"<!-- This site is optimized with the Yoast SEO plugin v21.3 - https:\/\/yoast.com\/wordpress\/plugins\/seo\/ -->\n<title>Varstveno-delovni center Murska Sobota gradi prizidek - Hudo Slovenija<\/title>\n<meta name=\"robots\" content=\"index, follow, max-snippet:-1, max-image-preview:large, max-video-preview:-1\" \/>\n<link rel=\"canonical\" href=\"https:\/\/hudo.com\/si\/aktualno\/varstveno-delovni-center-murska-sobota-gradi-prizidek\/\" \/>\n<meta property=\"og:locale\" content=\"sl_SI\" \/>\n<meta property=\"og:type\" content=\"article\" \/>\n<meta property=\"og:title\" content=\"Varstveno-delovni center Murska Sobota gradi prizidek - Hudo Slovenija\" \/>\n<meta property=\"og:description\" content=\"Seznam \u010dakajo\u010dih na sprejem v dnevno varstvo murskosobo\u0161ke enote Varstveno-delovnega centra Murska Sobota (VDC) je narekoval, da so za\u010deli iskati re\u0161itve, kako priti do ve\u010djih prostorov. &quot;Ko smo iskali mo\u017enosti, kako omogo\u010diti vsem, ki so upravi\u010deni do vklju\u010ditve v enoto, so nam na ministrstvu za delo, dru\u017eino, socialne zadeve in enake mo\u017enosti svetovali, naj najdemo najbolj razumno in var\u010dno re\u0161itev, kar ta prizidek tudi je,&quot; je povedala direktorica zavoda Angela Benko Lang. Ob sedanjih prostorih enote namre\u010d gradijo prizidek, ki ga bodo predvidoma aprila uradno izro\u010dili v uporabo, nalo\u017ebe, ki bo vredna od 230 do 240 tiso\u010d evrov, pa so se lotili kar sami, saj so imeli privar\u010devani denar. \u010ce tega denarja ne bi imeli, bi s \u010dakanjem na dr\u017eavo, ki je lastnica sedanjih prostorov, veliko te\u017eje pri\u0161li do hitre re\u0161itve in primernih prostorov za delo in dru\u017eenje uporabnikov in zaposlenih. &quot;Tako smo \u017ee lani sprejeli vse \u010dakajo\u010de in imamo zdaj 39 uporabnikov, z novimi prostori pa bodo to mo\u017enost imeli tudi preostali, ki si to \u017eelijo, saj bo skupaj z novim objektom prostor za 55 uporabnikov,&quot; je povedala Benko Langova. Po lanski odobritvi so tudi zaposlili tri nove sodelavce, varuhinjo, voznika in tehnologinjo, ki bo opravljala storitve tudi za druge enote. Glede na \u0161tevilo oseb, ki bodo po kon\u010danem \u0161olanju v prihodnje potrebovale dnevno varstvo, bodo pove\u010dani prostori zadostovali vsaj \u0161e za pet let. Bo pa to precej odvisno tudi od ureditve bivalne enote v Murski Soboti, ki jo \u0161e imajo v na\u010drtu, in tega, ali se bodo iz drugih enot vrnili uporabniki z murskosobo\u0161kega obmo\u010dja, ki zdaj stanujejo v kateri od bivalnih enot v Gornji Radgoni, Ljutomeru in Lendavi. Stavba, kjer \u017ee \u0161estnajst let deluje murskosobo\u0161ka enota VDC in kjer ima prostore tudi uprava zavoda, meri 500 kvadratnih metrov, s prizidkom pa bo enota, ki ima zdaj na voljo 430 kvadratnih metrov povr\u0161ine, pridobila 135 kvadratnih metrov v pritli\u010dju novega objekta. V nadstropju bodo namre\u010d prostori za upravo in strokovne\" \/>\n<meta property=\"og:url\" content=\"https:\/\/hudo.com\/si\/aktualno\/varstveno-delovni-center-murska-sobota-gradi-prizidek\/\" \/>\n<meta property=\"og:site_name\" content=\"Hudo Slovenija\" \/>\n<meta property=\"article:publisher\" content=\"https:\/\/www.facebook.com\/hudo.si\" \/>\n<meta property=\"article:published_time\" content=\"2017-01-27T22:00:00+00:00\" \/>\n<meta property=\"article:modified_time\" content=\"2017-01-28T07:32:02+00:00\" \/>\n<meta property=\"og:image\" content=\"https:\/\/hudo.com\/si\/wp-content\/uploads\/sites\/2\/2017\/01\/03vdcprizidek-300.jpg\" \/>\n\t<meta property=\"og:image:width\" content=\"450\" \/>\n\t<meta property=\"og:image:height\" content=\"337\" \/>\n\t<meta property=\"og:image:type\" content=\"image\/jpeg\" \/>\n<meta name=\"author\" content=\"hudo\" \/>\n<meta name=\"twitter:card\" content=\"summary_large_image\" \/>\n<meta name=\"twitter:creator\" content=\"@hudo_si\" \/>\n<meta name=\"twitter:site\" content=\"@hudo_si\" \/>\n<meta name=\"twitter:label1\" content=\"Written by\" \/>\n\t<meta name=\"twitter:data1\" content=\"hudo\" \/>\n\t<meta name=\"twitter:label2\" content=\"Est. reading time\" \/>\n\t<meta name=\"twitter:data2\" content=\"2 minuti\" \/>\n<script type=\"application\/ld+json\" class=\"yoast-schema-graph\">{\"@context\":\"https:\/\/schema.org\",\"@graph\":[{\"@type\":\"Article\",\"@id\":\"https:\/\/hudo.com\/si\/aktualno\/varstveno-delovni-center-murska-sobota-gradi-prizidek\/#article\",\"isPartOf\":{\"@id\":\"https:\/\/hudo.com\/si\/aktualno\/varstveno-delovni-center-murska-sobota-gradi-prizidek\/\"},\"author\":{\"name\":\"hudo\",\"@id\":\"https:\/\/hudo.com\/si\/#\/schema\/person\/601cf3379633985b20f7e50f2bb47707\"},\"headline\":\"Varstveno-delovni center Murska Sobota gradi prizidek\",\"datePublished\":\"2017-01-27T22:00:00+00:00\",\"dateModified\":\"2017-01-28T07:32:02+00:00\",\"mainEntityOfPage\":{\"@id\":\"https:\/\/hudo.com\/si\/aktualno\/varstveno-delovni-center-murska-sobota-gradi-prizidek\/\"},\"wordCount\":352,\"publisher\":{\"@id\":\"https:\/\/hudo.com\/si\/#organization\"},\"articleSection\":[\"Aktualno\"],\"inLanguage\":\"sl-SI\"},{\"@type\":\"WebPage\",\"@id\":\"https:\/\/hudo.com\/si\/aktualno\/varstveno-delovni-center-murska-sobota-gradi-prizidek\/\",\"url\":\"https:\/\/hudo.com\/si\/aktualno\/varstveno-delovni-center-murska-sobota-gradi-prizidek\/\",\"name\":\"Varstveno-delovni center Murska Sobota gradi prizidek - Hudo Slovenija\",\"isPartOf\":{\"@id\":\"https:\/\/hudo.com\/si\/#website\"},\"datePublished\":\"2017-01-27T22:00:00+00:00\",\"dateModified\":\"2017-01-28T07:32:02+00:00\",\"breadcrumb\":{\"@id\":\"https:\/\/hudo.com\/si\/aktualno\/varstveno-delovni-center-murska-sobota-gradi-prizidek\/#breadcrumb\"},\"inLanguage\":\"sl-SI\",\"potentialAction\":[{\"@type\":\"ReadAction\",\"target\":[\"https:\/\/hudo.com\/si\/aktualno\/varstveno-delovni-center-murska-sobota-gradi-prizidek\/\"]}]},{\"@type\":\"BreadcrumbList\",\"@id\":\"https:\/\/hudo.com\/si\/aktualno\/varstveno-delovni-center-murska-sobota-gradi-prizidek\/#breadcrumb\",\"itemListElement\":[{\"@type\":\"ListItem\",\"position\":1,\"name\":\"Home\",\"item\":\"https:\/\/hudo.com\/si\/\"},{\"@type\":\"ListItem\",\"position\":2,\"name\":\"Varstveno-delovni center Murska Sobota gradi prizidek\"}]},{\"@type\":\"WebSite\",\"@id\":\"https:\/\/hudo.com\/si\/#website\",\"url\":\"https:\/\/hudo.com\/si\/\",\"name\":\"Hudo Slovenija\",\"description\":\"Vse novice iz Slovenije in sveta\",\"publisher\":{\"@id\":\"https:\/\/hudo.com\/si\/#organization\"},\"potentialAction\":[{\"@type\":\"SearchAction\",\"target\":{\"@type\":\"EntryPoint\",\"urlTemplate\":\"https:\/\/hudo.com\/si\/?s={search_term_string}\"},\"query-input\":\"required name=search_term_string\"}],\"inLanguage\":\"sl-SI\"},{\"@type\":\"Organization\",\"@id\":\"https:\/\/hudo.com\/si\/#organization\",\"name\":\"VSN Media\",\"url\":\"https:\/\/hudo.com\/si\/\",\"logo\":{\"@type\":\"ImageObject\",\"inLanguage\":\"sl-SI\",\"@id\":\"https:\/\/hudo.com\/si\/#\/schema\/logo\/image\/\",\"url\":\"https:\/\/hudo.com\/si\/wp-content\/uploads\/sites\/2\/2021\/03\/hudo-app-2.png\",\"contentUrl\":\"https:\/\/hudo.com\/si\/wp-content\/uploads\/sites\/2\/2021\/03\/hudo-app-2.png\",\"width\":2185,\"height\":2167,\"caption\":\"VSN Media\"},\"image\":{\"@id\":\"https:\/\/hudo.com\/si\/#\/schema\/logo\/image\/\"},\"sameAs\":[\"https:\/\/www.facebook.com\/hudo.si\",\"https:\/\/twitter.com\/hudo_si\"]},{\"@type\":\"Person\",\"@id\":\"https:\/\/hudo.com\/si\/#\/schema\/person\/601cf3379633985b20f7e50f2bb47707\",\"name\":\"hudo\",\"image\":{\"@type\":\"ImageObject\",\"inLanguage\":\"sl-SI\",\"@id\":\"https:\/\/hudo.com\/si\/#\/schema\/person\/image\/\",\"url\":\"https:\/\/secure.gravatar.com\/avatar\/c4ca25fa72cace7a696b52ff5db9e095?s=96&d=mm&r=g\",\"contentUrl\":\"https:\/\/secure.gravatar.com\/avatar\/c4ca25fa72cace7a696b52ff5db9e095?s=96&d=mm&r=g\",\"caption\":\"hudo\"},\"url\":\"https:\/\/hudo.com\/si\/author\/hudo\/\"}]}<\/script>\n<!-- \/ Yoast SEO plugin. -->","yoast_head_json":{"title":"Varstveno-delovni center Murska Sobota gradi prizidek - Hudo Slovenija","robots":{"index":"index","follow":"follow","max-snippet":"max-snippet:-1","max-image-preview":"max-image-preview:large","max-video-preview":"max-video-preview:-1"},"canonical":"https:\/\/hudo.com\/si\/aktualno\/varstveno-delovni-center-murska-sobota-gradi-prizidek\/","og_locale":"sl_SI","og_type":"article","og_title":"Varstveno-delovni center Murska Sobota gradi prizidek - Hudo Slovenija","og_description":"Seznam \u010dakajo\u010dih na sprejem v dnevno varstvo murskosobo\u0161ke enote Varstveno-delovnega centra Murska Sobota (VDC) je narekoval, da so za\u010deli iskati re\u0161itve, kako priti do ve\u010djih prostorov. \"Ko smo iskali mo\u017enosti, kako omogo\u010diti vsem, ki so upravi\u010deni do vklju\u010ditve v enoto, so nam na ministrstvu za delo, dru\u017eino, socialne zadeve in enake mo\u017enosti svetovali, naj najdemo najbolj razumno in var\u010dno re\u0161itev, kar ta prizidek tudi je,\" je povedala direktorica zavoda Angela Benko Lang. Ob sedanjih prostorih enote namre\u010d gradijo prizidek, ki ga bodo predvidoma aprila uradno izro\u010dili v uporabo, nalo\u017ebe, ki bo vredna od 230 do 240 tiso\u010d evrov, pa so se lotili kar sami, saj so imeli privar\u010devani denar. \u010ce tega denarja ne bi imeli, bi s \u010dakanjem na dr\u017eavo, ki je lastnica sedanjih prostorov, veliko te\u017eje pri\u0161li do hitre re\u0161itve in primernih prostorov za delo in dru\u017eenje uporabnikov in zaposlenih. \"Tako smo \u017ee lani sprejeli vse \u010dakajo\u010de in imamo zdaj 39 uporabnikov, z novimi prostori pa bodo to mo\u017enost imeli tudi preostali, ki si to \u017eelijo, saj bo skupaj z novim objektom prostor za 55 uporabnikov,\" je povedala Benko Langova. Po lanski odobritvi so tudi zaposlili tri nove sodelavce, varuhinjo, voznika in tehnologinjo, ki bo opravljala storitve tudi za druge enote. Glede na \u0161tevilo oseb, ki bodo po kon\u010danem \u0161olanju v prihodnje potrebovale dnevno varstvo, bodo pove\u010dani prostori zadostovali vsaj \u0161e za pet let. Bo pa to precej odvisno tudi od ureditve bivalne enote v Murski Soboti, ki jo \u0161e imajo v na\u010drtu, in tega, ali se bodo iz drugih enot vrnili uporabniki z murskosobo\u0161kega obmo\u010dja, ki zdaj stanujejo v kateri od bivalnih enot v Gornji Radgoni, Ljutomeru in Lendavi. Stavba, kjer \u017ee \u0161estnajst let deluje murskosobo\u0161ka enota VDC in kjer ima prostore tudi uprava zavoda, meri 500 kvadratnih metrov, s prizidkom pa bo enota, ki ima zdaj na voljo 430 kvadratnih metrov povr\u0161ine, pridobila 135 kvadratnih metrov v pritli\u010dju novega objekta. V nadstropju bodo namre\u010d prostori za upravo in strokovne","og_url":"https:\/\/hudo.com\/si\/aktualno\/varstveno-delovni-center-murska-sobota-gradi-prizidek\/","og_site_name":"Hudo Slovenija","article_publisher":"https:\/\/www.facebook.com\/hudo.si","article_published_time":"2017-01-27T22:00:00+00:00","article_modified_time":"2017-01-28T07:32:02+00:00","og_image":[{"width":450,"height":337,"url":"https:\/\/hudo.com\/si\/wp-content\/uploads\/sites\/2\/2017\/01\/03vdcprizidek-300.jpg","type":"image\/jpeg"}],"author":"hudo","twitter_card":"summary_large_image","twitter_creator":"@hudo_si","twitter_site":"@hudo_si","twitter_misc":{"Written by":"hudo","Est. reading time":"2 minuti"},"schema":{"@context":"https:\/\/schema.org","@graph":[{"@type":"Article","@id":"https:\/\/hudo.com\/si\/aktualno\/varstveno-delovni-center-murska-sobota-gradi-prizidek\/#article","isPartOf":{"@id":"https:\/\/hudo.com\/si\/aktualno\/varstveno-delovni-center-murska-sobota-gradi-prizidek\/"},"author":{"name":"hudo","@id":"https:\/\/hudo.com\/si\/#\/schema\/person\/601cf3379633985b20f7e50f2bb47707"},"headline":"Varstveno-delovni center Murska Sobota gradi prizidek","datePublished":"2017-01-27T22:00:00+00:00","dateModified":"2017-01-28T07:32:02+00:00","mainEntityOfPage":{"@id":"https:\/\/hudo.com\/si\/aktualno\/varstveno-delovni-center-murska-sobota-gradi-prizidek\/"},"wordCount":352,"publisher":{"@id":"https:\/\/hudo.com\/si\/#organization"},"articleSection":["Aktualno"],"inLanguage":"sl-SI"},{"@type":"WebPage","@id":"https:\/\/hudo.com\/si\/aktualno\/varstveno-delovni-center-murska-sobota-gradi-prizidek\/","url":"https:\/\/hudo.com\/si\/aktualno\/varstveno-delovni-center-murska-sobota-gradi-prizidek\/","name":"Varstveno-delovni center Murska Sobota gradi prizidek - Hudo Slovenija","isPartOf":{"@id":"https:\/\/hudo.com\/si\/#website"},"datePublished":"2017-01-27T22:00:00+00:00","dateModified":"2017-01-28T07:32:02+00:00","breadcrumb":{"@id":"https:\/\/hudo.com\/si\/aktualno\/varstveno-delovni-center-murska-sobota-gradi-prizidek\/#breadcrumb"},"inLanguage":"sl-SI","potentialAction":[{"@type":"ReadAction","target":["https:\/\/hudo.com\/si\/aktualno\/varstveno-delovni-center-murska-sobota-gradi-prizidek\/"]}]},{"@type":"BreadcrumbList","@id":"https:\/\/hudo.com\/si\/aktualno\/varstveno-delovni-center-murska-sobota-gradi-prizidek\/#breadcrumb","itemListElement":[{"@type":"ListItem","position":1,"name":"Home","item":"https:\/\/hudo.com\/si\/"},{"@type":"ListItem","position":2,"name":"Varstveno-delovni center Murska Sobota gradi prizidek"}]},{"@type":"WebSite","@id":"https:\/\/hudo.com\/si\/#website","url":"https:\/\/hudo.com\/si\/","name":"Hudo Slovenija","description":"Vse novice iz Slovenije in sveta","publisher":{"@id":"https:\/\/hudo.com\/si\/#organization"},"potentialAction":[{"@type":"SearchAction","target":{"@type":"EntryPoint","urlTemplate":"https:\/\/hudo.com\/si\/?s={search_term_string}"},"query-input":"required name=search_term_string"}],"inLanguage":"sl-SI"},{"@type":"Organization","@id":"https:\/\/hudo.com\/si\/#organization","name":"VSN Media","url":"https:\/\/hudo.com\/si\/","logo":{"@type":"ImageObject","inLanguage":"sl-SI","@id":"https:\/\/hudo.com\/si\/#\/schema\/logo\/image\/","url":"https:\/\/hudo.com\/si\/wp-content\/uploads\/sites\/2\/2021\/03\/hudo-app-2.png","contentUrl":"https:\/\/hudo.com\/si\/wp-content\/uploads\/sites\/2\/2021\/03\/hudo-app-2.png","width":2185,"height":2167,"caption":"VSN Media"},"image":{"@id":"https:\/\/hudo.com\/si\/#\/schema\/logo\/image\/"},"sameAs":["https:\/\/www.facebook.com\/hudo.si","https:\/\/twitter.com\/hudo_si"]},{"@type":"Person","@id":"https:\/\/hudo.com\/si\/#\/schema\/person\/601cf3379633985b20f7e50f2bb47707","name":"hudo","image":{"@type":"ImageObject","inLanguage":"sl-SI","@id":"https:\/\/hudo.com\/si\/#\/schema\/person\/image\/","url":"https:\/\/secure.gravatar.com\/avatar\/c4ca25fa72cace7a696b52ff5db9e095?s=96&d=mm&r=g","contentUrl":"https:\/\/secure.gravatar.com\/avatar\/c4ca25fa72cace7a696b52ff5db9e095?s=96&d=mm&r=g","caption":"hudo"},"url":"https:\/\/hudo.com\/si\/author\/hudo\/"}]}},"amp_enabled":true,"_links":{"self":[{"href":"https:\/\/hudo.com\/si\/wp-json\/wp\/v2\/posts\/200226"}],"collection":[{"href":"https:\/\/hudo.com\/si\/wp-json\/wp\/v2\/posts"}],"about":[{"href":"https:\/\/hudo.com\/si\/wp-json\/wp\/v2\/types\/post"}],"author":[{"embeddable":true,"href":"https:\/\/hudo.com\/si\/wp-json\/wp\/v2\/users\/1"}],"replies":[{"embeddable":true,"href":"https:\/\/hudo.com\/si\/wp-json\/wp\/v2\/comments?post=200226"}],"version-history":[{"count":1,"href":"https:\/\/hudo.com\/si\/wp-json\/wp\/v2\/posts\/200226\/revisions"}],"predecessor-version":[{"id":200285,"href":"https:\/\/hudo.com\/si\/wp-json\/wp\/v2\/posts\/200226\/revisions\/200285"}],"wp:attachment":[{"href":"https:\/\/hudo.com\/si\/wp-json\/wp\/v2\/media?parent=200226"}],"wp:term":[{"taxonomy":"category","embeddable":true,"href":"https:\/\/hudo.com\/si\/wp-json\/wp\/v2\/categories?post=200226"},{"taxonomy":"post_tag","embeddable":true,"href":"https:\/\/hudo.com\/si\/wp-json\/wp\/v2\/tags?post=200226"},{"taxonomy":"source","embeddable":true,"href":"https:\/\/hudo.com\/si\/wp-json\/wp\/v2\/source?post=200226"},{"taxonomy":"supertag","embeddable":true,"href":"https:\/\/hudo.com\/si\/wp-json\/wp\/v2\/supertag?post=200226"}],"curies":[{"name":"wp","href":"https:\/\/api.w.org\/{rel}","templated":true}]}}