{"id":201019,"date":"2017-01-29T12:53:00","date_gmt":"2017-01-29T11:53:00","guid":{"rendered":"http:\/\/hudo.com\/si\/2017\/01\/29\/martina-schulza-potrdili-kot-kandidata-spd\/"},"modified":"2017-01-29T12:53:00","modified_gmt":"2017-01-29T11:53:00","slug":"martina-schulza-potrdili-kot-kandidata-spd","status":"publish","type":"post","link":"https:\/\/hudo.com\/si\/aktualno\/martina-schulza-potrdili-kot-kandidata-spd\/","title":{"rendered":"Martina Schulza potrdili kot kandidata SPD"},"content":{"rendered":"<p>Kategorija: Evropa Sun, 29 Jan 2017 13:53:00 +0100  Nem\u0161ki socialdemokrati (SPD) so danes za svojega kanclerskega kandidata na jesenskih parlamentarnih volitvah uradno imenovali nekdanjega predsednika Evropskega parlamenta Martina Schulza, je nem\u0161ka tiskovna agencija dpa izvedela iz obve\u0161\u010denih virov. Schulz se bo septembra podal v boj z nem\u0161ko kanclerko Angelo Merkel iz CDU, ki bo kandidirala \u017ee \u010detrti\u010d. Schulza je kot kandidata za nem\u0161kega kanclerja in predsednika SPD 24. januarja soglasno potrdil izvr\u0161ni odbor stranke, danes pa je o tem odlo\u010dalo \u0161e predsedstvo. Na mar\u010devskem izrednem kongresu stranke naj bi 61-letni Schulz postal tudi novi predsednik SPD in tako na polo\u017eaju nasledil Sigmarja Gabriela, ki se je sicer odrekel kandidaturi za kanclerja.<\/p>\n","protected":false},"excerpt":{"rendered":"<p>Kategorija: Evropa Sun, 29 Jan 2017 13:53:00 +0100  Nem\u0161ki socialdemokrati (SPD) so danes za svojega kanclerskega kandidata na jesenskih parlamentarnih volitvah uradno imenovali nekdanjega predsednika Evropskega parlamenta Martina Schulza, je nem\u0161ka tiskovna agencija dpa izvedela iz obve\u0161\u010denih virov. Schulz se bo septembra podal v boj z nem\u0161ko kanclerko Angelo Merkel iz CDU, ki bo kandidirala \u017ee \u010detrti\u010d. Schulza je kot kandidata za nem\u0161kega kanclerja in predsednika SPD 24. januarja soglasno potrdil izvr\u0161ni odbor stranke, danes pa je o tem odlo\u010dalo \u0161e predsedstvo. Na mar\u010devskem izrednem kongresu stranke naj bi 61-letni Schulz postal tudi novi predsednik SPD in tako na polo\u017eaju nasledil Sigmarja Gabriela, ki se je sicer odrekel kandidaturi za kanclerja.<\/p>\n","protected":false},"author":1,"featured_media":0,"comment_status":"closed","ping_status":"closed","sticky":false,"template":"","format":"standard","meta":{"footnotes":""},"categories":[1179],"tags":[],"source":[1703],"supertag":[],"acf":[],"yoast_head":"<!-- This site is optimized with the Yoast SEO plugin v21.3 - https:\/\/yoast.com\/wordpress\/plugins\/seo\/ -->\n<title>Martina Schulza potrdili kot kandidata SPD - Hudo Slovenija<\/title>\n<meta name=\"robots\" content=\"index, follow, max-snippet:-1, max-image-preview:large, max-video-preview:-1\" \/>\n<link rel=\"canonical\" href=\"https:\/\/hudo.com\/si\/aktualno\/martina-schulza-potrdili-kot-kandidata-spd\/\" \/>\n<meta property=\"og:locale\" content=\"sl_SI\" \/>\n<meta property=\"og:type\" content=\"article\" \/>\n<meta property=\"og:title\" content=\"Martina Schulza potrdili kot kandidata SPD - Hudo Slovenija\" \/>\n<meta property=\"og:description\" content=\"Kategorija: Evropa Sun, 29 Jan 2017 13:53:00 +0100 Nem\u0161ki socialdemokrati (SPD) so danes za svojega kanclerskega kandidata na jesenskih parlamentarnih volitvah uradno imenovali nekdanjega predsednika Evropskega parlamenta Martina Schulza, je nem\u0161ka tiskovna agencija dpa izvedela iz obve\u0161\u010denih virov. Schulz se bo septembra podal v boj z nem\u0161ko kanclerko Angelo Merkel iz CDU, ki bo kandidirala \u017ee \u010detrti\u010d. Schulza je kot kandidata za nem\u0161kega kanclerja in predsednika SPD 24. januarja soglasno potrdil izvr\u0161ni odbor stranke, danes pa je o tem odlo\u010dalo \u0161e predsedstvo. Na mar\u010devskem izrednem kongresu stranke naj bi 61-letni Schulz postal tudi novi predsednik SPD in tako na polo\u017eaju nasledil Sigmarja Gabriela, ki se je sicer odrekel kandidaturi za kanclerja.\" \/>\n<meta property=\"og:url\" content=\"https:\/\/hudo.com\/si\/aktualno\/martina-schulza-potrdili-kot-kandidata-spd\/\" \/>\n<meta property=\"og:site_name\" content=\"Hudo Slovenija\" \/>\n<meta property=\"article:publisher\" content=\"https:\/\/www.facebook.com\/hudo.si\" \/>\n<meta property=\"article:published_time\" content=\"2017-01-29T11:53:00+00:00\" \/>\n<meta property=\"og:image\" content=\"https:\/\/hudo.com\/si\/wp-content\/uploads\/sites\/2\/2017\/01\/480x290_AFP_Photo-20170125132103-15434500.jpeg\" \/>\n\t<meta property=\"og:image:width\" content=\"480\" \/>\n\t<meta property=\"og:image:height\" content=\"290\" \/>\n\t<meta property=\"og:image:type\" content=\"image\/jpeg\" \/>\n<meta name=\"author\" content=\"hudo\" \/>\n<meta name=\"twitter:card\" content=\"summary_large_image\" \/>\n<meta name=\"twitter:creator\" content=\"@hudo_si\" \/>\n<meta name=\"twitter:site\" content=\"@hudo_si\" \/>\n<meta name=\"twitter:label1\" content=\"Written by\" \/>\n\t<meta name=\"twitter:data1\" content=\"hudo\" \/>\n\t<meta name=\"twitter:label2\" content=\"Est. reading time\" \/>\n\t<meta name=\"twitter:data2\" content=\"1 minuta\" \/>\n<script type=\"application\/ld+json\" class=\"yoast-schema-graph\">{\"@context\":\"https:\/\/schema.org\",\"@graph\":[{\"@type\":\"Article\",\"@id\":\"https:\/\/hudo.com\/si\/aktualno\/martina-schulza-potrdili-kot-kandidata-spd\/#article\",\"isPartOf\":{\"@id\":\"https:\/\/hudo.com\/si\/aktualno\/martina-schulza-potrdili-kot-kandidata-spd\/\"},\"author\":{\"name\":\"hudo\",\"@id\":\"https:\/\/hudo.com\/si\/#\/schema\/person\/601cf3379633985b20f7e50f2bb47707\"},\"headline\":\"Martina Schulza potrdili kot kandidata SPD\",\"datePublished\":\"2017-01-29T11:53:00+00:00\",\"dateModified\":\"2017-01-29T11:53:00+00:00\",\"mainEntityOfPage\":{\"@id\":\"https:\/\/hudo.com\/si\/aktualno\/martina-schulza-potrdili-kot-kandidata-spd\/\"},\"wordCount\":121,\"publisher\":{\"@id\":\"https:\/\/hudo.com\/si\/#organization\"},\"articleSection\":[\"Aktualno\"],\"inLanguage\":\"sl-SI\"},{\"@type\":\"WebPage\",\"@id\":\"https:\/\/hudo.com\/si\/aktualno\/martina-schulza-potrdili-kot-kandidata-spd\/\",\"url\":\"https:\/\/hudo.com\/si\/aktualno\/martina-schulza-potrdili-kot-kandidata-spd\/\",\"name\":\"Martina Schulza potrdili kot kandidata SPD - Hudo Slovenija\",\"isPartOf\":{\"@id\":\"https:\/\/hudo.com\/si\/#website\"},\"datePublished\":\"2017-01-29T11:53:00+00:00\",\"dateModified\":\"2017-01-29T11:53:00+00:00\",\"breadcrumb\":{\"@id\":\"https:\/\/hudo.com\/si\/aktualno\/martina-schulza-potrdili-kot-kandidata-spd\/#breadcrumb\"},\"inLanguage\":\"sl-SI\",\"potentialAction\":[{\"@type\":\"ReadAction\",\"target\":[\"https:\/\/hudo.com\/si\/aktualno\/martina-schulza-potrdili-kot-kandidata-spd\/\"]}]},{\"@type\":\"BreadcrumbList\",\"@id\":\"https:\/\/hudo.com\/si\/aktualno\/martina-schulza-potrdili-kot-kandidata-spd\/#breadcrumb\",\"itemListElement\":[{\"@type\":\"ListItem\",\"position\":1,\"name\":\"Home\",\"item\":\"https:\/\/hudo.com\/si\/\"},{\"@type\":\"ListItem\",\"position\":2,\"name\":\"Martina Schulza potrdili kot kandidata SPD\"}]},{\"@type\":\"WebSite\",\"@id\":\"https:\/\/hudo.com\/si\/#website\",\"url\":\"https:\/\/hudo.com\/si\/\",\"name\":\"Hudo Slovenija\",\"description\":\"Vse novice iz Slovenije in sveta\",\"publisher\":{\"@id\":\"https:\/\/hudo.com\/si\/#organization\"},\"potentialAction\":[{\"@type\":\"SearchAction\",\"target\":{\"@type\":\"EntryPoint\",\"urlTemplate\":\"https:\/\/hudo.com\/si\/?s={search_term_string}\"},\"query-input\":\"required name=search_term_string\"}],\"inLanguage\":\"sl-SI\"},{\"@type\":\"Organization\",\"@id\":\"https:\/\/hudo.com\/si\/#organization\",\"name\":\"VSN Media\",\"url\":\"https:\/\/hudo.com\/si\/\",\"logo\":{\"@type\":\"ImageObject\",\"inLanguage\":\"sl-SI\",\"@id\":\"https:\/\/hudo.com\/si\/#\/schema\/logo\/image\/\",\"url\":\"https:\/\/hudo.com\/si\/wp-content\/uploads\/sites\/2\/2021\/03\/hudo-app-2.png\",\"contentUrl\":\"https:\/\/hudo.com\/si\/wp-content\/uploads\/sites\/2\/2021\/03\/hudo-app-2.png\",\"width\":2185,\"height\":2167,\"caption\":\"VSN Media\"},\"image\":{\"@id\":\"https:\/\/hudo.com\/si\/#\/schema\/logo\/image\/\"},\"sameAs\":[\"https:\/\/www.facebook.com\/hudo.si\",\"https:\/\/twitter.com\/hudo_si\"]},{\"@type\":\"Person\",\"@id\":\"https:\/\/hudo.com\/si\/#\/schema\/person\/601cf3379633985b20f7e50f2bb47707\",\"name\":\"hudo\",\"image\":{\"@type\":\"ImageObject\",\"inLanguage\":\"sl-SI\",\"@id\":\"https:\/\/hudo.com\/si\/#\/schema\/person\/image\/\",\"url\":\"https:\/\/secure.gravatar.com\/avatar\/c4ca25fa72cace7a696b52ff5db9e095?s=96&d=mm&r=g\",\"contentUrl\":\"https:\/\/secure.gravatar.com\/avatar\/c4ca25fa72cace7a696b52ff5db9e095?s=96&d=mm&r=g\",\"caption\":\"hudo\"},\"url\":\"https:\/\/hudo.com\/si\/author\/hudo\/\"}]}<\/script>\n<!-- \/ Yoast SEO plugin. -->","yoast_head_json":{"title":"Martina Schulza potrdili kot kandidata SPD - Hudo Slovenija","robots":{"index":"index","follow":"follow","max-snippet":"max-snippet:-1","max-image-preview":"max-image-preview:large","max-video-preview":"max-video-preview:-1"},"canonical":"https:\/\/hudo.com\/si\/aktualno\/martina-schulza-potrdili-kot-kandidata-spd\/","og_locale":"sl_SI","og_type":"article","og_title":"Martina Schulza potrdili kot kandidata SPD - Hudo Slovenija","og_description":"Kategorija: Evropa Sun, 29 Jan 2017 13:53:00 +0100 Nem\u0161ki socialdemokrati (SPD) so danes za svojega kanclerskega kandidata na jesenskih parlamentarnih volitvah uradno imenovali nekdanjega predsednika Evropskega parlamenta Martina Schulza, je nem\u0161ka tiskovna agencija dpa izvedela iz obve\u0161\u010denih virov. Schulz se bo septembra podal v boj z nem\u0161ko kanclerko Angelo Merkel iz CDU, ki bo kandidirala \u017ee \u010detrti\u010d. Schulza je kot kandidata za nem\u0161kega kanclerja in predsednika SPD 24. januarja soglasno potrdil izvr\u0161ni odbor stranke, danes pa je o tem odlo\u010dalo \u0161e predsedstvo. Na mar\u010devskem izrednem kongresu stranke naj bi 61-letni Schulz postal tudi novi predsednik SPD in tako na polo\u017eaju nasledil Sigmarja Gabriela, ki se je sicer odrekel kandidaturi za kanclerja.","og_url":"https:\/\/hudo.com\/si\/aktualno\/martina-schulza-potrdili-kot-kandidata-spd\/","og_site_name":"Hudo Slovenija","article_publisher":"https:\/\/www.facebook.com\/hudo.si","article_published_time":"2017-01-29T11:53:00+00:00","og_image":[{"width":480,"height":290,"url":"https:\/\/hudo.com\/si\/wp-content\/uploads\/sites\/2\/2017\/01\/480x290_AFP_Photo-20170125132103-15434500.jpeg","type":"image\/jpeg"}],"author":"hudo","twitter_card":"summary_large_image","twitter_creator":"@hudo_si","twitter_site":"@hudo_si","twitter_misc":{"Written by":"hudo","Est. reading time":"1 minuta"},"schema":{"@context":"https:\/\/schema.org","@graph":[{"@type":"Article","@id":"https:\/\/hudo.com\/si\/aktualno\/martina-schulza-potrdili-kot-kandidata-spd\/#article","isPartOf":{"@id":"https:\/\/hudo.com\/si\/aktualno\/martina-schulza-potrdili-kot-kandidata-spd\/"},"author":{"name":"hudo","@id":"https:\/\/hudo.com\/si\/#\/schema\/person\/601cf3379633985b20f7e50f2bb47707"},"headline":"Martina Schulza potrdili kot kandidata SPD","datePublished":"2017-01-29T11:53:00+00:00","dateModified":"2017-01-29T11:53:00+00:00","mainEntityOfPage":{"@id":"https:\/\/hudo.com\/si\/aktualno\/martina-schulza-potrdili-kot-kandidata-spd\/"},"wordCount":121,"publisher":{"@id":"https:\/\/hudo.com\/si\/#organization"},"articleSection":["Aktualno"],"inLanguage":"sl-SI"},{"@type":"WebPage","@id":"https:\/\/hudo.com\/si\/aktualno\/martina-schulza-potrdili-kot-kandidata-spd\/","url":"https:\/\/hudo.com\/si\/aktualno\/martina-schulza-potrdili-kot-kandidata-spd\/","name":"Martina Schulza potrdili kot kandidata SPD - Hudo Slovenija","isPartOf":{"@id":"https:\/\/hudo.com\/si\/#website"},"datePublished":"2017-01-29T11:53:00+00:00","dateModified":"2017-01-29T11:53:00+00:00","breadcrumb":{"@id":"https:\/\/hudo.com\/si\/aktualno\/martina-schulza-potrdili-kot-kandidata-spd\/#breadcrumb"},"inLanguage":"sl-SI","potentialAction":[{"@type":"ReadAction","target":["https:\/\/hudo.com\/si\/aktualno\/martina-schulza-potrdili-kot-kandidata-spd\/"]}]},{"@type":"BreadcrumbList","@id":"https:\/\/hudo.com\/si\/aktualno\/martina-schulza-potrdili-kot-kandidata-spd\/#breadcrumb","itemListElement":[{"@type":"ListItem","position":1,"name":"Home","item":"https:\/\/hudo.com\/si\/"},{"@type":"ListItem","position":2,"name":"Martina Schulza potrdili kot kandidata SPD"}]},{"@type":"WebSite","@id":"https:\/\/hudo.com\/si\/#website","url":"https:\/\/hudo.com\/si\/","name":"Hudo Slovenija","description":"Vse novice iz Slovenije in sveta","publisher":{"@id":"https:\/\/hudo.com\/si\/#organization"},"potentialAction":[{"@type":"SearchAction","target":{"@type":"EntryPoint","urlTemplate":"https:\/\/hudo.com\/si\/?s={search_term_string}"},"query-input":"required name=search_term_string"}],"inLanguage":"sl-SI"},{"@type":"Organization","@id":"https:\/\/hudo.com\/si\/#organization","name":"VSN Media","url":"https:\/\/hudo.com\/si\/","logo":{"@type":"ImageObject","inLanguage":"sl-SI","@id":"https:\/\/hudo.com\/si\/#\/schema\/logo\/image\/","url":"https:\/\/hudo.com\/si\/wp-content\/uploads\/sites\/2\/2021\/03\/hudo-app-2.png","contentUrl":"https:\/\/hudo.com\/si\/wp-content\/uploads\/sites\/2\/2021\/03\/hudo-app-2.png","width":2185,"height":2167,"caption":"VSN Media"},"image":{"@id":"https:\/\/hudo.com\/si\/#\/schema\/logo\/image\/"},"sameAs":["https:\/\/www.facebook.com\/hudo.si","https:\/\/twitter.com\/hudo_si"]},{"@type":"Person","@id":"https:\/\/hudo.com\/si\/#\/schema\/person\/601cf3379633985b20f7e50f2bb47707","name":"hudo","image":{"@type":"ImageObject","inLanguage":"sl-SI","@id":"https:\/\/hudo.com\/si\/#\/schema\/person\/image\/","url":"https:\/\/secure.gravatar.com\/avatar\/c4ca25fa72cace7a696b52ff5db9e095?s=96&d=mm&r=g","contentUrl":"https:\/\/secure.gravatar.com\/avatar\/c4ca25fa72cace7a696b52ff5db9e095?s=96&d=mm&r=g","caption":"hudo"},"url":"https:\/\/hudo.com\/si\/author\/hudo\/"}]}},"amp_enabled":true,"_links":{"self":[{"href":"https:\/\/hudo.com\/si\/wp-json\/wp\/v2\/posts\/201019"}],"collection":[{"href":"https:\/\/hudo.com\/si\/wp-json\/wp\/v2\/posts"}],"about":[{"href":"https:\/\/hudo.com\/si\/wp-json\/wp\/v2\/types\/post"}],"author":[{"embeddable":true,"href":"https:\/\/hudo.com\/si\/wp-json\/wp\/v2\/users\/1"}],"replies":[{"embeddable":true,"href":"https:\/\/hudo.com\/si\/wp-json\/wp\/v2\/comments?post=201019"}],"version-history":[{"count":0,"href":"https:\/\/hudo.com\/si\/wp-json\/wp\/v2\/posts\/201019\/revisions"}],"wp:attachment":[{"href":"https:\/\/hudo.com\/si\/wp-json\/wp\/v2\/media?parent=201019"}],"wp:term":[{"taxonomy":"category","embeddable":true,"href":"https:\/\/hudo.com\/si\/wp-json\/wp\/v2\/categories?post=201019"},{"taxonomy":"post_tag","embeddable":true,"href":"https:\/\/hudo.com\/si\/wp-json\/wp\/v2\/tags?post=201019"},{"taxonomy":"source","embeddable":true,"href":"https:\/\/hudo.com\/si\/wp-json\/wp\/v2\/source?post=201019"},{"taxonomy":"supertag","embeddable":true,"href":"https:\/\/hudo.com\/si\/wp-json\/wp\/v2\/supertag?post=201019"}],"curies":[{"name":"wp","href":"https:\/\/api.w.org\/{rel}","templated":true}]}}